{"id":77722,"date":"2014-09-03T12:25:46","date_gmt":"2014-09-03T12:25:46","guid":{"rendered":"https:\/\/dev.president-ksgov.net\/govor-predsednice-jahjaga-prilikom-smene-komande-kfor-a-3\/"},"modified":"2023-03-08T09:03:09","modified_gmt":"2023-03-08T09:03:09","slug":"govor-predsednice-jahjaga-prilikom-smene-komande-kfor-a-3","status":"publish","type":"post","link":"https:\/\/president-ksgov.net\/sr\/govor-predsednice-jahjaga-prilikom-smene-komande-kfor-a-3\/","title":{"rendered":"Govor Predsednice Jahjaga prilikom smene Komande KFOR-a"},"content":{"rendered":"<p>\u010cast mi je biti me\u0111u pripadnicima mirotvorne snage NATO-a u Kosovo, sa kojima mi, institucije i gra\u0111ani Republike Kosovo smo se zajedno kretali petnaest godina radi izgradnje mira. Za garantovanje mirne i sigurne sredine za sve gra\u0111ane na&#353;e zemlje. Za uspostavljanje na&#353;ih kapaciteta bezbednosti. Da na&#353;a dr&#382;ava postane faktor mira i stabilnosti.  Za izgradnju  vizije demokratske dr&#382;ave  Kosovo, \u010dlana Evropske Zajednice, koja doprinosi kolektivnoj bezbednosti kao \u010dlan NATO-a.<\/p>\n<p>Po&#353;tovani premijer Tha\u010di,<br \/>\nPo&#353;tovani predstavnici institucija Republike Kosovo,<br \/>\nPo&#353;tovani admiral Ferguson,<br \/>\nPo&#353;tovani admiral Manteli,<br \/>\nPo&#353;tovani General Farina,<br \/>\nPo&#353;tovani General Figliuolo,<br \/>\nPo&#353;tovani vojnici KFOR-a,<br \/>\nPo&#353;tovane Dame i Gospodo,<\/p>\n<p>\u010cast mi je biti me\u0111u pripadnicima mirotvorne snage NATO-a u Kosovo, sa kojima mi, institucije i gra\u0111ani Republike Kosovo smo se zajedno kretali petnaest godina radi izgradnje mira. Za garantovanje mirne i sigurne sredine za sve gra\u0111ane na&#353;e zemlje. Za uspostavljanje na&#353;ih kapaciteta bezbednosti. Da na&#353;a dr&#382;ava postane faktor mira i stabilnosti.\u00a0 Za izgradnju\u00a0 vizije demokratske dr&#382;ave\u00a0 Kosovo, \u010dlana Evropske Zajednice, koja doprinosi kolektivnoj bezbednosti kao \u010dlan NATO-a.<\/p>\n<p>U ime naroda Kosova, dozvolite mi da \u010destitam oficirima i vojnicima, celom osoblju KFOR-a, za ispunjavanje va&#353;e misije i podr&#353;ke koju ste nam dali za uspostavljanje temelja i ja\u010danje demokratije u Kosovo. Gra\u0111ani Kosova \u0107e zauvek biti zahvalni za podr&#353;ku koju ste nam dali, za poverenje koje su imale va&#353;e uva&#382;ene dr&#382;ave u na&#353;u viziju\u00a0 izgradnju demokratskog Kosova i neosporno posve\u0107enje koje su pokazale stajanjem uz nas, u partnerstvo, dok o&#382;ivotvorimo ovu viziju. Svaki od vas \u0107e biti deo istorije Kosova. Nadam se da \u0107ete Kosovo zadr&#382;ati u va&#353;e srce i da \u0107ete ja pamtiti kao jednu ku\u0107u daleko od va&#353;ih domova. Mi \u0107emo sigurno \u010duvati prijateljstvo i mostove saradnje koje ste vi izgradili tokom va&#353;eg boravka ovde.<\/p>\n<p>Graditi mir u Kosovo nije bilo nimalo lako. U ovo na&#353;e anga&#382;ovanje, svaki je od vas dao svoj doprinos donose\u0107i sa sobom jedno ose\u0107anje sigurnosti, mira i slobode, kako bi gra\u0111ani Kosova po\u010deli obnoviti svoju budu\u0107nost oslobo\u0111eni od ugnjetavanja i diskriminacije sa kojom su\u00a0 jako dugo bili suo\u010deni. <\/p>\n<p>Kosovo je jedna\u00a0 vanredna pri\u010da nade. Mi \u0107emo se osigurati da ono zauvek ostane takva.<\/p>\n<p>Po&#353;tovani gosti,<\/p>\n<p>&#381;elim da izrazim moju iskrenu zahvalnost i moje visoko po&#353;tovanje komandantu KFOR-a u odlasku, Generalu Salvatore Farina, za upravljanje i smelost u rukovo\u0111enju ovom multinacionalnom snagom, ovih mu&#353;karaca i &#382;ena u uniformu, u njihovoj plemenitoj du&#382;nosti izgradnje mira.<br \/>\n\u00a0<br \/>\nGeneral Farina,<\/p>\n<p>U ime naroda i institucija Kosova, hvala vam. Tokom ove godine smo imali mnogo izazova i zna\u010dajnih uspeha, ali u oba slu\u010dajeva, ja sam bila ohrabrena od podr&#353;ke, saradnje i partnerstva koje ste vi pru&#382;ili institucijama Kosova u izvr&#353;avanju njihovih zadataka, obezbe\u0111ivanja na&#353;eg teritorijalnog integriteta i suvereniteta. Mi smo ostvarili neke va&#382;ne ciljeve, kao &#353;to su uspe&#353;an proces lokalnih i op&#353;tih izbora, sprovedenih u celoj teritoriji Republike Kosovo, kao i dugoro\u010dna zamisao o utvr\u0111ivanju na&#353;e vizije za postepeno uspostavljanje Oru&#382;anih Snaga Kosova, jedne snage koja reflektira potrebe na&#353;e zemlje za bezbednost i koja \u0107e se graditi u partnerstvo sa NATO-m.<\/p>\n<p>Za va&#353; doprinos u ja\u010danju mira i stabilnosti u Kosovo, ja vas odlikujem vojnom Medaljom u slu&#382;bi mira na Kosovu.<br \/>\n\u00a0<br \/>\nPo&#353;tovani General Figliuolo,<\/p>\n<p>U ime naroda Kosova, &#382;elim vam dobrodo&#353;licu u na&#353;u zemlju. Budite sigurni da \u0107e institucije Kosova prisno i koordinirano raditi zajedno sa vama u ja\u010danju zajedni\u010dkog uspeha za o\u010duvanje ba&#353;tine desetak hiljada vojnika u o\u010duvanju mira na Kosovu. KFOR nastavlja biti najvi&#353;e cenjena institucija. I verujem da \u0107ete vi pove\u0107ati ovo poverenje ispunjavaju\u0107i va&#353; mandat za obezbe\u0111enje jedne sigurne sredine za gra\u0111ane Kosova i slobodnog kretanja za sve.<br \/>\n\u00a0<br \/>\nMi \u0107emo nastaviti raditi zajedno u integraciji svih gra\u0111ana u dr&#353;tveno politi\u010dki poredak Republike Kosovo i da zajdeno radimo u stvaranju i ja\u010danju kapaciteta Kosova za davanje doprinosa kolektivnoj sigurnosti. Ube\u0111eni smo da \u0107emo samo na ovaj na\u010din obezbediti prosperitet gra\u0111ana na&#353;e zemlje, garantova\u0107emo njenu stabilnost itd., dok uporno pratimo i ostvarujemo na&#353;u nepokolebljivu viziju postanka delom evro-atlantske porodice.<\/p>\n","protected":false},"excerpt":{"rendered":"<p>\u010cast mi je biti me\u0111u pripadnicima mirotvorne snage NATO-a u Kosovo, sa kojima mi, institucije i gra\u0111ani Republike Kosovo smo se zajedno kretali petnaest godina radi izgradnje mira. Za garantovanje mirne i sigurne sredine za sve gra\u0111ane na&#353;e zemlje. Za uspostavljanje na&#353;ih kapaciteta bezbednosti. Da na&#353;a dr&#382;ava postane faktor mira i stabilnosti.  Za izgradnju  vizije demokratske dr&#382;ave  Kosovo, \u010dlana Evropske Zajednice, koja doprinosi kolektivnoj bezbednosti kao \u010dlan NATO-a.<\/p>\n","protected":false},"author":1,"featured_media":43874,"comment_status":"open","ping_status":"closed","sticky":false,"template":"","format":"standard","meta":{"_eb_attr":"","footnotes":""},"categories":[106],"tags":[],"class_list":["post-77722","post","type-post","status-publish","format-standard","has-post-thumbnail","hentry","category-govori"],"yoast_head":"<!-- This site is optimized with the Yoast SEO plugin v23.5 - https:\/\/yoast.com\/wordpress\/plugins\/seo\/ -->\n<title>Govor Predsednice Jahjaga prilikom smene Komande KFOR-a - Predsednik Republike Kosovo - DR. VJOSA OSMANI - SADRIU<\/title>\n<meta name=\"description\" content=\"Govor Predsednice Jahjaga prilikom smene Komande KFOR-a - Predsednik Republike Kosovo - DR. VJOSA OSMANI - SADRIU -\" \/>\n<meta name=\"robots\" content=\"index, follow, max-snippet:-1, max-image-preview:large, max-video-preview:-1\" \/>\n<link rel=\"canonical\" href=\"https:\/\/president-ksgov.net\/fjalimi-i-presidentes-jahjaga-ne-nderrimine-komandes-se-kfor-it\/\" \/>\n<meta property=\"og:locale\" content=\"sr_RS\" \/>\n<meta property=\"og:type\" content=\"article\" \/>\n<meta property=\"og:title\" content=\"Govor Predsednice Jahjaga prilikom smene Komande KFOR-a - Predsednik Republike Kosovo - DR. VJOSA OSMANI - SADRIU\" \/>\n<meta property=\"og:description\" content=\"Govor Predsednice Jahjaga prilikom smene Komande KFOR-a - Predsednik Republike Kosovo - DR. VJOSA OSMANI - SADRIU -\" \/>\n<meta property=\"og:url\" content=\"https:\/\/president-ksgov.net\/fjalimi-i-presidentes-jahjaga-ne-nderrimine-komandes-se-kfor-it\/\" \/>\n<meta property=\"og:site_name\" content=\"Predsednik Republike Kosovo - DR. VJOSA OSMANI - SADRIU\" \/>\n<meta property=\"article:published_time\" content=\"2014-09-03T12:25:46+00:00\" \/>\n<meta property=\"article:modified_time\" content=\"2023-03-08T09:03:09+00:00\" \/>\n<meta property=\"og:image\" content=\"https:\/\/president-ksgov.net\/wp-content\/uploads\/04_09_2014_3673791_03_09_2014_KFOR_1.jpg\" \/>\n\t<meta property=\"og:image:width\" content=\"1024\" \/>\n\t<meta property=\"og:image:height\" content=\"683\" \/>\n\t<meta property=\"og:image:type\" content=\"image\/jpeg\" \/>\n<meta name=\"author\" content=\"admin\" \/>\n<meta name=\"twitter:card\" content=\"summary_large_image\" \/>\n<meta name=\"twitter:label1\" content=\"\u041d\u0430\u043f\u0438\u0441\u0430\u043d\u043e \u043e\u0434\" \/>\n\t<meta name=\"twitter:data1\" content=\"admin\" \/>\n\t<meta name=\"twitter:label2\" content=\"\u041f\u0440\u043e\u0446\u0435\u045a\u0435\u043d\u043e \u0432\u0440\u0435\u043c\u0435 \u0447\u0438\u0442\u0430\u045a\u0430\" \/>\n\t<meta name=\"twitter:data2\" content=\"4 \u043c\u0438\u043d\u0443\u0442\u0430\" \/>\n<script type=\"application\/ld+json\" class=\"yoast-schema-graph\">{\"@context\":\"https:\/\/schema.org\",\"@graph\":[{\"@type\":\"WebPage\",\"@id\":\"https:\/\/president-ksgov.net\/fjalimi-i-presidentes-jahjaga-ne-nderrimine-komandes-se-kfor-it\/\",\"url\":\"https:\/\/president-ksgov.net\/fjalimi-i-presidentes-jahjaga-ne-nderrimine-komandes-se-kfor-it\/\",\"name\":\"Govor Predsednice Jahjaga prilikom smene Komande KFOR-a - Predsednik Republike Kosovo - DR. VJOSA OSMANI - SADRIU\",\"isPartOf\":{\"@id\":\"https:\/\/president-ksgov.net\/#website\"},\"primaryImageOfPage\":{\"@id\":\"https:\/\/president-ksgov.net\/fjalimi-i-presidentes-jahjaga-ne-nderrimine-komandes-se-kfor-it\/#primaryimage\"},\"image\":{\"@id\":\"https:\/\/president-ksgov.net\/fjalimi-i-presidentes-jahjaga-ne-nderrimine-komandes-se-kfor-it\/#primaryimage\"},\"thumbnailUrl\":\"https:\/\/president-ksgov.net\/wp-content\/uploads\/04_09_2014_3673791_03_09_2014_KFOR_1.jpg\",\"datePublished\":\"2014-09-03T12:25:46+00:00\",\"dateModified\":\"2023-03-08T09:03:09+00:00\",\"author\":{\"@id\":\"https:\/\/president-ksgov.net\/#\/schema\/person\/bb4337a5fb147cb2046d80548172cbee\"},\"description\":\"Govor Predsednice Jahjaga prilikom smene Komande KFOR-a - Predsednik Republike Kosovo - DR. VJOSA OSMANI - SADRIU -\",\"breadcrumb\":{\"@id\":\"https:\/\/president-ksgov.net\/fjalimi-i-presidentes-jahjaga-ne-nderrimine-komandes-se-kfor-it\/#breadcrumb\"},\"inLanguage\":\"sr-RS\",\"potentialAction\":[{\"@type\":\"ReadAction\",\"target\":[\"https:\/\/president-ksgov.net\/fjalimi-i-presidentes-jahjaga-ne-nderrimine-komandes-se-kfor-it\/\"]}]},{\"@type\":\"ImageObject\",\"inLanguage\":\"sr-RS\",\"@id\":\"https:\/\/president-ksgov.net\/fjalimi-i-presidentes-jahjaga-ne-nderrimine-komandes-se-kfor-it\/#primaryimage\",\"url\":\"https:\/\/president-ksgov.net\/wp-content\/uploads\/04_09_2014_3673791_03_09_2014_KFOR_1.jpg\",\"contentUrl\":\"https:\/\/president-ksgov.net\/wp-content\/uploads\/04_09_2014_3673791_03_09_2014_KFOR_1.jpg\",\"width\":1024,\"height\":683},{\"@type\":\"BreadcrumbList\",\"@id\":\"https:\/\/president-ksgov.net\/fjalimi-i-presidentes-jahjaga-ne-nderrimine-komandes-se-kfor-it\/#breadcrumb\",\"itemListElement\":[{\"@type\":\"ListItem\",\"position\":1,\"name\":\"Home\",\"item\":\"https:\/\/president-ksgov.net\/sr\/\"},{\"@type\":\"ListItem\",\"position\":2,\"name\":\"Govor Predsednice Jahjaga prilikom smene Komande KFOR-a\"}]},{\"@type\":\"WebSite\",\"@id\":\"https:\/\/president-ksgov.net\/#website\",\"url\":\"https:\/\/president-ksgov.net\/\",\"name\":\"Presidente e Republik\u00ebs s\u00eb Kosov\u00ebs\",\"description\":\"Presidente e Republik\u00ebs s\u00eb Kosov\u00ebs\",\"alternateName\":\"DR. VJOSA OSMANI - SADRIU\",\"potentialAction\":[{\"@type\":\"SearchAction\",\"target\":{\"@type\":\"EntryPoint\",\"urlTemplate\":\"https:\/\/president-ksgov.net\/?s={search_term_string}\"},\"query-input\":{\"@type\":\"PropertyValueSpecification\",\"valueRequired\":true,\"valueName\":\"search_term_string\"}}],\"inLanguage\":\"sr-RS\"},{\"@type\":\"Person\",\"@id\":\"https:\/\/president-ksgov.net\/#\/schema\/person\/bb4337a5fb147cb2046d80548172cbee\",\"name\":\"admin\",\"image\":{\"@type\":\"ImageObject\",\"inLanguage\":\"sr-RS\",\"@id\":\"https:\/\/president-ksgov.net\/#\/schema\/person\/image\/\",\"url\":\"https:\/\/secure.gravatar.com\/avatar\/36156ca0fa3b8d9d25174f146e16beea0cf28f37adf1b9e19b6c9c279a7c9dd3?s=96&d=mm&r=g\",\"contentUrl\":\"https:\/\/secure.gravatar.com\/avatar\/36156ca0fa3b8d9d25174f146e16beea0cf28f37adf1b9e19b6c9c279a7c9dd3?s=96&d=mm&r=g\",\"caption\":\"admin\"},\"sameAs\":[\"https:\/\/president-ksgov.net\"]}]}<\/script>\n<!-- \/ Yoast SEO plugin. -->","yoast_head_json":{"title":"Govor Predsednice Jahjaga prilikom smene Komande KFOR-a - Predsednik Republike Kosovo - DR. VJOSA OSMANI - SADRIU","description":"Govor Predsednice Jahjaga prilikom smene Komande KFOR-a - Predsednik Republike Kosovo - DR. VJOSA OSMANI - SADRIU -","robots":{"index":"index","follow":"follow","max-snippet":"max-snippet:-1","max-image-preview":"max-image-preview:large","max-video-preview":"max-video-preview:-1"},"canonical":"https:\/\/president-ksgov.net\/fjalimi-i-presidentes-jahjaga-ne-nderrimine-komandes-se-kfor-it\/","og_locale":"sr_RS","og_type":"article","og_title":"Govor Predsednice Jahjaga prilikom smene Komande KFOR-a - Predsednik Republike Kosovo - DR. VJOSA OSMANI - SADRIU","og_description":"Govor Predsednice Jahjaga prilikom smene Komande KFOR-a - Predsednik Republike Kosovo - DR. VJOSA OSMANI - SADRIU -","og_url":"https:\/\/president-ksgov.net\/fjalimi-i-presidentes-jahjaga-ne-nderrimine-komandes-se-kfor-it\/","og_site_name":"Predsednik Republike Kosovo - DR. VJOSA OSMANI - SADRIU","article_published_time":"2014-09-03T12:25:46+00:00","article_modified_time":"2023-03-08T09:03:09+00:00","og_image":[{"width":1024,"height":683,"url":"https:\/\/president-ksgov.net\/wp-content\/uploads\/04_09_2014_3673791_03_09_2014_KFOR_1.jpg","type":"image\/jpeg"}],"author":"admin","twitter_card":"summary_large_image","twitter_misc":{"\u041d\u0430\u043f\u0438\u0441\u0430\u043d\u043e \u043e\u0434":"admin","\u041f\u0440\u043e\u0446\u0435\u045a\u0435\u043d\u043e \u0432\u0440\u0435\u043c\u0435 \u0447\u0438\u0442\u0430\u045a\u0430":"4 \u043c\u0438\u043d\u0443\u0442\u0430"},"schema":{"@context":"https:\/\/schema.org","@graph":[{"@type":"WebPage","@id":"https:\/\/president-ksgov.net\/fjalimi-i-presidentes-jahjaga-ne-nderrimine-komandes-se-kfor-it\/","url":"https:\/\/president-ksgov.net\/fjalimi-i-presidentes-jahjaga-ne-nderrimine-komandes-se-kfor-it\/","name":"Govor Predsednice Jahjaga prilikom smene Komande KFOR-a - Predsednik Republike Kosovo - DR. VJOSA OSMANI - SADRIU","isPartOf":{"@id":"https:\/\/president-ksgov.net\/#website"},"primaryImageOfPage":{"@id":"https:\/\/president-ksgov.net\/fjalimi-i-presidentes-jahjaga-ne-nderrimine-komandes-se-kfor-it\/#primaryimage"},"image":{"@id":"https:\/\/president-ksgov.net\/fjalimi-i-presidentes-jahjaga-ne-nderrimine-komandes-se-kfor-it\/#primaryimage"},"thumbnailUrl":"https:\/\/president-ksgov.net\/wp-content\/uploads\/04_09_2014_3673791_03_09_2014_KFOR_1.jpg","datePublished":"2014-09-03T12:25:46+00:00","dateModified":"2023-03-08T09:03:09+00:00","author":{"@id":"https:\/\/president-ksgov.net\/#\/schema\/person\/bb4337a5fb147cb2046d80548172cbee"},"description":"Govor Predsednice Jahjaga prilikom smene Komande KFOR-a - Predsednik Republike Kosovo - DR. VJOSA OSMANI - SADRIU -","breadcrumb":{"@id":"https:\/\/president-ksgov.net\/fjalimi-i-presidentes-jahjaga-ne-nderrimine-komandes-se-kfor-it\/#breadcrumb"},"inLanguage":"sr-RS","potentialAction":[{"@type":"ReadAction","target":["https:\/\/president-ksgov.net\/fjalimi-i-presidentes-jahjaga-ne-nderrimine-komandes-se-kfor-it\/"]}]},{"@type":"ImageObject","inLanguage":"sr-RS","@id":"https:\/\/president-ksgov.net\/fjalimi-i-presidentes-jahjaga-ne-nderrimine-komandes-se-kfor-it\/#primaryimage","url":"https:\/\/president-ksgov.net\/wp-content\/uploads\/04_09_2014_3673791_03_09_2014_KFOR_1.jpg","contentUrl":"https:\/\/president-ksgov.net\/wp-content\/uploads\/04_09_2014_3673791_03_09_2014_KFOR_1.jpg","width":1024,"height":683},{"@type":"BreadcrumbList","@id":"https:\/\/president-ksgov.net\/fjalimi-i-presidentes-jahjaga-ne-nderrimine-komandes-se-kfor-it\/#breadcrumb","itemListElement":[{"@type":"ListItem","position":1,"name":"Home","item":"https:\/\/president-ksgov.net\/sr\/"},{"@type":"ListItem","position":2,"name":"Govor Predsednice Jahjaga prilikom smene Komande KFOR-a"}]},{"@type":"WebSite","@id":"https:\/\/president-ksgov.net\/#website","url":"https:\/\/president-ksgov.net\/","name":"Presidente e Republik\u00ebs s\u00eb Kosov\u00ebs","description":"Presidente e Republik\u00ebs s\u00eb Kosov\u00ebs","alternateName":"DR. VJOSA OSMANI - SADRIU","potentialAction":[{"@type":"SearchAction","target":{"@type":"EntryPoint","urlTemplate":"https:\/\/president-ksgov.net\/?s={search_term_string}"},"query-input":{"@type":"PropertyValueSpecification","valueRequired":true,"valueName":"search_term_string"}}],"inLanguage":"sr-RS"},{"@type":"Person","@id":"https:\/\/president-ksgov.net\/#\/schema\/person\/bb4337a5fb147cb2046d80548172cbee","name":"admin","image":{"@type":"ImageObject","inLanguage":"sr-RS","@id":"https:\/\/president-ksgov.net\/#\/schema\/person\/image\/","url":"https:\/\/secure.gravatar.com\/avatar\/36156ca0fa3b8d9d25174f146e16beea0cf28f37adf1b9e19b6c9c279a7c9dd3?s=96&d=mm&r=g","contentUrl":"https:\/\/secure.gravatar.com\/avatar\/36156ca0fa3b8d9d25174f146e16beea0cf28f37adf1b9e19b6c9c279a7c9dd3?s=96&d=mm&r=g","caption":"admin"},"sameAs":["https:\/\/president-ksgov.net"]}]}},"_links":{"self":[{"href":"https:\/\/president-ksgov.net\/sr\/wp-json\/wp\/v2\/posts\/77722","targetHints":{"allow":["GET"]}}],"collection":[{"href":"https:\/\/president-ksgov.net\/sr\/wp-json\/wp\/v2\/posts"}],"about":[{"href":"https:\/\/president-ksgov.net\/sr\/wp-json\/wp\/v2\/types\/post"}],"author":[{"embeddable":true,"href":"https:\/\/president-ksgov.net\/sr\/wp-json\/wp\/v2\/users\/1"}],"replies":[{"embeddable":true,"href":"https:\/\/president-ksgov.net\/sr\/wp-json\/wp\/v2\/comments?post=77722"}],"version-history":[{"count":1,"href":"https:\/\/president-ksgov.net\/sr\/wp-json\/wp\/v2\/posts\/77722\/revisions"}],"predecessor-version":[{"id":81665,"href":"https:\/\/president-ksgov.net\/sr\/wp-json\/wp\/v2\/posts\/77722\/revisions\/81665"}],"wp:featuredmedia":[{"embeddable":true,"href":"https:\/\/president-ksgov.net\/sr\/wp-json\/wp\/v2\/media\/43874"}],"wp:attachment":[{"href":"https:\/\/president-ksgov.net\/sr\/wp-json\/wp\/v2\/media?parent=77722"}],"wp:term":[{"taxonomy":"category","embeddable":true,"href":"https:\/\/president-ksgov.net\/sr\/wp-json\/wp\/v2\/categories?post=77722"},{"taxonomy":"post_tag","embeddable":true,"href":"https:\/\/president-ksgov.net\/sr\/wp-json\/wp\/v2\/tags?post=77722"}],"curies":[{"name":"wp","href":"https:\/\/api.w.org\/{rel}","templated":true}]}}