{"id":77714,"date":"2014-09-06T11:38:00","date_gmt":"2014-09-06T11:38:00","guid":{"rendered":"https:\/\/dev.president-ksgov.net\/govor-predsednice-jahjaga-povodom-obeleavanja-dana-kosovske-policije\/"},"modified":"2023-03-08T09:03:08","modified_gmt":"2023-03-08T09:03:08","slug":"govor-predsednice-jahjaga-povodom-obeleavanja-dana-kosovske-policije","status":"publish","type":"post","link":"https:\/\/president-ksgov.net\/sr\/govor-predsednice-jahjaga-povodom-obeleavanja-dana-kosovske-policije\/","title":{"rendered":"Govor Predsednice Jahjaga povodom obele&#158;avanja Dana Kosovske Policije"},"content":{"rendered":"<p>Cast mi je prisustvovati danas ovoj manifestaciji za Dan Policije Republike Kosova, kada obele&#382;avamo 15. godi&#353;njicu osnivanja i rada ove profesionalne i posvecene institucije koja sa neumornim radom u slu&#382;bi svih gradana, nastavlja biti institucija sa najvecim poverenjem u zemlji.<\/p>\n<p>Po&#353;tovani ministar Red&#382;epi,<br \/>\nPo&#353;tovani direktor Mad&#382;uni,<br \/>\nPo&#353;tovani clanovi porodica policajaca poginulih na slu&#382;benoj du&#382;nosti,<br \/>\nPo&#353;tovani oficiri i zvanicnici Policije Kosova,<br \/>\nPo&#353;tovani predstavnici EULEX-a<br \/>\nPo&#353;tovani ambasadori i predstavnici Diplomatskih Misija u Republici Kosovo,<br \/>\nPo&#353;tovani ucesnici,<br \/>\nDame i gospodo,<\/p>\n<p>Cast mi je prisustvovati danas ovoj manifestaciji za Dan Policije Republike Kosova, kada obele&#382;avamo 15. godi&#353;njicu osnivanja i rada ove profesionalne i posvecene institucije koja sa neumornim radom u slu&#382;bi svih gradana, nastavlja biti institucija sa najvecim poverenjem u zemlji.<\/p>\n<p>Ovu 15. godi&#353;njicu kruni&#353;e va&#353; neumoran rad, posvecenje i va&#353; uspeh, odlucnost da se profesionalno uzdi&#382;ete i doprinosite o&#382;ivotvorenju vizije koju imamo o na&#353;oj dr&#382;avi, stajanjem uz gradane Republike Kosovo i odigravajuci aktivnu ulogu u jacanju subjektiviteta na&#353;e dr&#382;ave.<\/p>\n<p>Kosovska Policija, na njenom putu jo&#353; od osnivanja pa do danas, je ocenjena za rad i konkretno anga&#382;ovanje na terenu, uz dobru organizaciju kao struktura, koja precizno sprovodi zakon u zemlji i danas ona je jedan dostojan garant vladanja reda i zakona u zemlji.<\/p>\n<p>Po&#353;tovani ucesnici,<\/p>\n<p>Danas, kada se Kosovo, kao i ceo svet, suocava sa pretnjama od teroristickih i ekstremistickih aktivnosti, pripadnici Kosovske Policije su dokazali svoje posvecenje za pru&#382;anje bezbednosti za sve gradane zemlje, i za odbranu ideala i vrednosti na&#353;eg dru&#353;tva.<\/p>\n<p>Kosovska Policija, u koordinaciji sa ostalim institucijama zemlje, putem njenih akcija zadnjih sedmica, je pokazala svoj profesionalizam i odlucnost za ocuvanje nacionalne bezbednosti i da se ne dozvoli pretvaranje Kosove u bezbednu bazu za odredene ekstremisticke pojedince i grupe. <\/p>\n<p>Na&#353;e institucije bezbednosti su dokazale da su sposobne i spremne da deluju protiv izolirane grupe manipuliranih ljudi, uvr&#353;tenih uz ekstremisticke grupe, koje predstavljaju pretnju ne samo za na&#353;e dru&#353;tvo i dr&#382;avu, nego i &#353;ire.<\/p>\n<p>Kosovo nijednom nece dozvoliti rast takvih grupa u njenu zemlju, i nijednom nece dozvoliti da njene vrednosti kao dru[tvo, vekovima izgradene, da se poljuljaju i ugro&#382;avaju.<\/p>\n<p>\u00a0Institucije Kosova ce delovati za sprecavanje svake pretnje gradeci osnovu jedne dr&#382;ave gde vlada red i zakon i gde sloboda njenih gradana, ugradena u Ustav, jeste njena najveca vrednost.<\/p>\n<p>Te prema tome, neophodno je da nova Skup&#353;tina Kosova, i ja verujem da ce poslanici, izabrani glasom naroda, snaci snage i hrabrosti da brzo prevazilaze dana&#353;nje probleme, da usvajaju zakone koji ce spreciti ekstremisticke i teroristicke aktivnosti na&#353;ih gradana bilo gde u svetu.<\/p>\n<p>Mi,\u00a0 svi predstavnici institucija, politickih subjekata i gradani Kosova trebamo raditiza po&#353;tovanje i potpuno sprovodenje Ustava Republike Kosovo.<\/p>\n<p>Po&#353;tovani oficiri i zvanicnici Policije, <\/p>\n<p>Institucija koju vi predstavljate &#8211; ciju uniformu nosite s ponosom &#8211; jeste institucija sa najvecim poverenjem medu gradanima na&#353;e zemlje, jer vi ste u slu&#382;bi njihove bezbednosti, u za&#353;titi reda i sprovodenja zakon.<br \/>\nVi ste takode svakog dana sa gradanima Kosova, svuda u svakom delu zemlje, i poverenje koje je izgradeno izmedu vas jeste najjaca veza koja cini da verujemu u ideale na kojima gradimo na&#353;u dr&#382;avu.<br \/>\nKosovska Policija je izgradena na najvi&#353;im profesionalnim standardima sveobuhvatnosti zajednica, sa najvecim brojem &#382;ena u njoj, postajuci na taj nacin najbli&#382;a i prihvatljiva od svake dru&#353;tvene kategorije.<br \/>\nUspostavljanje reda i vladanje zakona jeste fundamentalno za obezbedenje mira, sigurnosti i ustrajne stabilnosti unutar jednog dru&#353;tva i za konsolidovanje demokratije. S toga red i zakon su prioritet za institucije Republike Kosovo<br \/>\nPravna dr&#382;ava se gradi sa nultom politikom prema korupciji i organizovanog kriminala i snagom za njihovo suzbijanje i iskorenjivanje. Zajedno sa ostalim mehanizmima, Kosovska Policija ima jednu va&#382;nu ulogu u ovoj borbi, koju ne mo&#382;emo izgubiti.<\/p>\n<p>Buducnost na&#353;e dr&#382;ave zavisi od na&#353;e snage za iskorenjivanje ovih fenomena i ja cvrsto verujem da cemo mi njih pobediti, radi obezbedenja jednog boljeg &#382;ivota za na&#353;e gradane. &#8230;.Ovo nam je obaveza!<\/p>\n<p>Kosovo ne mo&#382;e da se pretvori u tranzitnu niti u zemlju destinacije za bilo kakvu trgovinu narkotika, bez obzira na izazove sa kojima se mo&#382;emo suociti. <\/p>\n<p>Kosovska Policija i svi drugi mehanizmi treba da povecaju svoje anga&#382;ovanje za iskorenjivanje ovog fenomena, pro&#353;irujuci ovu bitku u svakom delu na&#353;e zemlje.<\/p>\n<p>Borba protiv ovakve vrste trgovine, kao i trgovine ljudima, jeste usko povezano sa borbom protiv korupcije i organizovanog kriminala, narocito sa unutra&#353;njom korupcijom.<\/p>\n<p>S toga trebamo vecu efikasnost, anga&#382;ovanje i posvecenje, snage i volje i hrabrosti radi slamanja ovih fenomena.<\/p>\n<p>Ja verujem da ce Kosovska Policija, zajedno sa ostalim mehanizmima, svoj posao ciniti profesionalno u iskorenjivanju ovih pojava. <\/p>\n<p>Institucije Kosova i svi gradani vas podr&#382;avaju u ispunjavanju va&#353;e misije; garantovanje ustavnog poretka, vladanja zakona i pru&#382;anje sigurnosti za svakog gradanina.<\/p>\n<p>Po&#353;tovani ucesnici, <\/p>\n<p>Republika Kosovo je faktor mira i stabilnosti u region i kao takva posvecuje posebnu pa&#382;nju politici bezbednosti u okviru op&#353;tih politika koje uticu na stabilnost zemlje, regiona ali i na kolektivnu sigurnost.<br \/>\nNjeno punopravno clanstvo sa jednakim pravima u svim medunarodnim institucijama sigurnosti, njoj ce pomoci da daje doprinos za mir i stabilnost regiona i &#353;ire, ali i za suzbijanje svih negativnih fenomena.<br \/>\nMi jo&#353; uvek imamo mnogo posla uraditi za ispunjavanje na&#353;eg cilja da budemo clan evro-atlantske porodice, medunarodnih struktura bezbednosti.<\/p>\n<p>Po&#353;tovani pripadnici Policije, <\/p>\n<p>U ovaj na&#353; izazov za red i zakon, va&#353;a uloga je odlucujuca! Ja cvrsto verujem u va&#353;e posvecenje, sposobnost i profesionalizam da slu&#382;ite gradaninu Kosova.<br \/>\nVa&#353;i uspesi ovih 15 godina su najbolji testsament da cete vi biti na celo ove misije.<br \/>\n\u00a0Va&#353;a uniforma danas je simbol mira i bezbednosti. &#8212;- Da je casno nosite!<br \/>\nCinove koje imate cestitam da ih casno i ponosno nosite &#8211;\u00a0 znam da ih shvatate kao obavezu, da ih sa voljom nosite i da ih ne smatrate samo\u00a0 privilegijom.<br \/>\n&#381;elim vam mnogo uspeha u radu i stalnom profesionalnom usavr&#353;avanju!<\/p>\n<p>Zahvaljujem!\u00a0<\/p>\n","protected":false},"excerpt":{"rendered":"<p>Cast mi je prisustvovati danas ovoj manifestaciji za Dan Policije Republike Kosova, kada obele&#382;avamo 15. godi&#353;njicu osnivanja i rada ove profesionalne i posvecene institucije koja sa neumornim radom u slu&#382;bi svih gradana, nastavlja biti institucija sa najvecim poverenjem u zemlji.<\/p>\n","protected":false},"author":1,"featured_media":43783,"comment_status":"open","ping_status":"closed","sticky":false,"template":"","format":"standard","meta":{"_eb_attr":"","footnotes":""},"categories":[106],"tags":[],"class_list":["post-77714","post","type-post","status-publish","format-standard","has-post-thumbnail","hentry","category-govori"],"yoast_head":"<!-- This site is optimized with the Yoast SEO plugin v23.5 - https:\/\/yoast.com\/wordpress\/plugins\/seo\/ -->\n<title>Govor Predsednice Jahjaga povodom obele&#158;avanja Dana Kosovske Policije - Predsednik Republike Kosovo - DR. VJOSA OSMANI - SADRIU<\/title>\n<meta name=\"description\" content=\"Govor Predsednice Jahjaga povodom obele&#158;avanja Dana Kosovske Policije - Predsednik Republike Kosovo - DR. VJOSA OSMANI - SADRIU -\" \/>\n<meta name=\"robots\" content=\"index, follow, max-snippet:-1, max-image-preview:large, max-video-preview:-1\" \/>\n<link rel=\"canonical\" href=\"https:\/\/president-ksgov.net\/fjala-e-presidentes-jahjaga-me-rastin-e-shenimit-te-dites-se-policise-se-kosoves\/\" \/>\n<meta property=\"og:locale\" content=\"sr_RS\" \/>\n<meta property=\"og:type\" content=\"article\" \/>\n<meta property=\"og:title\" content=\"Govor Predsednice Jahjaga povodom obele&#158;avanja Dana Kosovske Policije - Predsednik Republike Kosovo - DR. VJOSA OSMANI - SADRIU\" \/>\n<meta property=\"og:description\" content=\"Govor Predsednice Jahjaga povodom obele&#158;avanja Dana Kosovske Policije - Predsednik Republike Kosovo - DR. VJOSA OSMANI - SADRIU -\" \/>\n<meta property=\"og:url\" content=\"https:\/\/president-ksgov.net\/fjala-e-presidentes-jahjaga-me-rastin-e-shenimit-te-dites-se-policise-se-kosoves\/\" \/>\n<meta property=\"og:site_name\" content=\"Predsednik Republike Kosovo - DR. VJOSA OSMANI - SADRIU\" \/>\n<meta property=\"article:published_time\" content=\"2014-09-06T11:38:00+00:00\" \/>\n<meta property=\"article:modified_time\" content=\"2023-03-08T09:03:08+00:00\" \/>\n<meta property=\"og:image\" content=\"https:\/\/president-ksgov.net\/wp-content\/uploads\/06_09_2014_8119709_IMG_1396.jpg\" \/>\n\t<meta property=\"og:image:width\" content=\"2000\" \/>\n\t<meta property=\"og:image:height\" content=\"1405\" \/>\n\t<meta property=\"og:image:type\" content=\"image\/jpeg\" \/>\n<meta name=\"author\" content=\"admin\" \/>\n<meta name=\"twitter:card\" content=\"summary_large_image\" \/>\n<meta name=\"twitter:label1\" content=\"\u041d\u0430\u043f\u0438\u0441\u0430\u043d\u043e \u043e\u0434\" \/>\n\t<meta name=\"twitter:data1\" content=\"admin\" \/>\n\t<meta name=\"twitter:label2\" content=\"\u041f\u0440\u043e\u0446\u0435\u045a\u0435\u043d\u043e \u0432\u0440\u0435\u043c\u0435 \u0447\u0438\u0442\u0430\u045a\u0430\" \/>\n\t<meta name=\"twitter:data2\" content=\"5 \u043c\u0438\u043d\u0443\u0442\u0430\" \/>\n<script type=\"application\/ld+json\" class=\"yoast-schema-graph\">{\"@context\":\"https:\/\/schema.org\",\"@graph\":[{\"@type\":\"WebPage\",\"@id\":\"https:\/\/president-ksgov.net\/fjala-e-presidentes-jahjaga-me-rastin-e-shenimit-te-dites-se-policise-se-kosoves\/\",\"url\":\"https:\/\/president-ksgov.net\/fjala-e-presidentes-jahjaga-me-rastin-e-shenimit-te-dites-se-policise-se-kosoves\/\",\"name\":\"Govor Predsednice Jahjaga povodom obele&#158;avanja Dana Kosovske Policije - Predsednik Republike Kosovo - DR. VJOSA OSMANI - SADRIU\",\"isPartOf\":{\"@id\":\"https:\/\/president-ksgov.net\/#website\"},\"primaryImageOfPage\":{\"@id\":\"https:\/\/president-ksgov.net\/fjala-e-presidentes-jahjaga-me-rastin-e-shenimit-te-dites-se-policise-se-kosoves\/#primaryimage\"},\"image\":{\"@id\":\"https:\/\/president-ksgov.net\/fjala-e-presidentes-jahjaga-me-rastin-e-shenimit-te-dites-se-policise-se-kosoves\/#primaryimage\"},\"thumbnailUrl\":\"https:\/\/president-ksgov.net\/wp-content\/uploads\/06_09_2014_8119709_IMG_1396.jpg\",\"datePublished\":\"2014-09-06T11:38:00+00:00\",\"dateModified\":\"2023-03-08T09:03:08+00:00\",\"author\":{\"@id\":\"https:\/\/president-ksgov.net\/#\/schema\/person\/bb4337a5fb147cb2046d80548172cbee\"},\"description\":\"Govor Predsednice Jahjaga povodom obele&#158;avanja Dana Kosovske Policije - Predsednik Republike Kosovo - DR. VJOSA OSMANI - SADRIU -\",\"breadcrumb\":{\"@id\":\"https:\/\/president-ksgov.net\/fjala-e-presidentes-jahjaga-me-rastin-e-shenimit-te-dites-se-policise-se-kosoves\/#breadcrumb\"},\"inLanguage\":\"sr-RS\",\"potentialAction\":[{\"@type\":\"ReadAction\",\"target\":[\"https:\/\/president-ksgov.net\/fjala-e-presidentes-jahjaga-me-rastin-e-shenimit-te-dites-se-policise-se-kosoves\/\"]}]},{\"@type\":\"ImageObject\",\"inLanguage\":\"sr-RS\",\"@id\":\"https:\/\/president-ksgov.net\/fjala-e-presidentes-jahjaga-me-rastin-e-shenimit-te-dites-se-policise-se-kosoves\/#primaryimage\",\"url\":\"https:\/\/president-ksgov.net\/wp-content\/uploads\/06_09_2014_8119709_IMG_1396.jpg\",\"contentUrl\":\"https:\/\/president-ksgov.net\/wp-content\/uploads\/06_09_2014_8119709_IMG_1396.jpg\",\"width\":2000,\"height\":1405},{\"@type\":\"BreadcrumbList\",\"@id\":\"https:\/\/president-ksgov.net\/fjala-e-presidentes-jahjaga-me-rastin-e-shenimit-te-dites-se-policise-se-kosoves\/#breadcrumb\",\"itemListElement\":[{\"@type\":\"ListItem\",\"position\":1,\"name\":\"Home\",\"item\":\"https:\/\/president-ksgov.net\/sr\/\"},{\"@type\":\"ListItem\",\"position\":2,\"name\":\"Govor Predsednice Jahjaga povodom obele&#158;avanja Dana Kosovske Policije\"}]},{\"@type\":\"WebSite\",\"@id\":\"https:\/\/president-ksgov.net\/#website\",\"url\":\"https:\/\/president-ksgov.net\/\",\"name\":\"Presidente e Republik\u00ebs s\u00eb Kosov\u00ebs\",\"description\":\"Presidente e Republik\u00ebs s\u00eb Kosov\u00ebs\",\"alternateName\":\"DR. VJOSA OSMANI - SADRIU\",\"potentialAction\":[{\"@type\":\"SearchAction\",\"target\":{\"@type\":\"EntryPoint\",\"urlTemplate\":\"https:\/\/president-ksgov.net\/?s={search_term_string}\"},\"query-input\":{\"@type\":\"PropertyValueSpecification\",\"valueRequired\":true,\"valueName\":\"search_term_string\"}}],\"inLanguage\":\"sr-RS\"},{\"@type\":\"Person\",\"@id\":\"https:\/\/president-ksgov.net\/#\/schema\/person\/bb4337a5fb147cb2046d80548172cbee\",\"name\":\"admin\",\"image\":{\"@type\":\"ImageObject\",\"inLanguage\":\"sr-RS\",\"@id\":\"https:\/\/president-ksgov.net\/#\/schema\/person\/image\/\",\"url\":\"https:\/\/secure.gravatar.com\/avatar\/36156ca0fa3b8d9d25174f146e16beea0cf28f37adf1b9e19b6c9c279a7c9dd3?s=96&d=mm&r=g\",\"contentUrl\":\"https:\/\/secure.gravatar.com\/avatar\/36156ca0fa3b8d9d25174f146e16beea0cf28f37adf1b9e19b6c9c279a7c9dd3?s=96&d=mm&r=g\",\"caption\":\"admin\"},\"sameAs\":[\"https:\/\/president-ksgov.net\"]}]}<\/script>\n<!-- \/ Yoast SEO plugin. -->","yoast_head_json":{"title":"Govor Predsednice Jahjaga povodom obele&#158;avanja Dana Kosovske Policije - Predsednik Republike Kosovo - DR. VJOSA OSMANI - SADRIU","description":"Govor Predsednice Jahjaga povodom obele&#158;avanja Dana Kosovske Policije - Predsednik Republike Kosovo - DR. VJOSA OSMANI - SADRIU -","robots":{"index":"index","follow":"follow","max-snippet":"max-snippet:-1","max-image-preview":"max-image-preview:large","max-video-preview":"max-video-preview:-1"},"canonical":"https:\/\/president-ksgov.net\/fjala-e-presidentes-jahjaga-me-rastin-e-shenimit-te-dites-se-policise-se-kosoves\/","og_locale":"sr_RS","og_type":"article","og_title":"Govor Predsednice Jahjaga povodom obele&#158;avanja Dana Kosovske Policije - Predsednik Republike Kosovo - DR. VJOSA OSMANI - SADRIU","og_description":"Govor Predsednice Jahjaga povodom obele&#158;avanja Dana Kosovske Policije - Predsednik Republike Kosovo - DR. VJOSA OSMANI - SADRIU -","og_url":"https:\/\/president-ksgov.net\/fjala-e-presidentes-jahjaga-me-rastin-e-shenimit-te-dites-se-policise-se-kosoves\/","og_site_name":"Predsednik Republike Kosovo - DR. VJOSA OSMANI - SADRIU","article_published_time":"2014-09-06T11:38:00+00:00","article_modified_time":"2023-03-08T09:03:08+00:00","og_image":[{"width":2000,"height":1405,"url":"https:\/\/president-ksgov.net\/wp-content\/uploads\/06_09_2014_8119709_IMG_1396.jpg","type":"image\/jpeg"}],"author":"admin","twitter_card":"summary_large_image","twitter_misc":{"\u041d\u0430\u043f\u0438\u0441\u0430\u043d\u043e \u043e\u0434":"admin","\u041f\u0440\u043e\u0446\u0435\u045a\u0435\u043d\u043e \u0432\u0440\u0435\u043c\u0435 \u0447\u0438\u0442\u0430\u045a\u0430":"5 \u043c\u0438\u043d\u0443\u0442\u0430"},"schema":{"@context":"https:\/\/schema.org","@graph":[{"@type":"WebPage","@id":"https:\/\/president-ksgov.net\/fjala-e-presidentes-jahjaga-me-rastin-e-shenimit-te-dites-se-policise-se-kosoves\/","url":"https:\/\/president-ksgov.net\/fjala-e-presidentes-jahjaga-me-rastin-e-shenimit-te-dites-se-policise-se-kosoves\/","name":"Govor Predsednice Jahjaga povodom obele&#158;avanja Dana Kosovske Policije - Predsednik Republike Kosovo - DR. VJOSA OSMANI - SADRIU","isPartOf":{"@id":"https:\/\/president-ksgov.net\/#website"},"primaryImageOfPage":{"@id":"https:\/\/president-ksgov.net\/fjala-e-presidentes-jahjaga-me-rastin-e-shenimit-te-dites-se-policise-se-kosoves\/#primaryimage"},"image":{"@id":"https:\/\/president-ksgov.net\/fjala-e-presidentes-jahjaga-me-rastin-e-shenimit-te-dites-se-policise-se-kosoves\/#primaryimage"},"thumbnailUrl":"https:\/\/president-ksgov.net\/wp-content\/uploads\/06_09_2014_8119709_IMG_1396.jpg","datePublished":"2014-09-06T11:38:00+00:00","dateModified":"2023-03-08T09:03:08+00:00","author":{"@id":"https:\/\/president-ksgov.net\/#\/schema\/person\/bb4337a5fb147cb2046d80548172cbee"},"description":"Govor Predsednice Jahjaga povodom obele&#158;avanja Dana Kosovske Policije - Predsednik Republike Kosovo - DR. VJOSA OSMANI - SADRIU -","breadcrumb":{"@id":"https:\/\/president-ksgov.net\/fjala-e-presidentes-jahjaga-me-rastin-e-shenimit-te-dites-se-policise-se-kosoves\/#breadcrumb"},"inLanguage":"sr-RS","potentialAction":[{"@type":"ReadAction","target":["https:\/\/president-ksgov.net\/fjala-e-presidentes-jahjaga-me-rastin-e-shenimit-te-dites-se-policise-se-kosoves\/"]}]},{"@type":"ImageObject","inLanguage":"sr-RS","@id":"https:\/\/president-ksgov.net\/fjala-e-presidentes-jahjaga-me-rastin-e-shenimit-te-dites-se-policise-se-kosoves\/#primaryimage","url":"https:\/\/president-ksgov.net\/wp-content\/uploads\/06_09_2014_8119709_IMG_1396.jpg","contentUrl":"https:\/\/president-ksgov.net\/wp-content\/uploads\/06_09_2014_8119709_IMG_1396.jpg","width":2000,"height":1405},{"@type":"BreadcrumbList","@id":"https:\/\/president-ksgov.net\/fjala-e-presidentes-jahjaga-me-rastin-e-shenimit-te-dites-se-policise-se-kosoves\/#breadcrumb","itemListElement":[{"@type":"ListItem","position":1,"name":"Home","item":"https:\/\/president-ksgov.net\/sr\/"},{"@type":"ListItem","position":2,"name":"Govor Predsednice Jahjaga povodom obele&#158;avanja Dana Kosovske Policije"}]},{"@type":"WebSite","@id":"https:\/\/president-ksgov.net\/#website","url":"https:\/\/president-ksgov.net\/","name":"Presidente e Republik\u00ebs s\u00eb Kosov\u00ebs","description":"Presidente e Republik\u00ebs s\u00eb Kosov\u00ebs","alternateName":"DR. VJOSA OSMANI - SADRIU","potentialAction":[{"@type":"SearchAction","target":{"@type":"EntryPoint","urlTemplate":"https:\/\/president-ksgov.net\/?s={search_term_string}"},"query-input":{"@type":"PropertyValueSpecification","valueRequired":true,"valueName":"search_term_string"}}],"inLanguage":"sr-RS"},{"@type":"Person","@id":"https:\/\/president-ksgov.net\/#\/schema\/person\/bb4337a5fb147cb2046d80548172cbee","name":"admin","image":{"@type":"ImageObject","inLanguage":"sr-RS","@id":"https:\/\/president-ksgov.net\/#\/schema\/person\/image\/","url":"https:\/\/secure.gravatar.com\/avatar\/36156ca0fa3b8d9d25174f146e16beea0cf28f37adf1b9e19b6c9c279a7c9dd3?s=96&d=mm&r=g","contentUrl":"https:\/\/secure.gravatar.com\/avatar\/36156ca0fa3b8d9d25174f146e16beea0cf28f37adf1b9e19b6c9c279a7c9dd3?s=96&d=mm&r=g","caption":"admin"},"sameAs":["https:\/\/president-ksgov.net"]}]}},"_links":{"self":[{"href":"https:\/\/president-ksgov.net\/sr\/wp-json\/wp\/v2\/posts\/77714","targetHints":{"allow":["GET"]}}],"collection":[{"href":"https:\/\/president-ksgov.net\/sr\/wp-json\/wp\/v2\/posts"}],"about":[{"href":"https:\/\/president-ksgov.net\/sr\/wp-json\/wp\/v2\/types\/post"}],"author":[{"embeddable":true,"href":"https:\/\/president-ksgov.net\/sr\/wp-json\/wp\/v2\/users\/1"}],"replies":[{"embeddable":true,"href":"https:\/\/president-ksgov.net\/sr\/wp-json\/wp\/v2\/comments?post=77714"}],"version-history":[{"count":1,"href":"https:\/\/president-ksgov.net\/sr\/wp-json\/wp\/v2\/posts\/77714\/revisions"}],"predecessor-version":[{"id":81662,"href":"https:\/\/president-ksgov.net\/sr\/wp-json\/wp\/v2\/posts\/77714\/revisions\/81662"}],"wp:featuredmedia":[{"embeddable":true,"href":"https:\/\/president-ksgov.net\/sr\/wp-json\/wp\/v2\/media\/43783"}],"wp:attachment":[{"href":"https:\/\/president-ksgov.net\/sr\/wp-json\/wp\/v2\/media?parent=77714"}],"wp:term":[{"taxonomy":"category","embeddable":true,"href":"https:\/\/president-ksgov.net\/sr\/wp-json\/wp\/v2\/categories?post=77714"},{"taxonomy":"post_tag","embeddable":true,"href":"https:\/\/president-ksgov.net\/sr\/wp-json\/wp\/v2\/tags?post=77714"}],"curies":[{"name":"wp","href":"https:\/\/api.w.org\/{rel}","templated":true}]}}