{"id":77703,"date":"2014-09-18T15:36:00","date_gmt":"2014-09-18T15:36:00","guid":{"rendered":"https:\/\/dev.president-ksgov.net\/predsednica-atifete-jahjaga-je-odrala-posebne-sastanke-sa-liderima-parlamentarnih-politickih-partija\/"},"modified":"2014-09-18T15:36:00","modified_gmt":"2014-09-18T15:36:00","slug":"predsednica-atifete-jahjaga-je-odrala-posebne-sastanke-sa-liderima-parlamentarnih-politickih-partija","status":"publish","type":"post","link":"https:\/\/president-ksgov.net\/sr\/predsednica-atifete-jahjaga-je-odrala-posebne-sastanke-sa-liderima-parlamentarnih-politickih-partija\/","title":{"rendered":"Predsednica Atifete Jahjaga je odr&#158;ala posebne sastanke sa liderima parlamentarnih politi\u010dkih partija"},"content":{"rendered":"<p>Predsednica Republike Kosovo, gospo\u0111a Atifete Jahjaga, je pozvala na posebne sastanke lidere parlamentarnih politi\u010dkih partija za diskusiju o doga\u0111ajima nakon odr&#382;avanja dana&#353;nje konstitutivne sednice Skup&#353;tine Kosova. Posebnim sastancima su prisustvovali rukovodioci DPK-a, sa predsednikom Ha&#353;im Tha\u010di, Srpske Liste, predvo\u0111ene od gospodina Petrovi\u0107 Slobodana, Parlamentarne Grupe &#352;est plus, DSK, ABK, Nisma, Pokret Vetvendosje\/Samoopredeljenje, predstavljenih od gospodina Isa Mustafa, gospodina Ramu&#353; Haradinaj, gospodina Fatmir Limaj i gospodina Albin Kurti, i poslanika ostalih zajednica predstavljenih u Skup&#353;tinu Kosova.<\/p>\n<p>Predsednica Jahjaga, u okviru svojih ustavnih nadle&#382;nosti, kao garant demokratskog funkcioniranja institucija i faktor jedinstva naroda, na sastancima sa rukovodiocima parlamentarnih politi\u010dkih partija je istakla da konstituisanje institucija Kosova je neophodno radi pomeranja napred procesa kroz koje prolazi zemlja. Ona je rekla da poslanici Skup&#353;tine Kosova su odgovorni za re&#353;avanje pitanja unutar Skup&#353;tine Kosova, pozivaju\u0107i se na Ustav i zakone zemlje i na po&#353;tovanje odluke Ustavnog Suda.<\/p>\n<p>Predsednica Jahjaga je rekla da dana&#353;nji sastanci se odr&#382;avaju u cilju olak&#353;anja diskusije politi\u010dkih\u00a0 snaga za spremnost poslanika Skup&#353;tine za iznala&#382;enje re&#353;enja za formiranje novih institucija zemlje.<\/p>\n","protected":false},"excerpt":{"rendered":"<p>Predsednica Republike Kosovo, gospo\u0111a Atifete Jahjaga, je pozvala na posebne sastanke lidere parlamentarnih politi\u010dkih partija za diskusiju o doga\u0111ajima nakon odr&#382;avanja dana&#353;nje konstitutivne sednice Skup&#353;tine Kosova. Posebnim sastancima su prisustvovali rukovodioci DPK-a, sa predsednikom Ha&#353;im Tha\u010di, Srpske Liste, predvo\u0111ene od gospodina Petrovi\u0107 Slobodana, Parlamentarne Grupe &#352;est plus, DSK, ABK, Nisma, Pokret Vetvendosje\/Samoopredeljenje, predstavljenih od gospodina Isa Mustafa, gospodina Ramu&#353; Haradinaj, gospodina Fatmir Limaj i gospodina Albin Kurti, i poslanika ostalih zajednica predstavljenih u Skup&#353;tinu Kosova.<\/p>\n","protected":false},"author":1,"featured_media":43667,"comment_status":"open","ping_status":"closed","sticky":false,"template":"","format":"standard","meta":{"_eb_attr":"","footnotes":""},"categories":[101],"tags":[],"class_list":["post-77703","post","type-post","status-publish","format-standard","has-post-thumbnail","hentry","category-vesti"],"yoast_head":"<!-- This site is optimized with the Yoast SEO plugin v23.5 - https:\/\/yoast.com\/wordpress\/plugins\/seo\/ -->\n<title>Predsednica Atifete Jahjaga je odr&#158;ala posebne sastanke sa liderima parlamentarnih politi\u010dkih partija - Predsednik Republike Kosovo - DR. VJOSA OSMANI - SADRIU<\/title>\n<meta name=\"description\" content=\"Predsednica Atifete Jahjaga je odr&#158;ala posebne sastanke sa liderima parlamentarnih politi\u010dkih partija - Predsednik Republike Kosovo - DR. VJOSA OSMANI - SADRIU -\" \/>\n<meta name=\"robots\" content=\"index, follow, max-snippet:-1, max-image-preview:large, max-video-preview:-1\" \/>\n<link rel=\"canonical\" href=\"https:\/\/president-ksgov.net\/presidentja-atifete-jahjaga-zhvilloi-takime-te-vecanta-me-lideret-e-partive-politike-parlamentare\/\" \/>\n<meta property=\"og:locale\" content=\"sr_RS\" \/>\n<meta property=\"og:type\" content=\"article\" \/>\n<meta property=\"og:title\" content=\"Predsednica Atifete Jahjaga je odr&#158;ala posebne sastanke sa liderima parlamentarnih politi\u010dkih partija - Predsednik Republike Kosovo - DR. VJOSA OSMANI - SADRIU\" \/>\n<meta property=\"og:description\" content=\"Predsednica Atifete Jahjaga je odr&#158;ala posebne sastanke sa liderima parlamentarnih politi\u010dkih partija - Predsednik Republike Kosovo - DR. VJOSA OSMANI - SADRIU -\" \/>\n<meta property=\"og:url\" content=\"https:\/\/president-ksgov.net\/presidentja-atifete-jahjaga-zhvilloi-takime-te-vecanta-me-lideret-e-partive-politike-parlamentare\/\" \/>\n<meta property=\"og:site_name\" content=\"Predsednik Republike Kosovo - DR. VJOSA OSMANI - SADRIU\" \/>\n<meta property=\"article:published_time\" content=\"2014-09-18T15:36:00+00:00\" \/>\n<meta property=\"og:image\" content=\"https:\/\/president-ksgov.net\/wp-content\/uploads\/18_09_2014_663307_01_18092014.jpg\" \/>\n\t<meta property=\"og:image:width\" content=\"1024\" \/>\n\t<meta property=\"og:image:height\" content=\"621\" \/>\n\t<meta property=\"og:image:type\" content=\"image\/jpeg\" \/>\n<meta name=\"author\" content=\"admin\" \/>\n<meta name=\"twitter:card\" content=\"summary_large_image\" \/>\n<meta name=\"twitter:label1\" content=\"\u041d\u0430\u043f\u0438\u0441\u0430\u043d\u043e \u043e\u0434\" \/>\n\t<meta name=\"twitter:data1\" content=\"admin\" \/>\n\t<meta name=\"twitter:label2\" content=\"\u041f\u0440\u043e\u0446\u0435\u045a\u0435\u043d\u043e \u0432\u0440\u0435\u043c\u0435 \u0447\u0438\u0442\u0430\u045a\u0430\" \/>\n\t<meta name=\"twitter:data2\" content=\"1 \u043c\u0438\u043d\u0443\u0442\" \/>\n<script type=\"application\/ld+json\" class=\"yoast-schema-graph\">{\"@context\":\"https:\/\/schema.org\",\"@graph\":[{\"@type\":\"WebPage\",\"@id\":\"https:\/\/president-ksgov.net\/presidentja-atifete-jahjaga-zhvilloi-takime-te-vecanta-me-lideret-e-partive-politike-parlamentare\/\",\"url\":\"https:\/\/president-ksgov.net\/presidentja-atifete-jahjaga-zhvilloi-takime-te-vecanta-me-lideret-e-partive-politike-parlamentare\/\",\"name\":\"Predsednica Atifete Jahjaga je odr&#158;ala posebne sastanke sa liderima parlamentarnih politi\u010dkih partija - Predsednik Republike Kosovo - DR. VJOSA OSMANI - SADRIU\",\"isPartOf\":{\"@id\":\"https:\/\/president-ksgov.net\/#website\"},\"primaryImageOfPage\":{\"@id\":\"https:\/\/president-ksgov.net\/presidentja-atifete-jahjaga-zhvilloi-takime-te-vecanta-me-lideret-e-partive-politike-parlamentare\/#primaryimage\"},\"image\":{\"@id\":\"https:\/\/president-ksgov.net\/presidentja-atifete-jahjaga-zhvilloi-takime-te-vecanta-me-lideret-e-partive-politike-parlamentare\/#primaryimage\"},\"thumbnailUrl\":\"https:\/\/president-ksgov.net\/wp-content\/uploads\/18_09_2014_663307_01_18092014.jpg\",\"datePublished\":\"2014-09-18T15:36:00+00:00\",\"dateModified\":\"2014-09-18T15:36:00+00:00\",\"author\":{\"@id\":\"https:\/\/president-ksgov.net\/#\/schema\/person\/bb4337a5fb147cb2046d80548172cbee\"},\"description\":\"Predsednica Atifete Jahjaga je odr&#158;ala posebne sastanke sa liderima parlamentarnih politi\u010dkih partija - Predsednik Republike Kosovo - DR. VJOSA OSMANI - SADRIU -\",\"breadcrumb\":{\"@id\":\"https:\/\/president-ksgov.net\/presidentja-atifete-jahjaga-zhvilloi-takime-te-vecanta-me-lideret-e-partive-politike-parlamentare\/#breadcrumb\"},\"inLanguage\":\"sr-RS\",\"potentialAction\":[{\"@type\":\"ReadAction\",\"target\":[\"https:\/\/president-ksgov.net\/presidentja-atifete-jahjaga-zhvilloi-takime-te-vecanta-me-lideret-e-partive-politike-parlamentare\/\"]}]},{\"@type\":\"ImageObject\",\"inLanguage\":\"sr-RS\",\"@id\":\"https:\/\/president-ksgov.net\/presidentja-atifete-jahjaga-zhvilloi-takime-te-vecanta-me-lideret-e-partive-politike-parlamentare\/#primaryimage\",\"url\":\"https:\/\/president-ksgov.net\/wp-content\/uploads\/18_09_2014_663307_01_18092014.jpg\",\"contentUrl\":\"https:\/\/president-ksgov.net\/wp-content\/uploads\/18_09_2014_663307_01_18092014.jpg\",\"width\":1024,\"height\":621},{\"@type\":\"BreadcrumbList\",\"@id\":\"https:\/\/president-ksgov.net\/presidentja-atifete-jahjaga-zhvilloi-takime-te-vecanta-me-lideret-e-partive-politike-parlamentare\/#breadcrumb\",\"itemListElement\":[{\"@type\":\"ListItem\",\"position\":1,\"name\":\"Home\",\"item\":\"https:\/\/president-ksgov.net\/sr\/\"},{\"@type\":\"ListItem\",\"position\":2,\"name\":\"Predsednica Atifete Jahjaga je odr&#158;ala posebne sastanke sa liderima parlamentarnih politi\u010dkih partija\"}]},{\"@type\":\"WebSite\",\"@id\":\"https:\/\/president-ksgov.net\/#website\",\"url\":\"https:\/\/president-ksgov.net\/\",\"name\":\"Presidente e Republik\u00ebs s\u00eb Kosov\u00ebs\",\"description\":\"Presidente e Republik\u00ebs s\u00eb Kosov\u00ebs\",\"alternateName\":\"DR. VJOSA OSMANI - SADRIU\",\"potentialAction\":[{\"@type\":\"SearchAction\",\"target\":{\"@type\":\"EntryPoint\",\"urlTemplate\":\"https:\/\/president-ksgov.net\/?s={search_term_string}\"},\"query-input\":{\"@type\":\"PropertyValueSpecification\",\"valueRequired\":true,\"valueName\":\"search_term_string\"}}],\"inLanguage\":\"sr-RS\"},{\"@type\":\"Person\",\"@id\":\"https:\/\/president-ksgov.net\/#\/schema\/person\/bb4337a5fb147cb2046d80548172cbee\",\"name\":\"admin\",\"image\":{\"@type\":\"ImageObject\",\"inLanguage\":\"sr-RS\",\"@id\":\"https:\/\/president-ksgov.net\/#\/schema\/person\/image\/\",\"url\":\"https:\/\/secure.gravatar.com\/avatar\/36156ca0fa3b8d9d25174f146e16beea0cf28f37adf1b9e19b6c9c279a7c9dd3?s=96&d=mm&r=g\",\"contentUrl\":\"https:\/\/secure.gravatar.com\/avatar\/36156ca0fa3b8d9d25174f146e16beea0cf28f37adf1b9e19b6c9c279a7c9dd3?s=96&d=mm&r=g\",\"caption\":\"admin\"},\"sameAs\":[\"https:\/\/president-ksgov.net\"]}]}<\/script>\n<!-- \/ Yoast SEO plugin. -->","yoast_head_json":{"title":"Predsednica Atifete Jahjaga je odr&#158;ala posebne sastanke sa liderima parlamentarnih politi\u010dkih partija - Predsednik Republike Kosovo - DR. VJOSA OSMANI - SADRIU","description":"Predsednica Atifete Jahjaga je odr&#158;ala posebne sastanke sa liderima parlamentarnih politi\u010dkih partija - Predsednik Republike Kosovo - DR. VJOSA OSMANI - SADRIU -","robots":{"index":"index","follow":"follow","max-snippet":"max-snippet:-1","max-image-preview":"max-image-preview:large","max-video-preview":"max-video-preview:-1"},"canonical":"https:\/\/president-ksgov.net\/presidentja-atifete-jahjaga-zhvilloi-takime-te-vecanta-me-lideret-e-partive-politike-parlamentare\/","og_locale":"sr_RS","og_type":"article","og_title":"Predsednica Atifete Jahjaga je odr&#158;ala posebne sastanke sa liderima parlamentarnih politi\u010dkih partija - Predsednik Republike Kosovo - DR. VJOSA OSMANI - SADRIU","og_description":"Predsednica Atifete Jahjaga je odr&#158;ala posebne sastanke sa liderima parlamentarnih politi\u010dkih partija - Predsednik Republike Kosovo - DR. VJOSA OSMANI - SADRIU -","og_url":"https:\/\/president-ksgov.net\/presidentja-atifete-jahjaga-zhvilloi-takime-te-vecanta-me-lideret-e-partive-politike-parlamentare\/","og_site_name":"Predsednik Republike Kosovo - DR. VJOSA OSMANI - SADRIU","article_published_time":"2014-09-18T15:36:00+00:00","og_image":[{"width":1024,"height":621,"url":"https:\/\/president-ksgov.net\/wp-content\/uploads\/18_09_2014_663307_01_18092014.jpg","type":"image\/jpeg"}],"author":"admin","twitter_card":"summary_large_image","twitter_misc":{"\u041d\u0430\u043f\u0438\u0441\u0430\u043d\u043e \u043e\u0434":"admin","\u041f\u0440\u043e\u0446\u0435\u045a\u0435\u043d\u043e \u0432\u0440\u0435\u043c\u0435 \u0447\u0438\u0442\u0430\u045a\u0430":"1 \u043c\u0438\u043d\u0443\u0442"},"schema":{"@context":"https:\/\/schema.org","@graph":[{"@type":"WebPage","@id":"https:\/\/president-ksgov.net\/presidentja-atifete-jahjaga-zhvilloi-takime-te-vecanta-me-lideret-e-partive-politike-parlamentare\/","url":"https:\/\/president-ksgov.net\/presidentja-atifete-jahjaga-zhvilloi-takime-te-vecanta-me-lideret-e-partive-politike-parlamentare\/","name":"Predsednica Atifete Jahjaga je odr&#158;ala posebne sastanke sa liderima parlamentarnih politi\u010dkih partija - Predsednik Republike Kosovo - DR. VJOSA OSMANI - SADRIU","isPartOf":{"@id":"https:\/\/president-ksgov.net\/#website"},"primaryImageOfPage":{"@id":"https:\/\/president-ksgov.net\/presidentja-atifete-jahjaga-zhvilloi-takime-te-vecanta-me-lideret-e-partive-politike-parlamentare\/#primaryimage"},"image":{"@id":"https:\/\/president-ksgov.net\/presidentja-atifete-jahjaga-zhvilloi-takime-te-vecanta-me-lideret-e-partive-politike-parlamentare\/#primaryimage"},"thumbnailUrl":"https:\/\/president-ksgov.net\/wp-content\/uploads\/18_09_2014_663307_01_18092014.jpg","datePublished":"2014-09-18T15:36:00+00:00","dateModified":"2014-09-18T15:36:00+00:00","author":{"@id":"https:\/\/president-ksgov.net\/#\/schema\/person\/bb4337a5fb147cb2046d80548172cbee"},"description":"Predsednica Atifete Jahjaga je odr&#158;ala posebne sastanke sa liderima parlamentarnih politi\u010dkih partija - Predsednik Republike Kosovo - DR. VJOSA OSMANI - SADRIU -","breadcrumb":{"@id":"https:\/\/president-ksgov.net\/presidentja-atifete-jahjaga-zhvilloi-takime-te-vecanta-me-lideret-e-partive-politike-parlamentare\/#breadcrumb"},"inLanguage":"sr-RS","potentialAction":[{"@type":"ReadAction","target":["https:\/\/president-ksgov.net\/presidentja-atifete-jahjaga-zhvilloi-takime-te-vecanta-me-lideret-e-partive-politike-parlamentare\/"]}]},{"@type":"ImageObject","inLanguage":"sr-RS","@id":"https:\/\/president-ksgov.net\/presidentja-atifete-jahjaga-zhvilloi-takime-te-vecanta-me-lideret-e-partive-politike-parlamentare\/#primaryimage","url":"https:\/\/president-ksgov.net\/wp-content\/uploads\/18_09_2014_663307_01_18092014.jpg","contentUrl":"https:\/\/president-ksgov.net\/wp-content\/uploads\/18_09_2014_663307_01_18092014.jpg","width":1024,"height":621},{"@type":"BreadcrumbList","@id":"https:\/\/president-ksgov.net\/presidentja-atifete-jahjaga-zhvilloi-takime-te-vecanta-me-lideret-e-partive-politike-parlamentare\/#breadcrumb","itemListElement":[{"@type":"ListItem","position":1,"name":"Home","item":"https:\/\/president-ksgov.net\/sr\/"},{"@type":"ListItem","position":2,"name":"Predsednica Atifete Jahjaga je odr&#158;ala posebne sastanke sa liderima parlamentarnih politi\u010dkih partija"}]},{"@type":"WebSite","@id":"https:\/\/president-ksgov.net\/#website","url":"https:\/\/president-ksgov.net\/","name":"Presidente e Republik\u00ebs s\u00eb Kosov\u00ebs","description":"Presidente e Republik\u00ebs s\u00eb Kosov\u00ebs","alternateName":"DR. VJOSA OSMANI - SADRIU","potentialAction":[{"@type":"SearchAction","target":{"@type":"EntryPoint","urlTemplate":"https:\/\/president-ksgov.net\/?s={search_term_string}"},"query-input":{"@type":"PropertyValueSpecification","valueRequired":true,"valueName":"search_term_string"}}],"inLanguage":"sr-RS"},{"@type":"Person","@id":"https:\/\/president-ksgov.net\/#\/schema\/person\/bb4337a5fb147cb2046d80548172cbee","name":"admin","image":{"@type":"ImageObject","inLanguage":"sr-RS","@id":"https:\/\/president-ksgov.net\/#\/schema\/person\/image\/","url":"https:\/\/secure.gravatar.com\/avatar\/36156ca0fa3b8d9d25174f146e16beea0cf28f37adf1b9e19b6c9c279a7c9dd3?s=96&d=mm&r=g","contentUrl":"https:\/\/secure.gravatar.com\/avatar\/36156ca0fa3b8d9d25174f146e16beea0cf28f37adf1b9e19b6c9c279a7c9dd3?s=96&d=mm&r=g","caption":"admin"},"sameAs":["https:\/\/president-ksgov.net"]}]}},"_links":{"self":[{"href":"https:\/\/president-ksgov.net\/sr\/wp-json\/wp\/v2\/posts\/77703","targetHints":{"allow":["GET"]}}],"collection":[{"href":"https:\/\/president-ksgov.net\/sr\/wp-json\/wp\/v2\/posts"}],"about":[{"href":"https:\/\/president-ksgov.net\/sr\/wp-json\/wp\/v2\/types\/post"}],"author":[{"embeddable":true,"href":"https:\/\/president-ksgov.net\/sr\/wp-json\/wp\/v2\/users\/1"}],"replies":[{"embeddable":true,"href":"https:\/\/president-ksgov.net\/sr\/wp-json\/wp\/v2\/comments?post=77703"}],"version-history":[{"count":0,"href":"https:\/\/president-ksgov.net\/sr\/wp-json\/wp\/v2\/posts\/77703\/revisions"}],"wp:featuredmedia":[{"embeddable":true,"href":"https:\/\/president-ksgov.net\/sr\/wp-json\/wp\/v2\/media\/43667"}],"wp:attachment":[{"href":"https:\/\/president-ksgov.net\/sr\/wp-json\/wp\/v2\/media?parent=77703"}],"wp:term":[{"taxonomy":"category","embeddable":true,"href":"https:\/\/president-ksgov.net\/sr\/wp-json\/wp\/v2\/categories?post=77703"},{"taxonomy":"post_tag","embeddable":true,"href":"https:\/\/president-ksgov.net\/sr\/wp-json\/wp\/v2\/tags?post=77703"}],"curies":[{"name":"wp","href":"https:\/\/api.w.org\/{rel}","templated":true}]}}