{"id":77701,"date":"2014-09-19T12:21:59","date_gmt":"2014-09-19T12:21:59","guid":{"rendered":"https:\/\/dev.president-ksgov.net\/govor-predsednice-republike-kosovo-gospodje-atifete-jahjaga-na-obeleavanju-15-godinjice-nemacko-kosovske-saradnje\/"},"modified":"2023-03-08T09:03:08","modified_gmt":"2023-03-08T09:03:08","slug":"govor-predsednice-republike-kosovo-gospodje-atifete-jahjaga-na-obeleavanju-15-godinjice-nemacko-kosovske-saradnje","status":"publish","type":"post","link":"https:\/\/president-ksgov.net\/sr\/govor-predsednice-republike-kosovo-gospodje-atifete-jahjaga-na-obeleavanju-15-godinjice-nemacko-kosovske-saradnje\/","title":{"rendered":"Govor Predsednice Republike Kosovo, gospo\u0111e Atifete Jahjaga na obele&#158;avanju 15. godi&#154;njice nema\u010dko-kosovske saradnje"},"content":{"rendered":"<p>Drago mije da zajedno sa vama danas obele&#382;avamo 15. godi&#353;njicu nema\u010dko-kosovske saradnje, jedan jubile koji predstavlja najva&#382;nije poglavlje istorije prisnog prijateljstva koje su na&#353;i narodi gradili kroz \u010ditave decenije.<\/p>\n<p>Po&#353;tovana Ambasador, gospoda Viets,<br \/>\nPo&#353;tovani predstavnici institucija Republike Kosovo,<br \/>\nPo&#353;tovani ambasadori prijateljskih zemalja,<br \/>\nDragi gradani,<br \/>\n\u00a0<br \/>\nDrago mije da zajedno sa vama danas obele&#382;avamo 15. godi&#353;njicu nemacko-kosovske saradnje, jedan jubile koji predstavlja najva&#382;nije poglavlje istorije prisnog prijateljstva koje su na&#353;i narodi gradili kroz citave decenije.<br \/>\n\u00a0<br \/>\n15 godina ranije je postavljen temelj nepo&#353;tedne podr&#353;ke prijateljskog naroda Nemacke za viziju jednog Kosova u miru i slobodi, jedne demokratske dr&#382;ave Kosovo i ravnopravnog partnera u porodici slobodnih naroda, postajuci tako kljucni saveznik\u00a0 i strate&#353;ki partner gradana Kosova i napretka njihove dr&#382;ave.<br \/>\n\u00a0<br \/>\nNa svakom koraku konsolidacije na&#353;e dr&#382;ave, konsolidacije na&#353;eg medunarodnog subjektiviteta, izgradnje jedne dr&#382;ave sa beskrajnim mogucnostima za sve gradane bez razlike, pomoc i podr&#353;ka koja je do&#353;la od na&#353;ih nemackih prijatelja je odigrala\u00a0 bitnu ulogu.<br \/>\n\u00a0<br \/>\nS toga, dok obele&#382;avamo na&#353;a dostignuca i na&#353; zajednicki uspeh tokom ovih 15 godina, izra&#382;avam vam duboku zahvalnost gradana Kosova i njenih institucija, &#353;to ste stali uz nas i verovali u na&#353;u viziju slobode i mira.<br \/>\n\u00a0<br \/>\nInstitucije Kosova danas, 15 godina nakon okoncanja rata koji je ostavio te&#353;ke posledice, su posvecene gledati u pravcu buducnosti, preduzimajuci sve potrebne reforme za izgradnju jede pravne dr&#382;ave gde vlada red i zakon i jedne ekonomski\u00a0 razvijene dr&#382;ave koja svojim gradanima pru&#382;a napredak i blagostanje.<br \/>\n\u00a0<br \/>\nVisoko cenim doprinos\u00a0 koji namacka pomoc i mnogo njenih programa za mir, bezbednost i razvoj, nastavljaju dati razvoju buducnosti Kosova i izgradnji\u00a0 jednog sveobuhvatnog dru&#353;tva koja pru&#382;a ravnopravne mogucnosti svim gradanima bez obzira na naciju, veru ili pol.<br \/>\nObracajuci se jednoj od poslednjih kampanji, delu nemacko-kosovske saradnje, koja promovira ravnopravni pristup &#382;ene u svojinu i finansijske prihode, u na&#353;u je korist, da gradimo jedno dru&#353;tvo i jednu dr&#382;avu u koju se svakom gradaninu pru&#382;aju ravnopravne mogucnosti.<br \/>\n\u00a0<br \/>\nPo&#353;tovani ucesnici,<br \/>\n\u00a0<br \/>\nKosovo ostaje posvecena na nepovratnom putu u pravcu evro-atlantskih integracija i\u00a0 izvr&#353;avanju njene uloge kao faktora mira i stabilnosti u regionu, preuzimajuci na sebe sve svoje obaveze kao ravnopravan clan u medunarodnu arenu.<br \/>\n\u00a0<br \/>\nMi smo posveceni da prevazilazimo izazove sa kojima se suocavamo predvodeci se od demokratskih napela i verovanjem u vrednosti dr&#382;ave koju &#382;elimo graditi. Ubedena sam da na ovom putu, americki i nemacki narod i dr&#382;ava ce nastaviti biti uvek uz nas uvek, kao nepo&#353;tedni prijatelji na&#353;e dr&#382;ave.<br \/>\n\u00a0<br \/>\nZahvaljujem sve\u00a0 dr&#382;avne predstavnike Nemacke u Kosovo koji su\u00a0 svojim radom i posvecenjem doprineli i nastavljaju doprineti u izgradnji dr&#382;ave Kosovo.<br \/>\n\u00a0<br \/>\nU ime svih institucija Kosova, u ime gradana Kosova, cestitam ovu 15. godi&#353;njicu, ubedena da cemo proslaviti jo&#353; mnogo sledecih godina na&#353;eg zajednickog prijateljstva, naroda Kosova i Nemacke.<br \/>\n\u00a0<br \/>\nHvala Vam!<\/p>\n","protected":false},"excerpt":{"rendered":"<p>Drago mije da zajedno sa vama danas obele&#382;avamo 15. godi&#353;njicu nema\u010dko-kosovske saradnje, jedan jubile koji predstavlja najva&#382;nije poglavlje istorije prisnog prijateljstva koje su na&#353;i narodi gradili kroz \u010ditave decenije.<\/p>\n","protected":false},"author":1,"featured_media":43623,"comment_status":"open","ping_status":"closed","sticky":false,"template":"","format":"standard","meta":{"_eb_attr":"","footnotes":""},"categories":[106],"tags":[],"class_list":["post-77701","post","type-post","status-publish","format-standard","has-post-thumbnail","hentry","category-govori"],"yoast_head":"<!-- This site is optimized with the Yoast SEO plugin v23.5 - https:\/\/yoast.com\/wordpress\/plugins\/seo\/ -->\n<title>Govor Predsednice Republike Kosovo, gospo\u0111e Atifete Jahjaga na obele&#158;avanju 15. godi&#154;njice nema\u010dko-kosovske saradnje - Predsednik Republike Kosovo - DR. VJOSA OSMANI - SADRIU<\/title>\n<meta name=\"description\" content=\"Govor Predsednice Republike Kosovo, gospo\u0111e Atifete Jahjaga na obele&#158;avanju 15. godi&#154;njice nema\u010dko-kosovske saradnje - Predsednik Republike Kosovo - DR. VJOSA OSMANI - SADRIU -\" \/>\n<meta name=\"robots\" content=\"index, follow, max-snippet:-1, max-image-preview:large, max-video-preview:-1\" \/>\n<link rel=\"canonical\" href=\"https:\/\/president-ksgov.net\/fjala-e-presidentes-atifete-jahjaga-ne-shenimin-e-15-vjetorit-te-bashkepunimit-gjermano-kosovar\/\" \/>\n<meta property=\"og:locale\" content=\"sr_RS\" \/>\n<meta property=\"og:type\" content=\"article\" \/>\n<meta property=\"og:title\" content=\"Govor Predsednice Republike Kosovo, gospo\u0111e Atifete Jahjaga na obele&#158;avanju 15. godi&#154;njice nema\u010dko-kosovske saradnje - Predsednik Republike Kosovo - DR. VJOSA OSMANI - SADRIU\" \/>\n<meta property=\"og:description\" content=\"Govor Predsednice Republike Kosovo, gospo\u0111e Atifete Jahjaga na obele&#158;avanju 15. godi&#154;njice nema\u010dko-kosovske saradnje - Predsednik Republike Kosovo - DR. VJOSA OSMANI - SADRIU -\" \/>\n<meta property=\"og:url\" content=\"https:\/\/president-ksgov.net\/fjala-e-presidentes-atifete-jahjaga-ne-shenimin-e-15-vjetorit-te-bashkepunimit-gjermano-kosovar\/\" \/>\n<meta property=\"og:site_name\" content=\"Predsednik Republike Kosovo - DR. VJOSA OSMANI - SADRIU\" \/>\n<meta property=\"article:published_time\" content=\"2014-09-19T12:21:59+00:00\" \/>\n<meta property=\"article:modified_time\" content=\"2023-03-08T09:03:08+00:00\" \/>\n<meta property=\"og:image\" content=\"https:\/\/president-ksgov.net\/wp-content\/uploads\/19_09_2014_9676610_19_09_2014_1.jpg\" \/>\n\t<meta property=\"og:image:width\" content=\"1024\" \/>\n\t<meta property=\"og:image:height\" content=\"683\" \/>\n\t<meta property=\"og:image:type\" content=\"image\/jpeg\" \/>\n<meta name=\"author\" content=\"admin\" \/>\n<meta name=\"twitter:card\" content=\"summary_large_image\" \/>\n<meta name=\"twitter:label1\" content=\"\u041d\u0430\u043f\u0438\u0441\u0430\u043d\u043e \u043e\u0434\" \/>\n\t<meta name=\"twitter:data1\" content=\"admin\" \/>\n\t<meta name=\"twitter:label2\" content=\"\u041f\u0440\u043e\u0446\u0435\u045a\u0435\u043d\u043e \u0432\u0440\u0435\u043c\u0435 \u0447\u0438\u0442\u0430\u045a\u0430\" \/>\n\t<meta name=\"twitter:data2\" content=\"2 \u043c\u0438\u043d\u0443\u0442\u0430\" \/>\n<script type=\"application\/ld+json\" class=\"yoast-schema-graph\">{\"@context\":\"https:\/\/schema.org\",\"@graph\":[{\"@type\":\"WebPage\",\"@id\":\"https:\/\/president-ksgov.net\/fjala-e-presidentes-atifete-jahjaga-ne-shenimin-e-15-vjetorit-te-bashkepunimit-gjermano-kosovar\/\",\"url\":\"https:\/\/president-ksgov.net\/fjala-e-presidentes-atifete-jahjaga-ne-shenimin-e-15-vjetorit-te-bashkepunimit-gjermano-kosovar\/\",\"name\":\"Govor Predsednice Republike Kosovo, gospo\u0111e Atifete Jahjaga na obele&#158;avanju 15. godi&#154;njice nema\u010dko-kosovske saradnje - Predsednik Republike Kosovo - DR. VJOSA OSMANI - SADRIU\",\"isPartOf\":{\"@id\":\"https:\/\/president-ksgov.net\/#website\"},\"primaryImageOfPage\":{\"@id\":\"https:\/\/president-ksgov.net\/fjala-e-presidentes-atifete-jahjaga-ne-shenimin-e-15-vjetorit-te-bashkepunimit-gjermano-kosovar\/#primaryimage\"},\"image\":{\"@id\":\"https:\/\/president-ksgov.net\/fjala-e-presidentes-atifete-jahjaga-ne-shenimin-e-15-vjetorit-te-bashkepunimit-gjermano-kosovar\/#primaryimage\"},\"thumbnailUrl\":\"https:\/\/president-ksgov.net\/wp-content\/uploads\/19_09_2014_9676610_19_09_2014_1.jpg\",\"datePublished\":\"2014-09-19T12:21:59+00:00\",\"dateModified\":\"2023-03-08T09:03:08+00:00\",\"author\":{\"@id\":\"https:\/\/president-ksgov.net\/#\/schema\/person\/bb4337a5fb147cb2046d80548172cbee\"},\"description\":\"Govor Predsednice Republike Kosovo, gospo\u0111e Atifete Jahjaga na obele&#158;avanju 15. godi&#154;njice nema\u010dko-kosovske saradnje - Predsednik Republike Kosovo - DR. VJOSA OSMANI - SADRIU -\",\"breadcrumb\":{\"@id\":\"https:\/\/president-ksgov.net\/fjala-e-presidentes-atifete-jahjaga-ne-shenimin-e-15-vjetorit-te-bashkepunimit-gjermano-kosovar\/#breadcrumb\"},\"inLanguage\":\"sr-RS\",\"potentialAction\":[{\"@type\":\"ReadAction\",\"target\":[\"https:\/\/president-ksgov.net\/fjala-e-presidentes-atifete-jahjaga-ne-shenimin-e-15-vjetorit-te-bashkepunimit-gjermano-kosovar\/\"]}]},{\"@type\":\"ImageObject\",\"inLanguage\":\"sr-RS\",\"@id\":\"https:\/\/president-ksgov.net\/fjala-e-presidentes-atifete-jahjaga-ne-shenimin-e-15-vjetorit-te-bashkepunimit-gjermano-kosovar\/#primaryimage\",\"url\":\"https:\/\/president-ksgov.net\/wp-content\/uploads\/19_09_2014_9676610_19_09_2014_1.jpg\",\"contentUrl\":\"https:\/\/president-ksgov.net\/wp-content\/uploads\/19_09_2014_9676610_19_09_2014_1.jpg\",\"width\":1024,\"height\":683},{\"@type\":\"BreadcrumbList\",\"@id\":\"https:\/\/president-ksgov.net\/fjala-e-presidentes-atifete-jahjaga-ne-shenimin-e-15-vjetorit-te-bashkepunimit-gjermano-kosovar\/#breadcrumb\",\"itemListElement\":[{\"@type\":\"ListItem\",\"position\":1,\"name\":\"Home\",\"item\":\"https:\/\/president-ksgov.net\/sr\/\"},{\"@type\":\"ListItem\",\"position\":2,\"name\":\"Govor Predsednice Republike Kosovo, gospo\u0111e Atifete Jahjaga na obele&#158;avanju 15. godi&#154;njice nema\u010dko-kosovske saradnje\"}]},{\"@type\":\"WebSite\",\"@id\":\"https:\/\/president-ksgov.net\/#website\",\"url\":\"https:\/\/president-ksgov.net\/\",\"name\":\"Presidente e Republik\u00ebs s\u00eb Kosov\u00ebs\",\"description\":\"Presidente e Republik\u00ebs s\u00eb Kosov\u00ebs\",\"alternateName\":\"DR. VJOSA OSMANI - SADRIU\",\"potentialAction\":[{\"@type\":\"SearchAction\",\"target\":{\"@type\":\"EntryPoint\",\"urlTemplate\":\"https:\/\/president-ksgov.net\/?s={search_term_string}\"},\"query-input\":{\"@type\":\"PropertyValueSpecification\",\"valueRequired\":true,\"valueName\":\"search_term_string\"}}],\"inLanguage\":\"sr-RS\"},{\"@type\":\"Person\",\"@id\":\"https:\/\/president-ksgov.net\/#\/schema\/person\/bb4337a5fb147cb2046d80548172cbee\",\"name\":\"admin\",\"image\":{\"@type\":\"ImageObject\",\"inLanguage\":\"sr-RS\",\"@id\":\"https:\/\/president-ksgov.net\/#\/schema\/person\/image\/\",\"url\":\"https:\/\/secure.gravatar.com\/avatar\/36156ca0fa3b8d9d25174f146e16beea0cf28f37adf1b9e19b6c9c279a7c9dd3?s=96&d=mm&r=g\",\"contentUrl\":\"https:\/\/secure.gravatar.com\/avatar\/36156ca0fa3b8d9d25174f146e16beea0cf28f37adf1b9e19b6c9c279a7c9dd3?s=96&d=mm&r=g\",\"caption\":\"admin\"},\"sameAs\":[\"https:\/\/president-ksgov.net\"]}]}<\/script>\n<!-- \/ Yoast SEO plugin. -->","yoast_head_json":{"title":"Govor Predsednice Republike Kosovo, gospo\u0111e Atifete Jahjaga na obele&#158;avanju 15. godi&#154;njice nema\u010dko-kosovske saradnje - Predsednik Republike Kosovo - DR. VJOSA OSMANI - SADRIU","description":"Govor Predsednice Republike Kosovo, gospo\u0111e Atifete Jahjaga na obele&#158;avanju 15. godi&#154;njice nema\u010dko-kosovske saradnje - Predsednik Republike Kosovo - DR. VJOSA OSMANI - SADRIU -","robots":{"index":"index","follow":"follow","max-snippet":"max-snippet:-1","max-image-preview":"max-image-preview:large","max-video-preview":"max-video-preview:-1"},"canonical":"https:\/\/president-ksgov.net\/fjala-e-presidentes-atifete-jahjaga-ne-shenimin-e-15-vjetorit-te-bashkepunimit-gjermano-kosovar\/","og_locale":"sr_RS","og_type":"article","og_title":"Govor Predsednice Republike Kosovo, gospo\u0111e Atifete Jahjaga na obele&#158;avanju 15. godi&#154;njice nema\u010dko-kosovske saradnje - Predsednik Republike Kosovo - DR. VJOSA OSMANI - SADRIU","og_description":"Govor Predsednice Republike Kosovo, gospo\u0111e Atifete Jahjaga na obele&#158;avanju 15. godi&#154;njice nema\u010dko-kosovske saradnje - Predsednik Republike Kosovo - DR. VJOSA OSMANI - SADRIU -","og_url":"https:\/\/president-ksgov.net\/fjala-e-presidentes-atifete-jahjaga-ne-shenimin-e-15-vjetorit-te-bashkepunimit-gjermano-kosovar\/","og_site_name":"Predsednik Republike Kosovo - DR. VJOSA OSMANI - SADRIU","article_published_time":"2014-09-19T12:21:59+00:00","article_modified_time":"2023-03-08T09:03:08+00:00","og_image":[{"width":1024,"height":683,"url":"https:\/\/president-ksgov.net\/wp-content\/uploads\/19_09_2014_9676610_19_09_2014_1.jpg","type":"image\/jpeg"}],"author":"admin","twitter_card":"summary_large_image","twitter_misc":{"\u041d\u0430\u043f\u0438\u0441\u0430\u043d\u043e \u043e\u0434":"admin","\u041f\u0440\u043e\u0446\u0435\u045a\u0435\u043d\u043e \u0432\u0440\u0435\u043c\u0435 \u0447\u0438\u0442\u0430\u045a\u0430":"2 \u043c\u0438\u043d\u0443\u0442\u0430"},"schema":{"@context":"https:\/\/schema.org","@graph":[{"@type":"WebPage","@id":"https:\/\/president-ksgov.net\/fjala-e-presidentes-atifete-jahjaga-ne-shenimin-e-15-vjetorit-te-bashkepunimit-gjermano-kosovar\/","url":"https:\/\/president-ksgov.net\/fjala-e-presidentes-atifete-jahjaga-ne-shenimin-e-15-vjetorit-te-bashkepunimit-gjermano-kosovar\/","name":"Govor Predsednice Republike Kosovo, gospo\u0111e Atifete Jahjaga na obele&#158;avanju 15. godi&#154;njice nema\u010dko-kosovske saradnje - Predsednik Republike Kosovo - DR. VJOSA OSMANI - SADRIU","isPartOf":{"@id":"https:\/\/president-ksgov.net\/#website"},"primaryImageOfPage":{"@id":"https:\/\/president-ksgov.net\/fjala-e-presidentes-atifete-jahjaga-ne-shenimin-e-15-vjetorit-te-bashkepunimit-gjermano-kosovar\/#primaryimage"},"image":{"@id":"https:\/\/president-ksgov.net\/fjala-e-presidentes-atifete-jahjaga-ne-shenimin-e-15-vjetorit-te-bashkepunimit-gjermano-kosovar\/#primaryimage"},"thumbnailUrl":"https:\/\/president-ksgov.net\/wp-content\/uploads\/19_09_2014_9676610_19_09_2014_1.jpg","datePublished":"2014-09-19T12:21:59+00:00","dateModified":"2023-03-08T09:03:08+00:00","author":{"@id":"https:\/\/president-ksgov.net\/#\/schema\/person\/bb4337a5fb147cb2046d80548172cbee"},"description":"Govor Predsednice Republike Kosovo, gospo\u0111e Atifete Jahjaga na obele&#158;avanju 15. godi&#154;njice nema\u010dko-kosovske saradnje - Predsednik Republike Kosovo - DR. VJOSA OSMANI - SADRIU -","breadcrumb":{"@id":"https:\/\/president-ksgov.net\/fjala-e-presidentes-atifete-jahjaga-ne-shenimin-e-15-vjetorit-te-bashkepunimit-gjermano-kosovar\/#breadcrumb"},"inLanguage":"sr-RS","potentialAction":[{"@type":"ReadAction","target":["https:\/\/president-ksgov.net\/fjala-e-presidentes-atifete-jahjaga-ne-shenimin-e-15-vjetorit-te-bashkepunimit-gjermano-kosovar\/"]}]},{"@type":"ImageObject","inLanguage":"sr-RS","@id":"https:\/\/president-ksgov.net\/fjala-e-presidentes-atifete-jahjaga-ne-shenimin-e-15-vjetorit-te-bashkepunimit-gjermano-kosovar\/#primaryimage","url":"https:\/\/president-ksgov.net\/wp-content\/uploads\/19_09_2014_9676610_19_09_2014_1.jpg","contentUrl":"https:\/\/president-ksgov.net\/wp-content\/uploads\/19_09_2014_9676610_19_09_2014_1.jpg","width":1024,"height":683},{"@type":"BreadcrumbList","@id":"https:\/\/president-ksgov.net\/fjala-e-presidentes-atifete-jahjaga-ne-shenimin-e-15-vjetorit-te-bashkepunimit-gjermano-kosovar\/#breadcrumb","itemListElement":[{"@type":"ListItem","position":1,"name":"Home","item":"https:\/\/president-ksgov.net\/sr\/"},{"@type":"ListItem","position":2,"name":"Govor Predsednice Republike Kosovo, gospo\u0111e Atifete Jahjaga na obele&#158;avanju 15. godi&#154;njice nema\u010dko-kosovske saradnje"}]},{"@type":"WebSite","@id":"https:\/\/president-ksgov.net\/#website","url":"https:\/\/president-ksgov.net\/","name":"Presidente e Republik\u00ebs s\u00eb Kosov\u00ebs","description":"Presidente e Republik\u00ebs s\u00eb Kosov\u00ebs","alternateName":"DR. VJOSA OSMANI - SADRIU","potentialAction":[{"@type":"SearchAction","target":{"@type":"EntryPoint","urlTemplate":"https:\/\/president-ksgov.net\/?s={search_term_string}"},"query-input":{"@type":"PropertyValueSpecification","valueRequired":true,"valueName":"search_term_string"}}],"inLanguage":"sr-RS"},{"@type":"Person","@id":"https:\/\/president-ksgov.net\/#\/schema\/person\/bb4337a5fb147cb2046d80548172cbee","name":"admin","image":{"@type":"ImageObject","inLanguage":"sr-RS","@id":"https:\/\/president-ksgov.net\/#\/schema\/person\/image\/","url":"https:\/\/secure.gravatar.com\/avatar\/36156ca0fa3b8d9d25174f146e16beea0cf28f37adf1b9e19b6c9c279a7c9dd3?s=96&d=mm&r=g","contentUrl":"https:\/\/secure.gravatar.com\/avatar\/36156ca0fa3b8d9d25174f146e16beea0cf28f37adf1b9e19b6c9c279a7c9dd3?s=96&d=mm&r=g","caption":"admin"},"sameAs":["https:\/\/president-ksgov.net"]}]}},"_links":{"self":[{"href":"https:\/\/president-ksgov.net\/sr\/wp-json\/wp\/v2\/posts\/77701","targetHints":{"allow":["GET"]}}],"collection":[{"href":"https:\/\/president-ksgov.net\/sr\/wp-json\/wp\/v2\/posts"}],"about":[{"href":"https:\/\/president-ksgov.net\/sr\/wp-json\/wp\/v2\/types\/post"}],"author":[{"embeddable":true,"href":"https:\/\/president-ksgov.net\/sr\/wp-json\/wp\/v2\/users\/1"}],"replies":[{"embeddable":true,"href":"https:\/\/president-ksgov.net\/sr\/wp-json\/wp\/v2\/comments?post=77701"}],"version-history":[{"count":1,"href":"https:\/\/president-ksgov.net\/sr\/wp-json\/wp\/v2\/posts\/77701\/revisions"}],"predecessor-version":[{"id":81660,"href":"https:\/\/president-ksgov.net\/sr\/wp-json\/wp\/v2\/posts\/77701\/revisions\/81660"}],"wp:featuredmedia":[{"embeddable":true,"href":"https:\/\/president-ksgov.net\/sr\/wp-json\/wp\/v2\/media\/43623"}],"wp:attachment":[{"href":"https:\/\/president-ksgov.net\/sr\/wp-json\/wp\/v2\/media?parent=77701"}],"wp:term":[{"taxonomy":"category","embeddable":true,"href":"https:\/\/president-ksgov.net\/sr\/wp-json\/wp\/v2\/categories?post=77701"},{"taxonomy":"post_tag","embeddable":true,"href":"https:\/\/president-ksgov.net\/sr\/wp-json\/wp\/v2\/tags?post=77701"}],"curies":[{"name":"wp","href":"https:\/\/api.w.org\/{rel}","templated":true}]}}