{"id":77688,"date":"2014-09-26T18:36:43","date_gmt":"2014-09-26T18:36:43","guid":{"rendered":"https:\/\/dev.president-ksgov.net\/govor-predsednice-jahjaga-na-konferenciji-o-transformaciji-konflikta-u-west-point\/"},"modified":"2023-03-08T09:03:07","modified_gmt":"2023-03-08T09:03:07","slug":"govor-predsednice-jahjaga-na-konferenciji-o-transformaciji-konflikta-u-west-point","status":"publish","type":"post","link":"https:\/\/president-ksgov.net\/sr\/govor-predsednice-jahjaga-na-konferenciji-o-transformaciji-konflikta-u-west-point\/","title":{"rendered":"GOVOR PREDSEDNICE JAHJAGA NA KONFERENCIJI O TRANSFORMACIJI KONFLIKTA U WEST POINT"},"content":{"rendered":"<p>Predsednica Republike Kosovo, gospo\u0111a Atifete Jahjaga je odr&#382;ala govor na Konferenciji o transformaciji konflikta u West Point.<\/p>\n<p>Predsednici Jahjaga je ovom prilikom organizovan jedan poseban do\u010dek. Ona je do\u010dekana od Po\u010dasne Garde i ceremonija je pra\u0107ena paljbom 21 po\u010dasnih plotuna.\u00a0 <\/p>\n<p>U nastavku sledi ceo govor Predsednice Jahjaga <\/p>\n<p>Po&#353;tovani gosti, <\/p>\n<p>Dragi prijatelji, <\/p>\n<p>Dame i gospodo, <\/p>\n<p>Velika je \u010dast biti ovde u West Point, u ovoj velikoj ameri\u010dkoj instituciji, za diskusiju lekcija i saznanja ste\u010dena sa rata na Kosovu i anga&#382;ovanja za uspostavljanje mira koja su sledila od zavr&#353;etka rata, koja su nam pomogla da gradimo jednu demokratsku i ustrajnu zemlju.<\/p>\n<p>Ovde pred vama sam, kao jedna osoba, \u010dija je budu\u0107nost formirana od mno&#353;tva sukoba 20 veka, od kojih me, onaj poslednji iz 1999 godine, je dirnuo mene, moju porodicu, moju zemlju, neposredno, koji je kod mnogi ostavio tragi\u010dne posledice.<\/p>\n<p>Bio je to konflikt koji nije trebalo da se desi. Ovaj konflikt nije trebao da se ikada desi. Ali se dogodio, jer jedan diktator je imao snage da seje nepoverenje i da stvori strah. On je pogre&#353;io, i pobe\u0111en je.<\/p>\n<p>Nama ostaje da obnovimo, razvijamo, da se setimo i ne ponavljamo gre&#353;ke pro&#353;losti.<\/p>\n<p>Oba ova perioda &#8211; rata i poratni period &#8211; kasne istorije Kosova, su bili te&#353;ki. Prevazila&#382;enje je zahtevalo odlu\u010dnost, posvetu od &#8211; svakog od gra\u0111anina Kosova, koji previ&#353;e patili pod srpskim re&#382;imom i koji su se na po\u010detku mobilizirali oko jednog gra\u0111anskog otpora Gandijevog stila da se suo\u010davaju sa apartheidom\u00a0 1990-tih godina, za kojim je kasnije sledila jedna mobilizacija za podr&#353;ku Oslobodila\u010dkoj Vojsci Kosova, koja se borila za nezavisnost Kosova, koji su bili meta ne\u010dove\u010dnog i beskrupuloznog\u00a0 nasilja koje su srpske snage primenile nad njima.<\/p>\n<p>Me\u0111unarodna zajednica, posebno koalicija predvo\u0111ena od SAD-e i dr&#382;ave \u010dlanice NATO-a, ujedinjeni pod obe\u0107anjem da \u0107e se delovati protiv ponavljanja genocida u Evropu, suo\u010dili se sa zahtevom za upu\u0107ivanje i anga&#382;ovanje trupa, te sa kritikama u svojim odnosnim zemljama za ume&#353;anje u jednom vrlo dalekom kraju sveta.<\/p>\n<p>Prevashodni je zadatak bio da se na po\u010detku pobedi rat na Kosovu i da se pru&#382;i mogu\u0107nost kosovarima da &#382;ive u slobodi, i da se potom dozvoli Kosovu da politi\u010dki maturira kako bi svaki daljnji sukob bio nepotreban.<\/p>\n<p>Dozvolite mi da na kratko podsetim ovog perioda istorije Kosova.<\/p>\n<p>Tokom 1998 i 1999 godina, srpska represija na Kosovu je postigla vrhunac, dnevna ubistva civila su bile postale norma i kampanja etni\u010dkog \u010di&#353;\u0107enja kojima se ispraznilo Kosovo &#8211; za manje od dva meseca, gotovo jedan milion izbeglica su primorani da se udalje iz zemlje, jedno anga&#382;ovanje od strane Srbije da isto tako destabilizuje i Makedoniju i Albaniju. Unutar Kosova, u jedno krsta&#353;ko ubistvo, srpske snage su operacijom s vrata do vrata prikupili sve mu&#353;karce Albance svih uzrasta da ih masovno streljaju. Podeljene se porodice. Mnogo je &#382;ena silovano sa ciljem da ne samo obe&#353;\u010daste nego do ovaj svirepi zlo\u010din upotrebi kao ratno sredstvo.<\/p>\n<p>Bio je to stravi\u010dan prizor. Prizor, koji svetu, koji kora\u010da u 21. vek sa nadom zagrljaja demokratskih vrednosti nije bilo dozvoljeno da toleri&#353;e. Ubijeni su nevini civili. Krajnji cilj je bio manje va&#382;an. Upotreba sile za dokraj\u010diti ovu neizmernu patnju je postala neizbe&#382;na. <\/p>\n<p>Pod rukovodstvom SAD-e, NATO je nastupila sa jednom odlukom za bombardovanje vojnih i policijskih ciljeva Srbije. Nakon 78 dana bombardovanja, humanitarna intervencija za okon\u010danje ove epizode ratova na Balkanu je uspe&#353;no dokraj\u010dena. Srpske snage su se povla\u010dile sa Kosova, i Kosovo je pretvorena u jedan protektorat Ujedinjenih Naroda.<\/p>\n<p>Zemlje iz celoga sveta su poslale svoje kopnene snage za o\u010duvanje te&#353;ko ste\u010denog mira na Kosovu i da stvore uslove za usmeravanje Kosova u pravcu uspostavljanje normalnog stanja i demokratije.<\/p>\n<p>Izbeglice su se vratili svojim ku\u0107ama da bi od istih na&#353;li samo ru&#353;evine. Bilo je mnogo suza i tuge. Kao posledica haosa zbog jednog vakuma bezbednosti, bilo je osvete prema srpskoj manjini, koje su njih prisilile da be&#382;e, \u010dija svojina se uni&#353;tila.\u00a0 <\/p>\n<p>Obnova materijalne &#353;tete i du&#353;evnog sloma prouzrokovanog od rata zahtevao je mnogo vremena i strpljenje. Me\u0111u mnogim razli\u010ditim prioritetima i velike volje za sticanje nezavisnosti, mi smo trebali tako\u0111e da uspostavimo zdrave temelje demokratskih institucija i jedne slobodne tr&#382;i&#353;ne privrede. Mi, zajedno sa na&#353;im me\u0111unarodnim partnerima, smo trebali da okrenemo Kosovo sa rata u mir, sa autoritarizma na demokratiju, sa kontrolirane dr&#382;avne privrede u kapitalizam. Sve je to trebalo u\u010diniti u jednom politi\u010dkom dualizmu, u kome Kosovo nije bila dr&#382;ava, kao &#353;to je zahtevala albanska ve\u0107ina, a niti pokrajina, kao &#353;to je rekla Srbija.<\/p>\n<p>Zato se postavlja pitanje, kako smo to u\u010dinili? I &#353;ta smo nau\u010dili tokom ovog procesa?<\/p>\n<p>Prvi odgovor je da se gradi demokratija &#8211; putem otvorenih dru&#353;tva koje razmenjuju\u00a0 informacije. Gde ima informacije, ima i znanje. Gde ima rasprave, ima re&#353;enje. Kada nema deobe snage, vladanje zakona, odgovornosti, ima zloupotrebe, korupcije, pot\u010dinjavanje i ogor\u010denje. Gde nema demokratije, ima diktature. I kada ima diktature, ima i konflikta &#8211; posebno u ovom na&#353;em periodu vezanog sa globalizmom. Videli smo ne samo na Kosovu, nego isto tako i u Egipat i Siriju &#8211; diktatori vladaju jednom la&#382;nom\/falsifikovanom &#8211; pretvaranom stabilno&#353;\u0107u, koja \u0107e prepustiti put nepobitnoj volji i pravdi naroda za slobodu.<\/p>\n<p>Ali kada sti&#382;e, demokratija je jedno istinito otkri\u0107e. Ona je tako\u0111e kompleksna. Trebaju se provesti izbori, da se stvore politike, da se daju prava, da se razmatraju &#382;albe i da se uspostave institucije. \u010cesto, ljudi po prvi put mogu otvoreno i slobodno govoriti. Mnogima je oslobo\u0111enje, drugima je razo\u010daranje, kada saznaju da demokratija im ne \u010dini &#382;ivot boljim u jednom trenu. <\/p>\n<p>Treba da zapamtimo da demokratija funkcionira samo onda kada joj se daje vreme za sazrevanje i davanje rezultata, demokratija je uvek u razvojnom toku.<\/p>\n<p>Institucije vlade trebaju uvek tretirati svoje gra\u0111ane na pravedan na\u010din, dostojanstveno, pru&#382;anjem usluga njihovim potrebama. Dru&#353;tva trebaju razviti poverenje ne samo da sti\u010du slobodu, nego i da mudro i sa dobro\u010dinstvom postupe. Tada \u0107e demokratija funkcionirati. Ovo, vi svi znate i ja i narod Kosova mo&#382;e potvrditi iz na&#353;eg dugog iskustva tokom na&#353;eg kretanja prvih godina kao slobodno i demokratsko dru&#353;tvo, u\u010denjem, adaptiranjem i ostvarivanjem dostignu\u0107a.<\/p>\n<p>Proces demokratizacije u Kosovo je prolazio kroz bezbroj izazova. Hitni period, period rekonstrukcije i op&#353;te obnove su tekle paralelno sa delatno&#353;\u0107u demokratizacije zemlje. Ponosna sam da smo uspeli graditi pluralizam i ohrabrimo u\u010de&#353;\u0107e svih zajednica Kosova.<\/p>\n<p>Kao deo procesa izgradnje temelja na&#353;e demokratske dr&#382;ave, mi smo istra&#382;ili da na\u0111emo najbolje me\u0111unarodne prakse i da iste primenimo prema potrebama Kosova. I, obra\u0107aju\u0107i se gra\u0111anima sveta, mi smo otkrili da ono &#353;to na&#353;i gra\u0111ani tra&#382;e se ne razlikuje mnogo od onoga &#353;to tra&#382;e i drugu gra\u0111ani sveta: da zahtevaju odgovornost od rukovodilaca i da tra&#382;e bolje upravljanje. I da vlada slu&#382;i narodu a ne narod vladi. I, mi se beskrajno trudimo da ispunimo njihove zahteve.<\/p>\n<p>Istom odlu\u010dno&#353;\u0107u se trudimo da obnovimo poljuljano poverenje i da obznanimo jo&#353; uvek postoje\u0107e razlike\u00a0 kao ratno nasle\u0111e, posebno izme\u0111u albanske ve\u0107ine i srpske manjine. I ostvarili smo uspeh, po&#353;to institucije u kojima su dominirali Albanci su dale zakonsku garanciju za za&#353;titu prava zajednice Srba kao i njihovog na\u010dina &#382;ivota i verske tradicije na Kosovu. Kao rezultat, zajednica Srba, u najve\u0107em delu Kosova se potpuno integrirala u institucionalni &#382;ivot i razvoj svakodnevnog biznisa po op&#353;tinama u kojima &#382;ive.<\/p>\n<p>Vlade zemalja doma\u0107ina, kao Kosovo, su partneri i davaoci pomo\u0107i. Ali me\u0111unarodna zajednica treba da prizna \u010dinjenicu da je razvoj jedan balans izme\u0111u kratkoro\u010dnog i dugoro\u010dnog perioda. Isto tako treba da sazna kada je vreme okon\u010danja jednog anga&#382;ovanja kao i kada treba da se uklju\u010di, jer kada se me\u0111unarodna pomo\u0107 nastavlja za jedan vrlo dug period, ili se prostire mnogo, u dobronamernu intervenciju, mo&#382;e dati suprotne rezultate.<\/p>\n<p>Ponekad, ova dvostrana uloga, biti i partner i davalac pomo\u0107i mo&#382;e da zbuni svakodnevnicu oko \u010dinjenice &#353;ta trebaju posti\u0107i vlade i kako dati rezultate. Ukoliko vrlo spora prenosite razvojne odgovornosti kod lokalnih institucija, one mogu postati zavisne. Ukoliko ih prenosite jako brzo, zemlja mo&#382;e da se destabilizuje. Poznavanje ove dvojnosti je va&#382;an elemenat za maksimalizaciju razvojnih strategija jer zemlja ostaje zavisna od drugih u razmatranju prioriteta i mo&#382;e da nikada ne razvija sposobnost da to u\u010dini sopstvenim snagama. <\/p>\n<p>Mi trebamo priznati \u010dinjenicu da na vreme, vlade, a isto tako i civilno dru&#353;tvo i privatni sektor, trebaju preuzeti na sebe odgovornost za razvoj svojih zemalja.<\/p>\n<p>Sopstveni razvoj Kosova je bio za pohvalu, ali ova ekonomska i politi\u010dka zavisnost ponekad je usporio proces dr&#382;avotvornosti Kosova i konsolidaciju politi\u010dke klase Kosova. Ipak, razvoj Kosova jeste jedna zajedni\u010dka\u00a0 ispovest uspeha, povrh \u010dinjenice da je anga&#382;ovanje i uloga lokalnih snaga trebala biti sna&#382;nija i direktnija u svim periodama konsolidacije Kosova.<\/p>\n<p>Ova osetljivost je uticala na daljnji razvoj Kosova u oblasti politike, ekonomije i bezbednosti, po&#353;to su razvoj i bezbednost usko povezani. Bezbednost utvr\u0111uje razvoj jedne zemlje. Kosovo ima jednu jaku korelaciju izme\u0111u doma\u0107ih i inostranih mehanizama sigurnosti. Snaga bezbednosti NATO-a, uspostavljena u Kosovo jo&#353; od zavr&#353;etka rata, \u010desto je odigrala ulogu ne samo za&#353;titnika granica Kosova sa susednim zemljama, nego i pomo\u0107nika zajednicama Kosova za olak&#353;anje njihovog &#382;ivota i obnovi veza izme\u0111u njih.<\/p>\n<p>I ovo me dovodi do tre\u0107eg odgovore, kod sigurnosti i anga&#382;ovanja\/uklju\u0107ivanja. Dru&#353;tva u celom svetu su u toku menjanja dok, novi na\u010dini razmi&#353;ljanja, novi na\u010dini izra&#382;avanja evoluiraju. Ljudi, koji su istorijski ostavljeni na stranu dru&#353;tvenih konvencija i li\u010dnih predrasuda &#8211; u vezi sa polom\/rodom, rasom, omladinom, seksualnom orijentacijom i invaliditetom &#8211; se kre\u0107u napred radi zauzimanja svog mesta za stolom. <\/p>\n<p>Mi trebamo im stvoriti mesto, jer mi postajemo bogatiji njihovim uklju\u010divanjem, uklju\u010divanje to koja donosi sigurnost. Sigurnost je temelj procesa dr&#382;avotvornosti. Sigurnost podrazumeva ekonomski razvoj i investicije. Tako\u0111e sigurnost garantuje i formiranje jednog \u010dvrstog i po&#353;tovanog dru&#353;tva.<\/p>\n<p>Mnogo godina je u mojoj zemlji uniforma bila simbol nasilja i brutalnosti. Ali, u zadnju deceniju Kosovo se pretvorilo u jednu zemlju u kojoj gra\u0111ani policijsku snagu smatraju kao svoju, kao jednu snagu koja brine za njihovu sigurnost i za vladanje zakona bez obzira na etni\u010dku zajednicu kojoj slu&#382;e.<\/p>\n<p>Ja sam bila deo te snage i sna&#382;no verujem u \u010dinjenicu da bezbednost jedne li\u010dnosti i bezbednost jedne zajednice podrazumevaju bezbednost cele zemlje.<\/p>\n<p>Ja \u010dvrsto verujem da snage bezbednosti trebaju izgraditi odnos sa zajednicama i da poma&#382;u razvoj, napredak i demokratizaciju zemlje.<\/p>\n<p>Kosovska Policija i Snage Bezbednosti Kosova su postigle ovo, prevazila&#382;enjem jednog nasle\u0111enog nepoverenja stvorene jednom dugoro\u010dnom represijom snaga sigurnosti. I\u00a0 ovo, &#382;elim jo&#353; jednom da ponovim, je bilo mogu\u0107e samo zato &#353;to postavljeni temelj od mirotvornih snaga NATO-a, od va&#353;ih vojnih rukovodilaca, neki od kojih su pro&#353;li kroz ovu instituciju koja snosi tako mnogo istorije, nas je nau\u010dilo sa koliko pa&#382;nje vi gradite ove odnose.<\/p>\n<p>Pru&#382;aju\u0107i sigurnost svim gra\u0111anima Kosova, oni su njima dozvolili da &#382;ive i prosperiraju. Da rekonstruiraju bez straha da se njihova svojina ponovo razara\/uni&#353;ti.<\/p>\n<p>Oko pitanja &#353;ta smo nau\u010dili, ja isti\u010dem da mi trebamo pobolj&#353;ati ljudski &#382;ivot ja\u010danjem dru&#353;tva, i reduciranjem konflikata, ja ka&#382;em demokratija, razvoj, sigurnost i obuhvatnost\/uklju\u010divanje.<\/p>\n<p>Mi smo zajedno postigli uspeh na Kosovu jer smo mi izgradili jednu viziju zasnovanu na vrednostima. Mi nismo \u010dinili predvi\u0111anja za budu\u0107nost ili prora\u010dune rizika. Mi smo bili predvo\u0111eni ube\u0111enjem da trebamo zajedno delovati da spasimo &#382;ivote na&#353;ih gra\u0111ana, da se borimo za na&#353; zajedni\u010dki humanizam. Mi smo izgradili jednu zajedni\u010dku viziju u kojoj me\u0111unarodna zajednica i me\u0111unarodni mirotvorci su intervenirali kako bi dozvolili Kosovu da raste i sazreva. I, korak za korakom, nove institucije su uspostavljene na Kosovu da bi Kosovo preuzela na svoja ple\u0107a sigurnost i politi\u010dku odgovornost za na&#353;u zemlju.<\/p>\n<p>I, ono &#353;to smo zajedni\u010dki izgradili, obavezno \u0107e imati dug &#382;ivot.<\/p>\n<p>Dragi prijatelji, <\/p>\n<p>Svedoci smo jednog komplikovanog sveta, ispunjen konfliktima i ljudskim patnjama. U ovom novom ambijentu ima malo va&#382;nosti gde se geografski nalazimo ili kakve su veli\u010dine na&#353;e zemlje. Svi smo ugro&#382;eni od istih pretnji protiv na&#353;e demokratije i na&#353;ih gra\u0111ana.<\/p>\n<p>Nema boljeg primera od pretnje sa kojom se momentalno suo\u010davamo od grupa i pojedinaca koji &#382;ele izazvati na&#353;e vrednosti. I pred ovim pretnjama mi trebamo biti\u00a0 ujedinjeni da bi branili ono &#353;to je fundamentalno za na&#353;a dru&#353;tva &#8211; slobodu i sigurnost koje \u0107e predodrediti mogu\u0107nost na&#353;eg prosperiteta. Ovo je jedan kompromis kojeg\u00a0 nikada ne trebamo \u010diniti.<\/p>\n<p>Hvala Vam!<\/p>\n","protected":false},"excerpt":{"rendered":"<p>Predsednica Republike Kosovo, gospo\u0111a Atifete Jahjaga je odr&#382;ala govor na Konferenciji o transformaciji konflikta u West Point.<\/p>\n","protected":false},"author":1,"featured_media":43491,"comment_status":"open","ping_status":"closed","sticky":false,"template":"","format":"standard","meta":{"_eb_attr":"","footnotes":""},"categories":[106],"tags":[],"class_list":["post-77688","post","type-post","status-publish","format-standard","has-post-thumbnail","hentry","category-govori"],"yoast_head":"<!-- This site is optimized with the Yoast SEO plugin v23.5 - https:\/\/yoast.com\/wordpress\/plugins\/seo\/ -->\n<title>GOVOR PREDSEDNICE JAHJAGA NA KONFERENCIJI O TRANSFORMACIJI KONFLIKTA U WEST POINT - Predsednik Republike Kosovo - DR. VJOSA OSMANI - SADRIU<\/title>\n<meta name=\"description\" content=\"GOVOR PREDSEDNICE JAHJAGA NA KONFERENCIJI O TRANSFORMACIJI KONFLIKTA U WEST POINT - Predsednik Republike Kosovo - DR. VJOSA OSMANI - SADRIU -\" \/>\n<meta name=\"robots\" content=\"index, follow, max-snippet:-1, max-image-preview:large, max-video-preview:-1\" \/>\n<link rel=\"canonical\" href=\"https:\/\/president-ksgov.net\/fjala-e-presidentes-jahjaga-ne-konferencen-mbi-transformimin-e-konfliktit-mbajtur-ne-west-point\/\" \/>\n<meta property=\"og:locale\" content=\"sr_RS\" \/>\n<meta property=\"og:type\" content=\"article\" \/>\n<meta property=\"og:title\" content=\"GOVOR PREDSEDNICE JAHJAGA NA KONFERENCIJI O TRANSFORMACIJI KONFLIKTA U WEST POINT - Predsednik Republike Kosovo - DR. VJOSA OSMANI - SADRIU\" \/>\n<meta property=\"og:description\" content=\"GOVOR PREDSEDNICE JAHJAGA NA KONFERENCIJI O TRANSFORMACIJI KONFLIKTA U WEST POINT - Predsednik Republike Kosovo - DR. VJOSA OSMANI - SADRIU -\" \/>\n<meta property=\"og:url\" content=\"https:\/\/president-ksgov.net\/fjala-e-presidentes-jahjaga-ne-konferencen-mbi-transformimin-e-konfliktit-mbajtur-ne-west-point\/\" \/>\n<meta property=\"og:site_name\" content=\"Predsednik Republike Kosovo - DR. VJOSA OSMANI - SADRIU\" \/>\n<meta property=\"article:published_time\" content=\"2014-09-26T18:36:43+00:00\" \/>\n<meta property=\"article:modified_time\" content=\"2023-03-08T09:03:07+00:00\" \/>\n<meta property=\"og:image\" content=\"https:\/\/president-ksgov.net\/wp-content\/uploads\/26_09_2014_3696445_West_point_0.jpg\" \/>\n\t<meta property=\"og:image:width\" content=\"960\" \/>\n\t<meta property=\"og:image:height\" content=\"640\" \/>\n\t<meta property=\"og:image:type\" content=\"image\/jpeg\" \/>\n<meta name=\"author\" content=\"admin\" \/>\n<meta name=\"twitter:card\" content=\"summary_large_image\" \/>\n<meta name=\"twitter:label1\" content=\"\u041d\u0430\u043f\u0438\u0441\u0430\u043d\u043e \u043e\u0434\" \/>\n\t<meta name=\"twitter:data1\" content=\"admin\" \/>\n\t<meta name=\"twitter:label2\" content=\"\u041f\u0440\u043e\u0446\u0435\u045a\u0435\u043d\u043e \u0432\u0440\u0435\u043c\u0435 \u0447\u0438\u0442\u0430\u045a\u0430\" \/>\n\t<meta name=\"twitter:data2\" content=\"11 \u043c\u0438\u043d\u0443\u0442\u0430\" \/>\n<script type=\"application\/ld+json\" class=\"yoast-schema-graph\">{\"@context\":\"https:\/\/schema.org\",\"@graph\":[{\"@type\":\"WebPage\",\"@id\":\"https:\/\/president-ksgov.net\/fjala-e-presidentes-jahjaga-ne-konferencen-mbi-transformimin-e-konfliktit-mbajtur-ne-west-point\/\",\"url\":\"https:\/\/president-ksgov.net\/fjala-e-presidentes-jahjaga-ne-konferencen-mbi-transformimin-e-konfliktit-mbajtur-ne-west-point\/\",\"name\":\"GOVOR PREDSEDNICE JAHJAGA NA KONFERENCIJI O TRANSFORMACIJI KONFLIKTA U WEST POINT - Predsednik Republike Kosovo - DR. VJOSA OSMANI - SADRIU\",\"isPartOf\":{\"@id\":\"https:\/\/president-ksgov.net\/#website\"},\"primaryImageOfPage\":{\"@id\":\"https:\/\/president-ksgov.net\/fjala-e-presidentes-jahjaga-ne-konferencen-mbi-transformimin-e-konfliktit-mbajtur-ne-west-point\/#primaryimage\"},\"image\":{\"@id\":\"https:\/\/president-ksgov.net\/fjala-e-presidentes-jahjaga-ne-konferencen-mbi-transformimin-e-konfliktit-mbajtur-ne-west-point\/#primaryimage\"},\"thumbnailUrl\":\"https:\/\/president-ksgov.net\/wp-content\/uploads\/26_09_2014_3696445_West_point_0.jpg\",\"datePublished\":\"2014-09-26T18:36:43+00:00\",\"dateModified\":\"2023-03-08T09:03:07+00:00\",\"author\":{\"@id\":\"https:\/\/president-ksgov.net\/#\/schema\/person\/bb4337a5fb147cb2046d80548172cbee\"},\"description\":\"GOVOR PREDSEDNICE JAHJAGA NA KONFERENCIJI O TRANSFORMACIJI KONFLIKTA U WEST POINT - Predsednik Republike Kosovo - DR. VJOSA OSMANI - SADRIU -\",\"breadcrumb\":{\"@id\":\"https:\/\/president-ksgov.net\/fjala-e-presidentes-jahjaga-ne-konferencen-mbi-transformimin-e-konfliktit-mbajtur-ne-west-point\/#breadcrumb\"},\"inLanguage\":\"sr-RS\",\"potentialAction\":[{\"@type\":\"ReadAction\",\"target\":[\"https:\/\/president-ksgov.net\/fjala-e-presidentes-jahjaga-ne-konferencen-mbi-transformimin-e-konfliktit-mbajtur-ne-west-point\/\"]}]},{\"@type\":\"ImageObject\",\"inLanguage\":\"sr-RS\",\"@id\":\"https:\/\/president-ksgov.net\/fjala-e-presidentes-jahjaga-ne-konferencen-mbi-transformimin-e-konfliktit-mbajtur-ne-west-point\/#primaryimage\",\"url\":\"https:\/\/president-ksgov.net\/wp-content\/uploads\/26_09_2014_3696445_West_point_0.jpg\",\"contentUrl\":\"https:\/\/president-ksgov.net\/wp-content\/uploads\/26_09_2014_3696445_West_point_0.jpg\",\"width\":960,\"height\":640},{\"@type\":\"BreadcrumbList\",\"@id\":\"https:\/\/president-ksgov.net\/fjala-e-presidentes-jahjaga-ne-konferencen-mbi-transformimin-e-konfliktit-mbajtur-ne-west-point\/#breadcrumb\",\"itemListElement\":[{\"@type\":\"ListItem\",\"position\":1,\"name\":\"Home\",\"item\":\"https:\/\/president-ksgov.net\/sr\/\"},{\"@type\":\"ListItem\",\"position\":2,\"name\":\"GOVOR PREDSEDNICE JAHJAGA NA KONFERENCIJI O TRANSFORMACIJI KONFLIKTA U WEST POINT\"}]},{\"@type\":\"WebSite\",\"@id\":\"https:\/\/president-ksgov.net\/#website\",\"url\":\"https:\/\/president-ksgov.net\/\",\"name\":\"Presidente e Republik\u00ebs s\u00eb Kosov\u00ebs\",\"description\":\"Presidente e Republik\u00ebs s\u00eb Kosov\u00ebs\",\"alternateName\":\"DR. VJOSA OSMANI - SADRIU\",\"potentialAction\":[{\"@type\":\"SearchAction\",\"target\":{\"@type\":\"EntryPoint\",\"urlTemplate\":\"https:\/\/president-ksgov.net\/?s={search_term_string}\"},\"query-input\":{\"@type\":\"PropertyValueSpecification\",\"valueRequired\":true,\"valueName\":\"search_term_string\"}}],\"inLanguage\":\"sr-RS\"},{\"@type\":\"Person\",\"@id\":\"https:\/\/president-ksgov.net\/#\/schema\/person\/bb4337a5fb147cb2046d80548172cbee\",\"name\":\"admin\",\"image\":{\"@type\":\"ImageObject\",\"inLanguage\":\"sr-RS\",\"@id\":\"https:\/\/president-ksgov.net\/#\/schema\/person\/image\/\",\"url\":\"https:\/\/secure.gravatar.com\/avatar\/36156ca0fa3b8d9d25174f146e16beea0cf28f37adf1b9e19b6c9c279a7c9dd3?s=96&d=mm&r=g\",\"contentUrl\":\"https:\/\/secure.gravatar.com\/avatar\/36156ca0fa3b8d9d25174f146e16beea0cf28f37adf1b9e19b6c9c279a7c9dd3?s=96&d=mm&r=g\",\"caption\":\"admin\"},\"sameAs\":[\"https:\/\/president-ksgov.net\"]}]}<\/script>\n<!-- \/ Yoast SEO plugin. -->","yoast_head_json":{"title":"GOVOR PREDSEDNICE JAHJAGA NA KONFERENCIJI O TRANSFORMACIJI KONFLIKTA U WEST POINT - Predsednik Republike Kosovo - DR. VJOSA OSMANI - SADRIU","description":"GOVOR PREDSEDNICE JAHJAGA NA KONFERENCIJI O TRANSFORMACIJI KONFLIKTA U WEST POINT - Predsednik Republike Kosovo - DR. VJOSA OSMANI - SADRIU -","robots":{"index":"index","follow":"follow","max-snippet":"max-snippet:-1","max-image-preview":"max-image-preview:large","max-video-preview":"max-video-preview:-1"},"canonical":"https:\/\/president-ksgov.net\/fjala-e-presidentes-jahjaga-ne-konferencen-mbi-transformimin-e-konfliktit-mbajtur-ne-west-point\/","og_locale":"sr_RS","og_type":"article","og_title":"GOVOR PREDSEDNICE JAHJAGA NA KONFERENCIJI O TRANSFORMACIJI KONFLIKTA U WEST POINT - Predsednik Republike Kosovo - DR. VJOSA OSMANI - SADRIU","og_description":"GOVOR PREDSEDNICE JAHJAGA NA KONFERENCIJI O TRANSFORMACIJI KONFLIKTA U WEST POINT - Predsednik Republike Kosovo - DR. VJOSA OSMANI - SADRIU -","og_url":"https:\/\/president-ksgov.net\/fjala-e-presidentes-jahjaga-ne-konferencen-mbi-transformimin-e-konfliktit-mbajtur-ne-west-point\/","og_site_name":"Predsednik Republike Kosovo - DR. VJOSA OSMANI - SADRIU","article_published_time":"2014-09-26T18:36:43+00:00","article_modified_time":"2023-03-08T09:03:07+00:00","og_image":[{"width":960,"height":640,"url":"https:\/\/president-ksgov.net\/wp-content\/uploads\/26_09_2014_3696445_West_point_0.jpg","type":"image\/jpeg"}],"author":"admin","twitter_card":"summary_large_image","twitter_misc":{"\u041d\u0430\u043f\u0438\u0441\u0430\u043d\u043e \u043e\u0434":"admin","\u041f\u0440\u043e\u0446\u0435\u045a\u0435\u043d\u043e \u0432\u0440\u0435\u043c\u0435 \u0447\u0438\u0442\u0430\u045a\u0430":"11 \u043c\u0438\u043d\u0443\u0442\u0430"},"schema":{"@context":"https:\/\/schema.org","@graph":[{"@type":"WebPage","@id":"https:\/\/president-ksgov.net\/fjala-e-presidentes-jahjaga-ne-konferencen-mbi-transformimin-e-konfliktit-mbajtur-ne-west-point\/","url":"https:\/\/president-ksgov.net\/fjala-e-presidentes-jahjaga-ne-konferencen-mbi-transformimin-e-konfliktit-mbajtur-ne-west-point\/","name":"GOVOR PREDSEDNICE JAHJAGA NA KONFERENCIJI O TRANSFORMACIJI KONFLIKTA U WEST POINT - Predsednik Republike Kosovo - DR. VJOSA OSMANI - SADRIU","isPartOf":{"@id":"https:\/\/president-ksgov.net\/#website"},"primaryImageOfPage":{"@id":"https:\/\/president-ksgov.net\/fjala-e-presidentes-jahjaga-ne-konferencen-mbi-transformimin-e-konfliktit-mbajtur-ne-west-point\/#primaryimage"},"image":{"@id":"https:\/\/president-ksgov.net\/fjala-e-presidentes-jahjaga-ne-konferencen-mbi-transformimin-e-konfliktit-mbajtur-ne-west-point\/#primaryimage"},"thumbnailUrl":"https:\/\/president-ksgov.net\/wp-content\/uploads\/26_09_2014_3696445_West_point_0.jpg","datePublished":"2014-09-26T18:36:43+00:00","dateModified":"2023-03-08T09:03:07+00:00","author":{"@id":"https:\/\/president-ksgov.net\/#\/schema\/person\/bb4337a5fb147cb2046d80548172cbee"},"description":"GOVOR PREDSEDNICE JAHJAGA NA KONFERENCIJI O TRANSFORMACIJI KONFLIKTA U WEST POINT - Predsednik Republike Kosovo - DR. VJOSA OSMANI - SADRIU -","breadcrumb":{"@id":"https:\/\/president-ksgov.net\/fjala-e-presidentes-jahjaga-ne-konferencen-mbi-transformimin-e-konfliktit-mbajtur-ne-west-point\/#breadcrumb"},"inLanguage":"sr-RS","potentialAction":[{"@type":"ReadAction","target":["https:\/\/president-ksgov.net\/fjala-e-presidentes-jahjaga-ne-konferencen-mbi-transformimin-e-konfliktit-mbajtur-ne-west-point\/"]}]},{"@type":"ImageObject","inLanguage":"sr-RS","@id":"https:\/\/president-ksgov.net\/fjala-e-presidentes-jahjaga-ne-konferencen-mbi-transformimin-e-konfliktit-mbajtur-ne-west-point\/#primaryimage","url":"https:\/\/president-ksgov.net\/wp-content\/uploads\/26_09_2014_3696445_West_point_0.jpg","contentUrl":"https:\/\/president-ksgov.net\/wp-content\/uploads\/26_09_2014_3696445_West_point_0.jpg","width":960,"height":640},{"@type":"BreadcrumbList","@id":"https:\/\/president-ksgov.net\/fjala-e-presidentes-jahjaga-ne-konferencen-mbi-transformimin-e-konfliktit-mbajtur-ne-west-point\/#breadcrumb","itemListElement":[{"@type":"ListItem","position":1,"name":"Home","item":"https:\/\/president-ksgov.net\/sr\/"},{"@type":"ListItem","position":2,"name":"GOVOR PREDSEDNICE JAHJAGA NA KONFERENCIJI O TRANSFORMACIJI KONFLIKTA U WEST POINT"}]},{"@type":"WebSite","@id":"https:\/\/president-ksgov.net\/#website","url":"https:\/\/president-ksgov.net\/","name":"Presidente e Republik\u00ebs s\u00eb Kosov\u00ebs","description":"Presidente e Republik\u00ebs s\u00eb Kosov\u00ebs","alternateName":"DR. VJOSA OSMANI - SADRIU","potentialAction":[{"@type":"SearchAction","target":{"@type":"EntryPoint","urlTemplate":"https:\/\/president-ksgov.net\/?s={search_term_string}"},"query-input":{"@type":"PropertyValueSpecification","valueRequired":true,"valueName":"search_term_string"}}],"inLanguage":"sr-RS"},{"@type":"Person","@id":"https:\/\/president-ksgov.net\/#\/schema\/person\/bb4337a5fb147cb2046d80548172cbee","name":"admin","image":{"@type":"ImageObject","inLanguage":"sr-RS","@id":"https:\/\/president-ksgov.net\/#\/schema\/person\/image\/","url":"https:\/\/secure.gravatar.com\/avatar\/36156ca0fa3b8d9d25174f146e16beea0cf28f37adf1b9e19b6c9c279a7c9dd3?s=96&d=mm&r=g","contentUrl":"https:\/\/secure.gravatar.com\/avatar\/36156ca0fa3b8d9d25174f146e16beea0cf28f37adf1b9e19b6c9c279a7c9dd3?s=96&d=mm&r=g","caption":"admin"},"sameAs":["https:\/\/president-ksgov.net"]}]}},"_links":{"self":[{"href":"https:\/\/president-ksgov.net\/sr\/wp-json\/wp\/v2\/posts\/77688","targetHints":{"allow":["GET"]}}],"collection":[{"href":"https:\/\/president-ksgov.net\/sr\/wp-json\/wp\/v2\/posts"}],"about":[{"href":"https:\/\/president-ksgov.net\/sr\/wp-json\/wp\/v2\/types\/post"}],"author":[{"embeddable":true,"href":"https:\/\/president-ksgov.net\/sr\/wp-json\/wp\/v2\/users\/1"}],"replies":[{"embeddable":true,"href":"https:\/\/president-ksgov.net\/sr\/wp-json\/wp\/v2\/comments?post=77688"}],"version-history":[{"count":1,"href":"https:\/\/president-ksgov.net\/sr\/wp-json\/wp\/v2\/posts\/77688\/revisions"}],"predecessor-version":[{"id":81658,"href":"https:\/\/president-ksgov.net\/sr\/wp-json\/wp\/v2\/posts\/77688\/revisions\/81658"}],"wp:featuredmedia":[{"embeddable":true,"href":"https:\/\/president-ksgov.net\/sr\/wp-json\/wp\/v2\/media\/43491"}],"wp:attachment":[{"href":"https:\/\/president-ksgov.net\/sr\/wp-json\/wp\/v2\/media?parent=77688"}],"wp:term":[{"taxonomy":"category","embeddable":true,"href":"https:\/\/president-ksgov.net\/sr\/wp-json\/wp\/v2\/categories?post=77688"},{"taxonomy":"post_tag","embeddable":true,"href":"https:\/\/president-ksgov.net\/sr\/wp-json\/wp\/v2\/tags?post=77688"}],"curies":[{"name":"wp","href":"https:\/\/api.w.org\/{rel}","templated":true}]}}