{"id":77662,"date":"2014-10-10T16:46:09","date_gmt":"2014-10-10T16:46:09","guid":{"rendered":"https:\/\/dev.president-ksgov.net\/govor-predsednice-jahjaga-na-obeleavanju-medjunarodnog-dana-devojaka\/"},"modified":"2014-10-10T16:46:09","modified_gmt":"2014-10-10T16:46:09","slug":"govor-predsednice-jahjaga-na-obeleavanju-medjunarodnog-dana-devojaka","status":"publish","type":"post","link":"https:\/\/president-ksgov.net\/sr\/govor-predsednice-jahjaga-na-obeleavanju-medjunarodnog-dana-devojaka\/","title":{"rendered":"Govor Predsednice Jahjaga na obele&#158;avanju Me\u0111unarodnog Dana devojaka"},"content":{"rendered":"<p>Posebno je zadovoljstvo biti danas ovde, me\u0111u vama, zajedno sa ambasadorom Sjedinjenih Ameri\u010dkih Dr&#382;ava, jedne velike prijateljice Kosova, ali i jedna osoba koja sna&#382;no lobuje za prava &#382;ena u op&#353;te, ali naro\u010dito u oblasti obrazovanja devojaka i pru&#382;anja velikih mogu\u0107nosti.<\/p>\n<p>Pozdrav svima,<\/p>\n<p>Posebno je zadovoljstvo biti danas ovde, me\u0111u vama, zajedno sa ambasadorom Sjedinjenih Ameri\u010dkih Dr&#382;ava, jedne velike prijateljice Kosova, ali i jedna osoba koja sna&#382;no lobuje za prava &#382;ena u op&#353;te, ali naro\u010dito u oblasti obrazovanja devojaka i pru&#382;anja velikih mogu\u0107nosti.<\/p>\n<p>Veliko je zadovoljstvo da sam danas ovde u va&#353;oj sredini da obele&#382;avamo Me\u0111unarodni dan Devojaka, tj. dan koji nosi poruku pru&#382;anja jednakih mogu\u0107nosti, posebno u vaspitanju i &#353;kolovanju za sve devojke u celom svetu. Mi kao dru&#353;tvo u zadnje vreme smo dokazali i sa vi&#353;e inicijativa koje smo uspeli pokrenuti, kao dr&#382;ava i institucije, da doprinesemo unapre\u0111enju uloge &#382;ene u op&#353;te i posebno u unapre\u0111enju uloge devojaka.<\/p>\n<p>Pru&#382;anje jednakih mogu\u0107nosti \u0107erkama i sinovima, po\u010dev od porodice, potom u &#353;kolu i svakodnevnom &#382;ivotu, pokazuje stepen razvoja dru&#353;tva. Takve inicijative, kao &#353;to je ova dana&#353;nja, koja je podr&#382;ana od ambasade Sjedinjenih Ameri\u010dkih Dr&#382;ava i od fondacije USAID-a, su najbolji dokaz podr&#353;ke institucija Republike Kosovo za na&#353;e daljnje inicijative, u unapre\u0111enju daljnjih reformi u oblasti vaspitanja i obrazovanja, u daljnjoj promociji uloge devojaka danas, i &#382;ene sutra.<\/p>\n<p>Ja uvek navodim da investirati za devojku, investirati za &#382;enu, jeste investicija koja po\u010dinje od porodice, jeste najbolja investicija koja se \u010dini u jednom dru&#353;tvu i jednoj dr&#382;avi, jer po\u010dev od\u00a0 danas, odavde se sti\u010du po\u010detne osnove\u00a0 za koje \u0107ete vi najvi&#353;e doprineti u na&#353;e dru&#353;tvo i na&#353;u dr&#382;avu. Investirati za pedest posto dru&#353;tva, jer ne zaboravimo da &#382;ena predstavlja pedeset posto dru&#353;tva, ne samo u Kosovo, nego i u svetu, jeste najmudrija investicija, jer to vodi u pravcu razvoja jednog dru&#353;tva i u pravcu razvoja jedne dr&#382;ave, to je najbolja poruka koja se daje protiv siroma&#353;tva, to je najbolja poruka koja se daje i protiv preranog stupanja u brak i protiv nasilja u porodici, jer se tu sti\u010du one glavne osnove.<\/p>\n<p>Ja danas, na svakom stolu, kao u &#8220;Nauci&#8220;, kao u\u00a0 &#8220;Logo Robot&#8220; kao u &#8220;Alic-i&#8220;, u svim drugim projektima sam videla jedan vanredan potencijal. Verujem da \u0107u vas videti ka budu\u0107e nau\u010dnice u ovim oblastima u kojima ste se danas predstavile. Vi ste budu\u0107nost na&#353;e zemlje i u svakoj od vas, vidim ne samo osobe koje \u0107e dati veliki doprinos u dru&#353;tvo, nego vidim vas i kao budu\u0107e lidere na&#353;e dr&#382;ave.<\/p>\n","protected":false},"excerpt":{"rendered":"<p>Posebno je zadovoljstvo biti danas ovde, me\u0111u vama, zajedno sa ambasadorom Sjedinjenih Ameri\u010dkih Dr&#382;ava, jedne velike prijateljice Kosova, ali i jedna osoba koja sna&#382;no lobuje za prava &#382;ena u op&#353;te, ali naro\u010dito u oblasti obrazovanja devojaka i pru&#382;anja velikih mogu\u0107nosti.<\/p>\n","protected":false},"author":1,"featured_media":43237,"comment_status":"open","ping_status":"closed","sticky":false,"template":"","format":"standard","meta":{"_eb_attr":"","footnotes":""},"categories":[101],"tags":[],"class_list":["post-77662","post","type-post","status-publish","format-standard","has-post-thumbnail","hentry","category-vesti"],"yoast_head":"<!-- This site is optimized with the Yoast SEO plugin v23.5 - https:\/\/yoast.com\/wordpress\/plugins\/seo\/ -->\n<title>Govor Predsednice Jahjaga na obele&#158;avanju Me\u0111unarodnog Dana devojaka - Predsednik Republike Kosovo - DR. VJOSA OSMANI - SADRIU<\/title>\n<meta name=\"description\" content=\"Govor Predsednice Jahjaga na obele&#158;avanju Me\u0111unarodnog Dana devojaka - Predsednik Republike Kosovo - DR. VJOSA OSMANI - SADRIU -\" \/>\n<meta name=\"robots\" content=\"index, follow, max-snippet:-1, max-image-preview:large, max-video-preview:-1\" \/>\n<link rel=\"canonical\" href=\"https:\/\/president-ksgov.net\/fjalimi-i-presidentes-jahjaga-ne-shenimin-e-dites-nderkombetare-te-vajzave\/\" \/>\n<meta property=\"og:locale\" content=\"sr_RS\" \/>\n<meta property=\"og:type\" content=\"article\" \/>\n<meta property=\"og:title\" content=\"Govor Predsednice Jahjaga na obele&#158;avanju Me\u0111unarodnog Dana devojaka - Predsednik Republike Kosovo - DR. VJOSA OSMANI - SADRIU\" \/>\n<meta property=\"og:description\" content=\"Govor Predsednice Jahjaga na obele&#158;avanju Me\u0111unarodnog Dana devojaka - Predsednik Republike Kosovo - DR. VJOSA OSMANI - SADRIU -\" \/>\n<meta property=\"og:url\" content=\"https:\/\/president-ksgov.net\/fjalimi-i-presidentes-jahjaga-ne-shenimin-e-dites-nderkombetare-te-vajzave\/\" \/>\n<meta property=\"og:site_name\" content=\"Predsednik Republike Kosovo - DR. VJOSA OSMANI - SADRIU\" \/>\n<meta property=\"article:published_time\" content=\"2014-10-10T16:46:09+00:00\" \/>\n<meta property=\"og:image\" content=\"https:\/\/president-ksgov.net\/wp-content\/uploads\/10_10_2014_1807529_IMG_5895.jpg\" \/>\n\t<meta property=\"og:image:width\" content=\"1000\" \/>\n\t<meta property=\"og:image:height\" content=\"667\" \/>\n\t<meta property=\"og:image:type\" content=\"image\/jpeg\" \/>\n<meta name=\"author\" content=\"admin\" \/>\n<meta name=\"twitter:card\" content=\"summary_large_image\" \/>\n<meta name=\"twitter:label1\" content=\"\u041d\u0430\u043f\u0438\u0441\u0430\u043d\u043e \u043e\u0434\" \/>\n\t<meta name=\"twitter:data1\" content=\"admin\" \/>\n\t<meta name=\"twitter:label2\" content=\"\u041f\u0440\u043e\u0446\u0435\u045a\u0435\u043d\u043e \u0432\u0440\u0435\u043c\u0435 \u0447\u0438\u0442\u0430\u045a\u0430\" \/>\n\t<meta name=\"twitter:data2\" content=\"2 \u043c\u0438\u043d\u0443\u0442\u0430\" \/>\n<script type=\"application\/ld+json\" class=\"yoast-schema-graph\">{\"@context\":\"https:\/\/schema.org\",\"@graph\":[{\"@type\":\"WebPage\",\"@id\":\"https:\/\/president-ksgov.net\/fjalimi-i-presidentes-jahjaga-ne-shenimin-e-dites-nderkombetare-te-vajzave\/\",\"url\":\"https:\/\/president-ksgov.net\/fjalimi-i-presidentes-jahjaga-ne-shenimin-e-dites-nderkombetare-te-vajzave\/\",\"name\":\"Govor Predsednice Jahjaga na obele&#158;avanju Me\u0111unarodnog Dana devojaka - Predsednik Republike Kosovo - DR. VJOSA OSMANI - SADRIU\",\"isPartOf\":{\"@id\":\"https:\/\/president-ksgov.net\/#website\"},\"primaryImageOfPage\":{\"@id\":\"https:\/\/president-ksgov.net\/fjalimi-i-presidentes-jahjaga-ne-shenimin-e-dites-nderkombetare-te-vajzave\/#primaryimage\"},\"image\":{\"@id\":\"https:\/\/president-ksgov.net\/fjalimi-i-presidentes-jahjaga-ne-shenimin-e-dites-nderkombetare-te-vajzave\/#primaryimage\"},\"thumbnailUrl\":\"https:\/\/president-ksgov.net\/wp-content\/uploads\/10_10_2014_1807529_IMG_5895.jpg\",\"datePublished\":\"2014-10-10T16:46:09+00:00\",\"dateModified\":\"2014-10-10T16:46:09+00:00\",\"author\":{\"@id\":\"https:\/\/president-ksgov.net\/#\/schema\/person\/bb4337a5fb147cb2046d80548172cbee\"},\"description\":\"Govor Predsednice Jahjaga na obele&#158;avanju Me\u0111unarodnog Dana devojaka - Predsednik Republike Kosovo - DR. VJOSA OSMANI - SADRIU -\",\"breadcrumb\":{\"@id\":\"https:\/\/president-ksgov.net\/fjalimi-i-presidentes-jahjaga-ne-shenimin-e-dites-nderkombetare-te-vajzave\/#breadcrumb\"},\"inLanguage\":\"sr-RS\",\"potentialAction\":[{\"@type\":\"ReadAction\",\"target\":[\"https:\/\/president-ksgov.net\/fjalimi-i-presidentes-jahjaga-ne-shenimin-e-dites-nderkombetare-te-vajzave\/\"]}]},{\"@type\":\"ImageObject\",\"inLanguage\":\"sr-RS\",\"@id\":\"https:\/\/president-ksgov.net\/fjalimi-i-presidentes-jahjaga-ne-shenimin-e-dites-nderkombetare-te-vajzave\/#primaryimage\",\"url\":\"https:\/\/president-ksgov.net\/wp-content\/uploads\/10_10_2014_1807529_IMG_5895.jpg\",\"contentUrl\":\"https:\/\/president-ksgov.net\/wp-content\/uploads\/10_10_2014_1807529_IMG_5895.jpg\",\"width\":1000,\"height\":667},{\"@type\":\"BreadcrumbList\",\"@id\":\"https:\/\/president-ksgov.net\/fjalimi-i-presidentes-jahjaga-ne-shenimin-e-dites-nderkombetare-te-vajzave\/#breadcrumb\",\"itemListElement\":[{\"@type\":\"ListItem\",\"position\":1,\"name\":\"Home\",\"item\":\"https:\/\/president-ksgov.net\/sr\/\"},{\"@type\":\"ListItem\",\"position\":2,\"name\":\"Govor Predsednice Jahjaga na obele&#158;avanju Me\u0111unarodnog Dana devojaka\"}]},{\"@type\":\"WebSite\",\"@id\":\"https:\/\/president-ksgov.net\/#website\",\"url\":\"https:\/\/president-ksgov.net\/\",\"name\":\"Presidente e Republik\u00ebs s\u00eb Kosov\u00ebs\",\"description\":\"Presidente e Republik\u00ebs s\u00eb Kosov\u00ebs\",\"alternateName\":\"DR. VJOSA OSMANI - SADRIU\",\"potentialAction\":[{\"@type\":\"SearchAction\",\"target\":{\"@type\":\"EntryPoint\",\"urlTemplate\":\"https:\/\/president-ksgov.net\/?s={search_term_string}\"},\"query-input\":{\"@type\":\"PropertyValueSpecification\",\"valueRequired\":true,\"valueName\":\"search_term_string\"}}],\"inLanguage\":\"sr-RS\"},{\"@type\":\"Person\",\"@id\":\"https:\/\/president-ksgov.net\/#\/schema\/person\/bb4337a5fb147cb2046d80548172cbee\",\"name\":\"admin\",\"image\":{\"@type\":\"ImageObject\",\"inLanguage\":\"sr-RS\",\"@id\":\"https:\/\/president-ksgov.net\/#\/schema\/person\/image\/\",\"url\":\"https:\/\/secure.gravatar.com\/avatar\/36156ca0fa3b8d9d25174f146e16beea0cf28f37adf1b9e19b6c9c279a7c9dd3?s=96&d=mm&r=g\",\"contentUrl\":\"https:\/\/secure.gravatar.com\/avatar\/36156ca0fa3b8d9d25174f146e16beea0cf28f37adf1b9e19b6c9c279a7c9dd3?s=96&d=mm&r=g\",\"caption\":\"admin\"},\"sameAs\":[\"https:\/\/president-ksgov.net\"]}]}<\/script>\n<!-- \/ Yoast SEO plugin. -->","yoast_head_json":{"title":"Govor Predsednice Jahjaga na obele&#158;avanju Me\u0111unarodnog Dana devojaka - Predsednik Republike Kosovo - DR. VJOSA OSMANI - SADRIU","description":"Govor Predsednice Jahjaga na obele&#158;avanju Me\u0111unarodnog Dana devojaka - Predsednik Republike Kosovo - DR. VJOSA OSMANI - SADRIU -","robots":{"index":"index","follow":"follow","max-snippet":"max-snippet:-1","max-image-preview":"max-image-preview:large","max-video-preview":"max-video-preview:-1"},"canonical":"https:\/\/president-ksgov.net\/fjalimi-i-presidentes-jahjaga-ne-shenimin-e-dites-nderkombetare-te-vajzave\/","og_locale":"sr_RS","og_type":"article","og_title":"Govor Predsednice Jahjaga na obele&#158;avanju Me\u0111unarodnog Dana devojaka - Predsednik Republike Kosovo - DR. VJOSA OSMANI - SADRIU","og_description":"Govor Predsednice Jahjaga na obele&#158;avanju Me\u0111unarodnog Dana devojaka - Predsednik Republike Kosovo - DR. VJOSA OSMANI - SADRIU -","og_url":"https:\/\/president-ksgov.net\/fjalimi-i-presidentes-jahjaga-ne-shenimin-e-dites-nderkombetare-te-vajzave\/","og_site_name":"Predsednik Republike Kosovo - DR. VJOSA OSMANI - SADRIU","article_published_time":"2014-10-10T16:46:09+00:00","og_image":[{"width":1000,"height":667,"url":"https:\/\/president-ksgov.net\/wp-content\/uploads\/10_10_2014_1807529_IMG_5895.jpg","type":"image\/jpeg"}],"author":"admin","twitter_card":"summary_large_image","twitter_misc":{"\u041d\u0430\u043f\u0438\u0441\u0430\u043d\u043e \u043e\u0434":"admin","\u041f\u0440\u043e\u0446\u0435\u045a\u0435\u043d\u043e \u0432\u0440\u0435\u043c\u0435 \u0447\u0438\u0442\u0430\u045a\u0430":"2 \u043c\u0438\u043d\u0443\u0442\u0430"},"schema":{"@context":"https:\/\/schema.org","@graph":[{"@type":"WebPage","@id":"https:\/\/president-ksgov.net\/fjalimi-i-presidentes-jahjaga-ne-shenimin-e-dites-nderkombetare-te-vajzave\/","url":"https:\/\/president-ksgov.net\/fjalimi-i-presidentes-jahjaga-ne-shenimin-e-dites-nderkombetare-te-vajzave\/","name":"Govor Predsednice Jahjaga na obele&#158;avanju Me\u0111unarodnog Dana devojaka - Predsednik Republike Kosovo - DR. VJOSA OSMANI - SADRIU","isPartOf":{"@id":"https:\/\/president-ksgov.net\/#website"},"primaryImageOfPage":{"@id":"https:\/\/president-ksgov.net\/fjalimi-i-presidentes-jahjaga-ne-shenimin-e-dites-nderkombetare-te-vajzave\/#primaryimage"},"image":{"@id":"https:\/\/president-ksgov.net\/fjalimi-i-presidentes-jahjaga-ne-shenimin-e-dites-nderkombetare-te-vajzave\/#primaryimage"},"thumbnailUrl":"https:\/\/president-ksgov.net\/wp-content\/uploads\/10_10_2014_1807529_IMG_5895.jpg","datePublished":"2014-10-10T16:46:09+00:00","dateModified":"2014-10-10T16:46:09+00:00","author":{"@id":"https:\/\/president-ksgov.net\/#\/schema\/person\/bb4337a5fb147cb2046d80548172cbee"},"description":"Govor Predsednice Jahjaga na obele&#158;avanju Me\u0111unarodnog Dana devojaka - Predsednik Republike Kosovo - DR. VJOSA OSMANI - SADRIU -","breadcrumb":{"@id":"https:\/\/president-ksgov.net\/fjalimi-i-presidentes-jahjaga-ne-shenimin-e-dites-nderkombetare-te-vajzave\/#breadcrumb"},"inLanguage":"sr-RS","potentialAction":[{"@type":"ReadAction","target":["https:\/\/president-ksgov.net\/fjalimi-i-presidentes-jahjaga-ne-shenimin-e-dites-nderkombetare-te-vajzave\/"]}]},{"@type":"ImageObject","inLanguage":"sr-RS","@id":"https:\/\/president-ksgov.net\/fjalimi-i-presidentes-jahjaga-ne-shenimin-e-dites-nderkombetare-te-vajzave\/#primaryimage","url":"https:\/\/president-ksgov.net\/wp-content\/uploads\/10_10_2014_1807529_IMG_5895.jpg","contentUrl":"https:\/\/president-ksgov.net\/wp-content\/uploads\/10_10_2014_1807529_IMG_5895.jpg","width":1000,"height":667},{"@type":"BreadcrumbList","@id":"https:\/\/president-ksgov.net\/fjalimi-i-presidentes-jahjaga-ne-shenimin-e-dites-nderkombetare-te-vajzave\/#breadcrumb","itemListElement":[{"@type":"ListItem","position":1,"name":"Home","item":"https:\/\/president-ksgov.net\/sr\/"},{"@type":"ListItem","position":2,"name":"Govor Predsednice Jahjaga na obele&#158;avanju Me\u0111unarodnog Dana devojaka"}]},{"@type":"WebSite","@id":"https:\/\/president-ksgov.net\/#website","url":"https:\/\/president-ksgov.net\/","name":"Presidente e Republik\u00ebs s\u00eb Kosov\u00ebs","description":"Presidente e Republik\u00ebs s\u00eb Kosov\u00ebs","alternateName":"DR. VJOSA OSMANI - SADRIU","potentialAction":[{"@type":"SearchAction","target":{"@type":"EntryPoint","urlTemplate":"https:\/\/president-ksgov.net\/?s={search_term_string}"},"query-input":{"@type":"PropertyValueSpecification","valueRequired":true,"valueName":"search_term_string"}}],"inLanguage":"sr-RS"},{"@type":"Person","@id":"https:\/\/president-ksgov.net\/#\/schema\/person\/bb4337a5fb147cb2046d80548172cbee","name":"admin","image":{"@type":"ImageObject","inLanguage":"sr-RS","@id":"https:\/\/president-ksgov.net\/#\/schema\/person\/image\/","url":"https:\/\/secure.gravatar.com\/avatar\/36156ca0fa3b8d9d25174f146e16beea0cf28f37adf1b9e19b6c9c279a7c9dd3?s=96&d=mm&r=g","contentUrl":"https:\/\/secure.gravatar.com\/avatar\/36156ca0fa3b8d9d25174f146e16beea0cf28f37adf1b9e19b6c9c279a7c9dd3?s=96&d=mm&r=g","caption":"admin"},"sameAs":["https:\/\/president-ksgov.net"]}]}},"_links":{"self":[{"href":"https:\/\/president-ksgov.net\/sr\/wp-json\/wp\/v2\/posts\/77662","targetHints":{"allow":["GET"]}}],"collection":[{"href":"https:\/\/president-ksgov.net\/sr\/wp-json\/wp\/v2\/posts"}],"about":[{"href":"https:\/\/president-ksgov.net\/sr\/wp-json\/wp\/v2\/types\/post"}],"author":[{"embeddable":true,"href":"https:\/\/president-ksgov.net\/sr\/wp-json\/wp\/v2\/users\/1"}],"replies":[{"embeddable":true,"href":"https:\/\/president-ksgov.net\/sr\/wp-json\/wp\/v2\/comments?post=77662"}],"version-history":[{"count":0,"href":"https:\/\/president-ksgov.net\/sr\/wp-json\/wp\/v2\/posts\/77662\/revisions"}],"wp:featuredmedia":[{"embeddable":true,"href":"https:\/\/president-ksgov.net\/sr\/wp-json\/wp\/v2\/media\/43237"}],"wp:attachment":[{"href":"https:\/\/president-ksgov.net\/sr\/wp-json\/wp\/v2\/media?parent=77662"}],"wp:term":[{"taxonomy":"category","embeddable":true,"href":"https:\/\/president-ksgov.net\/sr\/wp-json\/wp\/v2\/categories?post=77662"},{"taxonomy":"post_tag","embeddable":true,"href":"https:\/\/president-ksgov.net\/sr\/wp-json\/wp\/v2\/tags?post=77662"}],"curies":[{"name":"wp","href":"https:\/\/api.w.org\/{rel}","templated":true}]}}