{"id":77657,"date":"2014-10-14T21:10:24","date_gmt":"2014-10-14T21:10:24","guid":{"rendered":"https:\/\/dev.president-ksgov.net\/govor-predsednice-jahjaga-na-obeleavanju-15-te-godinjice-osnivanja-centra-kosova-za-rehabilitaciju-preivelih-torture\/"},"modified":"2023-03-08T09:03:07","modified_gmt":"2023-03-08T09:03:07","slug":"govor-predsednice-jahjaga-na-obeleavanju-15-te-godinjice-osnivanja-centra-kosova-za-rehabilitaciju-preivelih-torture","status":"publish","type":"post","link":"https:\/\/president-ksgov.net\/sr\/govor-predsednice-jahjaga-na-obeleavanju-15-te-godinjice-osnivanja-centra-kosova-za-rehabilitaciju-preivelih-torture\/","title":{"rendered":"Govor Predsednice Jahjaga na obele&#158;avanju 15-te godi&#154;njice osnivanja Centra Kosova za Rehabilitaciju Pre&#158;ivelih Torture"},"content":{"rendered":"<p>&#381;elim da vam \u010destitam ovu 15-tu godi&#353;njicu rada i anga&#382;ovanja Centra Kosova za rehabilitaciju pre&#382;ivelih torture.<\/p>\n<p>Po&#353;tovana Ambasador Jacobsson,<br \/>\nPo&#353;tovani Ambasador Cliff,<br \/>\nPo&#353;tovani g. Adem,<br \/>\nPo&#353;tovana gospo\u0111a Ru&#353;iti,<br \/>\nPo&#353;tovani \u010dlanovi porodica &#382;rtava torture,<br \/>\n\u00a0<br \/>\n&#381;elim vam \u010destitati ovu 15-tu godi&#353;njicu rada i anga&#382;ovanja Centra Kosova za Rehabilitaciju Pre&#382;ivelih Torture. <\/p>\n<p>Petnaest godina ranije, dok su ratni plameni jo&#353; bili neuga&#353;eni, ovaj Centar se posvetio\u00a0 anga&#382;ovanja da, uporedo sa gra\u0111anima i institucijama Republike Kosovo, gradi jedno Kosovo mira, radi o\u010duvanja do tan\u010dina najpre ljudskog dostojanstva a potom solidarnosti jednog prema drugom. I to je najbolji dokaz rada i anga&#382;ovanja ovoga Centra tokom 15 godina zaredom.<\/p>\n<p>Tokom 15 godina zaredom, ovaj centar je bio jedan sna&#382;an glas civilnog dru&#353;tva za za&#353;titu prava &#382;rtava nasilja i torture, za pru&#382;anje ruke pomo\u0107i, podr&#353;ke i oslanjanja za sve one mu&#353;karce i &#382;ene koji su bili neposredne &#382;rtve, ali i indirektne, nasilja i torture tokom rata a posebno za one \u010diji je glas \u010desto puta nepravedno zata&#353;kan.<\/p>\n<p>Tokom ovih 15 godina za redom, ovaj Centar je bio sna&#382;an partner gra\u0111ana Republike Kosovo i njenih institucija, zajedni\u010dkim kretanjem u nala&#382;enju zakonskih, zdravstvenih, psiho-socijalnih mehanizama i sav ovaj posao i svo ovo anga&#382;ovanja samo radi rehabilitacije i reintegracije svih na&#353;ih gra\u0111ana koji su bili &#382;rtve nasilja i torture tokom rata. Zato &#382;elim se zahvaliti direktorici i osoblju ovoga Centra, za njihov rad i anga&#382;ovanje. Za mnoge kosovske porodice, bili su daljnja &#382;ivotna nada, ali i kao nada za kretanje nadalje, za jednu drugu njihovu &#353;ansu.<\/p>\n<p>Svakako, kada obele&#382;avamo ovu godi&#353;njicu, kao &#353;to je ova jubilarna, 15-ta godi&#353;njica\u00a0 postojanja ovoga Centra, njegovog rada i anga&#382;ovanja, mi se ponosimo sa dostignu\u0107ima i uspesima. Ali, svakako da kada\u00a0 gledamo natrag &#353;ta je u\u010dinjeno, kao i vidimo &#353;ta je ostalo da se jo&#353; uradi. 15 godina nakon zavr&#353;etka rata, njene rane su jo&#353; uvek sve&#382;e me\u0111u na&#353;im porodicama, me\u0111u na&#353;im gra\u0111anima, rane koje jo&#353; uvek jako ote&#382;avaju du&#353;u svakoga gra\u0111anina. Rane koje dr&#382;e u zato\u010deni&#353;tvo budu\u0107nost na&#353;ih gra\u0111ana. Ali mi smo dokazali i kao institucije da smo spremni da se suo\u010dimo sa svim ovim i da nalazimo re&#353;enje onako kako zaslu&#382;uju na&#353;i gra\u0111ani, na&#353;e porodice i da se suo\u010davamo i sa ovim najte&#382;im posledicama rata.<\/p>\n<p>Ovo je dokazano i sa na&#353;im zadnjim aktivnostima, sa stvaranjem Nacionalnog Saveta za pre&#382;ivele seksualnog nasilja tokom rata, pod mojim rukovodstvo, Marta ove godine, jedne kategorije na&#353;ih gra\u0111ana \u010diji je glas bio do sada zata&#353;kan. Jedne kategorije koja je bila stigmatizovana do sada. Ali mi smo se pokazali posve\u0107eni, kao institucije i kao gra\u0111ani za preduzimanje potrebnih mera, putem me\u0111u institucionalne koordinacije Republike Kosovo, najpre usvajanjem njihovog zakonskog statusa, zatim davanjem zdravstvene, psiho-socijalne i ekonomske podr&#353;ke. Samo da bi im se garantovale rehabilitacije, reintegracije i resocijalizacije u dru&#353;tvo kojoj su uvek pripadale, ali je njihov glas do sada bio u&#353;utkan. <\/p>\n<p>Ovom prilikom, &#382;elim da se zahvalim Centru, koji je pokazao vanrednu brigu\u00a0 jo&#353; od okon\u010danja rata prema ovim kategorijama &#382;rtava seksualnog nasilja tokom rata. Vi ste me \u010duli da sam nekoliko puta rekla da u ovoj sredini nema ONE i MI, vi ste MI i jesmo JEDNO.<\/p>\n<p>Mi trebamo jednom zauvek okon\u010dati njihovu daljnju stigmatizaciju u na&#353;em dru&#353;tvu. Za ove &#382;ene, rat jo&#353; nije okon\u010dan i najpre ova promena treba da po\u010dne me\u0111u njihovim porodicama, usred na&#353;eg dru&#353;tva\u00a0 i ovo treba da se izmeni. Jer sramota nije nad njima. Sramota pada nad onima koji su izvr&#353;ili ovo gnusno delo i mi smo oni koji trebaju da ovo izmene. Jer one su na&#353;i heroji.\u00a0<\/p>\n","protected":false},"excerpt":{"rendered":"<p>&#381;elim da vam \u010destitam ovu 15-tu godi&#353;njicu rada i anga&#382;ovanja Centra Kosova za rehabilitaciju pre&#382;ivelih torture.<\/p>\n","protected":false},"author":1,"featured_media":43181,"comment_status":"open","ping_status":"closed","sticky":false,"template":"","format":"standard","meta":{"_eb_attr":"","footnotes":""},"categories":[106],"tags":[],"class_list":["post-77657","post","type-post","status-publish","format-standard","has-post-thumbnail","hentry","category-govori"],"yoast_head":"<!-- This site is optimized with the Yoast SEO plugin v23.5 - https:\/\/yoast.com\/wordpress\/plugins\/seo\/ -->\n<title>Govor Predsednice Jahjaga na obele&#158;avanju 15-te godi&#154;njice osnivanja Centra Kosova za Rehabilitaciju Pre&#158;ivelih Torture - Predsednik Republike Kosovo - DR. VJOSA OSMANI - SADRIU<\/title>\n<meta name=\"description\" content=\"Govor Predsednice Jahjaga na obele&#158;avanju 15-te godi&#154;njice osnivanja Centra Kosova za Rehabilitaciju Pre&#158;ivelih Torture - Predsednik Republike Kosovo - DR. VJOSA OSMANI - SADRIU -\" \/>\n<meta name=\"robots\" content=\"index, follow, max-snippet:-1, max-image-preview:large, max-video-preview:-1\" \/>\n<link rel=\"canonical\" href=\"https:\/\/president-ksgov.net\/sr\/govor-predsednice-jahjaga-na-obeleavanju-15-te-godinjice-osnivanja-centra-kosova-za-rehabilitaciju-preivelih-torture\/\" \/>\n<meta property=\"og:locale\" content=\"sr_RS\" \/>\n<meta property=\"og:type\" content=\"article\" \/>\n<meta property=\"og:title\" content=\"Govor Predsednice Jahjaga na obele&#158;avanju 15-te godi&#154;njice osnivanja Centra Kosova za Rehabilitaciju Pre&#158;ivelih Torture - Predsednik Republike Kosovo - DR. VJOSA OSMANI - SADRIU\" \/>\n<meta property=\"og:description\" content=\"Govor Predsednice Jahjaga na obele&#158;avanju 15-te godi&#154;njice osnivanja Centra Kosova za Rehabilitaciju Pre&#158;ivelih Torture - Predsednik Republike Kosovo - DR. VJOSA OSMANI - SADRIU -\" \/>\n<meta property=\"og:url\" content=\"https:\/\/president-ksgov.net\/sr\/govor-predsednice-jahjaga-na-obeleavanju-15-te-godinjice-osnivanja-centra-kosova-za-rehabilitaciju-preivelih-torture\/\" \/>\n<meta property=\"og:site_name\" content=\"Predsednik Republike Kosovo - DR. VJOSA OSMANI - SADRIU\" \/>\n<meta property=\"article:published_time\" content=\"2014-10-14T21:10:24+00:00\" \/>\n<meta property=\"article:modified_time\" content=\"2023-03-08T09:03:07+00:00\" \/>\n<meta property=\"og:image\" content=\"https:\/\/president-ksgov.net\/wp-content\/uploads\/14_10_2014_1613270_14_tetor_2014_0.jpg\" \/>\n\t<meta property=\"og:image:width\" content=\"822\" \/>\n\t<meta property=\"og:image:height\" content=\"768\" \/>\n\t<meta property=\"og:image:type\" content=\"image\/jpeg\" \/>\n<meta name=\"author\" content=\"admin\" \/>\n<meta name=\"twitter:card\" content=\"summary_large_image\" \/>\n<meta name=\"twitter:label1\" content=\"\u041d\u0430\u043f\u0438\u0441\u0430\u043d\u043e \u043e\u0434\" \/>\n\t<meta name=\"twitter:data1\" content=\"admin\" \/>\n\t<meta name=\"twitter:label2\" content=\"\u041f\u0440\u043e\u0446\u0435\u045a\u0435\u043d\u043e \u0432\u0440\u0435\u043c\u0435 \u0447\u0438\u0442\u0430\u045a\u0430\" \/>\n\t<meta name=\"twitter:data2\" content=\"3 \u043c\u0438\u043d\u0443\u0442\u0430\" \/>\n<script type=\"application\/ld+json\" class=\"yoast-schema-graph\">{\"@context\":\"https:\/\/schema.org\",\"@graph\":[{\"@type\":\"WebPage\",\"@id\":\"https:\/\/president-ksgov.net\/sr\/govor-predsednice-jahjaga-na-obeleavanju-15-te-godinjice-osnivanja-centra-kosova-za-rehabilitaciju-preivelih-torture\/\",\"url\":\"https:\/\/president-ksgov.net\/sr\/govor-predsednice-jahjaga-na-obeleavanju-15-te-godinjice-osnivanja-centra-kosova-za-rehabilitaciju-preivelih-torture\/\",\"name\":\"Govor Predsednice Jahjaga na obele&#158;avanju 15-te godi&#154;njice osnivanja Centra Kosova za Rehabilitaciju Pre&#158;ivelih Torture - Predsednik Republike Kosovo - DR. VJOSA OSMANI - SADRIU\",\"isPartOf\":{\"@id\":\"https:\/\/president-ksgov.net\/#website\"},\"primaryImageOfPage\":{\"@id\":\"https:\/\/president-ksgov.net\/sr\/govor-predsednice-jahjaga-na-obeleavanju-15-te-godinjice-osnivanja-centra-kosova-za-rehabilitaciju-preivelih-torture\/#primaryimage\"},\"image\":{\"@id\":\"https:\/\/president-ksgov.net\/sr\/govor-predsednice-jahjaga-na-obeleavanju-15-te-godinjice-osnivanja-centra-kosova-za-rehabilitaciju-preivelih-torture\/#primaryimage\"},\"thumbnailUrl\":\"https:\/\/president-ksgov.net\/wp-content\/uploads\/14_10_2014_1613270_14_tetor_2014_0.jpg\",\"datePublished\":\"2014-10-14T21:10:24+00:00\",\"dateModified\":\"2023-03-08T09:03:07+00:00\",\"author\":{\"@id\":\"https:\/\/president-ksgov.net\/#\/schema\/person\/bb4337a5fb147cb2046d80548172cbee\"},\"description\":\"Govor Predsednice Jahjaga na obele&#158;avanju 15-te godi&#154;njice osnivanja Centra Kosova za Rehabilitaciju Pre&#158;ivelih Torture - Predsednik Republike Kosovo - DR. VJOSA OSMANI - SADRIU -\",\"breadcrumb\":{\"@id\":\"https:\/\/president-ksgov.net\/sr\/govor-predsednice-jahjaga-na-obeleavanju-15-te-godinjice-osnivanja-centra-kosova-za-rehabilitaciju-preivelih-torture\/#breadcrumb\"},\"inLanguage\":\"sr-RS\",\"potentialAction\":[{\"@type\":\"ReadAction\",\"target\":[\"https:\/\/president-ksgov.net\/sr\/govor-predsednice-jahjaga-na-obeleavanju-15-te-godinjice-osnivanja-centra-kosova-za-rehabilitaciju-preivelih-torture\/\"]}]},{\"@type\":\"ImageObject\",\"inLanguage\":\"sr-RS\",\"@id\":\"https:\/\/president-ksgov.net\/sr\/govor-predsednice-jahjaga-na-obeleavanju-15-te-godinjice-osnivanja-centra-kosova-za-rehabilitaciju-preivelih-torture\/#primaryimage\",\"url\":\"https:\/\/president-ksgov.net\/wp-content\/uploads\/14_10_2014_1613270_14_tetor_2014_0.jpg\",\"contentUrl\":\"https:\/\/president-ksgov.net\/wp-content\/uploads\/14_10_2014_1613270_14_tetor_2014_0.jpg\",\"width\":822,\"height\":768},{\"@type\":\"BreadcrumbList\",\"@id\":\"https:\/\/president-ksgov.net\/sr\/govor-predsednice-jahjaga-na-obeleavanju-15-te-godinjice-osnivanja-centra-kosova-za-rehabilitaciju-preivelih-torture\/#breadcrumb\",\"itemListElement\":[{\"@type\":\"ListItem\",\"position\":1,\"name\":\"Home\",\"item\":\"https:\/\/president-ksgov.net\/sr\/\"},{\"@type\":\"ListItem\",\"position\":2,\"name\":\"Govor Predsednice Jahjaga na obele&#158;avanju 15-te godi&#154;njice osnivanja Centra Kosova za Rehabilitaciju Pre&#158;ivelih Torture\"}]},{\"@type\":\"WebSite\",\"@id\":\"https:\/\/president-ksgov.net\/#website\",\"url\":\"https:\/\/president-ksgov.net\/\",\"name\":\"Presidente e Republik\u00ebs s\u00eb Kosov\u00ebs\",\"description\":\"Presidente e Republik\u00ebs s\u00eb Kosov\u00ebs\",\"alternateName\":\"DR. VJOSA OSMANI - SADRIU\",\"potentialAction\":[{\"@type\":\"SearchAction\",\"target\":{\"@type\":\"EntryPoint\",\"urlTemplate\":\"https:\/\/president-ksgov.net\/?s={search_term_string}\"},\"query-input\":{\"@type\":\"PropertyValueSpecification\",\"valueRequired\":true,\"valueName\":\"search_term_string\"}}],\"inLanguage\":\"sr-RS\"},{\"@type\":\"Person\",\"@id\":\"https:\/\/president-ksgov.net\/#\/schema\/person\/bb4337a5fb147cb2046d80548172cbee\",\"name\":\"admin\",\"image\":{\"@type\":\"ImageObject\",\"inLanguage\":\"sr-RS\",\"@id\":\"https:\/\/president-ksgov.net\/#\/schema\/person\/image\/\",\"url\":\"https:\/\/secure.gravatar.com\/avatar\/36156ca0fa3b8d9d25174f146e16beea0cf28f37adf1b9e19b6c9c279a7c9dd3?s=96&d=mm&r=g\",\"contentUrl\":\"https:\/\/secure.gravatar.com\/avatar\/36156ca0fa3b8d9d25174f146e16beea0cf28f37adf1b9e19b6c9c279a7c9dd3?s=96&d=mm&r=g\",\"caption\":\"admin\"},\"sameAs\":[\"https:\/\/president-ksgov.net\"]}]}<\/script>\n<!-- \/ Yoast SEO plugin. -->","yoast_head_json":{"title":"Govor Predsednice Jahjaga na obele&#158;avanju 15-te godi&#154;njice osnivanja Centra Kosova za Rehabilitaciju Pre&#158;ivelih Torture - Predsednik Republike Kosovo - DR. VJOSA OSMANI - SADRIU","description":"Govor Predsednice Jahjaga na obele&#158;avanju 15-te godi&#154;njice osnivanja Centra Kosova za Rehabilitaciju Pre&#158;ivelih Torture - Predsednik Republike Kosovo - DR. VJOSA OSMANI - SADRIU -","robots":{"index":"index","follow":"follow","max-snippet":"max-snippet:-1","max-image-preview":"max-image-preview:large","max-video-preview":"max-video-preview:-1"},"canonical":"https:\/\/president-ksgov.net\/sr\/govor-predsednice-jahjaga-na-obeleavanju-15-te-godinjice-osnivanja-centra-kosova-za-rehabilitaciju-preivelih-torture\/","og_locale":"sr_RS","og_type":"article","og_title":"Govor Predsednice Jahjaga na obele&#158;avanju 15-te godi&#154;njice osnivanja Centra Kosova za Rehabilitaciju Pre&#158;ivelih Torture - Predsednik Republike Kosovo - DR. VJOSA OSMANI - SADRIU","og_description":"Govor Predsednice Jahjaga na obele&#158;avanju 15-te godi&#154;njice osnivanja Centra Kosova za Rehabilitaciju Pre&#158;ivelih Torture - Predsednik Republike Kosovo - DR. VJOSA OSMANI - SADRIU -","og_url":"https:\/\/president-ksgov.net\/sr\/govor-predsednice-jahjaga-na-obeleavanju-15-te-godinjice-osnivanja-centra-kosova-za-rehabilitaciju-preivelih-torture\/","og_site_name":"Predsednik Republike Kosovo - DR. VJOSA OSMANI - SADRIU","article_published_time":"2014-10-14T21:10:24+00:00","article_modified_time":"2023-03-08T09:03:07+00:00","og_image":[{"width":822,"height":768,"url":"https:\/\/president-ksgov.net\/wp-content\/uploads\/14_10_2014_1613270_14_tetor_2014_0.jpg","type":"image\/jpeg"}],"author":"admin","twitter_card":"summary_large_image","twitter_misc":{"\u041d\u0430\u043f\u0438\u0441\u0430\u043d\u043e \u043e\u0434":"admin","\u041f\u0440\u043e\u0446\u0435\u045a\u0435\u043d\u043e \u0432\u0440\u0435\u043c\u0435 \u0447\u0438\u0442\u0430\u045a\u0430":"3 \u043c\u0438\u043d\u0443\u0442\u0430"},"schema":{"@context":"https:\/\/schema.org","@graph":[{"@type":"WebPage","@id":"https:\/\/president-ksgov.net\/sr\/govor-predsednice-jahjaga-na-obeleavanju-15-te-godinjice-osnivanja-centra-kosova-za-rehabilitaciju-preivelih-torture\/","url":"https:\/\/president-ksgov.net\/sr\/govor-predsednice-jahjaga-na-obeleavanju-15-te-godinjice-osnivanja-centra-kosova-za-rehabilitaciju-preivelih-torture\/","name":"Govor Predsednice Jahjaga na obele&#158;avanju 15-te godi&#154;njice osnivanja Centra Kosova za Rehabilitaciju Pre&#158;ivelih Torture - Predsednik Republike Kosovo - DR. VJOSA OSMANI - SADRIU","isPartOf":{"@id":"https:\/\/president-ksgov.net\/#website"},"primaryImageOfPage":{"@id":"https:\/\/president-ksgov.net\/sr\/govor-predsednice-jahjaga-na-obeleavanju-15-te-godinjice-osnivanja-centra-kosova-za-rehabilitaciju-preivelih-torture\/#primaryimage"},"image":{"@id":"https:\/\/president-ksgov.net\/sr\/govor-predsednice-jahjaga-na-obeleavanju-15-te-godinjice-osnivanja-centra-kosova-za-rehabilitaciju-preivelih-torture\/#primaryimage"},"thumbnailUrl":"https:\/\/president-ksgov.net\/wp-content\/uploads\/14_10_2014_1613270_14_tetor_2014_0.jpg","datePublished":"2014-10-14T21:10:24+00:00","dateModified":"2023-03-08T09:03:07+00:00","author":{"@id":"https:\/\/president-ksgov.net\/#\/schema\/person\/bb4337a5fb147cb2046d80548172cbee"},"description":"Govor Predsednice Jahjaga na obele&#158;avanju 15-te godi&#154;njice osnivanja Centra Kosova za Rehabilitaciju Pre&#158;ivelih Torture - Predsednik Republike Kosovo - DR. VJOSA OSMANI - SADRIU -","breadcrumb":{"@id":"https:\/\/president-ksgov.net\/sr\/govor-predsednice-jahjaga-na-obeleavanju-15-te-godinjice-osnivanja-centra-kosova-za-rehabilitaciju-preivelih-torture\/#breadcrumb"},"inLanguage":"sr-RS","potentialAction":[{"@type":"ReadAction","target":["https:\/\/president-ksgov.net\/sr\/govor-predsednice-jahjaga-na-obeleavanju-15-te-godinjice-osnivanja-centra-kosova-za-rehabilitaciju-preivelih-torture\/"]}]},{"@type":"ImageObject","inLanguage":"sr-RS","@id":"https:\/\/president-ksgov.net\/sr\/govor-predsednice-jahjaga-na-obeleavanju-15-te-godinjice-osnivanja-centra-kosova-za-rehabilitaciju-preivelih-torture\/#primaryimage","url":"https:\/\/president-ksgov.net\/wp-content\/uploads\/14_10_2014_1613270_14_tetor_2014_0.jpg","contentUrl":"https:\/\/president-ksgov.net\/wp-content\/uploads\/14_10_2014_1613270_14_tetor_2014_0.jpg","width":822,"height":768},{"@type":"BreadcrumbList","@id":"https:\/\/president-ksgov.net\/sr\/govor-predsednice-jahjaga-na-obeleavanju-15-te-godinjice-osnivanja-centra-kosova-za-rehabilitaciju-preivelih-torture\/#breadcrumb","itemListElement":[{"@type":"ListItem","position":1,"name":"Home","item":"https:\/\/president-ksgov.net\/sr\/"},{"@type":"ListItem","position":2,"name":"Govor Predsednice Jahjaga na obele&#158;avanju 15-te godi&#154;njice osnivanja Centra Kosova za Rehabilitaciju Pre&#158;ivelih Torture"}]},{"@type":"WebSite","@id":"https:\/\/president-ksgov.net\/#website","url":"https:\/\/president-ksgov.net\/","name":"Presidente e Republik\u00ebs s\u00eb Kosov\u00ebs","description":"Presidente e Republik\u00ebs s\u00eb Kosov\u00ebs","alternateName":"DR. VJOSA OSMANI - SADRIU","potentialAction":[{"@type":"SearchAction","target":{"@type":"EntryPoint","urlTemplate":"https:\/\/president-ksgov.net\/?s={search_term_string}"},"query-input":{"@type":"PropertyValueSpecification","valueRequired":true,"valueName":"search_term_string"}}],"inLanguage":"sr-RS"},{"@type":"Person","@id":"https:\/\/president-ksgov.net\/#\/schema\/person\/bb4337a5fb147cb2046d80548172cbee","name":"admin","image":{"@type":"ImageObject","inLanguage":"sr-RS","@id":"https:\/\/president-ksgov.net\/#\/schema\/person\/image\/","url":"https:\/\/secure.gravatar.com\/avatar\/36156ca0fa3b8d9d25174f146e16beea0cf28f37adf1b9e19b6c9c279a7c9dd3?s=96&d=mm&r=g","contentUrl":"https:\/\/secure.gravatar.com\/avatar\/36156ca0fa3b8d9d25174f146e16beea0cf28f37adf1b9e19b6c9c279a7c9dd3?s=96&d=mm&r=g","caption":"admin"},"sameAs":["https:\/\/president-ksgov.net"]}]}},"_links":{"self":[{"href":"https:\/\/president-ksgov.net\/sr\/wp-json\/wp\/v2\/posts\/77657","targetHints":{"allow":["GET"]}}],"collection":[{"href":"https:\/\/president-ksgov.net\/sr\/wp-json\/wp\/v2\/posts"}],"about":[{"href":"https:\/\/president-ksgov.net\/sr\/wp-json\/wp\/v2\/types\/post"}],"author":[{"embeddable":true,"href":"https:\/\/president-ksgov.net\/sr\/wp-json\/wp\/v2\/users\/1"}],"replies":[{"embeddable":true,"href":"https:\/\/president-ksgov.net\/sr\/wp-json\/wp\/v2\/comments?post=77657"}],"version-history":[{"count":1,"href":"https:\/\/president-ksgov.net\/sr\/wp-json\/wp\/v2\/posts\/77657\/revisions"}],"predecessor-version":[{"id":81655,"href":"https:\/\/president-ksgov.net\/sr\/wp-json\/wp\/v2\/posts\/77657\/revisions\/81655"}],"wp:featuredmedia":[{"embeddable":true,"href":"https:\/\/president-ksgov.net\/sr\/wp-json\/wp\/v2\/media\/43181"}],"wp:attachment":[{"href":"https:\/\/president-ksgov.net\/sr\/wp-json\/wp\/v2\/media?parent=77657"}],"wp:term":[{"taxonomy":"category","embeddable":true,"href":"https:\/\/president-ksgov.net\/sr\/wp-json\/wp\/v2\/categories?post=77657"},{"taxonomy":"post_tag","embeddable":true,"href":"https:\/\/president-ksgov.net\/sr\/wp-json\/wp\/v2\/tags?post=77657"}],"curies":[{"name":"wp","href":"https:\/\/api.w.org\/{rel}","templated":true}]}}