{"id":77647,"date":"2014-10-18T14:09:54","date_gmt":"2014-10-18T14:09:54","guid":{"rendered":"https:\/\/dev.president-ksgov.net\/govor-predsednice-atifete-jahjaga-na-manifestaciji-vecere-letine-2014\/"},"modified":"2023-03-08T09:03:07","modified_gmt":"2023-03-08T09:03:07","slug":"govor-predsednice-atifete-jahjaga-na-manifestaciji-vecere-letine-2014","status":"publish","type":"post","link":"https:\/\/president-ksgov.net\/sr\/govor-predsednice-atifete-jahjaga-na-manifestaciji-vecere-letine-2014\/","title":{"rendered":"Govor Predsednice Atifete Jahjaga na manifestaciji Ve\u010dere Letine 2014"},"content":{"rendered":"<p>Ve\u010dera Letine, jedna drevna tradicionalna manifestacija na&#353;eg naroda koja se ove godine organizuje u \u0110akovici, simbolizuje slavlje radosti \u010doveka za okon\u010danje godi&#353;njih poslova letine, donose\u0107i pre svega radost za prinos useva na&#353;eg zemlji&#353;ta.<\/p>\n<p>Po&#353;tovana predsednica op&#353;tine \u0110akovica, gospo\u0111a Mimoza Kusari,<br \/>\nPo&#353;tovani premijer Tha\u010di,<br \/>\nPo&#353;tovani ministri,<br \/>\nPo&#353;tovani ambasadori,<br \/>\nPo&#353;tovani lideri verskih zajednica,<br \/>\nPo&#353;tovani predstavnici akademskoga sveta, kulture, nauke i umetnosti,<br \/>\nPo&#353;tovani predstavnici Snage Bezbednosti, Kosovske Policije, i predstavnici mirotvorne misije NATO-a,<br \/>\nPo&#353;tovani gra\u0111ani Republike Kosovo,<br \/>\nPo&#353;tovani gra\u0111ani \u0110akovice,<br \/>\nPo&#353;tovani prisutni<\/p>\n<p>Ve\u010dera Letine, jedna drevna tradicionalna manifestacija na&#353;eg naroda koja se ove godine organizuje u \u0110akovici, simbolizuje slavlje radosti \u010doveka za okon\u010danje godi&#353;njih poslova letine, donose\u0107i pre svega radost za prinos useva na&#353;eg zemlji&#353;ta.<\/p>\n<p>Ovog dana zahvaljujemo Bogu za sva dobra koje nam donosio, po&#353;tujemo posao i anga&#382;ovanje zemljoradnika, za kvalitetan i dovoljan proizvod, i skupimo se svi oko na&#353;eg zajedni\u010dkog stola, izla&#382;u\u0107i svaka ku\u0107a najbolje proizvode koje ima dele\u0107i iz zajedno sa ostalima.<\/p>\n<p>Ve\u010dera Letine jeste slavlje radosti, jer je obezbe\u0111ena godi&#353;nja ishrana, to je jedno slavlje bogatstva i dobara, koje nam priroda podarila, to je slavlje solidarnosti i zajedni\u010dkog rada ljudi koji poma&#382;u jedan &#8211; drugom.<\/p>\n<p>Da pove\u0107amo na&#353; trud i anga&#382;ovanje da budemo gazde ove zemlje, sara\u0111uju\u0107i i nalaze\u0107i najbolji put za izgradnju odgovornih, ustrajnih i demokratskih institucija, radi unapre\u0111enja zemlje, za prosperitet, razvoj i blagostanje.<\/p>\n<p>Gaje\u0107i na&#353;e najbolje tradicije doka&#382;imo mudrost i dostojanstvo, da ovekove\u010dimo ideale svih generacija koji su voleli slobodno i demokratsko Kosovo u ve\u010ditom prijateljstvu sa Sjedinjenim Ameri\u010dkim Dr&#382;avama i Kosovo kao zemlju \u010dlanicu Evropske Zajednice<\/p>\n<p>Da okusimo proizvode na&#353;e zemlje<br \/>\nDa se zahvalimo Bogu za dobra kojima nas podario<br \/>\nSa\u010duvaj Bo&#382;e Kosovo, narod i na&#353;e prijatelje.\u00a0<\/p>\n","protected":false},"excerpt":{"rendered":"<p>Ve\u010dera Letine, jedna drevna tradicionalna manifestacija na&#353;eg naroda koja se ove godine organizuje u \u0110akovici, simbolizuje slavlje radosti \u010doveka za okon\u010danje godi&#353;njih poslova letine, donose\u0107i pre svega radost za prinos useva na&#353;eg zemlji&#353;ta.<\/p>\n","protected":false},"author":1,"featured_media":43072,"comment_status":"open","ping_status":"closed","sticky":false,"template":"","format":"standard","meta":{"_eb_attr":"","footnotes":""},"categories":[106],"tags":[],"class_list":["post-77647","post","type-post","status-publish","format-standard","has-post-thumbnail","hentry","category-govori"],"yoast_head":"<!-- This site is optimized with the Yoast SEO plugin v23.5 - https:\/\/yoast.com\/wordpress\/plugins\/seo\/ -->\n<title>Govor Predsednice Atifete Jahjaga na manifestaciji Ve\u010dere Letine 2014 - Predsednik Republike Kosovo - DR. VJOSA OSMANI - SADRIU<\/title>\n<meta name=\"description\" content=\"Govor Predsednice Atifete Jahjaga na manifestaciji Ve\u010dere Letine 2014 - Predsednik Republike Kosovo - DR. VJOSA OSMANI - SADRIU -\" \/>\n<meta name=\"robots\" content=\"index, follow, max-snippet:-1, max-image-preview:large, max-video-preview:-1\" \/>\n<link rel=\"canonical\" href=\"https:\/\/president-ksgov.net\/fjala-e-presidentes-atifete-jahjaga-ne-manifestimin-darka-e-lames-2014\/\" \/>\n<meta property=\"og:locale\" content=\"sr_RS\" \/>\n<meta property=\"og:type\" content=\"article\" \/>\n<meta property=\"og:title\" content=\"Govor Predsednice Atifete Jahjaga na manifestaciji Ve\u010dere Letine 2014 - Predsednik Republike Kosovo - DR. VJOSA OSMANI - SADRIU\" \/>\n<meta property=\"og:description\" content=\"Govor Predsednice Atifete Jahjaga na manifestaciji Ve\u010dere Letine 2014 - Predsednik Republike Kosovo - DR. VJOSA OSMANI - SADRIU -\" \/>\n<meta property=\"og:url\" content=\"https:\/\/president-ksgov.net\/fjala-e-presidentes-atifete-jahjaga-ne-manifestimin-darka-e-lames-2014\/\" \/>\n<meta property=\"og:site_name\" content=\"Predsednik Republike Kosovo - DR. VJOSA OSMANI - SADRIU\" \/>\n<meta property=\"article:published_time\" content=\"2014-10-18T14:09:54+00:00\" \/>\n<meta property=\"article:modified_time\" content=\"2023-03-08T09:03:07+00:00\" \/>\n<meta property=\"og:image\" content=\"https:\/\/president-ksgov.net\/wp-content\/uploads\/18_10_2014_1739819_001_18102014.jpg\" \/>\n\t<meta property=\"og:image:width\" content=\"1024\" \/>\n\t<meta property=\"og:image:height\" content=\"683\" \/>\n\t<meta property=\"og:image:type\" content=\"image\/jpeg\" \/>\n<meta name=\"author\" content=\"admin\" \/>\n<meta name=\"twitter:card\" content=\"summary_large_image\" \/>\n<meta name=\"twitter:label1\" content=\"\u041d\u0430\u043f\u0438\u0441\u0430\u043d\u043e \u043e\u0434\" \/>\n\t<meta name=\"twitter:data1\" content=\"admin\" \/>\n\t<meta name=\"twitter:label2\" content=\"\u041f\u0440\u043e\u0446\u0435\u045a\u0435\u043d\u043e \u0432\u0440\u0435\u043c\u0435 \u0447\u0438\u0442\u0430\u045a\u0430\" \/>\n\t<meta name=\"twitter:data2\" content=\"2 \u043c\u0438\u043d\u0443\u0442\u0430\" \/>\n<script type=\"application\/ld+json\" class=\"yoast-schema-graph\">{\"@context\":\"https:\/\/schema.org\",\"@graph\":[{\"@type\":\"WebPage\",\"@id\":\"https:\/\/president-ksgov.net\/fjala-e-presidentes-atifete-jahjaga-ne-manifestimin-darka-e-lames-2014\/\",\"url\":\"https:\/\/president-ksgov.net\/fjala-e-presidentes-atifete-jahjaga-ne-manifestimin-darka-e-lames-2014\/\",\"name\":\"Govor Predsednice Atifete Jahjaga na manifestaciji Ve\u010dere Letine 2014 - Predsednik Republike Kosovo - DR. VJOSA OSMANI - SADRIU\",\"isPartOf\":{\"@id\":\"https:\/\/president-ksgov.net\/#website\"},\"primaryImageOfPage\":{\"@id\":\"https:\/\/president-ksgov.net\/fjala-e-presidentes-atifete-jahjaga-ne-manifestimin-darka-e-lames-2014\/#primaryimage\"},\"image\":{\"@id\":\"https:\/\/president-ksgov.net\/fjala-e-presidentes-atifete-jahjaga-ne-manifestimin-darka-e-lames-2014\/#primaryimage\"},\"thumbnailUrl\":\"https:\/\/president-ksgov.net\/wp-content\/uploads\/18_10_2014_1739819_001_18102014.jpg\",\"datePublished\":\"2014-10-18T14:09:54+00:00\",\"dateModified\":\"2023-03-08T09:03:07+00:00\",\"author\":{\"@id\":\"https:\/\/president-ksgov.net\/#\/schema\/person\/bb4337a5fb147cb2046d80548172cbee\"},\"description\":\"Govor Predsednice Atifete Jahjaga na manifestaciji Ve\u010dere Letine 2014 - Predsednik Republike Kosovo - DR. VJOSA OSMANI - SADRIU -\",\"breadcrumb\":{\"@id\":\"https:\/\/president-ksgov.net\/fjala-e-presidentes-atifete-jahjaga-ne-manifestimin-darka-e-lames-2014\/#breadcrumb\"},\"inLanguage\":\"sr-RS\",\"potentialAction\":[{\"@type\":\"ReadAction\",\"target\":[\"https:\/\/president-ksgov.net\/fjala-e-presidentes-atifete-jahjaga-ne-manifestimin-darka-e-lames-2014\/\"]}]},{\"@type\":\"ImageObject\",\"inLanguage\":\"sr-RS\",\"@id\":\"https:\/\/president-ksgov.net\/fjala-e-presidentes-atifete-jahjaga-ne-manifestimin-darka-e-lames-2014\/#primaryimage\",\"url\":\"https:\/\/president-ksgov.net\/wp-content\/uploads\/18_10_2014_1739819_001_18102014.jpg\",\"contentUrl\":\"https:\/\/president-ksgov.net\/wp-content\/uploads\/18_10_2014_1739819_001_18102014.jpg\",\"width\":1024,\"height\":683},{\"@type\":\"BreadcrumbList\",\"@id\":\"https:\/\/president-ksgov.net\/fjala-e-presidentes-atifete-jahjaga-ne-manifestimin-darka-e-lames-2014\/#breadcrumb\",\"itemListElement\":[{\"@type\":\"ListItem\",\"position\":1,\"name\":\"Home\",\"item\":\"https:\/\/president-ksgov.net\/sr\/\"},{\"@type\":\"ListItem\",\"position\":2,\"name\":\"Govor Predsednice Atifete Jahjaga na manifestaciji Ve\u010dere Letine 2014\"}]},{\"@type\":\"WebSite\",\"@id\":\"https:\/\/president-ksgov.net\/#website\",\"url\":\"https:\/\/president-ksgov.net\/\",\"name\":\"Presidente e Republik\u00ebs s\u00eb Kosov\u00ebs\",\"description\":\"Presidente e Republik\u00ebs s\u00eb Kosov\u00ebs\",\"alternateName\":\"DR. VJOSA OSMANI - SADRIU\",\"potentialAction\":[{\"@type\":\"SearchAction\",\"target\":{\"@type\":\"EntryPoint\",\"urlTemplate\":\"https:\/\/president-ksgov.net\/?s={search_term_string}\"},\"query-input\":{\"@type\":\"PropertyValueSpecification\",\"valueRequired\":true,\"valueName\":\"search_term_string\"}}],\"inLanguage\":\"sr-RS\"},{\"@type\":\"Person\",\"@id\":\"https:\/\/president-ksgov.net\/#\/schema\/person\/bb4337a5fb147cb2046d80548172cbee\",\"name\":\"admin\",\"image\":{\"@type\":\"ImageObject\",\"inLanguage\":\"sr-RS\",\"@id\":\"https:\/\/president-ksgov.net\/#\/schema\/person\/image\/\",\"url\":\"https:\/\/secure.gravatar.com\/avatar\/36156ca0fa3b8d9d25174f146e16beea0cf28f37adf1b9e19b6c9c279a7c9dd3?s=96&d=mm&r=g\",\"contentUrl\":\"https:\/\/secure.gravatar.com\/avatar\/36156ca0fa3b8d9d25174f146e16beea0cf28f37adf1b9e19b6c9c279a7c9dd3?s=96&d=mm&r=g\",\"caption\":\"admin\"},\"sameAs\":[\"https:\/\/president-ksgov.net\"]}]}<\/script>\n<!-- \/ Yoast SEO plugin. -->","yoast_head_json":{"title":"Govor Predsednice Atifete Jahjaga na manifestaciji Ve\u010dere Letine 2014 - Predsednik Republike Kosovo - DR. VJOSA OSMANI - SADRIU","description":"Govor Predsednice Atifete Jahjaga na manifestaciji Ve\u010dere Letine 2014 - Predsednik Republike Kosovo - DR. VJOSA OSMANI - SADRIU -","robots":{"index":"index","follow":"follow","max-snippet":"max-snippet:-1","max-image-preview":"max-image-preview:large","max-video-preview":"max-video-preview:-1"},"canonical":"https:\/\/president-ksgov.net\/fjala-e-presidentes-atifete-jahjaga-ne-manifestimin-darka-e-lames-2014\/","og_locale":"sr_RS","og_type":"article","og_title":"Govor Predsednice Atifete Jahjaga na manifestaciji Ve\u010dere Letine 2014 - Predsednik Republike Kosovo - DR. VJOSA OSMANI - SADRIU","og_description":"Govor Predsednice Atifete Jahjaga na manifestaciji Ve\u010dere Letine 2014 - Predsednik Republike Kosovo - DR. VJOSA OSMANI - SADRIU -","og_url":"https:\/\/president-ksgov.net\/fjala-e-presidentes-atifete-jahjaga-ne-manifestimin-darka-e-lames-2014\/","og_site_name":"Predsednik Republike Kosovo - DR. VJOSA OSMANI - SADRIU","article_published_time":"2014-10-18T14:09:54+00:00","article_modified_time":"2023-03-08T09:03:07+00:00","og_image":[{"width":1024,"height":683,"url":"https:\/\/president-ksgov.net\/wp-content\/uploads\/18_10_2014_1739819_001_18102014.jpg","type":"image\/jpeg"}],"author":"admin","twitter_card":"summary_large_image","twitter_misc":{"\u041d\u0430\u043f\u0438\u0441\u0430\u043d\u043e \u043e\u0434":"admin","\u041f\u0440\u043e\u0446\u0435\u045a\u0435\u043d\u043e \u0432\u0440\u0435\u043c\u0435 \u0447\u0438\u0442\u0430\u045a\u0430":"2 \u043c\u0438\u043d\u0443\u0442\u0430"},"schema":{"@context":"https:\/\/schema.org","@graph":[{"@type":"WebPage","@id":"https:\/\/president-ksgov.net\/fjala-e-presidentes-atifete-jahjaga-ne-manifestimin-darka-e-lames-2014\/","url":"https:\/\/president-ksgov.net\/fjala-e-presidentes-atifete-jahjaga-ne-manifestimin-darka-e-lames-2014\/","name":"Govor Predsednice Atifete Jahjaga na manifestaciji Ve\u010dere Letine 2014 - Predsednik Republike Kosovo - DR. VJOSA OSMANI - SADRIU","isPartOf":{"@id":"https:\/\/president-ksgov.net\/#website"},"primaryImageOfPage":{"@id":"https:\/\/president-ksgov.net\/fjala-e-presidentes-atifete-jahjaga-ne-manifestimin-darka-e-lames-2014\/#primaryimage"},"image":{"@id":"https:\/\/president-ksgov.net\/fjala-e-presidentes-atifete-jahjaga-ne-manifestimin-darka-e-lames-2014\/#primaryimage"},"thumbnailUrl":"https:\/\/president-ksgov.net\/wp-content\/uploads\/18_10_2014_1739819_001_18102014.jpg","datePublished":"2014-10-18T14:09:54+00:00","dateModified":"2023-03-08T09:03:07+00:00","author":{"@id":"https:\/\/president-ksgov.net\/#\/schema\/person\/bb4337a5fb147cb2046d80548172cbee"},"description":"Govor Predsednice Atifete Jahjaga na manifestaciji Ve\u010dere Letine 2014 - Predsednik Republike Kosovo - DR. VJOSA OSMANI - SADRIU -","breadcrumb":{"@id":"https:\/\/president-ksgov.net\/fjala-e-presidentes-atifete-jahjaga-ne-manifestimin-darka-e-lames-2014\/#breadcrumb"},"inLanguage":"sr-RS","potentialAction":[{"@type":"ReadAction","target":["https:\/\/president-ksgov.net\/fjala-e-presidentes-atifete-jahjaga-ne-manifestimin-darka-e-lames-2014\/"]}]},{"@type":"ImageObject","inLanguage":"sr-RS","@id":"https:\/\/president-ksgov.net\/fjala-e-presidentes-atifete-jahjaga-ne-manifestimin-darka-e-lames-2014\/#primaryimage","url":"https:\/\/president-ksgov.net\/wp-content\/uploads\/18_10_2014_1739819_001_18102014.jpg","contentUrl":"https:\/\/president-ksgov.net\/wp-content\/uploads\/18_10_2014_1739819_001_18102014.jpg","width":1024,"height":683},{"@type":"BreadcrumbList","@id":"https:\/\/president-ksgov.net\/fjala-e-presidentes-atifete-jahjaga-ne-manifestimin-darka-e-lames-2014\/#breadcrumb","itemListElement":[{"@type":"ListItem","position":1,"name":"Home","item":"https:\/\/president-ksgov.net\/sr\/"},{"@type":"ListItem","position":2,"name":"Govor Predsednice Atifete Jahjaga na manifestaciji Ve\u010dere Letine 2014"}]},{"@type":"WebSite","@id":"https:\/\/president-ksgov.net\/#website","url":"https:\/\/president-ksgov.net\/","name":"Presidente e Republik\u00ebs s\u00eb Kosov\u00ebs","description":"Presidente e Republik\u00ebs s\u00eb Kosov\u00ebs","alternateName":"DR. VJOSA OSMANI - SADRIU","potentialAction":[{"@type":"SearchAction","target":{"@type":"EntryPoint","urlTemplate":"https:\/\/president-ksgov.net\/?s={search_term_string}"},"query-input":{"@type":"PropertyValueSpecification","valueRequired":true,"valueName":"search_term_string"}}],"inLanguage":"sr-RS"},{"@type":"Person","@id":"https:\/\/president-ksgov.net\/#\/schema\/person\/bb4337a5fb147cb2046d80548172cbee","name":"admin","image":{"@type":"ImageObject","inLanguage":"sr-RS","@id":"https:\/\/president-ksgov.net\/#\/schema\/person\/image\/","url":"https:\/\/secure.gravatar.com\/avatar\/36156ca0fa3b8d9d25174f146e16beea0cf28f37adf1b9e19b6c9c279a7c9dd3?s=96&d=mm&r=g","contentUrl":"https:\/\/secure.gravatar.com\/avatar\/36156ca0fa3b8d9d25174f146e16beea0cf28f37adf1b9e19b6c9c279a7c9dd3?s=96&d=mm&r=g","caption":"admin"},"sameAs":["https:\/\/president-ksgov.net"]}]}},"_links":{"self":[{"href":"https:\/\/president-ksgov.net\/sr\/wp-json\/wp\/v2\/posts\/77647","targetHints":{"allow":["GET"]}}],"collection":[{"href":"https:\/\/president-ksgov.net\/sr\/wp-json\/wp\/v2\/posts"}],"about":[{"href":"https:\/\/president-ksgov.net\/sr\/wp-json\/wp\/v2\/types\/post"}],"author":[{"embeddable":true,"href":"https:\/\/president-ksgov.net\/sr\/wp-json\/wp\/v2\/users\/1"}],"replies":[{"embeddable":true,"href":"https:\/\/president-ksgov.net\/sr\/wp-json\/wp\/v2\/comments?post=77647"}],"version-history":[{"count":1,"href":"https:\/\/president-ksgov.net\/sr\/wp-json\/wp\/v2\/posts\/77647\/revisions"}],"predecessor-version":[{"id":81654,"href":"https:\/\/president-ksgov.net\/sr\/wp-json\/wp\/v2\/posts\/77647\/revisions\/81654"}],"wp:featuredmedia":[{"embeddable":true,"href":"https:\/\/president-ksgov.net\/sr\/wp-json\/wp\/v2\/media\/43072"}],"wp:attachment":[{"href":"https:\/\/president-ksgov.net\/sr\/wp-json\/wp\/v2\/media?parent=77647"}],"wp:term":[{"taxonomy":"category","embeddable":true,"href":"https:\/\/president-ksgov.net\/sr\/wp-json\/wp\/v2\/categories?post=77647"},{"taxonomy":"post_tag","embeddable":true,"href":"https:\/\/president-ksgov.net\/sr\/wp-json\/wp\/v2\/tags?post=77647"}],"curies":[{"name":"wp","href":"https:\/\/api.w.org\/{rel}","templated":true}]}}