{"id":77637,"date":"2014-10-30T13:23:08","date_gmt":"2014-10-30T13:23:08","guid":{"rendered":"https:\/\/dev.president-ksgov.net\/govor-predsednice-jahjaga-na-otvaranju-kampanje-povecanje-radnih-mesta-za-lica-sa-ogranicenim-sposobnostima\/"},"modified":"2023-03-08T09:03:07","modified_gmt":"2023-03-08T09:03:07","slug":"govor-predsednice-jahjaga-na-otvaranju-kampanje-povecanje-radnih-mesta-za-lica-sa-ogranicenim-sposobnostima","status":"publish","type":"post","link":"https:\/\/president-ksgov.net\/sr\/govor-predsednice-jahjaga-na-otvaranju-kampanje-povecanje-radnih-mesta-za-lica-sa-ogranicenim-sposobnostima\/","title":{"rendered":"Govor Predsednice Jahjaga na otvaranju kampanje &#147;Pove\u0107anje radnih mesta za lica sa ograni\u010denim sposobnostima&#148;"},"content":{"rendered":"<p>Uz veliko zadovoljstvo sam prihvatila poziv da budem po\u010dasni \u010dlan ove inicijative koja cilja pove\u0107anje radnih mesta za lica sa ograni\u010denim sposobnostima.<\/p>\n<p>Po&#353;tovani predstavnici institucija Republike Kosovo,<\/p>\n<p>Po&#353;tovani predstavnici zajednice biznisa,<\/p>\n<p>Po&#353;tovana gospoda Daija,<\/p>\n<p>Po&#353;tovani gospodin Kelmendi,<\/p>\n<p>Po&#353;tovani ucesnici,<\/p>\n<p>Dame i gospodo,<\/p>\n<p>Uz veliko zadovoljstvo sam prihvatila poziv da budem pocasni clan ove inicijative koja cilja povecanje radnih mesta za lica sa ogranicenim sposobnostima.<\/p>\n<p>Realizacije ove inicijative se neposredno nadovezuje sa izgradnjom sveobuhvatnog dru&#353;tva, gde se svakom gradaninu garantuju jednaka prava. Pravo na rad je deo osnovnih ljudskih prava koje je svakom gradaninu Kosova garantovano pravosna&#382;nim zakonima, Ustavom zemlje i Medunarodnim Konvencijama, koje su primenljive u na&#353;u zemlju.<\/p>\n<p>Mi kao lideri treba da predstavimo na&#353;u jasnu viziju za ovaj vrlo va&#382;an deo dru&#353;tva, da se anga&#382;ujemo i da konkretno radimo za sveobuhvatnost, da se usredsredimo na sposobnosti a ne na njihova ogranicenja jer samo tako ce nam se pru&#382;iti mogucnosti koje nismo imali do danas.<\/p>\n<p>Da prevazilazimo predrasude jer pro&#353;irenjem na&#353;ih gledi&#353;ta i obuhvatajuci na ravnopravan nacin sve, cemo moci govoriti o jednoj dr&#382;avi gde svaki gradanin u&#382;iva ista prava i mogucnosti nezavisno od razlicitosti. <\/p>\n<p>Po&#353;tovani ucesnici,<\/p>\n<p>&#8220;Nacionalnu Strategiju o pravima lica sa ogranicenim sposobnostima 2013-2023&#8220; jeste jedan od strate&#353;kih dokumenata Republike Kosovo, sa kojim se cilja pobolj&#353;anje kvaliteta &#382;ivota lica sa ogranicenim sposobnostima ali i jacanje politika zapo&#353;ljavanja ovih lica u skladu sa evropskim standardima.<\/p>\n<p>Ipak potreban je konkretan rad i anga&#382;ovanje i posvecenje svih strana, ne samo institucija, nego i civilnog dru&#353;tva i svih interesnih grupa, da bi sa&#382;ivela ova strategija, da svako lice sa posebnim potrebama iskoristi sva garantovana prava ali i da preuzima odgovornost za izgradnju jedne bolje buducnosti.<\/p>\n<p>Od institucija zahtevam i ujedno pozivam predstavnike zajednice biznisa da otvore svoje vizije, da prevazidu svoje predrasude i da na &#353;to bolji moguci nacin koriste talenat koji imaju osobe sa posebnim potrebama jer samo podsticanjem i unapredenjem njihovih postojecih sposobnosti cemo imati jedno razvijeno i sveobuhvatno dru&#353;tvo.<\/p>\n<p>Kosovo je zemlja koja cilja clanstvo u Evropsku Zajednicu, zato mi trebamo ispuniti kriterije, trebamo izvr&#353;iti reforme, i sve to za na&#353; bolji interes, da se svi gradani osecaju ravnopravni i da svi bez razlike u&#382;ivaju mogucnosti pristupa zapo&#353;ljavanju, &#353;to bi nesumnjivo bio nastavak ravnopravnih mogucnosti za &#353;kolovanje, zdravstvo i u svakoj drugoj oblasti &#382;ivota.<\/p>\n<p>Sa ove konferencije, &#382;elim uputiti poruku da, svako dru&#353;tvo napreduje ostvarivanjem napretka u povecanju radnih mesta za lica sa ogranicenim sposobnostima, uz vece koristi po&#353;tujuci licnost i profesionalno dostojanstvo svakog gradanina.<\/p>\n<p>Danas je vreme za delovanje, za jedno sveobuhvatno Kosovo ravnopravnih mogucnosti za svakog, za mogucnosti zapo&#353;ljavanja za sve, bez razlike!<\/p>\n<p>Zahvaljujem!<\/p>\n","protected":false},"excerpt":{"rendered":"<p>Uz veliko zadovoljstvo sam prihvatila poziv da budem po\u010dasni \u010dlan ove inicijative koja cilja pove\u0107anje radnih mesta za lica sa ograni\u010denim sposobnostima.<\/p>\n","protected":false},"author":1,"featured_media":42984,"comment_status":"open","ping_status":"closed","sticky":false,"template":"","format":"standard","meta":{"_eb_attr":"","footnotes":""},"categories":[106],"tags":[],"class_list":["post-77637","post","type-post","status-publish","format-standard","has-post-thumbnail","hentry","category-govori"],"yoast_head":"<!-- This site is optimized with the Yoast SEO plugin v23.5 - https:\/\/yoast.com\/wordpress\/plugins\/seo\/ -->\n<title>Govor Predsednice Jahjaga na otvaranju kampanje &#147;Pove\u0107anje radnih mesta za lica sa ograni\u010denim sposobnostima&#148; - Predsednik Republike Kosovo - DR. VJOSA OSMANI - SADRIU<\/title>\n<meta name=\"description\" content=\"Govor Predsednice Jahjaga na otvaranju kampanje &#147;Pove\u0107anje radnih mesta za lica sa ograni\u010denim sposobnostima&#148; - Predsednik Republike Kosovo - DR. VJOSA OSMANI - SADRIU -\" \/>\n<meta name=\"robots\" content=\"index, follow, max-snippet:-1, max-image-preview:large, max-video-preview:-1\" \/>\n<link rel=\"canonical\" href=\"https:\/\/president-ksgov.net\/fjala-e-presidentes-jahjaga-ne-hapje-te-fushates-rritja-e-vendeve-te-punes-per-personat-me-aftesi-te-kufizuara\/\" \/>\n<meta property=\"og:locale\" content=\"sr_RS\" \/>\n<meta property=\"og:type\" content=\"article\" \/>\n<meta property=\"og:title\" content=\"Govor Predsednice Jahjaga na otvaranju kampanje &#147;Pove\u0107anje radnih mesta za lica sa ograni\u010denim sposobnostima&#148; - Predsednik Republike Kosovo - DR. VJOSA OSMANI - SADRIU\" \/>\n<meta property=\"og:description\" content=\"Govor Predsednice Jahjaga na otvaranju kampanje &#147;Pove\u0107anje radnih mesta za lica sa ograni\u010denim sposobnostima&#148; - Predsednik Republike Kosovo - DR. VJOSA OSMANI - SADRIU -\" \/>\n<meta property=\"og:url\" content=\"https:\/\/president-ksgov.net\/fjala-e-presidentes-jahjaga-ne-hapje-te-fushates-rritja-e-vendeve-te-punes-per-personat-me-aftesi-te-kufizuara\/\" \/>\n<meta property=\"og:site_name\" content=\"Predsednik Republike Kosovo - DR. VJOSA OSMANI - SADRIU\" \/>\n<meta property=\"article:published_time\" content=\"2014-10-30T13:23:08+00:00\" \/>\n<meta property=\"article:modified_time\" content=\"2023-03-08T09:03:07+00:00\" \/>\n<meta property=\"og:image\" content=\"https:\/\/president-ksgov.net\/wp-content\/uploads\/30_10_2014_2875595_30_tetor_2014_11-scaled.gif\" \/>\n\t<meta property=\"og:image:width\" content=\"2560\" \/>\n\t<meta property=\"og:image:height\" content=\"1584\" \/>\n\t<meta property=\"og:image:type\" content=\"image\/gif\" \/>\n<meta name=\"author\" content=\"admin\" \/>\n<meta name=\"twitter:card\" content=\"summary_large_image\" \/>\n<meta name=\"twitter:label1\" content=\"\u041d\u0430\u043f\u0438\u0441\u0430\u043d\u043e \u043e\u0434\" \/>\n\t<meta name=\"twitter:data1\" content=\"admin\" \/>\n\t<meta name=\"twitter:label2\" content=\"\u041f\u0440\u043e\u0446\u0435\u045a\u0435\u043d\u043e \u0432\u0440\u0435\u043c\u0435 \u0447\u0438\u0442\u0430\u045a\u0430\" \/>\n\t<meta name=\"twitter:data2\" content=\"2 \u043c\u0438\u043d\u0443\u0442\u0430\" \/>\n<script type=\"application\/ld+json\" class=\"yoast-schema-graph\">{\"@context\":\"https:\/\/schema.org\",\"@graph\":[{\"@type\":\"WebPage\",\"@id\":\"https:\/\/president-ksgov.net\/fjala-e-presidentes-jahjaga-ne-hapje-te-fushates-rritja-e-vendeve-te-punes-per-personat-me-aftesi-te-kufizuara\/\",\"url\":\"https:\/\/president-ksgov.net\/fjala-e-presidentes-jahjaga-ne-hapje-te-fushates-rritja-e-vendeve-te-punes-per-personat-me-aftesi-te-kufizuara\/\",\"name\":\"Govor Predsednice Jahjaga na otvaranju kampanje &#147;Pove\u0107anje radnih mesta za lica sa ograni\u010denim sposobnostima&#148; - Predsednik Republike Kosovo - DR. VJOSA OSMANI - SADRIU\",\"isPartOf\":{\"@id\":\"https:\/\/president-ksgov.net\/#website\"},\"primaryImageOfPage\":{\"@id\":\"https:\/\/president-ksgov.net\/fjala-e-presidentes-jahjaga-ne-hapje-te-fushates-rritja-e-vendeve-te-punes-per-personat-me-aftesi-te-kufizuara\/#primaryimage\"},\"image\":{\"@id\":\"https:\/\/president-ksgov.net\/fjala-e-presidentes-jahjaga-ne-hapje-te-fushates-rritja-e-vendeve-te-punes-per-personat-me-aftesi-te-kufizuara\/#primaryimage\"},\"thumbnailUrl\":\"https:\/\/president-ksgov.net\/wp-content\/uploads\/30_10_2014_2875595_30_tetor_2014_11-scaled.gif\",\"datePublished\":\"2014-10-30T13:23:08+00:00\",\"dateModified\":\"2023-03-08T09:03:07+00:00\",\"author\":{\"@id\":\"https:\/\/president-ksgov.net\/#\/schema\/person\/bb4337a5fb147cb2046d80548172cbee\"},\"description\":\"Govor Predsednice Jahjaga na otvaranju kampanje &#147;Pove\u0107anje radnih mesta za lica sa ograni\u010denim sposobnostima&#148; - Predsednik Republike Kosovo - DR. VJOSA OSMANI - SADRIU -\",\"breadcrumb\":{\"@id\":\"https:\/\/president-ksgov.net\/fjala-e-presidentes-jahjaga-ne-hapje-te-fushates-rritja-e-vendeve-te-punes-per-personat-me-aftesi-te-kufizuara\/#breadcrumb\"},\"inLanguage\":\"sr-RS\",\"potentialAction\":[{\"@type\":\"ReadAction\",\"target\":[\"https:\/\/president-ksgov.net\/fjala-e-presidentes-jahjaga-ne-hapje-te-fushates-rritja-e-vendeve-te-punes-per-personat-me-aftesi-te-kufizuara\/\"]}]},{\"@type\":\"ImageObject\",\"inLanguage\":\"sr-RS\",\"@id\":\"https:\/\/president-ksgov.net\/fjala-e-presidentes-jahjaga-ne-hapje-te-fushates-rritja-e-vendeve-te-punes-per-personat-me-aftesi-te-kufizuara\/#primaryimage\",\"url\":\"https:\/\/president-ksgov.net\/wp-content\/uploads\/30_10_2014_2875595_30_tetor_2014_11-scaled.gif\",\"contentUrl\":\"https:\/\/president-ksgov.net\/wp-content\/uploads\/30_10_2014_2875595_30_tetor_2014_11-scaled.gif\",\"width\":2560,\"height\":1584},{\"@type\":\"BreadcrumbList\",\"@id\":\"https:\/\/president-ksgov.net\/fjala-e-presidentes-jahjaga-ne-hapje-te-fushates-rritja-e-vendeve-te-punes-per-personat-me-aftesi-te-kufizuara\/#breadcrumb\",\"itemListElement\":[{\"@type\":\"ListItem\",\"position\":1,\"name\":\"Home\",\"item\":\"https:\/\/president-ksgov.net\/sr\/\"},{\"@type\":\"ListItem\",\"position\":2,\"name\":\"Govor Predsednice Jahjaga na otvaranju kampanje &#147;Pove\u0107anje radnih mesta za lica sa ograni\u010denim sposobnostima&#148;\"}]},{\"@type\":\"WebSite\",\"@id\":\"https:\/\/president-ksgov.net\/#website\",\"url\":\"https:\/\/president-ksgov.net\/\",\"name\":\"Presidente e Republik\u00ebs s\u00eb Kosov\u00ebs\",\"description\":\"Presidente e Republik\u00ebs s\u00eb Kosov\u00ebs\",\"alternateName\":\"DR. VJOSA OSMANI - SADRIU\",\"potentialAction\":[{\"@type\":\"SearchAction\",\"target\":{\"@type\":\"EntryPoint\",\"urlTemplate\":\"https:\/\/president-ksgov.net\/?s={search_term_string}\"},\"query-input\":{\"@type\":\"PropertyValueSpecification\",\"valueRequired\":true,\"valueName\":\"search_term_string\"}}],\"inLanguage\":\"sr-RS\"},{\"@type\":\"Person\",\"@id\":\"https:\/\/president-ksgov.net\/#\/schema\/person\/bb4337a5fb147cb2046d80548172cbee\",\"name\":\"admin\",\"image\":{\"@type\":\"ImageObject\",\"inLanguage\":\"sr-RS\",\"@id\":\"https:\/\/president-ksgov.net\/#\/schema\/person\/image\/\",\"url\":\"https:\/\/secure.gravatar.com\/avatar\/36156ca0fa3b8d9d25174f146e16beea0cf28f37adf1b9e19b6c9c279a7c9dd3?s=96&d=mm&r=g\",\"contentUrl\":\"https:\/\/secure.gravatar.com\/avatar\/36156ca0fa3b8d9d25174f146e16beea0cf28f37adf1b9e19b6c9c279a7c9dd3?s=96&d=mm&r=g\",\"caption\":\"admin\"},\"sameAs\":[\"https:\/\/president-ksgov.net\"]}]}<\/script>\n<!-- \/ Yoast SEO plugin. -->","yoast_head_json":{"title":"Govor Predsednice Jahjaga na otvaranju kampanje &#147;Pove\u0107anje radnih mesta za lica sa ograni\u010denim sposobnostima&#148; - Predsednik Republike Kosovo - DR. VJOSA OSMANI - SADRIU","description":"Govor Predsednice Jahjaga na otvaranju kampanje &#147;Pove\u0107anje radnih mesta za lica sa ograni\u010denim sposobnostima&#148; - Predsednik Republike Kosovo - DR. VJOSA OSMANI - SADRIU -","robots":{"index":"index","follow":"follow","max-snippet":"max-snippet:-1","max-image-preview":"max-image-preview:large","max-video-preview":"max-video-preview:-1"},"canonical":"https:\/\/president-ksgov.net\/fjala-e-presidentes-jahjaga-ne-hapje-te-fushates-rritja-e-vendeve-te-punes-per-personat-me-aftesi-te-kufizuara\/","og_locale":"sr_RS","og_type":"article","og_title":"Govor Predsednice Jahjaga na otvaranju kampanje &#147;Pove\u0107anje radnih mesta za lica sa ograni\u010denim sposobnostima&#148; - Predsednik Republike Kosovo - DR. VJOSA OSMANI - SADRIU","og_description":"Govor Predsednice Jahjaga na otvaranju kampanje &#147;Pove\u0107anje radnih mesta za lica sa ograni\u010denim sposobnostima&#148; - Predsednik Republike Kosovo - DR. VJOSA OSMANI - SADRIU -","og_url":"https:\/\/president-ksgov.net\/fjala-e-presidentes-jahjaga-ne-hapje-te-fushates-rritja-e-vendeve-te-punes-per-personat-me-aftesi-te-kufizuara\/","og_site_name":"Predsednik Republike Kosovo - DR. VJOSA OSMANI - SADRIU","article_published_time":"2014-10-30T13:23:08+00:00","article_modified_time":"2023-03-08T09:03:07+00:00","og_image":[{"width":2560,"height":1584,"url":"https:\/\/president-ksgov.net\/wp-content\/uploads\/30_10_2014_2875595_30_tetor_2014_11-scaled.gif","type":"image\/gif"}],"author":"admin","twitter_card":"summary_large_image","twitter_misc":{"\u041d\u0430\u043f\u0438\u0441\u0430\u043d\u043e \u043e\u0434":"admin","\u041f\u0440\u043e\u0446\u0435\u045a\u0435\u043d\u043e \u0432\u0440\u0435\u043c\u0435 \u0447\u0438\u0442\u0430\u045a\u0430":"2 \u043c\u0438\u043d\u0443\u0442\u0430"},"schema":{"@context":"https:\/\/schema.org","@graph":[{"@type":"WebPage","@id":"https:\/\/president-ksgov.net\/fjala-e-presidentes-jahjaga-ne-hapje-te-fushates-rritja-e-vendeve-te-punes-per-personat-me-aftesi-te-kufizuara\/","url":"https:\/\/president-ksgov.net\/fjala-e-presidentes-jahjaga-ne-hapje-te-fushates-rritja-e-vendeve-te-punes-per-personat-me-aftesi-te-kufizuara\/","name":"Govor Predsednice Jahjaga na otvaranju kampanje &#147;Pove\u0107anje radnih mesta za lica sa ograni\u010denim sposobnostima&#148; - Predsednik Republike Kosovo - DR. VJOSA OSMANI - SADRIU","isPartOf":{"@id":"https:\/\/president-ksgov.net\/#website"},"primaryImageOfPage":{"@id":"https:\/\/president-ksgov.net\/fjala-e-presidentes-jahjaga-ne-hapje-te-fushates-rritja-e-vendeve-te-punes-per-personat-me-aftesi-te-kufizuara\/#primaryimage"},"image":{"@id":"https:\/\/president-ksgov.net\/fjala-e-presidentes-jahjaga-ne-hapje-te-fushates-rritja-e-vendeve-te-punes-per-personat-me-aftesi-te-kufizuara\/#primaryimage"},"thumbnailUrl":"https:\/\/president-ksgov.net\/wp-content\/uploads\/30_10_2014_2875595_30_tetor_2014_11-scaled.gif","datePublished":"2014-10-30T13:23:08+00:00","dateModified":"2023-03-08T09:03:07+00:00","author":{"@id":"https:\/\/president-ksgov.net\/#\/schema\/person\/bb4337a5fb147cb2046d80548172cbee"},"description":"Govor Predsednice Jahjaga na otvaranju kampanje &#147;Pove\u0107anje radnih mesta za lica sa ograni\u010denim sposobnostima&#148; - Predsednik Republike Kosovo - DR. VJOSA OSMANI - SADRIU -","breadcrumb":{"@id":"https:\/\/president-ksgov.net\/fjala-e-presidentes-jahjaga-ne-hapje-te-fushates-rritja-e-vendeve-te-punes-per-personat-me-aftesi-te-kufizuara\/#breadcrumb"},"inLanguage":"sr-RS","potentialAction":[{"@type":"ReadAction","target":["https:\/\/president-ksgov.net\/fjala-e-presidentes-jahjaga-ne-hapje-te-fushates-rritja-e-vendeve-te-punes-per-personat-me-aftesi-te-kufizuara\/"]}]},{"@type":"ImageObject","inLanguage":"sr-RS","@id":"https:\/\/president-ksgov.net\/fjala-e-presidentes-jahjaga-ne-hapje-te-fushates-rritja-e-vendeve-te-punes-per-personat-me-aftesi-te-kufizuara\/#primaryimage","url":"https:\/\/president-ksgov.net\/wp-content\/uploads\/30_10_2014_2875595_30_tetor_2014_11-scaled.gif","contentUrl":"https:\/\/president-ksgov.net\/wp-content\/uploads\/30_10_2014_2875595_30_tetor_2014_11-scaled.gif","width":2560,"height":1584},{"@type":"BreadcrumbList","@id":"https:\/\/president-ksgov.net\/fjala-e-presidentes-jahjaga-ne-hapje-te-fushates-rritja-e-vendeve-te-punes-per-personat-me-aftesi-te-kufizuara\/#breadcrumb","itemListElement":[{"@type":"ListItem","position":1,"name":"Home","item":"https:\/\/president-ksgov.net\/sr\/"},{"@type":"ListItem","position":2,"name":"Govor Predsednice Jahjaga na otvaranju kampanje &#147;Pove\u0107anje radnih mesta za lica sa ograni\u010denim sposobnostima&#148;"}]},{"@type":"WebSite","@id":"https:\/\/president-ksgov.net\/#website","url":"https:\/\/president-ksgov.net\/","name":"Presidente e Republik\u00ebs s\u00eb Kosov\u00ebs","description":"Presidente e Republik\u00ebs s\u00eb Kosov\u00ebs","alternateName":"DR. VJOSA OSMANI - SADRIU","potentialAction":[{"@type":"SearchAction","target":{"@type":"EntryPoint","urlTemplate":"https:\/\/president-ksgov.net\/?s={search_term_string}"},"query-input":{"@type":"PropertyValueSpecification","valueRequired":true,"valueName":"search_term_string"}}],"inLanguage":"sr-RS"},{"@type":"Person","@id":"https:\/\/president-ksgov.net\/#\/schema\/person\/bb4337a5fb147cb2046d80548172cbee","name":"admin","image":{"@type":"ImageObject","inLanguage":"sr-RS","@id":"https:\/\/president-ksgov.net\/#\/schema\/person\/image\/","url":"https:\/\/secure.gravatar.com\/avatar\/36156ca0fa3b8d9d25174f146e16beea0cf28f37adf1b9e19b6c9c279a7c9dd3?s=96&d=mm&r=g","contentUrl":"https:\/\/secure.gravatar.com\/avatar\/36156ca0fa3b8d9d25174f146e16beea0cf28f37adf1b9e19b6c9c279a7c9dd3?s=96&d=mm&r=g","caption":"admin"},"sameAs":["https:\/\/president-ksgov.net"]}]}},"_links":{"self":[{"href":"https:\/\/president-ksgov.net\/sr\/wp-json\/wp\/v2\/posts\/77637","targetHints":{"allow":["GET"]}}],"collection":[{"href":"https:\/\/president-ksgov.net\/sr\/wp-json\/wp\/v2\/posts"}],"about":[{"href":"https:\/\/president-ksgov.net\/sr\/wp-json\/wp\/v2\/types\/post"}],"author":[{"embeddable":true,"href":"https:\/\/president-ksgov.net\/sr\/wp-json\/wp\/v2\/users\/1"}],"replies":[{"embeddable":true,"href":"https:\/\/president-ksgov.net\/sr\/wp-json\/wp\/v2\/comments?post=77637"}],"version-history":[{"count":1,"href":"https:\/\/president-ksgov.net\/sr\/wp-json\/wp\/v2\/posts\/77637\/revisions"}],"predecessor-version":[{"id":81652,"href":"https:\/\/president-ksgov.net\/sr\/wp-json\/wp\/v2\/posts\/77637\/revisions\/81652"}],"wp:featuredmedia":[{"embeddable":true,"href":"https:\/\/president-ksgov.net\/sr\/wp-json\/wp\/v2\/media\/42984"}],"wp:attachment":[{"href":"https:\/\/president-ksgov.net\/sr\/wp-json\/wp\/v2\/media?parent=77637"}],"wp:term":[{"taxonomy":"category","embeddable":true,"href":"https:\/\/president-ksgov.net\/sr\/wp-json\/wp\/v2\/categories?post=77637"},{"taxonomy":"post_tag","embeddable":true,"href":"https:\/\/president-ksgov.net\/sr\/wp-json\/wp\/v2\/tags?post=77637"}],"curies":[{"name":"wp","href":"https:\/\/api.w.org\/{rel}","templated":true}]}}