{"id":77622,"date":"2014-11-25T16:00:59","date_gmt":"2014-11-25T16:00:59","guid":{"rendered":"https:\/\/dev.president-ksgov.net\/izjava-predsednice-atifete-jahjaga-na-obeleavanju-medjunarodnog-dana-za-ukidanje-nasilja-nad-enama\/"},"modified":"2014-11-25T16:00:59","modified_gmt":"2014-11-25T16:00:59","slug":"izjava-predsednice-atifete-jahjaga-na-obeleavanju-medjunarodnog-dana-za-ukidanje-nasilja-nad-enama","status":"publish","type":"post","link":"https:\/\/president-ksgov.net\/sr\/izjava-predsednice-atifete-jahjaga-na-obeleavanju-medjunarodnog-dana-za-ukidanje-nasilja-nad-enama\/","title":{"rendered":"Izjava Predsednice Atifete Jahjaga na obele&#158;avanju Me\u0111unarodnog Dana za ukidanje nasilja nad &#158;enama"},"content":{"rendered":"<p>Predsednica Republike Kosovo, gospo\u0111a  Atifete Jahjaga je dala jednu izjavu povodom obele&#382;avanja Me\u0111unarodnog Dana za ukidanje nasilja nad &#382;enama.<\/p>\n<p>U izjavi se ka&#382;e: <\/p>\n<p>Danas bele&#382;imo me\u0111unarodni dan za ukidanje nasilja nad &#382;enama, jednog dana namenjen avokaciji za po&#353;tovanje jednakih\/ravnopravnih prava &#382;ena kao ljudska prava i radi okon\u010danja nasilja primenjenog nad njima.<\/p>\n<p>\u010cesto nasilje nad &#382;enom je smatrano kao jedno privatno porodi\u010dno pitanje, ali kr&#353;enje ljudskih prava jeste pitanje celog dru&#353;tva. Prema tone obaveza je isntitucija zemlje i celog dru&#353;tva da preduzimaju potrebne mere za spre\u010davanje ovog fenomena.<br \/>\nDanas dru&#353;tva u celom svetu po\u010dinju 16 dana aktiviranja svetske kampanje osve&#353;\u0107enja protiv nasilja nad &#382;enama, po&#353;to ovaj fonomen se ti\u010de sva dru&#353;tva bez razlike. Bele&#382;imo ovaj dan i u Kosovo u cilju osve&#353;\u0107enja na&#353;ih gra\u0111ana da nasilje u porodici i nasilje nad &#382;enama\u00a0 je nepodno&#353;ljiva i neprihvatljiva. Ovo nije samo kr&#353;enje njihovih prava, nego potcenjivanje porodice i potcenjivanje na&#353;eg dru&#353;tva.<\/p>\n<p>&#381;ivot svakog gra\u0111anina ove zemlje predstavlja vrednost s toga na&#353;a je obaveza da njega branimo. &#381;rtve treba braniti i zlostavlja\u010di treba da se dpvedu pred pravdom.<br \/>\nMi smo u toku izgradnje jedne demokratske dr&#382;ave s toga ravnopravnost rodova treba da bude na&#353;a vrednost, gde je uloga &#382;ene je garantovana u svakoj oblasti &#382;ivota i gde prava svakog gra\u0111anina su garantovana bez razlike rodova ili starosti.<\/p>\n<p>Izra&#382;avam moju nepo&#353;tednu podr&#353;ku ovih 16 godina aktiviranja protiv nasilja nad &#382;enama, rekav&#353;i STOP nasilju nad &#382;enom i pozivaju\u0107i celo dru&#353;tvo da anga&#382;ovanja za okon\u010danje nasilja nad &#382;enom \u010dine delom njihove svakodnevnice.<br \/>\nBele&#382;imo danas ovaj Dan, podse\u010daju\u0107i da dru&#353;tva postaju ravnopravna, napredna i pravedna, kda ravopravnost rodova ne\u0107e biti tema i kada \u0107e vrednost &#382;ene u dru&#353;tvo da se prizna i po&#353;tuje.<\/p>\n","protected":false},"excerpt":{"rendered":"<p>Predsednica Republike Kosovo, gospo\u0111a  Atifete Jahjaga je dala jednu izjavu povodom obele&#382;avanja Me\u0111unarodnog Dana za ukidanje nasilja nad &#382;enama.<\/p>\n","protected":false},"author":1,"featured_media":86338,"comment_status":"open","ping_status":"closed","sticky":false,"template":"","format":"standard","meta":{"_eb_attr":"","footnotes":""},"categories":[101],"tags":[],"class_list":["post-77622","post","type-post","status-publish","format-standard","has-post-thumbnail","hentry","category-vesti"],"yoast_head":"<!-- This site is optimized with the Yoast SEO plugin v23.5 - https:\/\/yoast.com\/wordpress\/plugins\/seo\/ -->\n<title>Izjava Predsednice Atifete Jahjaga na obele&#158;avanju Me\u0111unarodnog Dana za ukidanje nasilja nad &#158;enama - Predsednik Republike Kosovo - DR. VJOSA OSMANI - SADRIU<\/title>\n<meta name=\"description\" content=\"Izjava Predsednice Atifete Jahjaga na obele&#158;avanju Me\u0111unarodnog Dana za ukidanje nasilja nad &#158;enama - Predsednik Republike Kosovo - DR. VJOSA OSMANI - SADRIU -\" \/>\n<meta name=\"robots\" content=\"index, follow, max-snippet:-1, max-image-preview:large, max-video-preview:-1\" \/>\n<link rel=\"canonical\" href=\"https:\/\/president-ksgov.net\/deklarate-e-presidentes-atifete-jahjaga-ne-shenimin-e-dites-nderkombetare-per-eliminimin-e-dhunes-ndaj-grave\/\" \/>\n<meta property=\"og:locale\" content=\"sr_RS\" \/>\n<meta property=\"og:type\" content=\"article\" \/>\n<meta property=\"og:title\" content=\"Izjava Predsednice Atifete Jahjaga na obele&#158;avanju Me\u0111unarodnog Dana za ukidanje nasilja nad &#158;enama - Predsednik Republike Kosovo - DR. VJOSA OSMANI - SADRIU\" \/>\n<meta property=\"og:description\" content=\"Izjava Predsednice Atifete Jahjaga na obele&#158;avanju Me\u0111unarodnog Dana za ukidanje nasilja nad &#158;enama - Predsednik Republike Kosovo - DR. VJOSA OSMANI - SADRIU -\" \/>\n<meta property=\"og:url\" content=\"https:\/\/president-ksgov.net\/deklarate-e-presidentes-atifete-jahjaga-ne-shenimin-e-dites-nderkombetare-per-eliminimin-e-dhunes-ndaj-grave\/\" \/>\n<meta property=\"og:site_name\" content=\"Predsednik Republike Kosovo - DR. VJOSA OSMANI - SADRIU\" \/>\n<meta property=\"article:published_time\" content=\"2014-11-25T16:00:59+00:00\" \/>\n<meta property=\"og:image\" content=\"https:\/\/president-ksgov.net\/wp-content\/uploads\/Zyra-e-Presidentes-Featured-Image1-e1678970937938.png\" \/>\n\t<meta property=\"og:image:width\" content=\"1024\" \/>\n\t<meta property=\"og:image:height\" content=\"716\" \/>\n\t<meta property=\"og:image:type\" content=\"image\/png\" \/>\n<meta name=\"author\" content=\"admin\" \/>\n<meta name=\"twitter:card\" content=\"summary_large_image\" \/>\n<meta name=\"twitter:label1\" content=\"\u041d\u0430\u043f\u0438\u0441\u0430\u043d\u043e \u043e\u0434\" \/>\n\t<meta name=\"twitter:data1\" content=\"admin\" \/>\n\t<meta name=\"twitter:label2\" content=\"\u041f\u0440\u043e\u0446\u0435\u045a\u0435\u043d\u043e \u0432\u0440\u0435\u043c\u0435 \u0447\u0438\u0442\u0430\u045a\u0430\" \/>\n\t<meta name=\"twitter:data2\" content=\"2 \u043c\u0438\u043d\u0443\u0442\u0430\" \/>\n<script type=\"application\/ld+json\" class=\"yoast-schema-graph\">{\"@context\":\"https:\/\/schema.org\",\"@graph\":[{\"@type\":\"WebPage\",\"@id\":\"https:\/\/president-ksgov.net\/deklarate-e-presidentes-atifete-jahjaga-ne-shenimin-e-dites-nderkombetare-per-eliminimin-e-dhunes-ndaj-grave\/\",\"url\":\"https:\/\/president-ksgov.net\/deklarate-e-presidentes-atifete-jahjaga-ne-shenimin-e-dites-nderkombetare-per-eliminimin-e-dhunes-ndaj-grave\/\",\"name\":\"Izjava Predsednice Atifete Jahjaga na obele&#158;avanju Me\u0111unarodnog Dana za ukidanje nasilja nad &#158;enama - Predsednik Republike Kosovo - DR. VJOSA OSMANI - SADRIU\",\"isPartOf\":{\"@id\":\"https:\/\/president-ksgov.net\/#website\"},\"primaryImageOfPage\":{\"@id\":\"https:\/\/president-ksgov.net\/deklarate-e-presidentes-atifete-jahjaga-ne-shenimin-e-dites-nderkombetare-per-eliminimin-e-dhunes-ndaj-grave\/#primaryimage\"},\"image\":{\"@id\":\"https:\/\/president-ksgov.net\/deklarate-e-presidentes-atifete-jahjaga-ne-shenimin-e-dites-nderkombetare-per-eliminimin-e-dhunes-ndaj-grave\/#primaryimage\"},\"thumbnailUrl\":\"https:\/\/president-ksgov.net\/wp-content\/uploads\/Zyra-e-Presidentes-Featured-Image1-e1678970937938.png\",\"datePublished\":\"2014-11-25T16:00:59+00:00\",\"dateModified\":\"2014-11-25T16:00:59+00:00\",\"author\":{\"@id\":\"https:\/\/president-ksgov.net\/#\/schema\/person\/bb4337a5fb147cb2046d80548172cbee\"},\"description\":\"Izjava Predsednice Atifete Jahjaga na obele&#158;avanju Me\u0111unarodnog Dana za ukidanje nasilja nad &#158;enama - Predsednik Republike Kosovo - DR. VJOSA OSMANI - SADRIU -\",\"breadcrumb\":{\"@id\":\"https:\/\/president-ksgov.net\/deklarate-e-presidentes-atifete-jahjaga-ne-shenimin-e-dites-nderkombetare-per-eliminimin-e-dhunes-ndaj-grave\/#breadcrumb\"},\"inLanguage\":\"sr-RS\",\"potentialAction\":[{\"@type\":\"ReadAction\",\"target\":[\"https:\/\/president-ksgov.net\/deklarate-e-presidentes-atifete-jahjaga-ne-shenimin-e-dites-nderkombetare-per-eliminimin-e-dhunes-ndaj-grave\/\"]}]},{\"@type\":\"ImageObject\",\"inLanguage\":\"sr-RS\",\"@id\":\"https:\/\/president-ksgov.net\/deklarate-e-presidentes-atifete-jahjaga-ne-shenimin-e-dites-nderkombetare-per-eliminimin-e-dhunes-ndaj-grave\/#primaryimage\",\"url\":\"https:\/\/president-ksgov.net\/wp-content\/uploads\/Zyra-e-Presidentes-Featured-Image1-e1678970937938.png\",\"contentUrl\":\"https:\/\/president-ksgov.net\/wp-content\/uploads\/Zyra-e-Presidentes-Featured-Image1-e1678970937938.png\",\"width\":1024,\"height\":716},{\"@type\":\"BreadcrumbList\",\"@id\":\"https:\/\/president-ksgov.net\/deklarate-e-presidentes-atifete-jahjaga-ne-shenimin-e-dites-nderkombetare-per-eliminimin-e-dhunes-ndaj-grave\/#breadcrumb\",\"itemListElement\":[{\"@type\":\"ListItem\",\"position\":1,\"name\":\"Home\",\"item\":\"https:\/\/president-ksgov.net\/sr\/\"},{\"@type\":\"ListItem\",\"position\":2,\"name\":\"Izjava Predsednice Atifete Jahjaga na obele&#158;avanju Me\u0111unarodnog Dana za ukidanje nasilja nad &#158;enama\"}]},{\"@type\":\"WebSite\",\"@id\":\"https:\/\/president-ksgov.net\/#website\",\"url\":\"https:\/\/president-ksgov.net\/\",\"name\":\"Presidente e Republik\u00ebs s\u00eb Kosov\u00ebs\",\"description\":\"Presidente e Republik\u00ebs s\u00eb Kosov\u00ebs\",\"alternateName\":\"DR. VJOSA OSMANI - SADRIU\",\"potentialAction\":[{\"@type\":\"SearchAction\",\"target\":{\"@type\":\"EntryPoint\",\"urlTemplate\":\"https:\/\/president-ksgov.net\/?s={search_term_string}\"},\"query-input\":{\"@type\":\"PropertyValueSpecification\",\"valueRequired\":true,\"valueName\":\"search_term_string\"}}],\"inLanguage\":\"sr-RS\"},{\"@type\":\"Person\",\"@id\":\"https:\/\/president-ksgov.net\/#\/schema\/person\/bb4337a5fb147cb2046d80548172cbee\",\"name\":\"admin\",\"image\":{\"@type\":\"ImageObject\",\"inLanguage\":\"sr-RS\",\"@id\":\"https:\/\/president-ksgov.net\/#\/schema\/person\/image\/\",\"url\":\"https:\/\/secure.gravatar.com\/avatar\/36156ca0fa3b8d9d25174f146e16beea0cf28f37adf1b9e19b6c9c279a7c9dd3?s=96&d=mm&r=g\",\"contentUrl\":\"https:\/\/secure.gravatar.com\/avatar\/36156ca0fa3b8d9d25174f146e16beea0cf28f37adf1b9e19b6c9c279a7c9dd3?s=96&d=mm&r=g\",\"caption\":\"admin\"},\"sameAs\":[\"https:\/\/president-ksgov.net\"]}]}<\/script>\n<!-- \/ Yoast SEO plugin. -->","yoast_head_json":{"title":"Izjava Predsednice Atifete Jahjaga na obele&#158;avanju Me\u0111unarodnog Dana za ukidanje nasilja nad &#158;enama - Predsednik Republike Kosovo - DR. VJOSA OSMANI - SADRIU","description":"Izjava Predsednice Atifete Jahjaga na obele&#158;avanju Me\u0111unarodnog Dana za ukidanje nasilja nad &#158;enama - Predsednik Republike Kosovo - DR. VJOSA OSMANI - SADRIU -","robots":{"index":"index","follow":"follow","max-snippet":"max-snippet:-1","max-image-preview":"max-image-preview:large","max-video-preview":"max-video-preview:-1"},"canonical":"https:\/\/president-ksgov.net\/deklarate-e-presidentes-atifete-jahjaga-ne-shenimin-e-dites-nderkombetare-per-eliminimin-e-dhunes-ndaj-grave\/","og_locale":"sr_RS","og_type":"article","og_title":"Izjava Predsednice Atifete Jahjaga na obele&#158;avanju Me\u0111unarodnog Dana za ukidanje nasilja nad &#158;enama - Predsednik Republike Kosovo - DR. VJOSA OSMANI - SADRIU","og_description":"Izjava Predsednice Atifete Jahjaga na obele&#158;avanju Me\u0111unarodnog Dana za ukidanje nasilja nad &#158;enama - Predsednik Republike Kosovo - DR. VJOSA OSMANI - SADRIU -","og_url":"https:\/\/president-ksgov.net\/deklarate-e-presidentes-atifete-jahjaga-ne-shenimin-e-dites-nderkombetare-per-eliminimin-e-dhunes-ndaj-grave\/","og_site_name":"Predsednik Republike Kosovo - DR. VJOSA OSMANI - SADRIU","article_published_time":"2014-11-25T16:00:59+00:00","og_image":[{"width":1024,"height":716,"url":"https:\/\/president-ksgov.net\/wp-content\/uploads\/Zyra-e-Presidentes-Featured-Image1-e1678970937938.png","type":"image\/png"}],"author":"admin","twitter_card":"summary_large_image","twitter_misc":{"\u041d\u0430\u043f\u0438\u0441\u0430\u043d\u043e \u043e\u0434":"admin","\u041f\u0440\u043e\u0446\u0435\u045a\u0435\u043d\u043e \u0432\u0440\u0435\u043c\u0435 \u0447\u0438\u0442\u0430\u045a\u0430":"2 \u043c\u0438\u043d\u0443\u0442\u0430"},"schema":{"@context":"https:\/\/schema.org","@graph":[{"@type":"WebPage","@id":"https:\/\/president-ksgov.net\/deklarate-e-presidentes-atifete-jahjaga-ne-shenimin-e-dites-nderkombetare-per-eliminimin-e-dhunes-ndaj-grave\/","url":"https:\/\/president-ksgov.net\/deklarate-e-presidentes-atifete-jahjaga-ne-shenimin-e-dites-nderkombetare-per-eliminimin-e-dhunes-ndaj-grave\/","name":"Izjava Predsednice Atifete Jahjaga na obele&#158;avanju Me\u0111unarodnog Dana za ukidanje nasilja nad &#158;enama - Predsednik Republike Kosovo - DR. VJOSA OSMANI - SADRIU","isPartOf":{"@id":"https:\/\/president-ksgov.net\/#website"},"primaryImageOfPage":{"@id":"https:\/\/president-ksgov.net\/deklarate-e-presidentes-atifete-jahjaga-ne-shenimin-e-dites-nderkombetare-per-eliminimin-e-dhunes-ndaj-grave\/#primaryimage"},"image":{"@id":"https:\/\/president-ksgov.net\/deklarate-e-presidentes-atifete-jahjaga-ne-shenimin-e-dites-nderkombetare-per-eliminimin-e-dhunes-ndaj-grave\/#primaryimage"},"thumbnailUrl":"https:\/\/president-ksgov.net\/wp-content\/uploads\/Zyra-e-Presidentes-Featured-Image1-e1678970937938.png","datePublished":"2014-11-25T16:00:59+00:00","dateModified":"2014-11-25T16:00:59+00:00","author":{"@id":"https:\/\/president-ksgov.net\/#\/schema\/person\/bb4337a5fb147cb2046d80548172cbee"},"description":"Izjava Predsednice Atifete Jahjaga na obele&#158;avanju Me\u0111unarodnog Dana za ukidanje nasilja nad &#158;enama - Predsednik Republike Kosovo - DR. VJOSA OSMANI - SADRIU -","breadcrumb":{"@id":"https:\/\/president-ksgov.net\/deklarate-e-presidentes-atifete-jahjaga-ne-shenimin-e-dites-nderkombetare-per-eliminimin-e-dhunes-ndaj-grave\/#breadcrumb"},"inLanguage":"sr-RS","potentialAction":[{"@type":"ReadAction","target":["https:\/\/president-ksgov.net\/deklarate-e-presidentes-atifete-jahjaga-ne-shenimin-e-dites-nderkombetare-per-eliminimin-e-dhunes-ndaj-grave\/"]}]},{"@type":"ImageObject","inLanguage":"sr-RS","@id":"https:\/\/president-ksgov.net\/deklarate-e-presidentes-atifete-jahjaga-ne-shenimin-e-dites-nderkombetare-per-eliminimin-e-dhunes-ndaj-grave\/#primaryimage","url":"https:\/\/president-ksgov.net\/wp-content\/uploads\/Zyra-e-Presidentes-Featured-Image1-e1678970937938.png","contentUrl":"https:\/\/president-ksgov.net\/wp-content\/uploads\/Zyra-e-Presidentes-Featured-Image1-e1678970937938.png","width":1024,"height":716},{"@type":"BreadcrumbList","@id":"https:\/\/president-ksgov.net\/deklarate-e-presidentes-atifete-jahjaga-ne-shenimin-e-dites-nderkombetare-per-eliminimin-e-dhunes-ndaj-grave\/#breadcrumb","itemListElement":[{"@type":"ListItem","position":1,"name":"Home","item":"https:\/\/president-ksgov.net\/sr\/"},{"@type":"ListItem","position":2,"name":"Izjava Predsednice Atifete Jahjaga na obele&#158;avanju Me\u0111unarodnog Dana za ukidanje nasilja nad &#158;enama"}]},{"@type":"WebSite","@id":"https:\/\/president-ksgov.net\/#website","url":"https:\/\/president-ksgov.net\/","name":"Presidente e Republik\u00ebs s\u00eb Kosov\u00ebs","description":"Presidente e Republik\u00ebs s\u00eb Kosov\u00ebs","alternateName":"DR. VJOSA OSMANI - SADRIU","potentialAction":[{"@type":"SearchAction","target":{"@type":"EntryPoint","urlTemplate":"https:\/\/president-ksgov.net\/?s={search_term_string}"},"query-input":{"@type":"PropertyValueSpecification","valueRequired":true,"valueName":"search_term_string"}}],"inLanguage":"sr-RS"},{"@type":"Person","@id":"https:\/\/president-ksgov.net\/#\/schema\/person\/bb4337a5fb147cb2046d80548172cbee","name":"admin","image":{"@type":"ImageObject","inLanguage":"sr-RS","@id":"https:\/\/president-ksgov.net\/#\/schema\/person\/image\/","url":"https:\/\/secure.gravatar.com\/avatar\/36156ca0fa3b8d9d25174f146e16beea0cf28f37adf1b9e19b6c9c279a7c9dd3?s=96&d=mm&r=g","contentUrl":"https:\/\/secure.gravatar.com\/avatar\/36156ca0fa3b8d9d25174f146e16beea0cf28f37adf1b9e19b6c9c279a7c9dd3?s=96&d=mm&r=g","caption":"admin"},"sameAs":["https:\/\/president-ksgov.net"]}]}},"_links":{"self":[{"href":"https:\/\/president-ksgov.net\/sr\/wp-json\/wp\/v2\/posts\/77622","targetHints":{"allow":["GET"]}}],"collection":[{"href":"https:\/\/president-ksgov.net\/sr\/wp-json\/wp\/v2\/posts"}],"about":[{"href":"https:\/\/president-ksgov.net\/sr\/wp-json\/wp\/v2\/types\/post"}],"author":[{"embeddable":true,"href":"https:\/\/president-ksgov.net\/sr\/wp-json\/wp\/v2\/users\/1"}],"replies":[{"embeddable":true,"href":"https:\/\/president-ksgov.net\/sr\/wp-json\/wp\/v2\/comments?post=77622"}],"version-history":[{"count":0,"href":"https:\/\/president-ksgov.net\/sr\/wp-json\/wp\/v2\/posts\/77622\/revisions"}],"wp:featuredmedia":[{"embeddable":true,"href":"https:\/\/president-ksgov.net\/sr\/wp-json\/wp\/v2\/media\/86338"}],"wp:attachment":[{"href":"https:\/\/president-ksgov.net\/sr\/wp-json\/wp\/v2\/media?parent=77622"}],"wp:term":[{"taxonomy":"category","embeddable":true,"href":"https:\/\/president-ksgov.net\/sr\/wp-json\/wp\/v2\/categories?post=77622"},{"taxonomy":"post_tag","embeddable":true,"href":"https:\/\/president-ksgov.net\/sr\/wp-json\/wp\/v2\/tags?post=77622"}],"curies":[{"name":"wp","href":"https:\/\/api.w.org\/{rel}","templated":true}]}}