{"id":77617,"date":"2014-11-26T13:22:59","date_gmt":"2014-11-26T13:22:59","guid":{"rendered":"https:\/\/dev.president-ksgov.net\/govor-predsednice-jahjaga-povodom-dana-snaga-bezbednosti-kosova\/"},"modified":"2023-03-08T09:03:06","modified_gmt":"2023-03-08T09:03:06","slug":"govor-predsednice-jahjaga-povodom-dana-snaga-bezbednosti-kosova","status":"publish","type":"post","link":"https:\/\/president-ksgov.net\/sr\/govor-predsednice-jahjaga-povodom-dana-snaga-bezbednosti-kosova\/","title":{"rendered":"Govor Predsednice Jahjaga povodom Dana Snaga Bezbednosti Kosova"},"content":{"rendered":"<p>Po\u010da&#353;\u0107ena sam da se danas nalazim me\u0111u vama, na zavr&#353;etku jo&#353; jedne godine joja je krunisana sa va&#353;im posve\u0107enjem da se profesionalno usavr&#353;avate  i da doprinesete na o&#382;ivotvorenju vizije za dr&#382;avu Kosovo, sigurnu i stabilnu i opredeljenu za mir sa svima. Na o&#382;ivotvorenje vizije koja ispunjava  ideale svih generacija za jednu demokratsku i sveobuhvatnu dr&#382;avu i za jednu snagu bezbednosti koja igra va&#382;nu ulogu u ja\u010danju subjektiviteta zemlje. Vi stojite uz gra\u0111ane Kosova, bez obzira na etni\u010dko poreklo, ja\u010daju\u0107i njihovo poverenje u Vas, u mehanizme bezbednosti i va&#353;u snagu i profesionalnost.<\/p>\n<p>Po&#353;tovani Premijer Tha\u010di<br \/>\nPo&#353;tovani ministar Ministarstva Snaga Bezbednosti Kosova , \u00c7eku<br \/>\nPo&#353;tovani Komandant Snaga Bezbednosti Kosova, general Kastrati<br \/>\nPo&#353;tovani predstavnici centralnih\u00a0 i lokalnih institucija Republike Kosovo<br \/>\nPo&#353;tovani ambasadori i predstavnici diplomatskih misija u Kosovo<br \/>\nPo&#353;tovani oficiri i kadeti Snaga Bezbednosti Kosova<br \/>\nPo&#353;tovani pripadnici Kosovske Policije<br \/>\nPo&#353;tovani pripadnici KFOR-a i EULEX-a<br \/>\nPo&#353;tovani gra\u0111ani Republike\u00a0 Kosovo<\/p>\n<p>Po\u010da&#353;\u0107ena sam da se danas nalazim me\u0111u vama, na zavr&#353;etku jo&#353; jedne godine joja je krunisana sa va&#353;im posve\u0107enjem da se profesionalno usavr&#353;avate\u00a0 i da doprinesete na o&#382;ivotvorenju vizije za dr&#382;avu Kosovo, sigurnu i stabilnu i opredeljenu za mir sa svima. Na o&#382;ivotvorenje vizije koja ispunjava\u00a0 ideale svih generacija za jednu demokratsku i sveobuhvatnu dr&#382;avu i za jednu snagu bezbednosti koja igra va&#382;nu ulogu u ja\u010danju subjektiviteta zemlje. Vi stojite uz gra\u0111ane Kosova, bez obzira na etni\u010dko poreklo, ja\u010daju\u0107i njihovo poverenje u Vas, u mehanizme bezbednosti i va&#353;u snagu i profesionalnost.<\/p>\n<p>Te, prema tome &#382;elim izraziti moje veliko priznanje za vas &#8211; generale i rukovodioce SBK-a za rukovo\u0111enje i pokazanu odlu\u010dnost u izgradnji ove ustrajne institucije &#8211; da vam se zahvalim vama: oficiri SBK-a, koji ste ponosno stali u stroj da zajedno sa gra\u0111anima Kosova delite stalno anga&#382;ovanje za ispunjavanje na&#353;eg zajedni\u010dog cilja &#8211; za Kosovo kao razvijenu i bezbednu dr&#382;avu i za njenu budu\u0107nost.<\/p>\n<p>Snaga Bezbednosti Kosova je izgra\u0111ena na sna&#382;nim temeljima, koja se vodi ciljem stvaranja potpune infrastrukture bezbednosti, u skladu sa potrebama na&#353;e dr&#382;ave i u saglasnosti sa na&#353;im nacionalnim interesima da budemo faktor mira i stabilnosti u regionu i &#353;ire. Na njenom putu SBK-a je imala pdor&#353;ku NATO-a i njene mirotvorne snage na Kosovu, kao i Nacionalne Garde SAD-e, koje su vas pratile i podr&#382;ale u obavljanju svih zadataka.<\/p>\n<p>Mi danas gradimo viziju koja \u0107e pove\u0107ati va&#353;e obaveze, jer kao gra\u0111ani Kosova, bez obzira na etni\u010dko poreklo, verujemo u vas i va&#353;u plemenitu misiju koju ste preuzeli radi odbrane Kosova i za unapre\u0111enje saradnje sa na&#353;im strate&#353;kim saveznicima.<\/p>\n<p>Zavr&#353;avanjem procesa strate&#353;ke revizije sektora bezbednosti &#8211; jednog sveobuhvatnosg i me\u0111uinstitucionalnog\u00a0 procesa &#8211; koji je analizirao na&#353;e mehanizme bezbednosti, potrebe gra\u0111ana Kosova i interese strate&#353;ke orjentacije na&#353;e dr&#382;ave &#8211; pove\u0107ana je potreba stvaranja jedne moderne oru&#382;ane Snage, sa odbrambenim kapacitetima, koja adresira izazove bezbednosti, kompletira na&#353;u infrastrutkuru bezbednosti i tokom procesa usavr&#353;avanja sa NATO standardima cilja \u010dlanstvo u ovu alijansu.\u00a0 <\/p>\n<p>Budu\u0107nost Snage Bezbednosti Kosova, koja nema alternativu, ostaje primarni posao za novu Skup&#353;tinu, tako va&#382;nu i preko potrebnu insituciju za zemlju i za njene gra\u0111ane, \u010dine\u0107i Kosovo Sa Svojom odbrambenom snagom, koja \u0107e kompletirati konsolidaciju na&#353;e dr&#382;ave i postat \u0107e sposobna doprineti kolektivnoj bezbednosti Evrope. <\/p>\n<p>Po&#353;tovani gra\u0111ani<br \/>\nPo&#353;tovani oficiri Snaga Bezbednosti Kosova , <\/p>\n<p>S odlu\u010dno&#353;\u0107u smo pro&#353;li kroz va&#382;an proces transformacije kao dru&#353;tvo i kao dr&#382;ava, ostvarivanjem snova celih generacija koje su se &#382;rtvovali za na&#353;u slobodu. Uz veliku hrabrost smo zaklju\u010dili va&#382;ne procese za zemlju, pretvaraju\u0107i nju u jedan va&#382;an faktor mira i stabilnosti i jednog promotera dobrosusedstva, uvi\u0111aju\u0107i na&#353;u budu\u0107nosti u evropsko-atlantske strukture.<\/p>\n<p>Ali mi imamo jo&#353; procesa pred sobom za zaklju\u010divanje, pa s toga potrebna je brza izgradnja na&#353;ih institucija, ustrajnih, sveobuhvatnih i odgovornih institucija. Radi zaklju\u010divanja obe\u0107anja na&#353;im gra\u0111anima za jedno druga\u010dije Kosovo, razvijenu i naprednu, od koje ne\u0107e pobe\u0107i nesigurnim putem, u potra&#382;nji za boljim &#382;ivotom negde drugde.<\/p>\n<p>I prema tome treba nam vi&#353;e volje, vi&#353;e &#382;rtvovanja i vi&#353;e anga&#382;ovanja da bismo povratili poverenje na&#353;ih gra\u0111ana u dr&#382;avu Kosovo, gde niko ne\u0107e mo\u0107i zlostavljati njegovo dostojanstvo. Trema nam vi&#353;e rada za izgradnju na&#353;e bolje budu\u0107nosti.<\/p>\n<p>Ube\u0111ena sam da na&#353;e posve\u0107enje za o\u010duvanje vrednosti i ideala na kojima smo se zavetovali za ja\u010danje i unapre\u0111enje saradnje sa na&#353;im strate&#353;kim saveznicima, nikada se ne\u0107e dovesti u pitanje.<br \/>\n\u00a0<br \/>\n\u010cestitam vam Va&#353; Dan Snago Bezbednosti Kosova.<\/p>\n","protected":false},"excerpt":{"rendered":"<p>Po\u010da&#353;\u0107ena sam da se danas nalazim me\u0111u vama, na zavr&#353;etku jo&#353; jedne godine joja je krunisana sa va&#353;im posve\u0107enjem da se profesionalno usavr&#353;avate  i da doprinesete na o&#382;ivotvorenju vizije za dr&#382;avu Kosovo, sigurnu i stabilnu i opredeljenu za mir sa svima. Na o&#382;ivotvorenje vizije koja ispunjava  ideale svih generacija za jednu demokratsku i sveobuhvatnu dr&#382;avu i za jednu snagu bezbednosti koja igra va&#382;nu ulogu u ja\u010danju subjektiviteta zemlje. Vi stojite uz gra\u0111ane Kosova, bez obzira na etni\u010dko poreklo, ja\u010daju\u0107i njihovo poverenje u Vas, u mehanizme bezbednosti i va&#353;u snagu i profesionalnost.<\/p>\n","protected":false},"author":1,"featured_media":42787,"comment_status":"open","ping_status":"closed","sticky":false,"template":"","format":"standard","meta":{"_eb_attr":"","footnotes":""},"categories":[106],"tags":[],"class_list":["post-77617","post","type-post","status-publish","format-standard","has-post-thumbnail","hentry","category-govori"],"yoast_head":"<!-- This site is optimized with the Yoast SEO plugin v23.5 - https:\/\/yoast.com\/wordpress\/plugins\/seo\/ -->\n<title>Govor Predsednice Jahjaga povodom Dana Snaga Bezbednosti Kosova - Predsednik Republike Kosovo - DR. VJOSA OSMANI - SADRIU<\/title>\n<meta name=\"description\" content=\"Govor Predsednice Jahjaga povodom Dana Snaga Bezbednosti Kosova - Predsednik Republike Kosovo - DR. VJOSA OSMANI - SADRIU -\" \/>\n<meta name=\"robots\" content=\"index, follow, max-snippet:-1, max-image-preview:large, max-video-preview:-1\" \/>\n<link rel=\"canonical\" href=\"https:\/\/president-ksgov.net\/sr\/govor-predsednice-jahjaga-povodom-dana-snaga-bezbednosti-kosova\/\" \/>\n<meta property=\"og:locale\" content=\"sr_RS\" \/>\n<meta property=\"og:type\" content=\"article\" \/>\n<meta property=\"og:title\" content=\"Govor Predsednice Jahjaga povodom Dana Snaga Bezbednosti Kosova - Predsednik Republike Kosovo - DR. VJOSA OSMANI - SADRIU\" \/>\n<meta property=\"og:description\" content=\"Govor Predsednice Jahjaga povodom Dana Snaga Bezbednosti Kosova - Predsednik Republike Kosovo - DR. VJOSA OSMANI - SADRIU -\" \/>\n<meta property=\"og:url\" content=\"https:\/\/president-ksgov.net\/sr\/govor-predsednice-jahjaga-povodom-dana-snaga-bezbednosti-kosova\/\" \/>\n<meta property=\"og:site_name\" content=\"Predsednik Republike Kosovo - DR. VJOSA OSMANI - SADRIU\" \/>\n<meta property=\"article:published_time\" content=\"2014-11-26T13:22:59+00:00\" \/>\n<meta property=\"article:modified_time\" content=\"2023-03-08T09:03:06+00:00\" \/>\n<meta property=\"og:image\" content=\"https:\/\/president-ksgov.net\/wp-content\/uploads\/26_11_2014_1693333_26_11_14_1.jpg\" \/>\n\t<meta property=\"og:image:width\" content=\"1000\" \/>\n\t<meta property=\"og:image:height\" content=\"667\" \/>\n\t<meta property=\"og:image:type\" content=\"image\/jpeg\" \/>\n<meta name=\"author\" content=\"admin\" \/>\n<meta name=\"twitter:card\" content=\"summary_large_image\" \/>\n<meta name=\"twitter:label1\" content=\"\u041d\u0430\u043f\u0438\u0441\u0430\u043d\u043e \u043e\u0434\" \/>\n\t<meta name=\"twitter:data1\" content=\"admin\" \/>\n\t<meta name=\"twitter:label2\" content=\"\u041f\u0440\u043e\u0446\u0435\u045a\u0435\u043d\u043e \u0432\u0440\u0435\u043c\u0435 \u0447\u0438\u0442\u0430\u045a\u0430\" \/>\n\t<meta name=\"twitter:data2\" content=\"4 \u043c\u0438\u043d\u0443\u0442\u0430\" \/>\n<script type=\"application\/ld+json\" class=\"yoast-schema-graph\">{\"@context\":\"https:\/\/schema.org\",\"@graph\":[{\"@type\":\"WebPage\",\"@id\":\"https:\/\/president-ksgov.net\/sr\/govor-predsednice-jahjaga-povodom-dana-snaga-bezbednosti-kosova\/\",\"url\":\"https:\/\/president-ksgov.net\/sr\/govor-predsednice-jahjaga-povodom-dana-snaga-bezbednosti-kosova\/\",\"name\":\"Govor Predsednice Jahjaga povodom Dana Snaga Bezbednosti Kosova - Predsednik Republike Kosovo - DR. VJOSA OSMANI - SADRIU\",\"isPartOf\":{\"@id\":\"https:\/\/president-ksgov.net\/#website\"},\"primaryImageOfPage\":{\"@id\":\"https:\/\/president-ksgov.net\/sr\/govor-predsednice-jahjaga-povodom-dana-snaga-bezbednosti-kosova\/#primaryimage\"},\"image\":{\"@id\":\"https:\/\/president-ksgov.net\/sr\/govor-predsednice-jahjaga-povodom-dana-snaga-bezbednosti-kosova\/#primaryimage\"},\"thumbnailUrl\":\"https:\/\/president-ksgov.net\/wp-content\/uploads\/26_11_2014_1693333_26_11_14_1.jpg\",\"datePublished\":\"2014-11-26T13:22:59+00:00\",\"dateModified\":\"2023-03-08T09:03:06+00:00\",\"author\":{\"@id\":\"https:\/\/president-ksgov.net\/#\/schema\/person\/bb4337a5fb147cb2046d80548172cbee\"},\"description\":\"Govor Predsednice Jahjaga povodom Dana Snaga Bezbednosti Kosova - Predsednik Republike Kosovo - DR. VJOSA OSMANI - SADRIU -\",\"breadcrumb\":{\"@id\":\"https:\/\/president-ksgov.net\/sr\/govor-predsednice-jahjaga-povodom-dana-snaga-bezbednosti-kosova\/#breadcrumb\"},\"inLanguage\":\"sr-RS\",\"potentialAction\":[{\"@type\":\"ReadAction\",\"target\":[\"https:\/\/president-ksgov.net\/sr\/govor-predsednice-jahjaga-povodom-dana-snaga-bezbednosti-kosova\/\"]}]},{\"@type\":\"ImageObject\",\"inLanguage\":\"sr-RS\",\"@id\":\"https:\/\/president-ksgov.net\/sr\/govor-predsednice-jahjaga-povodom-dana-snaga-bezbednosti-kosova\/#primaryimage\",\"url\":\"https:\/\/president-ksgov.net\/wp-content\/uploads\/26_11_2014_1693333_26_11_14_1.jpg\",\"contentUrl\":\"https:\/\/president-ksgov.net\/wp-content\/uploads\/26_11_2014_1693333_26_11_14_1.jpg\",\"width\":1000,\"height\":667},{\"@type\":\"BreadcrumbList\",\"@id\":\"https:\/\/president-ksgov.net\/sr\/govor-predsednice-jahjaga-povodom-dana-snaga-bezbednosti-kosova\/#breadcrumb\",\"itemListElement\":[{\"@type\":\"ListItem\",\"position\":1,\"name\":\"Home\",\"item\":\"https:\/\/president-ksgov.net\/sr\/\"},{\"@type\":\"ListItem\",\"position\":2,\"name\":\"Govor Predsednice Jahjaga povodom Dana Snaga Bezbednosti Kosova\"}]},{\"@type\":\"WebSite\",\"@id\":\"https:\/\/president-ksgov.net\/#website\",\"url\":\"https:\/\/president-ksgov.net\/\",\"name\":\"Presidente e Republik\u00ebs s\u00eb Kosov\u00ebs\",\"description\":\"Presidente e Republik\u00ebs s\u00eb Kosov\u00ebs\",\"alternateName\":\"DR. VJOSA OSMANI - SADRIU\",\"potentialAction\":[{\"@type\":\"SearchAction\",\"target\":{\"@type\":\"EntryPoint\",\"urlTemplate\":\"https:\/\/president-ksgov.net\/?s={search_term_string}\"},\"query-input\":{\"@type\":\"PropertyValueSpecification\",\"valueRequired\":true,\"valueName\":\"search_term_string\"}}],\"inLanguage\":\"sr-RS\"},{\"@type\":\"Person\",\"@id\":\"https:\/\/president-ksgov.net\/#\/schema\/person\/bb4337a5fb147cb2046d80548172cbee\",\"name\":\"admin\",\"image\":{\"@type\":\"ImageObject\",\"inLanguage\":\"sr-RS\",\"@id\":\"https:\/\/president-ksgov.net\/#\/schema\/person\/image\/\",\"url\":\"https:\/\/secure.gravatar.com\/avatar\/36156ca0fa3b8d9d25174f146e16beea0cf28f37adf1b9e19b6c9c279a7c9dd3?s=96&d=mm&r=g\",\"contentUrl\":\"https:\/\/secure.gravatar.com\/avatar\/36156ca0fa3b8d9d25174f146e16beea0cf28f37adf1b9e19b6c9c279a7c9dd3?s=96&d=mm&r=g\",\"caption\":\"admin\"},\"sameAs\":[\"https:\/\/president-ksgov.net\"]}]}<\/script>\n<!-- \/ Yoast SEO plugin. -->","yoast_head_json":{"title":"Govor Predsednice Jahjaga povodom Dana Snaga Bezbednosti Kosova - Predsednik Republike Kosovo - DR. VJOSA OSMANI - SADRIU","description":"Govor Predsednice Jahjaga povodom Dana Snaga Bezbednosti Kosova - Predsednik Republike Kosovo - DR. VJOSA OSMANI - SADRIU -","robots":{"index":"index","follow":"follow","max-snippet":"max-snippet:-1","max-image-preview":"max-image-preview:large","max-video-preview":"max-video-preview:-1"},"canonical":"https:\/\/president-ksgov.net\/sr\/govor-predsednice-jahjaga-povodom-dana-snaga-bezbednosti-kosova\/","og_locale":"sr_RS","og_type":"article","og_title":"Govor Predsednice Jahjaga povodom Dana Snaga Bezbednosti Kosova - Predsednik Republike Kosovo - DR. VJOSA OSMANI - SADRIU","og_description":"Govor Predsednice Jahjaga povodom Dana Snaga Bezbednosti Kosova - Predsednik Republike Kosovo - DR. VJOSA OSMANI - SADRIU -","og_url":"https:\/\/president-ksgov.net\/sr\/govor-predsednice-jahjaga-povodom-dana-snaga-bezbednosti-kosova\/","og_site_name":"Predsednik Republike Kosovo - DR. VJOSA OSMANI - SADRIU","article_published_time":"2014-11-26T13:22:59+00:00","article_modified_time":"2023-03-08T09:03:06+00:00","og_image":[{"width":1000,"height":667,"url":"https:\/\/president-ksgov.net\/wp-content\/uploads\/26_11_2014_1693333_26_11_14_1.jpg","type":"image\/jpeg"}],"author":"admin","twitter_card":"summary_large_image","twitter_misc":{"\u041d\u0430\u043f\u0438\u0441\u0430\u043d\u043e \u043e\u0434":"admin","\u041f\u0440\u043e\u0446\u0435\u045a\u0435\u043d\u043e \u0432\u0440\u0435\u043c\u0435 \u0447\u0438\u0442\u0430\u045a\u0430":"4 \u043c\u0438\u043d\u0443\u0442\u0430"},"schema":{"@context":"https:\/\/schema.org","@graph":[{"@type":"WebPage","@id":"https:\/\/president-ksgov.net\/sr\/govor-predsednice-jahjaga-povodom-dana-snaga-bezbednosti-kosova\/","url":"https:\/\/president-ksgov.net\/sr\/govor-predsednice-jahjaga-povodom-dana-snaga-bezbednosti-kosova\/","name":"Govor Predsednice Jahjaga povodom Dana Snaga Bezbednosti Kosova - Predsednik Republike Kosovo - DR. VJOSA OSMANI - SADRIU","isPartOf":{"@id":"https:\/\/president-ksgov.net\/#website"},"primaryImageOfPage":{"@id":"https:\/\/president-ksgov.net\/sr\/govor-predsednice-jahjaga-povodom-dana-snaga-bezbednosti-kosova\/#primaryimage"},"image":{"@id":"https:\/\/president-ksgov.net\/sr\/govor-predsednice-jahjaga-povodom-dana-snaga-bezbednosti-kosova\/#primaryimage"},"thumbnailUrl":"https:\/\/president-ksgov.net\/wp-content\/uploads\/26_11_2014_1693333_26_11_14_1.jpg","datePublished":"2014-11-26T13:22:59+00:00","dateModified":"2023-03-08T09:03:06+00:00","author":{"@id":"https:\/\/president-ksgov.net\/#\/schema\/person\/bb4337a5fb147cb2046d80548172cbee"},"description":"Govor Predsednice Jahjaga povodom Dana Snaga Bezbednosti Kosova - Predsednik Republike Kosovo - DR. VJOSA OSMANI - SADRIU -","breadcrumb":{"@id":"https:\/\/president-ksgov.net\/sr\/govor-predsednice-jahjaga-povodom-dana-snaga-bezbednosti-kosova\/#breadcrumb"},"inLanguage":"sr-RS","potentialAction":[{"@type":"ReadAction","target":["https:\/\/president-ksgov.net\/sr\/govor-predsednice-jahjaga-povodom-dana-snaga-bezbednosti-kosova\/"]}]},{"@type":"ImageObject","inLanguage":"sr-RS","@id":"https:\/\/president-ksgov.net\/sr\/govor-predsednice-jahjaga-povodom-dana-snaga-bezbednosti-kosova\/#primaryimage","url":"https:\/\/president-ksgov.net\/wp-content\/uploads\/26_11_2014_1693333_26_11_14_1.jpg","contentUrl":"https:\/\/president-ksgov.net\/wp-content\/uploads\/26_11_2014_1693333_26_11_14_1.jpg","width":1000,"height":667},{"@type":"BreadcrumbList","@id":"https:\/\/president-ksgov.net\/sr\/govor-predsednice-jahjaga-povodom-dana-snaga-bezbednosti-kosova\/#breadcrumb","itemListElement":[{"@type":"ListItem","position":1,"name":"Home","item":"https:\/\/president-ksgov.net\/sr\/"},{"@type":"ListItem","position":2,"name":"Govor Predsednice Jahjaga povodom Dana Snaga Bezbednosti Kosova"}]},{"@type":"WebSite","@id":"https:\/\/president-ksgov.net\/#website","url":"https:\/\/president-ksgov.net\/","name":"Presidente e Republik\u00ebs s\u00eb Kosov\u00ebs","description":"Presidente e Republik\u00ebs s\u00eb Kosov\u00ebs","alternateName":"DR. VJOSA OSMANI - SADRIU","potentialAction":[{"@type":"SearchAction","target":{"@type":"EntryPoint","urlTemplate":"https:\/\/president-ksgov.net\/?s={search_term_string}"},"query-input":{"@type":"PropertyValueSpecification","valueRequired":true,"valueName":"search_term_string"}}],"inLanguage":"sr-RS"},{"@type":"Person","@id":"https:\/\/president-ksgov.net\/#\/schema\/person\/bb4337a5fb147cb2046d80548172cbee","name":"admin","image":{"@type":"ImageObject","inLanguage":"sr-RS","@id":"https:\/\/president-ksgov.net\/#\/schema\/person\/image\/","url":"https:\/\/secure.gravatar.com\/avatar\/36156ca0fa3b8d9d25174f146e16beea0cf28f37adf1b9e19b6c9c279a7c9dd3?s=96&d=mm&r=g","contentUrl":"https:\/\/secure.gravatar.com\/avatar\/36156ca0fa3b8d9d25174f146e16beea0cf28f37adf1b9e19b6c9c279a7c9dd3?s=96&d=mm&r=g","caption":"admin"},"sameAs":["https:\/\/president-ksgov.net"]}]}},"_links":{"self":[{"href":"https:\/\/president-ksgov.net\/sr\/wp-json\/wp\/v2\/posts\/77617","targetHints":{"allow":["GET"]}}],"collection":[{"href":"https:\/\/president-ksgov.net\/sr\/wp-json\/wp\/v2\/posts"}],"about":[{"href":"https:\/\/president-ksgov.net\/sr\/wp-json\/wp\/v2\/types\/post"}],"author":[{"embeddable":true,"href":"https:\/\/president-ksgov.net\/sr\/wp-json\/wp\/v2\/users\/1"}],"replies":[{"embeddable":true,"href":"https:\/\/president-ksgov.net\/sr\/wp-json\/wp\/v2\/comments?post=77617"}],"version-history":[{"count":1,"href":"https:\/\/president-ksgov.net\/sr\/wp-json\/wp\/v2\/posts\/77617\/revisions"}],"predecessor-version":[{"id":81648,"href":"https:\/\/president-ksgov.net\/sr\/wp-json\/wp\/v2\/posts\/77617\/revisions\/81648"}],"wp:featuredmedia":[{"embeddable":true,"href":"https:\/\/president-ksgov.net\/sr\/wp-json\/wp\/v2\/media\/42787"}],"wp:attachment":[{"href":"https:\/\/president-ksgov.net\/sr\/wp-json\/wp\/v2\/media?parent=77617"}],"wp:term":[{"taxonomy":"category","embeddable":true,"href":"https:\/\/president-ksgov.net\/sr\/wp-json\/wp\/v2\/categories?post=77617"},{"taxonomy":"post_tag","embeddable":true,"href":"https:\/\/president-ksgov.net\/sr\/wp-json\/wp\/v2\/tags?post=77617"}],"curies":[{"name":"wp","href":"https:\/\/api.w.org\/{rel}","templated":true}]}}