{"id":77606,"date":"2014-12-10T12:11:06","date_gmt":"2014-12-10T12:11:06","guid":{"rendered":"https:\/\/dev.president-ksgov.net\/govor-predsednice-atifete-jahjaga-na-lansiranju-projekta-ene-u-institucijama-bezbednosti-kosova\/"},"modified":"2023-03-08T09:03:06","modified_gmt":"2023-03-08T09:03:06","slug":"govor-predsednice-atifete-jahjaga-na-lansiranju-projekta-ene-u-institucijama-bezbednosti-kosova","status":"publish","type":"post","link":"https:\/\/president-ksgov.net\/sr\/govor-predsednice-atifete-jahjaga-na-lansiranju-projekta-ene-u-institucijama-bezbednosti-kosova\/","title":{"rendered":"Govor Predsednice Atifete Jahjaga na lansiranju projekta &#147;&#142;ene u Institucijama Bezbednosti Kosova&#147;"},"content":{"rendered":"<p>Sa velikim zadovoljstvom sam do&#353;la danas u ovoj ceremoniji lansiranja projekta &#8220;&#381;ene u Institucijama Bezbednosti Kosova&#8220;, da izrazim moje bezrezervnu podr&#353;ku za sve &#382;ene i devojke u uniformi, koje su deo na&#353;ih institucija bezbednosti i pravde.<\/p>\n<p>Po&#353;tovani predstavnici institucija Republike Kosovo,<br \/>\nPo&#353;tovani ambasadori i predstavnici diplomatskih misija,<br \/>\nPo&#353;tovane &#382;ene koje predstavljate institucije Bezbednosti,<br \/>\nPo&#353;tovani ucesnici,<br \/>\nDame i gospodo,<br \/>\n\u00a0<br \/>\nSa velikim zadovoljstvom sam do&#353;la danas u ovoj ceremoniji lansiranja projekta &#8220;&#381;ene u Institucijama Bezbednosti Kosova&#8220;, da izrazim moje bezrezervnu podr&#353;ku za sve &#382;ene i devojke u uniformi, koje su deo na&#353;ih institucija bezbednosti i pravde.<br \/>\n\u00a0<br \/>\nRavnopravno uce&#353;ce &#382;ene u svaki segment &#382;ivota, posebno na nivo odlucivanja bilo na lokalnom ili centralnom nivou jeste dodatna vrednost za na&#353;e dru&#353;tvo, predstavlja olicenje identiteta Republike Kosovo. Ravnopravnost rodova danas se pretvara u jedno od istaknutih pitanja dru&#353;tva u svetu, ali svakako i u na&#353;e dru&#353;tvo, zahtevajuci po&#353;tovanje prava svakoga, jedno pravo koje je garantovano i Ustavom na&#353;e dr&#382;ave koja cilja izgradnju na nacelima ravnopravnosti.<br \/>\n\u00a0<br \/>\nVisoko cenim posebno anga&#382;ovanje, jo&#353; od pocetne ideje za osnivanje Udru&#382;enja &#381;ena Kosovske Policije pa do danas, gospode Flora Macula\u00a0 iz UN- WOMEN-a, Ambasade Kraljevine Norve&#353;ke, Zamenice &#352;efa misije OEBS-a gospode Paivi Nikander zajedno sa gospodom Shpresa Ceku Muharremi, te za stalnu podr&#353;ku za jacanje institucija bezbednosti i za sprovodenje reda i zakona.<br \/>\n\u00a0<br \/>\nU Jugoistocnu Evropu, u regionu koji se uop&#353;te nastavlja smatrati patrijarhalna regija, tradicionalno je sektor bezbednosti tretiran kao oblast rezervirana samo za mu&#353;karce, iako se tokom istorije mnogo &#382;ena su se rame uz rame borile sa mu&#353;karcima za oslobodenje svoje zemlje, &#382;ena koje su dale vrlo cenjen doprinos u izgradnji institucija dr&#382;ave i razvoju demokratije.<br \/>\n\u00a0<br \/>\nMi razbijamo ove predrasude uz neumorni rad i profesionalno anga&#382;ovanje &#382;ena u Kosovsku Policiju, Snagu Bezbednosti Kosova, Korektivnoj Slu&#382;bi i Carinskoj Slu&#382;bi.<br \/>\n\u00a0<br \/>\n&#381;ena sa ulogom odlucivanja u institucije bezbednosti jeste sinonim jednog razvijenog i demokratskog dru&#353;tva i mi se trebamo anga&#382;ovati i svakodnevno raditi za realizaciju ovoga cilja.<br \/>\n\u00a0<br \/>\n&#381;ene u institucijama bezbednosti su izmenile percepciju gradana o bezbednosti cineci to jednom sveobuhvatnom institucijom. Ulog i doprinos &#382;ene je nepobitan u izgradnji institucija i jacanju pravne dr&#382;ave.<br \/>\n\u00a0<br \/>\nPutem profila ovih &#382;ena, predstavljenih u ovome dokumentarcu, mi razumemo koliko je va&#382;na ulogo i uticaj &#382;ene u institucijama bezbednosti, ali istovremeno trebamo se anga&#382;ovati da bi ova uloga jo&#353; vi&#353;e ojacala.<br \/>\n\u00a0<br \/>\nMi se trebamo stalno anga&#382;ovati i raditi da se obuhvat &#382;ene u sektor bezbednosti posebno, i u sve oblasti &#382;ivota Kosova poveca. Perspektiva &#382;enskog roda treba da je sastavni deo svakog nivoa institucija sektora bezbednosti, jer samo tako cemo imati jace i sveobuhvatne institucije koje predstavljaju i &#353;tite interes svakog gradanina bez razlike.<br \/>\n\u00a0<br \/>\nMi &#382;ene u politici i odlucivanje trebamo se anga&#382;ovati za promociju vrednosti koje &#382;ene predstavljaju u institucijama bezbednosti i za prevazila&#382;enje institucionalnih prepreka za &#382;ene u ovaj sektor.<br \/>\n\u00a0<br \/>\nKosovska Policija i Snaga Bezbednosti Kosova spadaju medu institucije koje u&#382;ivaju najvece po&#353;tovanje od gradana i nesumnjivo da je ovo rezultat zajednickog i vrlo profesionalnog\u00a0 rada &#382;ena i mu&#353;karaca u ove institucije, koji su radili rame uz rame jedni sa drugima radi sticanja ovog poverenja i za izgradnju institucija prema medunarodnim standardima.<br \/>\n\u00a0<br \/>\n&#381;ena u institucije bezbednosti je dokazala da je njena uloga u dr&#382;avu koju svakodnevno sve vi&#353;e jacamo, jeste vrlo znacajna.<br \/>\n\u00a0<br \/>\nJer njen doprinos je visoko cenjen, i zato &#353;to je njeno posvecenje za razvoj i napredak dru&#353;tva svakodnevno.<br \/>\n\u00a0<br \/>\nNa&#353;e institucije, kako lokalne tako i centralne, trebaju imati veci obuhvat &#382;ena u njima. Jer odgovornost u dru&#353;tvu je ravnopravna izmedu mu&#353;karaca i &#382;ena i jer ce polaganje racuna ovih institucija\u00a0 biti veca.<br \/>\n\u00a0<br \/>\nMi smo zakljucili, nakon jednog dugog perioda, proces izgradnje institucija zemlje. Testirajuci na&#353;u demokratiju i na&#353; ustav, uspeli smo dokazati da &#382;elimo graditi pravnu dr&#382;avu, uz po&#353;tovanje na&#353;ih nezavisnih institucija.<br \/>\n\u00a0<br \/>\nDo&#353;lo je vreme da ubrzamo rad na&#353;ih institucija za ispunjavanje zadataka i obaveza pred na&#353;im gradanima, za izgradnju napredne dr&#382;ave,\u00a0 gde ce gradani naci mogucnost za jedan bolji &#382;ivot bez potra&#382;nje drugih puteva, za odlazak iz svoje zemlje.<br \/>\n\u00a0<br \/>\nNa&#353;a je obaveza da obezbedimo na&#353;oj deci jednu bolju buducnost, menjajuci sada&#353;njost putem duboke reforme u dru&#353;tvo &#8211; reformama koje trebaju da dotaknu i prosvetu, i zdravstvo i svaku ostalu oblast &#382;ivota.<br \/>\n\u00a0<br \/>\nNe mo&#382;emo dozvoliti da na&#353;i omladinci postaju deo radikalnih ekstremistickih grupa u svetu koje ugro&#382;avaju bezbednost i stabilnost bilo gde\u00a0 a narocito na Kosovu. I prema tome trebamo vi&#353;e raditi radi osiguranja ekonomskog razvoja, vece investicije, otvaranje novih radnih mesta i posebno kvalitetnije profesionalno obrazovanje koje ce omoguciti napredak zemlje.<br \/>\n\u00a0<br \/>\nTrebamo pokazati na&#353;e posvecenje za uspostavljanje reda i vladanja zakona, povecanjem anga&#382;ovanja svih institucija za iskorenjivanje korupcije i suzbijanje organizovanog kriminala. Ove pojave zadr&#382;ava kao taoca na&#353;e kretanje na putu u pravcu evropskih integracija i ugro&#382;avaju daljnji razvoj dru&#353;tva.<br \/>\n\u00a0<br \/>\nI pre nego &#353;to zakljucim ovo izlaganje, &#382;elim istaci da, Va&#353;im radom, vi, &#381;ene iz Institucija Bezbednosti ste Kosovo ucinile bezbednijom zemljom za sve njene gradane uz neposredni uticaj na garantovanje mira i stabilnosti u regionu i &#353;ire.<br \/>\n\u00a0<br \/>\n&#381;elim vam puno uspeha u va&#353;em radu i izra&#382;avam vam celokupnu institucionalnu pomoc i podr&#353;ku!<\/p>\n","protected":false},"excerpt":{"rendered":"<p>Sa velikim zadovoljstvom sam do&#353;la danas u ovoj ceremoniji lansiranja projekta &#8220;&#381;ene u Institucijama Bezbednosti Kosova&#8220;, da izrazim moje bezrezervnu podr&#353;ku za sve &#382;ene i devojke u uniformi, koje su deo na&#353;ih institucija bezbednosti i pravde.<\/p>\n","protected":false},"author":1,"featured_media":42671,"comment_status":"open","ping_status":"closed","sticky":false,"template":"","format":"standard","meta":{"_eb_attr":"","footnotes":""},"categories":[106],"tags":[],"class_list":["post-77606","post","type-post","status-publish","format-standard","has-post-thumbnail","hentry","category-govori"],"yoast_head":"<!-- This site is optimized with the Yoast SEO plugin v23.5 - https:\/\/yoast.com\/wordpress\/plugins\/seo\/ -->\n<title>Govor Predsednice Atifete Jahjaga na lansiranju projekta &#147;&#142;ene u Institucijama Bezbednosti Kosova&#147; - Predsednik Republike Kosovo - DR. VJOSA OSMANI - SADRIU<\/title>\n<meta name=\"description\" content=\"Govor Predsednice Atifete Jahjaga na lansiranju projekta &#147;&#142;ene u Institucijama Bezbednosti Kosova&#147; - Predsednik Republike Kosovo - DR. VJOSA OSMANI - SADRIU -\" \/>\n<meta name=\"robots\" content=\"index, follow, max-snippet:-1, max-image-preview:large, max-video-preview:-1\" \/>\n<link rel=\"canonical\" href=\"https:\/\/president-ksgov.net\/fjala-e-presidentes-jahjaga-me-rastin-e-lansimit-te-projektit-grate-ne-institucionet-e-sigurise-se-kosoves\/\" \/>\n<meta property=\"og:locale\" content=\"sr_RS\" \/>\n<meta property=\"og:type\" content=\"article\" \/>\n<meta property=\"og:title\" content=\"Govor Predsednice Atifete Jahjaga na lansiranju projekta &#147;&#142;ene u Institucijama Bezbednosti Kosova&#147; - Predsednik Republike Kosovo - DR. VJOSA OSMANI - SADRIU\" \/>\n<meta property=\"og:description\" content=\"Govor Predsednice Atifete Jahjaga na lansiranju projekta &#147;&#142;ene u Institucijama Bezbednosti Kosova&#147; - Predsednik Republike Kosovo - DR. VJOSA OSMANI - SADRIU -\" \/>\n<meta property=\"og:url\" content=\"https:\/\/president-ksgov.net\/fjala-e-presidentes-jahjaga-me-rastin-e-lansimit-te-projektit-grate-ne-institucionet-e-sigurise-se-kosoves\/\" \/>\n<meta property=\"og:site_name\" content=\"Predsednik Republike Kosovo - DR. VJOSA OSMANI - SADRIU\" \/>\n<meta property=\"article:published_time\" content=\"2014-12-10T12:11:06+00:00\" \/>\n<meta property=\"article:modified_time\" content=\"2023-03-08T09:03:06+00:00\" \/>\n<meta property=\"og:image\" content=\"https:\/\/president-ksgov.net\/wp-content\/uploads\/10_12_2014_2315160_IMG_0762_1.jpg\" \/>\n\t<meta property=\"og:image:width\" content=\"1000\" \/>\n\t<meta property=\"og:image:height\" content=\"651\" \/>\n\t<meta property=\"og:image:type\" content=\"image\/jpeg\" \/>\n<meta name=\"author\" content=\"admin\" \/>\n<meta name=\"twitter:card\" content=\"summary_large_image\" \/>\n<meta name=\"twitter:label1\" content=\"\u041d\u0430\u043f\u0438\u0441\u0430\u043d\u043e \u043e\u0434\" \/>\n\t<meta name=\"twitter:data1\" content=\"admin\" \/>\n\t<meta name=\"twitter:label2\" content=\"\u041f\u0440\u043e\u0446\u0435\u045a\u0435\u043d\u043e \u0432\u0440\u0435\u043c\u0435 \u0447\u0438\u0442\u0430\u045a\u0430\" \/>\n\t<meta name=\"twitter:data2\" content=\"4 \u043c\u0438\u043d\u0443\u0442\u0430\" \/>\n<script type=\"application\/ld+json\" class=\"yoast-schema-graph\">{\"@context\":\"https:\/\/schema.org\",\"@graph\":[{\"@type\":\"WebPage\",\"@id\":\"https:\/\/president-ksgov.net\/fjala-e-presidentes-jahjaga-me-rastin-e-lansimit-te-projektit-grate-ne-institucionet-e-sigurise-se-kosoves\/\",\"url\":\"https:\/\/president-ksgov.net\/fjala-e-presidentes-jahjaga-me-rastin-e-lansimit-te-projektit-grate-ne-institucionet-e-sigurise-se-kosoves\/\",\"name\":\"Govor Predsednice Atifete Jahjaga na lansiranju projekta &#147;&#142;ene u Institucijama Bezbednosti Kosova&#147; - Predsednik Republike Kosovo - DR. VJOSA OSMANI - SADRIU\",\"isPartOf\":{\"@id\":\"https:\/\/president-ksgov.net\/#website\"},\"primaryImageOfPage\":{\"@id\":\"https:\/\/president-ksgov.net\/fjala-e-presidentes-jahjaga-me-rastin-e-lansimit-te-projektit-grate-ne-institucionet-e-sigurise-se-kosoves\/#primaryimage\"},\"image\":{\"@id\":\"https:\/\/president-ksgov.net\/fjala-e-presidentes-jahjaga-me-rastin-e-lansimit-te-projektit-grate-ne-institucionet-e-sigurise-se-kosoves\/#primaryimage\"},\"thumbnailUrl\":\"https:\/\/president-ksgov.net\/wp-content\/uploads\/10_12_2014_2315160_IMG_0762_1.jpg\",\"datePublished\":\"2014-12-10T12:11:06+00:00\",\"dateModified\":\"2023-03-08T09:03:06+00:00\",\"author\":{\"@id\":\"https:\/\/president-ksgov.net\/#\/schema\/person\/bb4337a5fb147cb2046d80548172cbee\"},\"description\":\"Govor Predsednice Atifete Jahjaga na lansiranju projekta &#147;&#142;ene u Institucijama Bezbednosti Kosova&#147; - Predsednik Republike Kosovo - DR. VJOSA OSMANI - SADRIU -\",\"breadcrumb\":{\"@id\":\"https:\/\/president-ksgov.net\/fjala-e-presidentes-jahjaga-me-rastin-e-lansimit-te-projektit-grate-ne-institucionet-e-sigurise-se-kosoves\/#breadcrumb\"},\"inLanguage\":\"sr-RS\",\"potentialAction\":[{\"@type\":\"ReadAction\",\"target\":[\"https:\/\/president-ksgov.net\/fjala-e-presidentes-jahjaga-me-rastin-e-lansimit-te-projektit-grate-ne-institucionet-e-sigurise-se-kosoves\/\"]}]},{\"@type\":\"ImageObject\",\"inLanguage\":\"sr-RS\",\"@id\":\"https:\/\/president-ksgov.net\/fjala-e-presidentes-jahjaga-me-rastin-e-lansimit-te-projektit-grate-ne-institucionet-e-sigurise-se-kosoves\/#primaryimage\",\"url\":\"https:\/\/president-ksgov.net\/wp-content\/uploads\/10_12_2014_2315160_IMG_0762_1.jpg\",\"contentUrl\":\"https:\/\/president-ksgov.net\/wp-content\/uploads\/10_12_2014_2315160_IMG_0762_1.jpg\",\"width\":1000,\"height\":651},{\"@type\":\"BreadcrumbList\",\"@id\":\"https:\/\/president-ksgov.net\/fjala-e-presidentes-jahjaga-me-rastin-e-lansimit-te-projektit-grate-ne-institucionet-e-sigurise-se-kosoves\/#breadcrumb\",\"itemListElement\":[{\"@type\":\"ListItem\",\"position\":1,\"name\":\"Home\",\"item\":\"https:\/\/president-ksgov.net\/sr\/\"},{\"@type\":\"ListItem\",\"position\":2,\"name\":\"Govor Predsednice Atifete Jahjaga na lansiranju projekta &#147;&#142;ene u Institucijama Bezbednosti Kosova&#147;\"}]},{\"@type\":\"WebSite\",\"@id\":\"https:\/\/president-ksgov.net\/#website\",\"url\":\"https:\/\/president-ksgov.net\/\",\"name\":\"Presidente e Republik\u00ebs s\u00eb Kosov\u00ebs\",\"description\":\"Presidente e Republik\u00ebs s\u00eb Kosov\u00ebs\",\"alternateName\":\"DR. VJOSA OSMANI - SADRIU\",\"potentialAction\":[{\"@type\":\"SearchAction\",\"target\":{\"@type\":\"EntryPoint\",\"urlTemplate\":\"https:\/\/president-ksgov.net\/?s={search_term_string}\"},\"query-input\":{\"@type\":\"PropertyValueSpecification\",\"valueRequired\":true,\"valueName\":\"search_term_string\"}}],\"inLanguage\":\"sr-RS\"},{\"@type\":\"Person\",\"@id\":\"https:\/\/president-ksgov.net\/#\/schema\/person\/bb4337a5fb147cb2046d80548172cbee\",\"name\":\"admin\",\"image\":{\"@type\":\"ImageObject\",\"inLanguage\":\"sr-RS\",\"@id\":\"https:\/\/president-ksgov.net\/#\/schema\/person\/image\/\",\"url\":\"https:\/\/secure.gravatar.com\/avatar\/36156ca0fa3b8d9d25174f146e16beea0cf28f37adf1b9e19b6c9c279a7c9dd3?s=96&d=mm&r=g\",\"contentUrl\":\"https:\/\/secure.gravatar.com\/avatar\/36156ca0fa3b8d9d25174f146e16beea0cf28f37adf1b9e19b6c9c279a7c9dd3?s=96&d=mm&r=g\",\"caption\":\"admin\"},\"sameAs\":[\"https:\/\/president-ksgov.net\"]}]}<\/script>\n<!-- \/ Yoast SEO plugin. -->","yoast_head_json":{"title":"Govor Predsednice Atifete Jahjaga na lansiranju projekta &#147;&#142;ene u Institucijama Bezbednosti Kosova&#147; - Predsednik Republike Kosovo - DR. VJOSA OSMANI - SADRIU","description":"Govor Predsednice Atifete Jahjaga na lansiranju projekta &#147;&#142;ene u Institucijama Bezbednosti Kosova&#147; - Predsednik Republike Kosovo - DR. VJOSA OSMANI - SADRIU -","robots":{"index":"index","follow":"follow","max-snippet":"max-snippet:-1","max-image-preview":"max-image-preview:large","max-video-preview":"max-video-preview:-1"},"canonical":"https:\/\/president-ksgov.net\/fjala-e-presidentes-jahjaga-me-rastin-e-lansimit-te-projektit-grate-ne-institucionet-e-sigurise-se-kosoves\/","og_locale":"sr_RS","og_type":"article","og_title":"Govor Predsednice Atifete Jahjaga na lansiranju projekta &#147;&#142;ene u Institucijama Bezbednosti Kosova&#147; - Predsednik Republike Kosovo - DR. VJOSA OSMANI - SADRIU","og_description":"Govor Predsednice Atifete Jahjaga na lansiranju projekta &#147;&#142;ene u Institucijama Bezbednosti Kosova&#147; - Predsednik Republike Kosovo - DR. VJOSA OSMANI - SADRIU -","og_url":"https:\/\/president-ksgov.net\/fjala-e-presidentes-jahjaga-me-rastin-e-lansimit-te-projektit-grate-ne-institucionet-e-sigurise-se-kosoves\/","og_site_name":"Predsednik Republike Kosovo - DR. VJOSA OSMANI - SADRIU","article_published_time":"2014-12-10T12:11:06+00:00","article_modified_time":"2023-03-08T09:03:06+00:00","og_image":[{"width":1000,"height":651,"url":"https:\/\/president-ksgov.net\/wp-content\/uploads\/10_12_2014_2315160_IMG_0762_1.jpg","type":"image\/jpeg"}],"author":"admin","twitter_card":"summary_large_image","twitter_misc":{"\u041d\u0430\u043f\u0438\u0441\u0430\u043d\u043e \u043e\u0434":"admin","\u041f\u0440\u043e\u0446\u0435\u045a\u0435\u043d\u043e \u0432\u0440\u0435\u043c\u0435 \u0447\u0438\u0442\u0430\u045a\u0430":"4 \u043c\u0438\u043d\u0443\u0442\u0430"},"schema":{"@context":"https:\/\/schema.org","@graph":[{"@type":"WebPage","@id":"https:\/\/president-ksgov.net\/fjala-e-presidentes-jahjaga-me-rastin-e-lansimit-te-projektit-grate-ne-institucionet-e-sigurise-se-kosoves\/","url":"https:\/\/president-ksgov.net\/fjala-e-presidentes-jahjaga-me-rastin-e-lansimit-te-projektit-grate-ne-institucionet-e-sigurise-se-kosoves\/","name":"Govor Predsednice Atifete Jahjaga na lansiranju projekta &#147;&#142;ene u Institucijama Bezbednosti Kosova&#147; - Predsednik Republike Kosovo - DR. VJOSA OSMANI - SADRIU","isPartOf":{"@id":"https:\/\/president-ksgov.net\/#website"},"primaryImageOfPage":{"@id":"https:\/\/president-ksgov.net\/fjala-e-presidentes-jahjaga-me-rastin-e-lansimit-te-projektit-grate-ne-institucionet-e-sigurise-se-kosoves\/#primaryimage"},"image":{"@id":"https:\/\/president-ksgov.net\/fjala-e-presidentes-jahjaga-me-rastin-e-lansimit-te-projektit-grate-ne-institucionet-e-sigurise-se-kosoves\/#primaryimage"},"thumbnailUrl":"https:\/\/president-ksgov.net\/wp-content\/uploads\/10_12_2014_2315160_IMG_0762_1.jpg","datePublished":"2014-12-10T12:11:06+00:00","dateModified":"2023-03-08T09:03:06+00:00","author":{"@id":"https:\/\/president-ksgov.net\/#\/schema\/person\/bb4337a5fb147cb2046d80548172cbee"},"description":"Govor Predsednice Atifete Jahjaga na lansiranju projekta &#147;&#142;ene u Institucijama Bezbednosti Kosova&#147; - Predsednik Republike Kosovo - DR. VJOSA OSMANI - SADRIU -","breadcrumb":{"@id":"https:\/\/president-ksgov.net\/fjala-e-presidentes-jahjaga-me-rastin-e-lansimit-te-projektit-grate-ne-institucionet-e-sigurise-se-kosoves\/#breadcrumb"},"inLanguage":"sr-RS","potentialAction":[{"@type":"ReadAction","target":["https:\/\/president-ksgov.net\/fjala-e-presidentes-jahjaga-me-rastin-e-lansimit-te-projektit-grate-ne-institucionet-e-sigurise-se-kosoves\/"]}]},{"@type":"ImageObject","inLanguage":"sr-RS","@id":"https:\/\/president-ksgov.net\/fjala-e-presidentes-jahjaga-me-rastin-e-lansimit-te-projektit-grate-ne-institucionet-e-sigurise-se-kosoves\/#primaryimage","url":"https:\/\/president-ksgov.net\/wp-content\/uploads\/10_12_2014_2315160_IMG_0762_1.jpg","contentUrl":"https:\/\/president-ksgov.net\/wp-content\/uploads\/10_12_2014_2315160_IMG_0762_1.jpg","width":1000,"height":651},{"@type":"BreadcrumbList","@id":"https:\/\/president-ksgov.net\/fjala-e-presidentes-jahjaga-me-rastin-e-lansimit-te-projektit-grate-ne-institucionet-e-sigurise-se-kosoves\/#breadcrumb","itemListElement":[{"@type":"ListItem","position":1,"name":"Home","item":"https:\/\/president-ksgov.net\/sr\/"},{"@type":"ListItem","position":2,"name":"Govor Predsednice Atifete Jahjaga na lansiranju projekta &#147;&#142;ene u Institucijama Bezbednosti Kosova&#147;"}]},{"@type":"WebSite","@id":"https:\/\/president-ksgov.net\/#website","url":"https:\/\/president-ksgov.net\/","name":"Presidente e Republik\u00ebs s\u00eb Kosov\u00ebs","description":"Presidente e Republik\u00ebs s\u00eb Kosov\u00ebs","alternateName":"DR. VJOSA OSMANI - SADRIU","potentialAction":[{"@type":"SearchAction","target":{"@type":"EntryPoint","urlTemplate":"https:\/\/president-ksgov.net\/?s={search_term_string}"},"query-input":{"@type":"PropertyValueSpecification","valueRequired":true,"valueName":"search_term_string"}}],"inLanguage":"sr-RS"},{"@type":"Person","@id":"https:\/\/president-ksgov.net\/#\/schema\/person\/bb4337a5fb147cb2046d80548172cbee","name":"admin","image":{"@type":"ImageObject","inLanguage":"sr-RS","@id":"https:\/\/president-ksgov.net\/#\/schema\/person\/image\/","url":"https:\/\/secure.gravatar.com\/avatar\/36156ca0fa3b8d9d25174f146e16beea0cf28f37adf1b9e19b6c9c279a7c9dd3?s=96&d=mm&r=g","contentUrl":"https:\/\/secure.gravatar.com\/avatar\/36156ca0fa3b8d9d25174f146e16beea0cf28f37adf1b9e19b6c9c279a7c9dd3?s=96&d=mm&r=g","caption":"admin"},"sameAs":["https:\/\/president-ksgov.net"]}]}},"_links":{"self":[{"href":"https:\/\/president-ksgov.net\/sr\/wp-json\/wp\/v2\/posts\/77606","targetHints":{"allow":["GET"]}}],"collection":[{"href":"https:\/\/president-ksgov.net\/sr\/wp-json\/wp\/v2\/posts"}],"about":[{"href":"https:\/\/president-ksgov.net\/sr\/wp-json\/wp\/v2\/types\/post"}],"author":[{"embeddable":true,"href":"https:\/\/president-ksgov.net\/sr\/wp-json\/wp\/v2\/users\/1"}],"replies":[{"embeddable":true,"href":"https:\/\/president-ksgov.net\/sr\/wp-json\/wp\/v2\/comments?post=77606"}],"version-history":[{"count":1,"href":"https:\/\/president-ksgov.net\/sr\/wp-json\/wp\/v2\/posts\/77606\/revisions"}],"predecessor-version":[{"id":81645,"href":"https:\/\/president-ksgov.net\/sr\/wp-json\/wp\/v2\/posts\/77606\/revisions\/81645"}],"wp:featuredmedia":[{"embeddable":true,"href":"https:\/\/president-ksgov.net\/sr\/wp-json\/wp\/v2\/media\/42671"}],"wp:attachment":[{"href":"https:\/\/president-ksgov.net\/sr\/wp-json\/wp\/v2\/media?parent=77606"}],"wp:term":[{"taxonomy":"category","embeddable":true,"href":"https:\/\/president-ksgov.net\/sr\/wp-json\/wp\/v2\/categories?post=77606"},{"taxonomy":"post_tag","embeddable":true,"href":"https:\/\/president-ksgov.net\/sr\/wp-json\/wp\/v2\/tags?post=77606"}],"curies":[{"name":"wp","href":"https:\/\/api.w.org\/{rel}","templated":true}]}}