{"id":77595,"date":"2014-12-18T11:38:14","date_gmt":"2014-12-18T11:38:14","guid":{"rendered":"https:\/\/dev.president-ksgov.net\/godinji-govor-predsednice-republike-kosovo-u-skuptini-kosova-2\/"},"modified":"2023-03-08T09:02:26","modified_gmt":"2023-03-08T09:02:26","slug":"godinji-govor-predsednice-republike-kosovo-u-skuptini-kosova-2","status":"publish","type":"post","link":"https:\/\/president-ksgov.net\/sr\/godinji-govor-predsednice-republike-kosovo-u-skuptini-kosova-2\/","title":{"rendered":"GODI&#138;NJI GOVOR PREDSEDNICE REPUBLIKE KOSOVO  U SKUP&#138;TINI KOSOVA"},"content":{"rendered":"<p>\u010cast i zadovoljstvo mi je biti danas pred vama da sumiram dostignu\u0107a i izazove koje smo prevazi&#353;li kao dru&#353;tvo i kao dr&#382;ava tokom ove dogine koju ostavljamo za sobom.<\/p>\n<p>Po&#353;tovani Predsednik Sku&#353;tine, g. Veselji,<br \/>\nPo&#353;tovani Kabinet Vlade,<br \/>\nPo&#353;tovani poslanici,<br \/>\nAmbasadori i predstavnici diplomatskih misija u Kosovo,<br \/>\nPo&#353;tovani gra\u0111ani Republike Kosovo,<br \/>\nDame i gospodo,<\/p>\n<p>\u010cast i zadovoljstvo mi je biti danas pred vama da sumiram dostignu\u0107a i izazove koje smo prevazi&#353;li kao dru&#353;tvo i kao dr&#382;ava tokom ove dogine koju ostavljamo za sobom. Dolazim pred vama,\u00a0 ne naprosto da ispunim jednu ustavnu obavezu ,\u00a0 nego ube\u0111ena vi&#353;e nego ikada da \u0107e na&#353;a krhka demokratija\u00a0 ja\u010dati samo putem \u010dvrstog poverenja u institucije koje su dobile mandat za upravljanje Kosovom, putem odgovornosti i potpunog po&#353;tovanja ustavnih mandata insitiucija, uklju\u010duju\u0107i i njihovu autonomnost.<\/p>\n<p>Inspirisani i aspiracijom\u00a0 uvr&#353;tene u na&#353; Ustav, za uspostavljanje jedne zemlje ravnopravnih gra\u0111ana, sa jednakim mogu\u0107nostima za realizaciju svojih potencijala i za ostvarivanje blagostanja u Republici Kosovo.<br \/>\nTe iskrenim posve\u0107enjem za vrednosti koje smo postavili u temelje na&#353;e dr&#382;ave, prevashodno rodoljublja, bez koje mi ne bismo uspeli okon\u010dati na&#353;u dr&#382;avotvornost.<\/p>\n<p>Politi\u010dka zbivanja u drugoj polovini ove godine su\u00a0 dokazale da jo&#353; uvek zaostajemo u realizaciji ove vizije za na&#353;u dr&#382;avu i da smo daleko od realizacije na&#353;ih zajedni\u010dkih ciljeva.<\/p>\n<p>U op&#353;tim izborima, koji su odr&#382;ani u Junu, gra\u0111ani Republike Kosovo su pokazali visok stepen zrelosti. Gra\u0111ani su se odazvali pozivu za odgovorno izvr&#353;avanje gra\u0111anske obaveze, za biranje svojih predstavnika u ovu Skup&#353;tinu i da nam poveravaju odlu\u010divanje u njihovo ime. Gra\u0111ani Kosova , uz njihovu obazrivost i pa&#382;nju su odr&#382;ali jedan dobar izborni proces, bez incidenata i prvi put sa etni\u010dkom sveobuhvatno&#353;\u0107u u celoj teritoriji Kosova, daju\u0107i poverenje jednom demokratskom\u00a0 procesu i ja\u010daju\u0107i njihovog\u00a0 ube\u0111enja da putem glasa verujemo u uspostavljanje jedne dr&#382;ave, koja uzima u obzir njihove potrebe i &#382;elje, za jedno upravljanje koje zastupanje i upravljanje tretira\u00a0 kao odgovornost.<\/p>\n<p>U &#353;est mese\u0107ni period, koji je pratio ovaj demokratski proces, mi smo otkrili nedostatke na&#353;e mlade demokratije, kao &#353;to smo identifikovali nejasno\u0107e i nedostatke usvojenog Ustava, ali neproverene u na&#353; politi\u010dki &#382;ivot. No, nije bio samo demokratski proces i Ustav ono &#353;to smo testirali ovom prilikom.<br \/>\nU izgradnji institucija i politi\u010dke blokade kojom je pro&#382;et proces konstituisanja ove Skup&#353;tine i ove vlade, \u010desto sam se obavezala pozvati na ostavljanje po strani uskih individualnih i politi\u010dkih interesa, neprijateljstva koja su vi&#353;e bila li\u010dna nego konceptualna.<\/p>\n<p>Bila je te&#353;ka uloga u jednoj te&#353;koj situaciji, krajnje polarizirane politi\u010dke scene, uz mnogo tenzija i zao&#353;travanja. Ali nije bilo druge alternative, jer 4 godine ranije, u ovu svetu instituciju, sam se zavetovala da \u0107u biti faktor jedinstva u Republici Kosovo, da \u0107u postaviti ustavnost i zakonitost iznad dnevne politi\u010dke\u00a0 agende. S druge strane, ja sam imala\u00a0 poverenje u jednu politi\u010dku klasu, koja je bila ujedinjena kad god je bio odlu\u010duju\u0107i\u00a0 trenutak za stvaranje Kosova. I da se ne\u0107e dovesti u pitanje poverenje na institucije koje smo sami uspostavili. <\/p>\n<p>Izgubili smo mnogo cenjenog vremena da vodimo napred toliko neophodne reforme, koje \u0107e Kosovo \u010diniti dr&#382;avom vladanja zakona i prosperitetnom zemljom. Za razvoj ekonomije, a ne da prepolovimo na&#353; ekonomski rast, ionako nedovoljan za suo\u010davanje sa nezapo&#353;ljavanjem i op&#353;tim razvojem Kosova.<br \/>\nOvih &#353;est meseci, osim &#353;to smo stavili u opit institucije i Ustav Kosova, ovaj osnovni dokumenat koji postavlja osnove na&#353;e dr&#382;ave i vrednosti na kojima gradimo ove temelje, mi smo te&#353;ko testirali strpljenje na&#353;ih gra\u0111ana. Njih smo doveli pred apatijom, koja je te&#353;ko izazivala na&#353;u zajedni\u010dku volju za mobilizaciju i za davanje zadnjeg podstreka konsolidaciji Kosova kao nezavisne i suverene dr&#382;ave, ove snovi za koje smo se tako mnogo &#382;rtvovali. Poljuljati \u0107emo gra\u0111anima poverenje da mo&#382;emo \u010diniti dr&#382;avu i da im bledimo ambicije da postanu gospodari samog sebe.<\/p>\n<p>Dok nabrajam posledice &#353;est mese\u0107ne krize, koje su postale opipljive za sve, uklju\u010duju\u0107i ovde i paralizu nezavisnih agencija, ugro&#382;avaju\u0107i tako i na&#353;e funkcioniranje kao dr&#382;ava, &#382;elim da verujem da je, iz ove najnovije mra\u010dne ta\u010dke istorije, Kosovo iza&#353;la svesnija\u00a0 za velike posledice na&#353;ih postupaka, koji nepravedno terete nad gra\u0111anima Republike Kosovo.<\/p>\n<p>Iz ove situacije smo iza&#353;li svesniji za nedostatke i nejasno\u0107e na&#353;eg sistema &#8211; politi\u010dkih partija, na&#353;eg izbornog procesa, Ustava,\u00a0 iza&#353;li smo sna&#382;niji da se suo\u010davamo sa neophodnim reformama, koje \u0107e nam obezbediti funkcioniranje institucija i razvoj proces, koji garantuju ravnopravnost na&#353;ih gra\u0111ana pred zakonom. I blagoslovim da smo iza&#353;li svesni da odgovornost pada nad\u00a0 nama &#8211; a ne nad me\u0111unarodnim faktorom &#8211; za nalaz re&#353;enja za na&#353;e probleme i na&#353; proma&#353;aj.<\/p>\n<p>Ovo op&#353;te politi\u010dko i gra\u0111ansko osve&#353;\u0107enje je neophodno da nam slu&#382;i za jedan jedini cilj &#8211; bez gubljenja vremena da obnovimo poverenje gra\u0111anina Kosova u svoju dr&#382;avu, u Republici Kosovo. Institucije su nam konsolidovane, procesi su jasni. Sada nam treba jedan novi elan, politi\u010dki i prakti\u010dni, radi ostvarivanja obaveze uspostavljanja dr&#382;ave.<\/p>\n<p>Pred sobom imamo mnogo institucionalnih izazova i trebamo ispuniti mnoga o\u010dekivanja bilo gra\u0111ana Kosova, ili na&#353;ih me\u0111unarodnih partnera, koje smo imali uz nas na svakom koraku na&#353;e dr&#382;avotvornosti. Ja sam ube\u0111ena da mi ne\u0107emo razo\u010darati nijednu stranu i svakog dana \u0107emo \u010diniti &#353;to je mogu\u0107e da prevazi\u0111emo na&#353;e slabosti i nedostatke.<\/p>\n<p>Ne trebamo tra&#382;iti kra\u0107i put. Bez gubljenja vremena trebamo ispuniti na&#353;e obaveze . Samo tada \u0107emo imati neoborive i odr&#382;ive dokaze da u centrima odlu\u010divanja\u00a0 pokrenemo napred jedinu viziju i agendu koja nas danas\u00a0 sve spaja &#8211; onu o stvaranju ustrajne i funkcionalne dr&#382;ave\u00a0 za evropsko-atlantske integracije.<\/p>\n<p>Na&#353;i zadaci su konkretni i merljivi . I koraci za njihovu realizaciju trebaju biti isto toliko konkretni\u00a0 i merljivi, kao &#353;to takva treba da bude i odgovornost za njihovo ispunjavanje,\u00a0 do instaliranja jedne institucionalne kulture transparencije i odgovornosti, koja ne podnosi nemarnost,\u00a0 koja isklju\u010duje nepotizam i klijentelu i koji nagra\u0111uje stru\u010dnost.<\/p>\n<p>Do ove ta\u010dke smo okrivili tranziciju i nezaobilazni haos, koji prati jednu borbu za jedno dru&#353;tvo bez rata. Od sada, ponovo isti\u010dem, na&#353;i su zadaci konkretni i merljivi i o\u010dekujem od vas jedan prekid i odvajanje od pro&#353;le prakse.<\/p>\n<p>Sheme\u00a0 nezaposlenih omladinaca, koji skitaju trgovima na&#353;ih gradova, gradova koji postepeno prete da se pretvore u grad-sablasti, ili scene dugih redova za kupovinu jednosmernih karata u pravcu fiktivnih nepostoje\u0107ih adresa spa&#353;avanja, treba da uznemire na&#353;u du&#353;u, da nas ostavljaju bez sna. Na&#353;a je odgovornost da se suo\u010davamo i tra&#382;imo re&#353;enje za potrebe na&#353;ih gra\u0111ana.<\/p>\n<p>Mi snosimo odgovornost za neostvarene snovi i za razo\u010daranje gra\u0111ana sa dr&#382;avom Kosovo.<br \/>\nIsto onoliko koliko je na&#353;a odgovornost i obaveza da obezbedimo blagostanje na&#353;im gra\u0111anima, isto toliko je odgovornost za spre\u010davanje njihovih postupaka\u00a0 profitiranja na ple\u0107a gra\u0111ana,\u00a0 ilegalnim putevima, koji njih vode u pravcu jedne nesigurne budu\u0107nosti.<\/p>\n<p>Prioritet za gra\u0111anina Kosova ostaje smanjenje nezaposlenosti i ekonomski razvoj, koji \u0107e obezbediti jedan dostojanstven &#382;ivot, jedno odr&#382;ivo pobolj&#353;anje &#382;ivotnog standarda, koji jo&#353; ima dosta toga &#353;to treba do postizanja &#382;eljenog cilja.<\/p>\n<p>Olak&#353;anje slobodne konkurencije s ukidanjem kartela i monopola, omogu\u0107avaju odr&#382;iv i sveobuhvatni ekonomski rast , oslonjen na plodove slobodne inicijative, inovacije i istra&#382;ivanje razvoja.<\/p>\n<p>Ukoliko &#382;elimo jedno slobodno dru&#353;tvo &#8211; a ovo sigurno nastavlja biti na&#353; glavni cilj &#8211; mi trebamo da podsti\u010demo slobodnu konkurenciju i da onemogu\u0107imo koncentraciju vlasti na rukama jedne manjine, koja potom zloupotrebljava sistem za obezbe\u0111enje nepravednih prednosti pojedincima i odre\u0111enim interesnim grupama. Ovo nije slobodna tr&#382;i&#353;na ekonomija, nego privreda samozvanih elita, koje se pretvaraju u smetnju na&#353;eg sveobuhvatnog razvoja.<\/p>\n<p>Jedno slobodno i demokratsko dru&#353;tvo, zasnovano na tr&#382;i&#353;ne uslove i slobodnu konkurenciju, ne mo&#382;e postojati ne zasnovana na zakon. Ovde teret odgovornosti pre svega pada na teret politi\u010dke i ekonomske institucije, koje trebaju obaviti svoj posao, da stvore mehanizme podsticanja i podr&#353;ke za ekonomiju, i , pre svega, da brinu za sprovo\u0111enje zakona i stvaranje preduslova za sveobuhvatni ekonomski razvoj.<br \/>\nPolitika treba da olak&#353;a razvoj a ne da bude njegova smetnja.<\/p>\n<p>Problem nezaposlenosti se re&#353;ava ozbiljnim posve\u0107enjem na svim nivoima. Mi kao dru&#353;tvo sa velikim ljudskim\u00a0 i prirodnim potencijalima, trebamo graditi jednu jasnu ekonomsku viziju, koja treba da bude jedna sveobuhvatna vizija, koja definira puteve i na\u010din jednog istinitog ekonomskog razvoja, \u010diji deo treba da bude svaki gra\u0111anin Kosova.<\/p>\n<p>Za to trebamo imati hrabrost za strukturne reforme. Trebamo nalaziti puteve za aktiviranje na&#353;ih kapaciteta , bili to proizvodni, ili uslu&#382;ni, najpre aktiviranjem ljudskih kapaciteta koje mi imamo.<\/p>\n<p>Trebamo adresirati 52 preporuke Evropske Komisije za liberalizaciju viza, koje su jo&#353; uvek deo neispunjenih op&#353;tih zahteva koji su postavljeni institucijama Kosova. Nema smisla da Kosovo bude naj izolirana zemlja u Evropu i da kretanje njenih gra\u0111ana danas ostaje talac jednog niza detalja &#8211; npr. sprovo\u0111enja zakona za finansiranje politi\u010dkih partija, opreme grani\u010dnih prelaza Internetom, pa do imenovanja u Sudski i Tu&#382;ila\u010dki Savet Kosova &#8211; koji se lako mogu ispuniti.<\/p>\n<p>U teku\u0107im danima i nedelje, ispunjavanje ovih kriterija i potpisivanje Sporazuma o Stabilizaciju i Asociranju, treba da bude prioritet svih na&#353;ih anga&#382;ovanja, svakoga od vas, svih institucija. Za jednu &#353;to efikasniju me\u0111u institucionalnu\u00a0 koordinaciju, staviti \u0107u na raspolaganje Savet za Evropske\u00a0 Integracije, jedan ve\u0107 dokazan organ za neophodno postizanje dru&#353;tvenog i institucionalnog konsenzusa za na&#353;u evropsku agendu. Ja sam ube\u0111ena da ispunjavanje ovih kriterija ne samo &#353;to \u0107e omogu\u0107iti slobodno kretanje gra\u0111ana Kosova, nego \u0107e pobolj&#353;ati efikasnost sistema koji smo gradili ve\u0107 jednu i pol deceniju.<\/p>\n<p>U neke oblasti ve\u0107 imamo dostignu\u0107a, koja nas svrstaju uporedo s na&#353;im saveznicima u beskompromisnu odbranu na&#353;e nacionalne bezbednosti. Iz ove govornice, pre jedne godine sam najavila opasnost koju predstavlja nasilni ekstremizam za bezbednost Kosova. Bez kolebanja smo postupili, jer Kosovo nikada ne\u0107e postati kolevka ekstremizma i skloni&#353;te za teroriste. Preduzete su mere koje spre\u010davaju teroristi\u010dku aktivnost, koja ugro&#382;ava bezbednost gra\u0111ana Kosova i nastaviti \u0107emo da budemo posve\u0107eni da Kosovo ne postane ognji&#353;te ovih mra\u010dnih regresivnih snaga koje poku&#353;avaju\u00a0 ispu&#353;tati korenje u dr&#382;avu Kosovo.<br \/>\nDa bi se obezbedili da ustrajemo biti verni lai\u010dkoj dr&#382;avi i verskoj slobodi kao osnovno ljudsko pravo, nama treba jedna saradnja sa verskim zajednicama za jedno istinito ure\u0111ivanje njihove delatnosti.<\/p>\n<p>Po&#353;tovani poslanici,<br \/>\nNa&#353;a evropska\u00a0 agenda je usko povezana\u00a0 sa dva ostala unutra&#353;nja\u00a0 procesa, koji su isto toliko va&#382;ni za na&#353;u ustrajnost kao dr&#382;ava &#8211; sa rezultatima u borbi protiv korupcije i organizovanog kriminala i sa integracijom manjinskih zajednica u institucionalni i dru&#353;tveni &#382;ivot Republike Kosovo.<\/p>\n<p>Oba ova procesa su povezana sa dubokim sveukupnim reformama u na&#353;e dru&#353;tvo &#8211; reforma u zdravstvo, reforma u obrazovanje, reforma u pravni sistem. Danas imamo ne transparentnu javnu nabavku. Pove\u0107anje broja sudija i tu&#382;ilaca nije pretvoreno u efikasnost krivi\u010dnog gonjenja i presu\u0111ivanja slu\u010dajeva. Ima iznad 2,000 predmeta koji ve\u0107 niz godina stoje u rafovima na&#353;ih organa pravde. Jedno takvo stanje je neprihvatljivo, kao &#353;to je neprihvatljivo uplitanje i intervencija u autonomnost\u00a0 visoko-obrazovnih institucija i sudskim organima , koji trebaju biti stubovi koji generiraju na&#353;e vrednosti i koji garantuju pobolj&#353;anje i obnovu na&#353;eg sistema. <\/p>\n<p>Kada smo se zakleli da \u0107emo Kosovo \u010diniti zemljom svih njenih gra\u0111ana, mi smo preuzeli na sebe da integriramo sve zajednice koje &#382;ive na Kosovu. Pru&#382;ili smo ruku saradnje i onima koji su nas sa dvoumljenjem posmatrali.Tokom ovih sedam godina, dokazali smo na&#353;u sposobnost vernog ustrajanja vrednostima koje su temelj na&#353;e dr&#382;ave i pokazali smo na&#353;u odlu\u010dnost da zajedno radimo sa na&#353;im susedima da savladamo prepreke saradnje.<\/p>\n<p>Za nas, ovo su nepovratni procesi. Mnogo smo se borili za na&#353;a prava i slobodu &#8211; uklju\u010duju\u0107i tu i najosnovnije slobode kao sloboda govora ili pravo na &#382;ivot &#8211; i sada ne mo&#382;emo odustati od ovih vrednosti, ili da iste drugima osporavamo. <\/p>\n<p>U ovu zajedni\u010dku dr&#382;avu, izbori \u0107e biti zajedni\u010dki, bez nametanja i bez pritiska &#8211; izbori koji \u010duvaju ustavni poredak i na\u010delo sveobuhvatnosti. <\/p>\n<p>Ovo je vreme integracija! Kada svi mi ravnopravni gra\u0111ani zajedni\u010dke zemlje te&#382;imo ka boljoj budu\u0107nosti, integrisani u socijalni i institucionalni &#382;ivot Kosova. Ovo je vreme kada svi mi trebamo gledati interes na&#353;ih gra\u0111ana, unutar zajedni\u010dke dr&#382;ave, koja te&#382;i integrisanje u Evropskoj Zajednici.\u00a0 <\/p>\n<p>Kosovo treba ustrajati stoi\u010dki pred slede\u0107i opit koji se nadovezuje s na&#353;om bolnom pro&#353;lo&#353;\u0107u. Skup&#353;tina\u00a0 Kosova je podr&#382;ala stvaranje Specijalnog Suda, koji \u0107e adresirati optu&#382;be za ratni zlo\u010din koje proizilaze iz izve&#353;taja Evropskog Saveta za 2010 godinu i treba &#353;to pre da ispuni svoju obavezu za osnivanje istog kao dokaza da smo dr&#382;ava izgra\u0111ena na na\u010delima pravde za sve. <\/p>\n<p>Stvaranje Specijalnog Suda\u00a0 reflektira\u00a0 na&#353;e opredeljenje za jedan\u00a0 nezavisan i nepristrasan postupak koji meritorno razmatra jednom za uvek ove optu&#382;be. Ovaj Sud \u0107e se baviti individualnim slu\u010dajevima a nikako ne\u0107e biti jedna prijava za na&#353;u zajedni\u010dku i svetu borbu za slobodu i nezavisnost.<\/p>\n<p>Obavezni smo \u010diniti sve da vratimo u Kosovo, pred njihovim porodicama,\u00a0 preko 1,600 nestalih gra\u0111ana Kosova jo&#353; od rata\u00a0 na Kosovu. Njihov povratak ne treba da bude predmet pregovora, nego jedna dr&#382;avna obaveza vlade Republike Srbije i prioritet za nas da ne ostavimo u zaborav ove\u00a0 zlo\u010dine, nego da tra&#382;imo pravdu za njih. Da ne ostavljamo niti jedna vrata gde ne\u0107emo tra&#382;iti u nastojanju smirivanja du&#353;e porodica koje su u o\u010dekivanju svojih najmilijih ve\u0107 15 godina.<\/p>\n<p>Ratne rane su ostale otvorene i za &#382;rtve silovanja. &#381;elim da se zahvalim prethodnom sazivu da je &#382;rtve ove torture u\u010dinila zakonitu kategoriju uklju\u010duju\u0107i ih u Zakon o ratnim &#382;rtvama. Kao &#353;to znate, u okviru\u00a0 Saveta za rehabilitaciju pre&#382;ivelih seksualnog nasilja tokom rata, obavljen je veliki posao za adresiranje potreba ove kategorije putem potrebnog zakonodavstva, zdravstvene rehabilitacije, ekonomskog zna\u010daja i suzbijanja stigme. Imamo jo&#353; dosta posla za uraditi s toga od nove vlade i od vas, po&#353;tovani poslanici o\u010dekujem da nastavljamo saradnju i dostojno tretiranje ovih pre&#382;ivelih. Na&#353;a sloboda ne\u0107e biti potpuna bez njihove slobode.<\/p>\n<p>Po&#353;tovani gra\u0111ani Kosova,<br \/>\nNa&#353;a odlu\u010dnost u kretanju ka zavr&#353;nom cilju je nepokolebljivo. Dok, mnogo ljudi tokom zadnje decenije raspravljaju u ustrajnosti politike pro&#353;irenja, Zapadni Balkan je bio jedinstven u aspiraciji za \u010dlanstvo u EZ-e, kao jedina agenda koja nas sve spaja.<\/p>\n<p>Na&#353;a regija je \u010desto puta pru&#382;ila otpor pozitivnim promenama, ali pravedna perspektiva EZ-e se dokazala da je efikasno sredstvo transformacije Balkana. I ja verujem da se nalazimo u jednom delikatnom trenutku ambicija i evropske perspektive. Mi kao dr&#382;ava, ali i region, kao i sam EZ-e treba da unapredimo ovu perspektivu, kao jedinu garanciju postignutog napretka i ustrajni dokaz da mi ve\u0107 smo nau\u010dili od pro&#353;losti.<br \/>\nInstitucije Republike Kosovo ostaju posve\u0107ene za jedan kvalitetan dijalog sa Republikom Srbijom, za normalizaciju odnosa izme\u0111u dve zemlje i na&#353;ih dvaju naroda, uz posredovanje Evropske Zajednice. Mi trebamo zauzeti na&#353;e zaslu&#382;eno mesto pri regionalnim i globalnim stolovima, i ove godine koja je na isteku, na&#353;i su uspesi bili nepobitni. Trebamo nastaviti ja\u010dati na&#353; subjektivitet u odnosu sa na&#353;im susedima i da normalizujemo odnose koji dr&#382;e kao taoca regiju i blagostanje na&#353;ih gra\u0111ana.<\/p>\n<p>\u00a0Prioritetno je da pitanjima koja smo nasledili od zadnjeg rata nalazimo re&#353;enje i moj pristup ovim prioritetima jeste pragmati\u010dan. Simbolika je va&#382;na, ali ja dajem prednost re&#353;enjima i kretanju napred.<br \/>\nSigurna sam na dr&#382;avnost Kosova, na ustrajnost ove dr&#382;avnosti i nikada ne trebamo strepiti suo\u010davanju sa ma kojim u Beogradu Zastupamo odlu\u010dnost vi&#353;e od 2 miliona gra\u0111ana na&#353;e zemlje, koji su opredeljeni za dr&#382;avu Kosovo i izgradili su ovu dr&#382;avu uz veliku muku i &#382;rtvovanje, da bi ona bila ku\u0107a svih zajedno.<\/p>\n<p>Po&#353;tovana Skup&#353;tina Kosova,<br \/>\nPo&#353;tovani poslanici,<br \/>\nPo&#353;tovani gra\u0111ani Republike Kosovo,<\/p>\n<p>Zadnje je vreme da na&#353;u viziju za Kosovo, koji izvire iz na&#353;eg ube\u0111enja i nastojanja na&#353;eg gra\u0111anina da slobodno i dostojanstveno &#382;ivi, u\u010dinimo opipljivom za sve gra\u0111ane, nezavisno od partijske orijentacije, etni\u010dke, verske ili rodne pripadnosti.<\/p>\n<p>Kosovo pripada njenim gra\u0111anima, koji su je uvek branili i iza&#353;li u susret svojoj zemlji, nezavisno od cene koju su trebali platiti i &#382;rtvovanja koje je trebalo \u010diniti, bez potra&#382;ivanja od&#353;tete i bez potra&#382;ivanja da im se priznaje &#382;rtvovanje. Od gra\u0111ana Kosova tra&#382;im vi&#353;e strpljenja i anga&#382;ovanje da nas dr&#382;e odgovornima za obaveze koje smo preuzeli na sebe.<\/p>\n<p>Na temelje na&#353;e dr&#382;ave imamo jednu vrlo zna\u010dajnu istoriju uspostavljanja dr&#382;ave &#8211; imamo individualnu i kolektivno\u00a0 &#382;rtvovanje za bolji &#382;ivot. Nijedna epizoda ove dr&#382;avotvornosti ne dozvoljava nam najmanju sumnju da ne mo&#382;emo uspeti. Dovoljno je da pogledamo za jedan trenutak Majlindu, koja danas stoji kao jedno neprikosnoveno oli\u010denje na&#353;eg kretanja. Do ju\u010de, njoj je bilo nesigurno i takmi\u010denje\u00a0 u olimpijskim igrama, dok od danas, ona u Rio ima takore\u0107i garantovanu zlatnu medalju.<\/p>\n<p>Zahvaljujem!<\/p>\n","protected":false},"excerpt":{"rendered":"<p>\u010cast i zadovoljstvo mi je biti danas pred vama da sumiram dostignu\u0107a i izazove koje smo prevazi&#353;li kao dru&#353;tvo i kao dr&#382;ava tokom ove dogine koju ostavljamo za sobom.<\/p>\n","protected":false},"author":1,"featured_media":42557,"comment_status":"open","ping_status":"closed","sticky":false,"template":"","format":"standard","meta":{"_eb_attr":"","footnotes":""},"categories":[106],"tags":[],"class_list":["post-77595","post","type-post","status-publish","format-standard","has-post-thumbnail","hentry","category-govori"],"yoast_head":"<!-- This site is optimized with the Yoast SEO plugin v23.5 - https:\/\/yoast.com\/wordpress\/plugins\/seo\/ -->\n<title>GODI&#138;NJI GOVOR PREDSEDNICE REPUBLIKE KOSOVO U SKUP&#138;TINI KOSOVA - Predsednik Republike Kosovo - DR. VJOSA OSMANI - SADRIU<\/title>\n<meta name=\"description\" content=\"GODI&#138;NJI GOVOR PREDSEDNICE REPUBLIKE KOSOVO U SKUP&#138;TINI KOSOVA - Predsednik Republike Kosovo - DR. VJOSA OSMANI - SADRIU -\" \/>\n<meta name=\"robots\" content=\"index, follow, max-snippet:-1, max-image-preview:large, max-video-preview:-1\" \/>\n<link rel=\"canonical\" href=\"https:\/\/president-ksgov.net\/sr\/godinji-govor-predsednice-republike-kosovo-u-skuptini-kosova-2\/\" \/>\n<meta property=\"og:locale\" content=\"sr_RS\" \/>\n<meta property=\"og:type\" content=\"article\" \/>\n<meta property=\"og:title\" content=\"GODI&#138;NJI GOVOR PREDSEDNICE REPUBLIKE KOSOVO U SKUP&#138;TINI KOSOVA - Predsednik Republike Kosovo - DR. VJOSA OSMANI - SADRIU\" \/>\n<meta property=\"og:description\" content=\"GODI&#138;NJI GOVOR PREDSEDNICE REPUBLIKE KOSOVO U SKUP&#138;TINI KOSOVA - Predsednik Republike Kosovo - DR. VJOSA OSMANI - SADRIU -\" \/>\n<meta property=\"og:url\" content=\"https:\/\/president-ksgov.net\/sr\/godinji-govor-predsednice-republike-kosovo-u-skuptini-kosova-2\/\" \/>\n<meta property=\"og:site_name\" content=\"Predsednik Republike Kosovo - DR. VJOSA OSMANI - SADRIU\" \/>\n<meta property=\"article:published_time\" content=\"2014-12-18T11:38:14+00:00\" \/>\n<meta property=\"article:modified_time\" content=\"2023-03-08T09:02:26+00:00\" \/>\n<meta property=\"og:image\" content=\"https:\/\/president-ksgov.net\/wp-content\/uploads\/18_12_2014_6062277_Fjalimi_vjetor_i_Presidentes_se_Republikes_se_Kosoves_ne_Kuvendin_e_Kosoves01__Copy_.jpg\" \/>\n\t<meta property=\"og:image:width\" content=\"850\" \/>\n\t<meta property=\"og:image:height\" content=\"567\" \/>\n\t<meta property=\"og:image:type\" content=\"image\/jpeg\" \/>\n<meta name=\"author\" content=\"admin\" \/>\n<meta name=\"twitter:card\" content=\"summary_large_image\" \/>\n<meta name=\"twitter:label1\" content=\"\u041d\u0430\u043f\u0438\u0441\u0430\u043d\u043e \u043e\u0434\" \/>\n\t<meta name=\"twitter:data1\" content=\"admin\" \/>\n\t<meta name=\"twitter:label2\" content=\"\u041f\u0440\u043e\u0446\u0435\u045a\u0435\u043d\u043e \u0432\u0440\u0435\u043c\u0435 \u0447\u0438\u0442\u0430\u045a\u0430\" \/>\n\t<meta name=\"twitter:data2\" content=\"15 \u043c\u0438\u043d\u0443\u0442\u0430\" \/>\n<script type=\"application\/ld+json\" class=\"yoast-schema-graph\">{\"@context\":\"https:\/\/schema.org\",\"@graph\":[{\"@type\":\"WebPage\",\"@id\":\"https:\/\/president-ksgov.net\/sr\/godinji-govor-predsednice-republike-kosovo-u-skuptini-kosova-2\/\",\"url\":\"https:\/\/president-ksgov.net\/sr\/godinji-govor-predsednice-republike-kosovo-u-skuptini-kosova-2\/\",\"name\":\"GODI&#138;NJI GOVOR PREDSEDNICE REPUBLIKE KOSOVO U SKUP&#138;TINI KOSOVA - Predsednik Republike Kosovo - DR. VJOSA OSMANI - SADRIU\",\"isPartOf\":{\"@id\":\"https:\/\/president-ksgov.net\/#website\"},\"primaryImageOfPage\":{\"@id\":\"https:\/\/president-ksgov.net\/sr\/godinji-govor-predsednice-republike-kosovo-u-skuptini-kosova-2\/#primaryimage\"},\"image\":{\"@id\":\"https:\/\/president-ksgov.net\/sr\/godinji-govor-predsednice-republike-kosovo-u-skuptini-kosova-2\/#primaryimage\"},\"thumbnailUrl\":\"https:\/\/president-ksgov.net\/wp-content\/uploads\/18_12_2014_6062277_Fjalimi_vjetor_i_Presidentes_se_Republikes_se_Kosoves_ne_Kuvendin_e_Kosoves01__Copy_.jpg\",\"datePublished\":\"2014-12-18T11:38:14+00:00\",\"dateModified\":\"2023-03-08T09:02:26+00:00\",\"author\":{\"@id\":\"https:\/\/president-ksgov.net\/#\/schema\/person\/bb4337a5fb147cb2046d80548172cbee\"},\"description\":\"GODI&#138;NJI GOVOR PREDSEDNICE REPUBLIKE KOSOVO U SKUP&#138;TINI KOSOVA - Predsednik Republike Kosovo - DR. VJOSA OSMANI - SADRIU -\",\"breadcrumb\":{\"@id\":\"https:\/\/president-ksgov.net\/sr\/godinji-govor-predsednice-republike-kosovo-u-skuptini-kosova-2\/#breadcrumb\"},\"inLanguage\":\"sr-RS\",\"potentialAction\":[{\"@type\":\"ReadAction\",\"target\":[\"https:\/\/president-ksgov.net\/sr\/godinji-govor-predsednice-republike-kosovo-u-skuptini-kosova-2\/\"]}]},{\"@type\":\"ImageObject\",\"inLanguage\":\"sr-RS\",\"@id\":\"https:\/\/president-ksgov.net\/sr\/godinji-govor-predsednice-republike-kosovo-u-skuptini-kosova-2\/#primaryimage\",\"url\":\"https:\/\/president-ksgov.net\/wp-content\/uploads\/18_12_2014_6062277_Fjalimi_vjetor_i_Presidentes_se_Republikes_se_Kosoves_ne_Kuvendin_e_Kosoves01__Copy_.jpg\",\"contentUrl\":\"https:\/\/president-ksgov.net\/wp-content\/uploads\/18_12_2014_6062277_Fjalimi_vjetor_i_Presidentes_se_Republikes_se_Kosoves_ne_Kuvendin_e_Kosoves01__Copy_.jpg\",\"width\":850,\"height\":567},{\"@type\":\"BreadcrumbList\",\"@id\":\"https:\/\/president-ksgov.net\/sr\/godinji-govor-predsednice-republike-kosovo-u-skuptini-kosova-2\/#breadcrumb\",\"itemListElement\":[{\"@type\":\"ListItem\",\"position\":1,\"name\":\"Home\",\"item\":\"https:\/\/president-ksgov.net\/sr\/\"},{\"@type\":\"ListItem\",\"position\":2,\"name\":\"GODI&#138;NJI GOVOR PREDSEDNICE REPUBLIKE KOSOVO U SKUP&#138;TINI KOSOVA\"}]},{\"@type\":\"WebSite\",\"@id\":\"https:\/\/president-ksgov.net\/#website\",\"url\":\"https:\/\/president-ksgov.net\/\",\"name\":\"Presidente e Republik\u00ebs s\u00eb Kosov\u00ebs\",\"description\":\"Presidente e Republik\u00ebs s\u00eb Kosov\u00ebs\",\"alternateName\":\"DR. VJOSA OSMANI - SADRIU\",\"potentialAction\":[{\"@type\":\"SearchAction\",\"target\":{\"@type\":\"EntryPoint\",\"urlTemplate\":\"https:\/\/president-ksgov.net\/?s={search_term_string}\"},\"query-input\":{\"@type\":\"PropertyValueSpecification\",\"valueRequired\":true,\"valueName\":\"search_term_string\"}}],\"inLanguage\":\"sr-RS\"},{\"@type\":\"Person\",\"@id\":\"https:\/\/president-ksgov.net\/#\/schema\/person\/bb4337a5fb147cb2046d80548172cbee\",\"name\":\"admin\",\"image\":{\"@type\":\"ImageObject\",\"inLanguage\":\"sr-RS\",\"@id\":\"https:\/\/president-ksgov.net\/#\/schema\/person\/image\/\",\"url\":\"https:\/\/secure.gravatar.com\/avatar\/36156ca0fa3b8d9d25174f146e16beea0cf28f37adf1b9e19b6c9c279a7c9dd3?s=96&d=mm&r=g\",\"contentUrl\":\"https:\/\/secure.gravatar.com\/avatar\/36156ca0fa3b8d9d25174f146e16beea0cf28f37adf1b9e19b6c9c279a7c9dd3?s=96&d=mm&r=g\",\"caption\":\"admin\"},\"sameAs\":[\"https:\/\/president-ksgov.net\"]}]}<\/script>\n<!-- \/ Yoast SEO plugin. -->","yoast_head_json":{"title":"GODI&#138;NJI GOVOR PREDSEDNICE REPUBLIKE KOSOVO U SKUP&#138;TINI KOSOVA - Predsednik Republike Kosovo - DR. VJOSA OSMANI - SADRIU","description":"GODI&#138;NJI GOVOR PREDSEDNICE REPUBLIKE KOSOVO U SKUP&#138;TINI KOSOVA - Predsednik Republike Kosovo - DR. VJOSA OSMANI - SADRIU -","robots":{"index":"index","follow":"follow","max-snippet":"max-snippet:-1","max-image-preview":"max-image-preview:large","max-video-preview":"max-video-preview:-1"},"canonical":"https:\/\/president-ksgov.net\/sr\/godinji-govor-predsednice-republike-kosovo-u-skuptini-kosova-2\/","og_locale":"sr_RS","og_type":"article","og_title":"GODI&#138;NJI GOVOR PREDSEDNICE REPUBLIKE KOSOVO U SKUP&#138;TINI KOSOVA - Predsednik Republike Kosovo - DR. VJOSA OSMANI - SADRIU","og_description":"GODI&#138;NJI GOVOR PREDSEDNICE REPUBLIKE KOSOVO U SKUP&#138;TINI KOSOVA - Predsednik Republike Kosovo - DR. VJOSA OSMANI - SADRIU -","og_url":"https:\/\/president-ksgov.net\/sr\/godinji-govor-predsednice-republike-kosovo-u-skuptini-kosova-2\/","og_site_name":"Predsednik Republike Kosovo - DR. VJOSA OSMANI - SADRIU","article_published_time":"2014-12-18T11:38:14+00:00","article_modified_time":"2023-03-08T09:02:26+00:00","og_image":[{"width":850,"height":567,"url":"https:\/\/president-ksgov.net\/wp-content\/uploads\/18_12_2014_6062277_Fjalimi_vjetor_i_Presidentes_se_Republikes_se_Kosoves_ne_Kuvendin_e_Kosoves01__Copy_.jpg","type":"image\/jpeg"}],"author":"admin","twitter_card":"summary_large_image","twitter_misc":{"\u041d\u0430\u043f\u0438\u0441\u0430\u043d\u043e \u043e\u0434":"admin","\u041f\u0440\u043e\u0446\u0435\u045a\u0435\u043d\u043e \u0432\u0440\u0435\u043c\u0435 \u0447\u0438\u0442\u0430\u045a\u0430":"15 \u043c\u0438\u043d\u0443\u0442\u0430"},"schema":{"@context":"https:\/\/schema.org","@graph":[{"@type":"WebPage","@id":"https:\/\/president-ksgov.net\/sr\/godinji-govor-predsednice-republike-kosovo-u-skuptini-kosova-2\/","url":"https:\/\/president-ksgov.net\/sr\/godinji-govor-predsednice-republike-kosovo-u-skuptini-kosova-2\/","name":"GODI&#138;NJI GOVOR PREDSEDNICE REPUBLIKE KOSOVO U SKUP&#138;TINI KOSOVA - Predsednik Republike Kosovo - DR. VJOSA OSMANI - SADRIU","isPartOf":{"@id":"https:\/\/president-ksgov.net\/#website"},"primaryImageOfPage":{"@id":"https:\/\/president-ksgov.net\/sr\/godinji-govor-predsednice-republike-kosovo-u-skuptini-kosova-2\/#primaryimage"},"image":{"@id":"https:\/\/president-ksgov.net\/sr\/godinji-govor-predsednice-republike-kosovo-u-skuptini-kosova-2\/#primaryimage"},"thumbnailUrl":"https:\/\/president-ksgov.net\/wp-content\/uploads\/18_12_2014_6062277_Fjalimi_vjetor_i_Presidentes_se_Republikes_se_Kosoves_ne_Kuvendin_e_Kosoves01__Copy_.jpg","datePublished":"2014-12-18T11:38:14+00:00","dateModified":"2023-03-08T09:02:26+00:00","author":{"@id":"https:\/\/president-ksgov.net\/#\/schema\/person\/bb4337a5fb147cb2046d80548172cbee"},"description":"GODI&#138;NJI GOVOR PREDSEDNICE REPUBLIKE KOSOVO U SKUP&#138;TINI KOSOVA - Predsednik Republike Kosovo - DR. VJOSA OSMANI - SADRIU -","breadcrumb":{"@id":"https:\/\/president-ksgov.net\/sr\/godinji-govor-predsednice-republike-kosovo-u-skuptini-kosova-2\/#breadcrumb"},"inLanguage":"sr-RS","potentialAction":[{"@type":"ReadAction","target":["https:\/\/president-ksgov.net\/sr\/godinji-govor-predsednice-republike-kosovo-u-skuptini-kosova-2\/"]}]},{"@type":"ImageObject","inLanguage":"sr-RS","@id":"https:\/\/president-ksgov.net\/sr\/godinji-govor-predsednice-republike-kosovo-u-skuptini-kosova-2\/#primaryimage","url":"https:\/\/president-ksgov.net\/wp-content\/uploads\/18_12_2014_6062277_Fjalimi_vjetor_i_Presidentes_se_Republikes_se_Kosoves_ne_Kuvendin_e_Kosoves01__Copy_.jpg","contentUrl":"https:\/\/president-ksgov.net\/wp-content\/uploads\/18_12_2014_6062277_Fjalimi_vjetor_i_Presidentes_se_Republikes_se_Kosoves_ne_Kuvendin_e_Kosoves01__Copy_.jpg","width":850,"height":567},{"@type":"BreadcrumbList","@id":"https:\/\/president-ksgov.net\/sr\/godinji-govor-predsednice-republike-kosovo-u-skuptini-kosova-2\/#breadcrumb","itemListElement":[{"@type":"ListItem","position":1,"name":"Home","item":"https:\/\/president-ksgov.net\/sr\/"},{"@type":"ListItem","position":2,"name":"GODI&#138;NJI GOVOR PREDSEDNICE REPUBLIKE KOSOVO U SKUP&#138;TINI KOSOVA"}]},{"@type":"WebSite","@id":"https:\/\/president-ksgov.net\/#website","url":"https:\/\/president-ksgov.net\/","name":"Presidente e Republik\u00ebs s\u00eb Kosov\u00ebs","description":"Presidente e Republik\u00ebs s\u00eb Kosov\u00ebs","alternateName":"DR. VJOSA OSMANI - SADRIU","potentialAction":[{"@type":"SearchAction","target":{"@type":"EntryPoint","urlTemplate":"https:\/\/president-ksgov.net\/?s={search_term_string}"},"query-input":{"@type":"PropertyValueSpecification","valueRequired":true,"valueName":"search_term_string"}}],"inLanguage":"sr-RS"},{"@type":"Person","@id":"https:\/\/president-ksgov.net\/#\/schema\/person\/bb4337a5fb147cb2046d80548172cbee","name":"admin","image":{"@type":"ImageObject","inLanguage":"sr-RS","@id":"https:\/\/president-ksgov.net\/#\/schema\/person\/image\/","url":"https:\/\/secure.gravatar.com\/avatar\/36156ca0fa3b8d9d25174f146e16beea0cf28f37adf1b9e19b6c9c279a7c9dd3?s=96&d=mm&r=g","contentUrl":"https:\/\/secure.gravatar.com\/avatar\/36156ca0fa3b8d9d25174f146e16beea0cf28f37adf1b9e19b6c9c279a7c9dd3?s=96&d=mm&r=g","caption":"admin"},"sameAs":["https:\/\/president-ksgov.net"]}]}},"_links":{"self":[{"href":"https:\/\/president-ksgov.net\/sr\/wp-json\/wp\/v2\/posts\/77595","targetHints":{"allow":["GET"]}}],"collection":[{"href":"https:\/\/president-ksgov.net\/sr\/wp-json\/wp\/v2\/posts"}],"about":[{"href":"https:\/\/president-ksgov.net\/sr\/wp-json\/wp\/v2\/types\/post"}],"author":[{"embeddable":true,"href":"https:\/\/president-ksgov.net\/sr\/wp-json\/wp\/v2\/users\/1"}],"replies":[{"embeddable":true,"href":"https:\/\/president-ksgov.net\/sr\/wp-json\/wp\/v2\/comments?post=77595"}],"version-history":[{"count":1,"href":"https:\/\/president-ksgov.net\/sr\/wp-json\/wp\/v2\/posts\/77595\/revisions"}],"predecessor-version":[{"id":81643,"href":"https:\/\/president-ksgov.net\/sr\/wp-json\/wp\/v2\/posts\/77595\/revisions\/81643"}],"wp:featuredmedia":[{"embeddable":true,"href":"https:\/\/president-ksgov.net\/sr\/wp-json\/wp\/v2\/media\/42557"}],"wp:attachment":[{"href":"https:\/\/president-ksgov.net\/sr\/wp-json\/wp\/v2\/media?parent=77595"}],"wp:term":[{"taxonomy":"category","embeddable":true,"href":"https:\/\/president-ksgov.net\/sr\/wp-json\/wp\/v2\/categories?post=77595"},{"taxonomy":"post_tag","embeddable":true,"href":"https:\/\/president-ksgov.net\/sr\/wp-json\/wp\/v2\/tags?post=77595"}],"curies":[{"name":"wp","href":"https:\/\/api.w.org\/{rel}","templated":true}]}}