{"id":77573,"date":"2015-01-11T17:20:34","date_gmt":"2015-01-11T17:20:34","guid":{"rendered":"https:\/\/dev.president-ksgov.net\/predsednica-atifete-jahjaga-ucestvovala-u-velikom-maru-u-parizu-u-cast-potovanja-rtvama-napada-nad-charlie-hebdo\/"},"modified":"2015-01-11T17:20:34","modified_gmt":"2015-01-11T17:20:34","slug":"predsednica-atifete-jahjaga-ucestvovala-u-velikom-maru-u-parizu-u-cast-potovanja-rtvama-napada-nad-charlie-hebdo","status":"publish","type":"post","link":"https:\/\/president-ksgov.net\/sr\/predsednica-atifete-jahjaga-ucestvovala-u-velikom-maru-u-parizu-u-cast-potovanja-rtvama-napada-nad-charlie-hebdo\/","title":{"rendered":"Predsednica Atifete Jahjaga u\u010destvovala u velikom mar&#154;u u Parizu, u \u010dast po&#154;tovanja &#158;rtvama napada nad Charlie Hebdo"},"content":{"rendered":"<p>Predsednica Republike Kosovo, gospo\u0111a Atifete Jahjaga, danas u\u010destvovala u veliki  Republi\u010dki mar&#353;, organizovanog u Parizu, glavnom gradu Francuske, u \u010dast po&#353;tovanja &#382;rtvama napada nad Charlie Hebdo.<\/p>\n<p>Predsednica Jahjag je bila u dru&#353;tvu zamenika premijera i inostranog ministra, gopodina Ha&#353;im Tha\u010di. Pre po\u010detka mar&#353;a, Predsednica Jahjaga i ministar Tha\u010di su do\u010dekani u predsedni\u010dki dvor od Predsednika Republike Francuske, Francois Hollande, kome su izrazili au\u010de&#353;\u0107e naroda Kosova za &#382;rtve teroristi\u010dkog \u010dina u Pariz prethonih dana.<\/p>\n<p>U republi\u010dkom mar&#353;u, u \u010dast po&#353;tovanja &#382;rtava teroristi\u010dkog napada u Parizu, je u\u010destovovalo stotine hiljada gra\u0111ana. U republi\u010dkom mar&#353;u, u\u010desnici su bili i predsednik Evropske Komisije Jean Claud Juncker, kancelarka Nema\u010dke, gospo\u0111a Angela Merkel, premijer Velike Britanije, gospodin David Cameroon, premijer Italije, gospodin Matteo Renzi, premijer Izraela, gospodin Beniamin Netaniahu, premijer Albanije, gospodin Edi Rama, te vi&#353;e rukovodilaca raznih zemalja sveta.<\/p>\n<p>Predsednica Jahjaga je istakla da mar&#353; u Parizu dokazuje solidarnost demokratskog sveta sa narodom Francuske, koji je ovih dana do&#382;iveo te&#353;ki varvarski \u010din nad svojim gra\u0111anima i napad nad jednom od visoko cenjenih dru&#353;tvenih vrednosti &#8211; slobodu govora i izra&#382;avanja Predsednica Jahjaga je rekla da napad nad demokratskim vrednostima i nad slobodom na&#353;ih dru&#353;tva ne mo&#382;e nas odvratiti od zajedni\u010dke borbe za izgradnju jednog bezbednog sveta.<br \/>\n\u00a0\u00a0\u00a0<\/p>\n","protected":false},"excerpt":{"rendered":"<p>Predsednica Republike Kosovo, gospo\u0111a Atifete Jahjaga, danas u\u010destvovala u veliki  Republi\u010dki mar&#353;, organizovanog u Parizu, glavnom gradu Francuske, u \u010dast po&#353;tovanja &#382;rtvama napada nad Charlie Hebdo.<\/p>\n","protected":false},"author":1,"featured_media":42313,"comment_status":"open","ping_status":"closed","sticky":false,"template":"","format":"standard","meta":{"_eb_attr":"","footnotes":""},"categories":[101],"tags":[],"class_list":["post-77573","post","type-post","status-publish","format-standard","has-post-thumbnail","hentry","category-vesti"],"yoast_head":"<!-- This site is optimized with the Yoast SEO plugin v23.5 - https:\/\/yoast.com\/wordpress\/plugins\/seo\/ -->\n<title>Predsednica Atifete Jahjaga u\u010destvovala u velikom mar&#154;u u Parizu, u \u010dast po&#154;tovanja &#158;rtvama napada nad Charlie Hebdo - Predsednik Republike Kosovo - DR. VJOSA OSMANI - SADRIU<\/title>\n<meta name=\"description\" content=\"Predsednica Atifete Jahjaga u\u010destvovala u velikom mar&#154;u u Parizu, u \u010dast po&#154;tovanja &#158;rtvama napada nad Charlie Hebdo - Predsednik Republike Kosovo - DR. VJOSA OSMANI - SADRIU -\" \/>\n<meta name=\"robots\" content=\"index, follow, max-snippet:-1, max-image-preview:large, max-video-preview:-1\" \/>\n<link rel=\"canonical\" href=\"https:\/\/president-ksgov.net\/presidentja-atifete-jahjaga-mori-pjese-ne-marshin-e-madh-ne-paris-ne-nderim-te-viktimave-te-sulmit-mbi-charlie-hebdo\/\" \/>\n<meta property=\"og:locale\" content=\"sr_RS\" \/>\n<meta property=\"og:type\" content=\"article\" \/>\n<meta property=\"og:title\" content=\"Predsednica Atifete Jahjaga u\u010destvovala u velikom mar&#154;u u Parizu, u \u010dast po&#154;tovanja &#158;rtvama napada nad Charlie Hebdo - Predsednik Republike Kosovo - DR. VJOSA OSMANI - SADRIU\" \/>\n<meta property=\"og:description\" content=\"Predsednica Atifete Jahjaga u\u010destvovala u velikom mar&#154;u u Parizu, u \u010dast po&#154;tovanja &#158;rtvama napada nad Charlie Hebdo - Predsednik Republike Kosovo - DR. VJOSA OSMANI - SADRIU -\" \/>\n<meta property=\"og:url\" content=\"https:\/\/president-ksgov.net\/presidentja-atifete-jahjaga-mori-pjese-ne-marshin-e-madh-ne-paris-ne-nderim-te-viktimave-te-sulmit-mbi-charlie-hebdo\/\" \/>\n<meta property=\"og:site_name\" content=\"Predsednik Republike Kosovo - DR. VJOSA OSMANI - SADRIU\" \/>\n<meta property=\"article:published_time\" content=\"2015-01-11T17:20:34+00:00\" \/>\n<meta property=\"og:image\" content=\"https:\/\/president-ksgov.net\/wp-content\/uploads\/11_01_2015_9309116_france0000.jpg\" \/>\n\t<meta property=\"og:image:width\" content=\"1024\" \/>\n\t<meta property=\"og:image:height\" content=\"683\" \/>\n\t<meta property=\"og:image:type\" content=\"image\/jpeg\" \/>\n<meta name=\"author\" content=\"admin\" \/>\n<meta name=\"twitter:card\" content=\"summary_large_image\" \/>\n<meta name=\"twitter:label1\" content=\"\u041d\u0430\u043f\u0438\u0441\u0430\u043d\u043e \u043e\u0434\" \/>\n\t<meta name=\"twitter:data1\" content=\"admin\" \/>\n\t<meta name=\"twitter:label2\" content=\"\u041f\u0440\u043e\u0446\u0435\u045a\u0435\u043d\u043e \u0432\u0440\u0435\u043c\u0435 \u0447\u0438\u0442\u0430\u045a\u0430\" \/>\n\t<meta name=\"twitter:data2\" content=\"1 \u043c\u0438\u043d\u0443\u0442\" \/>\n<script type=\"application\/ld+json\" class=\"yoast-schema-graph\">{\"@context\":\"https:\/\/schema.org\",\"@graph\":[{\"@type\":\"WebPage\",\"@id\":\"https:\/\/president-ksgov.net\/presidentja-atifete-jahjaga-mori-pjese-ne-marshin-e-madh-ne-paris-ne-nderim-te-viktimave-te-sulmit-mbi-charlie-hebdo\/\",\"url\":\"https:\/\/president-ksgov.net\/presidentja-atifete-jahjaga-mori-pjese-ne-marshin-e-madh-ne-paris-ne-nderim-te-viktimave-te-sulmit-mbi-charlie-hebdo\/\",\"name\":\"Predsednica Atifete Jahjaga u\u010destvovala u velikom mar&#154;u u Parizu, u \u010dast po&#154;tovanja &#158;rtvama napada nad Charlie Hebdo - Predsednik Republike Kosovo - DR. VJOSA OSMANI - SADRIU\",\"isPartOf\":{\"@id\":\"https:\/\/president-ksgov.net\/#website\"},\"primaryImageOfPage\":{\"@id\":\"https:\/\/president-ksgov.net\/presidentja-atifete-jahjaga-mori-pjese-ne-marshin-e-madh-ne-paris-ne-nderim-te-viktimave-te-sulmit-mbi-charlie-hebdo\/#primaryimage\"},\"image\":{\"@id\":\"https:\/\/president-ksgov.net\/presidentja-atifete-jahjaga-mori-pjese-ne-marshin-e-madh-ne-paris-ne-nderim-te-viktimave-te-sulmit-mbi-charlie-hebdo\/#primaryimage\"},\"thumbnailUrl\":\"https:\/\/president-ksgov.net\/wp-content\/uploads\/11_01_2015_9309116_france0000.jpg\",\"datePublished\":\"2015-01-11T17:20:34+00:00\",\"dateModified\":\"2015-01-11T17:20:34+00:00\",\"author\":{\"@id\":\"https:\/\/president-ksgov.net\/#\/schema\/person\/bb4337a5fb147cb2046d80548172cbee\"},\"description\":\"Predsednica Atifete Jahjaga u\u010destvovala u velikom mar&#154;u u Parizu, u \u010dast po&#154;tovanja &#158;rtvama napada nad Charlie Hebdo - Predsednik Republike Kosovo - DR. VJOSA OSMANI - SADRIU -\",\"breadcrumb\":{\"@id\":\"https:\/\/president-ksgov.net\/presidentja-atifete-jahjaga-mori-pjese-ne-marshin-e-madh-ne-paris-ne-nderim-te-viktimave-te-sulmit-mbi-charlie-hebdo\/#breadcrumb\"},\"inLanguage\":\"sr-RS\",\"potentialAction\":[{\"@type\":\"ReadAction\",\"target\":[\"https:\/\/president-ksgov.net\/presidentja-atifete-jahjaga-mori-pjese-ne-marshin-e-madh-ne-paris-ne-nderim-te-viktimave-te-sulmit-mbi-charlie-hebdo\/\"]}]},{\"@type\":\"ImageObject\",\"inLanguage\":\"sr-RS\",\"@id\":\"https:\/\/president-ksgov.net\/presidentja-atifete-jahjaga-mori-pjese-ne-marshin-e-madh-ne-paris-ne-nderim-te-viktimave-te-sulmit-mbi-charlie-hebdo\/#primaryimage\",\"url\":\"https:\/\/president-ksgov.net\/wp-content\/uploads\/11_01_2015_9309116_france0000.jpg\",\"contentUrl\":\"https:\/\/president-ksgov.net\/wp-content\/uploads\/11_01_2015_9309116_france0000.jpg\",\"width\":1024,\"height\":683},{\"@type\":\"BreadcrumbList\",\"@id\":\"https:\/\/president-ksgov.net\/presidentja-atifete-jahjaga-mori-pjese-ne-marshin-e-madh-ne-paris-ne-nderim-te-viktimave-te-sulmit-mbi-charlie-hebdo\/#breadcrumb\",\"itemListElement\":[{\"@type\":\"ListItem\",\"position\":1,\"name\":\"Home\",\"item\":\"https:\/\/president-ksgov.net\/sr\/\"},{\"@type\":\"ListItem\",\"position\":2,\"name\":\"Predsednica Atifete Jahjaga u\u010destvovala u velikom mar&#154;u u Parizu, u \u010dast po&#154;tovanja &#158;rtvama napada nad Charlie Hebdo\"}]},{\"@type\":\"WebSite\",\"@id\":\"https:\/\/president-ksgov.net\/#website\",\"url\":\"https:\/\/president-ksgov.net\/\",\"name\":\"Presidente e Republik\u00ebs s\u00eb Kosov\u00ebs\",\"description\":\"Presidente e Republik\u00ebs s\u00eb Kosov\u00ebs\",\"alternateName\":\"DR. VJOSA OSMANI - SADRIU\",\"potentialAction\":[{\"@type\":\"SearchAction\",\"target\":{\"@type\":\"EntryPoint\",\"urlTemplate\":\"https:\/\/president-ksgov.net\/?s={search_term_string}\"},\"query-input\":{\"@type\":\"PropertyValueSpecification\",\"valueRequired\":true,\"valueName\":\"search_term_string\"}}],\"inLanguage\":\"sr-RS\"},{\"@type\":\"Person\",\"@id\":\"https:\/\/president-ksgov.net\/#\/schema\/person\/bb4337a5fb147cb2046d80548172cbee\",\"name\":\"admin\",\"image\":{\"@type\":\"ImageObject\",\"inLanguage\":\"sr-RS\",\"@id\":\"https:\/\/president-ksgov.net\/#\/schema\/person\/image\/\",\"url\":\"https:\/\/secure.gravatar.com\/avatar\/36156ca0fa3b8d9d25174f146e16beea0cf28f37adf1b9e19b6c9c279a7c9dd3?s=96&d=mm&r=g\",\"contentUrl\":\"https:\/\/secure.gravatar.com\/avatar\/36156ca0fa3b8d9d25174f146e16beea0cf28f37adf1b9e19b6c9c279a7c9dd3?s=96&d=mm&r=g\",\"caption\":\"admin\"},\"sameAs\":[\"https:\/\/president-ksgov.net\"]}]}<\/script>\n<!-- \/ Yoast SEO plugin. -->","yoast_head_json":{"title":"Predsednica Atifete Jahjaga u\u010destvovala u velikom mar&#154;u u Parizu, u \u010dast po&#154;tovanja &#158;rtvama napada nad Charlie Hebdo - Predsednik Republike Kosovo - DR. VJOSA OSMANI - SADRIU","description":"Predsednica Atifete Jahjaga u\u010destvovala u velikom mar&#154;u u Parizu, u \u010dast po&#154;tovanja &#158;rtvama napada nad Charlie Hebdo - Predsednik Republike Kosovo - DR. VJOSA OSMANI - SADRIU -","robots":{"index":"index","follow":"follow","max-snippet":"max-snippet:-1","max-image-preview":"max-image-preview:large","max-video-preview":"max-video-preview:-1"},"canonical":"https:\/\/president-ksgov.net\/presidentja-atifete-jahjaga-mori-pjese-ne-marshin-e-madh-ne-paris-ne-nderim-te-viktimave-te-sulmit-mbi-charlie-hebdo\/","og_locale":"sr_RS","og_type":"article","og_title":"Predsednica Atifete Jahjaga u\u010destvovala u velikom mar&#154;u u Parizu, u \u010dast po&#154;tovanja &#158;rtvama napada nad Charlie Hebdo - Predsednik Republike Kosovo - DR. VJOSA OSMANI - SADRIU","og_description":"Predsednica Atifete Jahjaga u\u010destvovala u velikom mar&#154;u u Parizu, u \u010dast po&#154;tovanja &#158;rtvama napada nad Charlie Hebdo - Predsednik Republike Kosovo - DR. VJOSA OSMANI - SADRIU -","og_url":"https:\/\/president-ksgov.net\/presidentja-atifete-jahjaga-mori-pjese-ne-marshin-e-madh-ne-paris-ne-nderim-te-viktimave-te-sulmit-mbi-charlie-hebdo\/","og_site_name":"Predsednik Republike Kosovo - DR. VJOSA OSMANI - SADRIU","article_published_time":"2015-01-11T17:20:34+00:00","og_image":[{"width":1024,"height":683,"url":"https:\/\/president-ksgov.net\/wp-content\/uploads\/11_01_2015_9309116_france0000.jpg","type":"image\/jpeg"}],"author":"admin","twitter_card":"summary_large_image","twitter_misc":{"\u041d\u0430\u043f\u0438\u0441\u0430\u043d\u043e \u043e\u0434":"admin","\u041f\u0440\u043e\u0446\u0435\u045a\u0435\u043d\u043e \u0432\u0440\u0435\u043c\u0435 \u0447\u0438\u0442\u0430\u045a\u0430":"1 \u043c\u0438\u043d\u0443\u0442"},"schema":{"@context":"https:\/\/schema.org","@graph":[{"@type":"WebPage","@id":"https:\/\/president-ksgov.net\/presidentja-atifete-jahjaga-mori-pjese-ne-marshin-e-madh-ne-paris-ne-nderim-te-viktimave-te-sulmit-mbi-charlie-hebdo\/","url":"https:\/\/president-ksgov.net\/presidentja-atifete-jahjaga-mori-pjese-ne-marshin-e-madh-ne-paris-ne-nderim-te-viktimave-te-sulmit-mbi-charlie-hebdo\/","name":"Predsednica Atifete Jahjaga u\u010destvovala u velikom mar&#154;u u Parizu, u \u010dast po&#154;tovanja &#158;rtvama napada nad Charlie Hebdo - Predsednik Republike Kosovo - DR. VJOSA OSMANI - SADRIU","isPartOf":{"@id":"https:\/\/president-ksgov.net\/#website"},"primaryImageOfPage":{"@id":"https:\/\/president-ksgov.net\/presidentja-atifete-jahjaga-mori-pjese-ne-marshin-e-madh-ne-paris-ne-nderim-te-viktimave-te-sulmit-mbi-charlie-hebdo\/#primaryimage"},"image":{"@id":"https:\/\/president-ksgov.net\/presidentja-atifete-jahjaga-mori-pjese-ne-marshin-e-madh-ne-paris-ne-nderim-te-viktimave-te-sulmit-mbi-charlie-hebdo\/#primaryimage"},"thumbnailUrl":"https:\/\/president-ksgov.net\/wp-content\/uploads\/11_01_2015_9309116_france0000.jpg","datePublished":"2015-01-11T17:20:34+00:00","dateModified":"2015-01-11T17:20:34+00:00","author":{"@id":"https:\/\/president-ksgov.net\/#\/schema\/person\/bb4337a5fb147cb2046d80548172cbee"},"description":"Predsednica Atifete Jahjaga u\u010destvovala u velikom mar&#154;u u Parizu, u \u010dast po&#154;tovanja &#158;rtvama napada nad Charlie Hebdo - Predsednik Republike Kosovo - DR. VJOSA OSMANI - SADRIU -","breadcrumb":{"@id":"https:\/\/president-ksgov.net\/presidentja-atifete-jahjaga-mori-pjese-ne-marshin-e-madh-ne-paris-ne-nderim-te-viktimave-te-sulmit-mbi-charlie-hebdo\/#breadcrumb"},"inLanguage":"sr-RS","potentialAction":[{"@type":"ReadAction","target":["https:\/\/president-ksgov.net\/presidentja-atifete-jahjaga-mori-pjese-ne-marshin-e-madh-ne-paris-ne-nderim-te-viktimave-te-sulmit-mbi-charlie-hebdo\/"]}]},{"@type":"ImageObject","inLanguage":"sr-RS","@id":"https:\/\/president-ksgov.net\/presidentja-atifete-jahjaga-mori-pjese-ne-marshin-e-madh-ne-paris-ne-nderim-te-viktimave-te-sulmit-mbi-charlie-hebdo\/#primaryimage","url":"https:\/\/president-ksgov.net\/wp-content\/uploads\/11_01_2015_9309116_france0000.jpg","contentUrl":"https:\/\/president-ksgov.net\/wp-content\/uploads\/11_01_2015_9309116_france0000.jpg","width":1024,"height":683},{"@type":"BreadcrumbList","@id":"https:\/\/president-ksgov.net\/presidentja-atifete-jahjaga-mori-pjese-ne-marshin-e-madh-ne-paris-ne-nderim-te-viktimave-te-sulmit-mbi-charlie-hebdo\/#breadcrumb","itemListElement":[{"@type":"ListItem","position":1,"name":"Home","item":"https:\/\/president-ksgov.net\/sr\/"},{"@type":"ListItem","position":2,"name":"Predsednica Atifete Jahjaga u\u010destvovala u velikom mar&#154;u u Parizu, u \u010dast po&#154;tovanja &#158;rtvama napada nad Charlie Hebdo"}]},{"@type":"WebSite","@id":"https:\/\/president-ksgov.net\/#website","url":"https:\/\/president-ksgov.net\/","name":"Presidente e Republik\u00ebs s\u00eb Kosov\u00ebs","description":"Presidente e Republik\u00ebs s\u00eb Kosov\u00ebs","alternateName":"DR. VJOSA OSMANI - SADRIU","potentialAction":[{"@type":"SearchAction","target":{"@type":"EntryPoint","urlTemplate":"https:\/\/president-ksgov.net\/?s={search_term_string}"},"query-input":{"@type":"PropertyValueSpecification","valueRequired":true,"valueName":"search_term_string"}}],"inLanguage":"sr-RS"},{"@type":"Person","@id":"https:\/\/president-ksgov.net\/#\/schema\/person\/bb4337a5fb147cb2046d80548172cbee","name":"admin","image":{"@type":"ImageObject","inLanguage":"sr-RS","@id":"https:\/\/president-ksgov.net\/#\/schema\/person\/image\/","url":"https:\/\/secure.gravatar.com\/avatar\/36156ca0fa3b8d9d25174f146e16beea0cf28f37adf1b9e19b6c9c279a7c9dd3?s=96&d=mm&r=g","contentUrl":"https:\/\/secure.gravatar.com\/avatar\/36156ca0fa3b8d9d25174f146e16beea0cf28f37adf1b9e19b6c9c279a7c9dd3?s=96&d=mm&r=g","caption":"admin"},"sameAs":["https:\/\/president-ksgov.net"]}]}},"_links":{"self":[{"href":"https:\/\/president-ksgov.net\/sr\/wp-json\/wp\/v2\/posts\/77573","targetHints":{"allow":["GET"]}}],"collection":[{"href":"https:\/\/president-ksgov.net\/sr\/wp-json\/wp\/v2\/posts"}],"about":[{"href":"https:\/\/president-ksgov.net\/sr\/wp-json\/wp\/v2\/types\/post"}],"author":[{"embeddable":true,"href":"https:\/\/president-ksgov.net\/sr\/wp-json\/wp\/v2\/users\/1"}],"replies":[{"embeddable":true,"href":"https:\/\/president-ksgov.net\/sr\/wp-json\/wp\/v2\/comments?post=77573"}],"version-history":[{"count":0,"href":"https:\/\/president-ksgov.net\/sr\/wp-json\/wp\/v2\/posts\/77573\/revisions"}],"wp:featuredmedia":[{"embeddable":true,"href":"https:\/\/president-ksgov.net\/sr\/wp-json\/wp\/v2\/media\/42313"}],"wp:attachment":[{"href":"https:\/\/president-ksgov.net\/sr\/wp-json\/wp\/v2\/media?parent=77573"}],"wp:term":[{"taxonomy":"category","embeddable":true,"href":"https:\/\/president-ksgov.net\/sr\/wp-json\/wp\/v2\/categories?post=77573"},{"taxonomy":"post_tag","embeddable":true,"href":"https:\/\/president-ksgov.net\/sr\/wp-json\/wp\/v2\/tags?post=77573"}],"curies":[{"name":"wp","href":"https:\/\/api.w.org\/{rel}","templated":true}]}}