{"id":77570,"date":"2015-01-13T11:24:44","date_gmt":"2015-01-13T11:24:44","guid":{"rendered":"https:\/\/dev.president-ksgov.net\/govor-predsednice-jahjaga-na-osmom-sastanku-nacionalnog-saveta-za-evropske-integracije-2\/"},"modified":"2015-01-13T11:24:44","modified_gmt":"2015-01-13T11:24:44","slug":"govor-predsednice-jahjaga-na-osmom-sastanku-nacionalnog-saveta-za-evropske-integracije-2","status":"publish","type":"post","link":"https:\/\/president-ksgov.net\/sr\/govor-predsednice-jahjaga-na-osmom-sastanku-nacionalnog-saveta-za-evropske-integracije-2\/","title":{"rendered":"Govor Predsednice Jahjaga na osmom sastanku Nacionalnog Saveta za Evropske Integracije"},"content":{"rendered":"<p>&#381;elim vam dobrodo&#353;licu na prvi sastanak ove godine, i osmom sastanaku po redu, Nacionalnog Saveta za Evropsku Integraciju.<\/p>\n<p>Po&#353;tovani rukovodioci institucija Republike Kosovo,<br \/>\nPo&#353;tovani rukovodioci i predstavnici politickih partija,<br \/>\nPo&#353;tovani ambasadori zemalja clanica Evropske Zajednice,<br \/>\nPo&#353;tovani predstavnici civilnog dru&#353;tva,<br \/>\nPo&#353;tovani gradani Republike Kosovo,<\/p>\n<p>&#381;elim vam dobrodo&#353;licu na prvi sastanak ove godine, i osmom sastanaku po redu, Nacionalnog Saveta za Evropsku Integraciju.\u00a0 <\/p>\n<p>Jo&#353; od zadnjeg sastanka ovog Saveta, Kosovo je odr&#382;ala op&#353;te izbore i nakon nekoliko meseci politickih i zakonskih nejasnoca, sada vec imamo konstituisane institucije, &#353;to omogucava ovom Savetu da bez zaka&#353;njenja nastavlja gradnju dru&#353;tvenog konsenzusa za evropske integracije. Dozvolite mi da ujedno izrazim dobrodo&#353;licu i novim clanovima ovog Saveta.<\/p>\n<p>Bez gubljenja vremena, &#382;elim preci na jednu od hitnijih pitanja, koje danas izaziva institucije i dru&#353;tvo, pitanje ilegalne migracije.<\/p>\n<p>Sazvala sam ovaj sastanak Saveta radi iznala&#382;enja adekvatnog odgovora od\u00a0 nadle&#382;nih institucija za suocavanje sa ovom pojavom. Na&#353;a je odgovornost da imamo jasan ogled o cemu se tacno radi.<\/p>\n<p>Prednost institucija Kosova ostaje produbljavanje predvidenih reformi u na&#353;oj evropskoj agendi. Mi trebamo nadoknaditi izgubljeno vreme radi ostvarivanja ciljeva koji omogucavaju potpisivanje Sporazuma o stabilizaciji i asociranju i ispunjavanju uslova za liberalizaciju viza.<\/p>\n<p>Na sastanku ovog Saveta dobrodo&#353;ao je doprinos Ministra za Evropske Integracije, Bekim Colaku, Ministra Unutra&#353;njih Poslova, Skender Hyseni, Direktora Policije, &#352;pend Maduni, perspektive predstavnika Evropske Zajednice, Samjuel &#381;bogar i predstavnika dr&#382;ava clanica EZ-e prisutnih u Kosovo. <\/p>\n<p>Takode, saglasno sa misijom Saveta za gradnju &#353;ireg konsenzusa, ja pozivam za diskusiju predstavnike politickog spektra, posebno opozicije, i civilnog dru&#353;tva, kao nezamenjivog davalaca doprinosa ovoj diskusiji. <\/p>\n<p>Po&#353;tovani clanovi Saveta,<br \/>\nDame i gospodo,<\/p>\n<p>\u00a0Tokovi ilegalne migracije su uznemiravajuci i mi trebamo postupati radi identifikacije faktora koji to podsticu.<\/p>\n<p>Jasno je da su to problemi koji se prostiru u dve kategorije &#8211; nedostatak ekonomskog razvoja, &#353;to se nadovezuje sa stepenom nezaposlenosti i siroma&#353;tva u Kosovo,\u00a0 i kriminalne mre&#382;e koje koriste ovo ekonomsko nezadovoljstvo radi sticanja koristi od na&#353;ih gradana.<\/p>\n<p>Pro&#353;le sedmice sa mnogo bola sam posetila porodicu Ali Fetahu-a, gradana Kosova koji je naden smrznut u granicu Mad&#382;arske putujuci u cilju migracije. Bilo koje su okolnosti migracije, jedno ostaje nepobitno: Ovo ne treba da bude Kosovo 2015 godine jer svi mi, njeni gradani imamo drugaciju viziju o na&#353;oj dr&#382;avi i na&#353;e mesto u ovu dr&#382;avu.<\/p>\n<p>Slucajevi kao ovaj dokazuju potrebu da cinimo sve &#353;to je moguce radi sprecavanja ilegalne migracije.<\/p>\n<p>Ocekujem od onih koji predsedavaju institucijama da na ovom sastanku konkretno raspravljamo kako mo&#382;emo ostvariti jednu medu institucionalnu koordinaciju, mo&#382;da i putem ce&#353;cih sastanka ovoga Saveta na centralnom ili tehnickom nivou, da bismo se osigurali da cemo ispuniti odgovornosti koje su nam poverene.<\/p>\n<p>Mi trebamo da povecamo na&#353;a anga&#382;ovanja radi jacanja na&#353;ih dosada&#353;njih dostignuca u dijalogu za liberalizaciju viza. Ja sam ubedena da ispunjavanje ovih kriterija ne samo &#353;to ce omoguciti slobodno kretanje gradana Kosova, nego ce se pobolj&#353;ati efikasnot sistema koji smo izgradili vec deceniju i po.<\/p>\n<p>Kao institucije Kosova obavezni smo preduzeti duboke i brze reforme u oblasti vladanja zakona, kao preduslov za privlacenje stranog kapitala i op&#353;ti razvoj slobodne tr&#382;i&#353;ne ekonomije. Nezavisno potencijala kojim znamo da raspola&#382;e Kosovo, nema investitora koji ce se ubediti doci u politicki napeto Kosovo, etnicki podelene uz izazove nedostatkom efikasnosti pravnog sistema.<\/p>\n<p>Na&#353; odgovor zahteva i jednu efikasniju koordinaciju izmedu mehanizama bezbednosti, kampanju jacanja svesti obave&#353;tavanjem gradana da se zahtevi za azil lica sa Kosova nece prihvatiti, i da povecanje broja ovih zahteva u EZ-e ote&#382;ava odluku zemalja clanica EZ-e za usvajanje liberalizacije viza za Kosovo. Ne verujem da ima gradana Kosova koji danas svesno o&#353;tecuje ovaj cilj.<\/p>\n<p>Zahvaljujem!<br \/>\n\u00a0<\/p>\n","protected":false},"excerpt":{"rendered":"<p>&#381;elim vam dobrodo&#353;licu na prvi sastanak ove godine, i osmom sastanaku po redu, Nacionalnog Saveta za Evropsku Integraciju.<\/p>\n","protected":false},"author":1,"featured_media":42292,"comment_status":"open","ping_status":"closed","sticky":false,"template":"","format":"standard","meta":{"_eb_attr":"","footnotes":""},"categories":[101],"tags":[],"class_list":["post-77570","post","type-post","status-publish","format-standard","has-post-thumbnail","hentry","category-vesti"],"yoast_head":"<!-- This site is optimized with the Yoast SEO plugin v23.5 - https:\/\/yoast.com\/wordpress\/plugins\/seo\/ -->\n<title>Govor Predsednice Jahjaga na osmom sastanku Nacionalnog Saveta za Evropske Integracije - Predsednik Republike Kosovo - DR. VJOSA OSMANI - SADRIU<\/title>\n<meta name=\"description\" content=\"Govor Predsednice Jahjaga na osmom sastanku Nacionalnog Saveta za Evropske Integracije - Predsednik Republike Kosovo - DR. VJOSA OSMANI - SADRIU -\" \/>\n<meta name=\"robots\" content=\"index, follow, max-snippet:-1, max-image-preview:large, max-video-preview:-1\" \/>\n<link rel=\"canonical\" href=\"https:\/\/president-ksgov.net\/fjalimi-i-presidentes-jahjaga-ne-takimin-e-tete-te-keshillit-kombetar-per-integrim-evropian-2\/\" \/>\n<meta property=\"og:locale\" content=\"sr_RS\" \/>\n<meta property=\"og:type\" content=\"article\" \/>\n<meta property=\"og:title\" content=\"Govor Predsednice Jahjaga na osmom sastanku Nacionalnog Saveta za Evropske Integracije - Predsednik Republike Kosovo - DR. VJOSA OSMANI - SADRIU\" \/>\n<meta property=\"og:description\" content=\"Govor Predsednice Jahjaga na osmom sastanku Nacionalnog Saveta za Evropske Integracije - Predsednik Republike Kosovo - DR. VJOSA OSMANI - SADRIU -\" \/>\n<meta property=\"og:url\" content=\"https:\/\/president-ksgov.net\/fjalimi-i-presidentes-jahjaga-ne-takimin-e-tete-te-keshillit-kombetar-per-integrim-evropian-2\/\" \/>\n<meta property=\"og:site_name\" content=\"Predsednik Republike Kosovo - DR. VJOSA OSMANI - SADRIU\" \/>\n<meta property=\"article:published_time\" content=\"2015-01-13T11:24:44+00:00\" \/>\n<meta property=\"og:image\" content=\"https:\/\/president-ksgov.net\/wp-content\/uploads\/13_01_2015_7717980_13_01_2015_keshilli_1.jpg\" \/>\n\t<meta property=\"og:image:width\" content=\"1024\" \/>\n\t<meta property=\"og:image:height\" content=\"562\" \/>\n\t<meta property=\"og:image:type\" content=\"image\/jpeg\" \/>\n<meta name=\"author\" content=\"admin\" \/>\n<meta name=\"twitter:card\" content=\"summary_large_image\" \/>\n<meta name=\"twitter:label1\" content=\"\u041d\u0430\u043f\u0438\u0441\u0430\u043d\u043e \u043e\u0434\" \/>\n\t<meta name=\"twitter:data1\" content=\"admin\" \/>\n\t<meta name=\"twitter:label2\" content=\"\u041f\u0440\u043e\u0446\u0435\u045a\u0435\u043d\u043e \u0432\u0440\u0435\u043c\u0435 \u0447\u0438\u0442\u0430\u045a\u0430\" \/>\n\t<meta name=\"twitter:data2\" content=\"3 \u043c\u0438\u043d\u0443\u0442\u0430\" \/>\n<script type=\"application\/ld+json\" class=\"yoast-schema-graph\">{\"@context\":\"https:\/\/schema.org\",\"@graph\":[{\"@type\":\"WebPage\",\"@id\":\"https:\/\/president-ksgov.net\/fjalimi-i-presidentes-jahjaga-ne-takimin-e-tete-te-keshillit-kombetar-per-integrim-evropian-2\/\",\"url\":\"https:\/\/president-ksgov.net\/fjalimi-i-presidentes-jahjaga-ne-takimin-e-tete-te-keshillit-kombetar-per-integrim-evropian-2\/\",\"name\":\"Govor Predsednice Jahjaga na osmom sastanku Nacionalnog Saveta za Evropske Integracije - Predsednik Republike Kosovo - DR. VJOSA OSMANI - SADRIU\",\"isPartOf\":{\"@id\":\"https:\/\/president-ksgov.net\/#website\"},\"primaryImageOfPage\":{\"@id\":\"https:\/\/president-ksgov.net\/fjalimi-i-presidentes-jahjaga-ne-takimin-e-tete-te-keshillit-kombetar-per-integrim-evropian-2\/#primaryimage\"},\"image\":{\"@id\":\"https:\/\/president-ksgov.net\/fjalimi-i-presidentes-jahjaga-ne-takimin-e-tete-te-keshillit-kombetar-per-integrim-evropian-2\/#primaryimage\"},\"thumbnailUrl\":\"https:\/\/president-ksgov.net\/wp-content\/uploads\/13_01_2015_7717980_13_01_2015_keshilli_1.jpg\",\"datePublished\":\"2015-01-13T11:24:44+00:00\",\"dateModified\":\"2015-01-13T11:24:44+00:00\",\"author\":{\"@id\":\"https:\/\/president-ksgov.net\/#\/schema\/person\/bb4337a5fb147cb2046d80548172cbee\"},\"description\":\"Govor Predsednice Jahjaga na osmom sastanku Nacionalnog Saveta za Evropske Integracije - Predsednik Republike Kosovo - DR. VJOSA OSMANI - SADRIU -\",\"breadcrumb\":{\"@id\":\"https:\/\/president-ksgov.net\/fjalimi-i-presidentes-jahjaga-ne-takimin-e-tete-te-keshillit-kombetar-per-integrim-evropian-2\/#breadcrumb\"},\"inLanguage\":\"sr-RS\",\"potentialAction\":[{\"@type\":\"ReadAction\",\"target\":[\"https:\/\/president-ksgov.net\/fjalimi-i-presidentes-jahjaga-ne-takimin-e-tete-te-keshillit-kombetar-per-integrim-evropian-2\/\"]}]},{\"@type\":\"ImageObject\",\"inLanguage\":\"sr-RS\",\"@id\":\"https:\/\/president-ksgov.net\/fjalimi-i-presidentes-jahjaga-ne-takimin-e-tete-te-keshillit-kombetar-per-integrim-evropian-2\/#primaryimage\",\"url\":\"https:\/\/president-ksgov.net\/wp-content\/uploads\/13_01_2015_7717980_13_01_2015_keshilli_1.jpg\",\"contentUrl\":\"https:\/\/president-ksgov.net\/wp-content\/uploads\/13_01_2015_7717980_13_01_2015_keshilli_1.jpg\",\"width\":1024,\"height\":562},{\"@type\":\"BreadcrumbList\",\"@id\":\"https:\/\/president-ksgov.net\/fjalimi-i-presidentes-jahjaga-ne-takimin-e-tete-te-keshillit-kombetar-per-integrim-evropian-2\/#breadcrumb\",\"itemListElement\":[{\"@type\":\"ListItem\",\"position\":1,\"name\":\"Home\",\"item\":\"https:\/\/president-ksgov.net\/sr\/\"},{\"@type\":\"ListItem\",\"position\":2,\"name\":\"Govor Predsednice Jahjaga na osmom sastanku Nacionalnog Saveta za Evropske Integracije\"}]},{\"@type\":\"WebSite\",\"@id\":\"https:\/\/president-ksgov.net\/#website\",\"url\":\"https:\/\/president-ksgov.net\/\",\"name\":\"Presidente e Republik\u00ebs s\u00eb Kosov\u00ebs\",\"description\":\"Presidente e Republik\u00ebs s\u00eb Kosov\u00ebs\",\"alternateName\":\"DR. VJOSA OSMANI - SADRIU\",\"potentialAction\":[{\"@type\":\"SearchAction\",\"target\":{\"@type\":\"EntryPoint\",\"urlTemplate\":\"https:\/\/president-ksgov.net\/?s={search_term_string}\"},\"query-input\":{\"@type\":\"PropertyValueSpecification\",\"valueRequired\":true,\"valueName\":\"search_term_string\"}}],\"inLanguage\":\"sr-RS\"},{\"@type\":\"Person\",\"@id\":\"https:\/\/president-ksgov.net\/#\/schema\/person\/bb4337a5fb147cb2046d80548172cbee\",\"name\":\"admin\",\"image\":{\"@type\":\"ImageObject\",\"inLanguage\":\"sr-RS\",\"@id\":\"https:\/\/president-ksgov.net\/#\/schema\/person\/image\/\",\"url\":\"https:\/\/secure.gravatar.com\/avatar\/36156ca0fa3b8d9d25174f146e16beea0cf28f37adf1b9e19b6c9c279a7c9dd3?s=96&d=mm&r=g\",\"contentUrl\":\"https:\/\/secure.gravatar.com\/avatar\/36156ca0fa3b8d9d25174f146e16beea0cf28f37adf1b9e19b6c9c279a7c9dd3?s=96&d=mm&r=g\",\"caption\":\"admin\"},\"sameAs\":[\"https:\/\/president-ksgov.net\"]}]}<\/script>\n<!-- \/ Yoast SEO plugin. -->","yoast_head_json":{"title":"Govor Predsednice Jahjaga na osmom sastanku Nacionalnog Saveta za Evropske Integracije - Predsednik Republike Kosovo - DR. VJOSA OSMANI - SADRIU","description":"Govor Predsednice Jahjaga na osmom sastanku Nacionalnog Saveta za Evropske Integracije - Predsednik Republike Kosovo - DR. VJOSA OSMANI - SADRIU -","robots":{"index":"index","follow":"follow","max-snippet":"max-snippet:-1","max-image-preview":"max-image-preview:large","max-video-preview":"max-video-preview:-1"},"canonical":"https:\/\/president-ksgov.net\/fjalimi-i-presidentes-jahjaga-ne-takimin-e-tete-te-keshillit-kombetar-per-integrim-evropian-2\/","og_locale":"sr_RS","og_type":"article","og_title":"Govor Predsednice Jahjaga na osmom sastanku Nacionalnog Saveta za Evropske Integracije - Predsednik Republike Kosovo - DR. VJOSA OSMANI - SADRIU","og_description":"Govor Predsednice Jahjaga na osmom sastanku Nacionalnog Saveta za Evropske Integracije - Predsednik Republike Kosovo - DR. VJOSA OSMANI - SADRIU -","og_url":"https:\/\/president-ksgov.net\/fjalimi-i-presidentes-jahjaga-ne-takimin-e-tete-te-keshillit-kombetar-per-integrim-evropian-2\/","og_site_name":"Predsednik Republike Kosovo - DR. VJOSA OSMANI - SADRIU","article_published_time":"2015-01-13T11:24:44+00:00","og_image":[{"width":1024,"height":562,"url":"https:\/\/president-ksgov.net\/wp-content\/uploads\/13_01_2015_7717980_13_01_2015_keshilli_1.jpg","type":"image\/jpeg"}],"author":"admin","twitter_card":"summary_large_image","twitter_misc":{"\u041d\u0430\u043f\u0438\u0441\u0430\u043d\u043e \u043e\u0434":"admin","\u041f\u0440\u043e\u0446\u0435\u045a\u0435\u043d\u043e \u0432\u0440\u0435\u043c\u0435 \u0447\u0438\u0442\u0430\u045a\u0430":"3 \u043c\u0438\u043d\u0443\u0442\u0430"},"schema":{"@context":"https:\/\/schema.org","@graph":[{"@type":"WebPage","@id":"https:\/\/president-ksgov.net\/fjalimi-i-presidentes-jahjaga-ne-takimin-e-tete-te-keshillit-kombetar-per-integrim-evropian-2\/","url":"https:\/\/president-ksgov.net\/fjalimi-i-presidentes-jahjaga-ne-takimin-e-tete-te-keshillit-kombetar-per-integrim-evropian-2\/","name":"Govor Predsednice Jahjaga na osmom sastanku Nacionalnog Saveta za Evropske Integracije - Predsednik Republike Kosovo - DR. VJOSA OSMANI - SADRIU","isPartOf":{"@id":"https:\/\/president-ksgov.net\/#website"},"primaryImageOfPage":{"@id":"https:\/\/president-ksgov.net\/fjalimi-i-presidentes-jahjaga-ne-takimin-e-tete-te-keshillit-kombetar-per-integrim-evropian-2\/#primaryimage"},"image":{"@id":"https:\/\/president-ksgov.net\/fjalimi-i-presidentes-jahjaga-ne-takimin-e-tete-te-keshillit-kombetar-per-integrim-evropian-2\/#primaryimage"},"thumbnailUrl":"https:\/\/president-ksgov.net\/wp-content\/uploads\/13_01_2015_7717980_13_01_2015_keshilli_1.jpg","datePublished":"2015-01-13T11:24:44+00:00","dateModified":"2015-01-13T11:24:44+00:00","author":{"@id":"https:\/\/president-ksgov.net\/#\/schema\/person\/bb4337a5fb147cb2046d80548172cbee"},"description":"Govor Predsednice Jahjaga na osmom sastanku Nacionalnog Saveta za Evropske Integracije - Predsednik Republike Kosovo - DR. VJOSA OSMANI - SADRIU -","breadcrumb":{"@id":"https:\/\/president-ksgov.net\/fjalimi-i-presidentes-jahjaga-ne-takimin-e-tete-te-keshillit-kombetar-per-integrim-evropian-2\/#breadcrumb"},"inLanguage":"sr-RS","potentialAction":[{"@type":"ReadAction","target":["https:\/\/president-ksgov.net\/fjalimi-i-presidentes-jahjaga-ne-takimin-e-tete-te-keshillit-kombetar-per-integrim-evropian-2\/"]}]},{"@type":"ImageObject","inLanguage":"sr-RS","@id":"https:\/\/president-ksgov.net\/fjalimi-i-presidentes-jahjaga-ne-takimin-e-tete-te-keshillit-kombetar-per-integrim-evropian-2\/#primaryimage","url":"https:\/\/president-ksgov.net\/wp-content\/uploads\/13_01_2015_7717980_13_01_2015_keshilli_1.jpg","contentUrl":"https:\/\/president-ksgov.net\/wp-content\/uploads\/13_01_2015_7717980_13_01_2015_keshilli_1.jpg","width":1024,"height":562},{"@type":"BreadcrumbList","@id":"https:\/\/president-ksgov.net\/fjalimi-i-presidentes-jahjaga-ne-takimin-e-tete-te-keshillit-kombetar-per-integrim-evropian-2\/#breadcrumb","itemListElement":[{"@type":"ListItem","position":1,"name":"Home","item":"https:\/\/president-ksgov.net\/sr\/"},{"@type":"ListItem","position":2,"name":"Govor Predsednice Jahjaga na osmom sastanku Nacionalnog Saveta za Evropske Integracije"}]},{"@type":"WebSite","@id":"https:\/\/president-ksgov.net\/#website","url":"https:\/\/president-ksgov.net\/","name":"Presidente e Republik\u00ebs s\u00eb Kosov\u00ebs","description":"Presidente e Republik\u00ebs s\u00eb Kosov\u00ebs","alternateName":"DR. VJOSA OSMANI - SADRIU","potentialAction":[{"@type":"SearchAction","target":{"@type":"EntryPoint","urlTemplate":"https:\/\/president-ksgov.net\/?s={search_term_string}"},"query-input":{"@type":"PropertyValueSpecification","valueRequired":true,"valueName":"search_term_string"}}],"inLanguage":"sr-RS"},{"@type":"Person","@id":"https:\/\/president-ksgov.net\/#\/schema\/person\/bb4337a5fb147cb2046d80548172cbee","name":"admin","image":{"@type":"ImageObject","inLanguage":"sr-RS","@id":"https:\/\/president-ksgov.net\/#\/schema\/person\/image\/","url":"https:\/\/secure.gravatar.com\/avatar\/36156ca0fa3b8d9d25174f146e16beea0cf28f37adf1b9e19b6c9c279a7c9dd3?s=96&d=mm&r=g","contentUrl":"https:\/\/secure.gravatar.com\/avatar\/36156ca0fa3b8d9d25174f146e16beea0cf28f37adf1b9e19b6c9c279a7c9dd3?s=96&d=mm&r=g","caption":"admin"},"sameAs":["https:\/\/president-ksgov.net"]}]}},"_links":{"self":[{"href":"https:\/\/president-ksgov.net\/sr\/wp-json\/wp\/v2\/posts\/77570","targetHints":{"allow":["GET"]}}],"collection":[{"href":"https:\/\/president-ksgov.net\/sr\/wp-json\/wp\/v2\/posts"}],"about":[{"href":"https:\/\/president-ksgov.net\/sr\/wp-json\/wp\/v2\/types\/post"}],"author":[{"embeddable":true,"href":"https:\/\/president-ksgov.net\/sr\/wp-json\/wp\/v2\/users\/1"}],"replies":[{"embeddable":true,"href":"https:\/\/president-ksgov.net\/sr\/wp-json\/wp\/v2\/comments?post=77570"}],"version-history":[{"count":0,"href":"https:\/\/president-ksgov.net\/sr\/wp-json\/wp\/v2\/posts\/77570\/revisions"}],"wp:featuredmedia":[{"embeddable":true,"href":"https:\/\/president-ksgov.net\/sr\/wp-json\/wp\/v2\/media\/42292"}],"wp:attachment":[{"href":"https:\/\/president-ksgov.net\/sr\/wp-json\/wp\/v2\/media?parent=77570"}],"wp:term":[{"taxonomy":"category","embeddable":true,"href":"https:\/\/president-ksgov.net\/sr\/wp-json\/wp\/v2\/categories?post=77570"},{"taxonomy":"post_tag","embeddable":true,"href":"https:\/\/president-ksgov.net\/sr\/wp-json\/wp\/v2\/tags?post=77570"}],"curies":[{"name":"wp","href":"https:\/\/api.w.org\/{rel}","templated":true}]}}