{"id":77541,"date":"2015-02-05T18:18:48","date_gmt":"2015-02-05T18:18:48","guid":{"rendered":"https:\/\/dev.president-ksgov.net\/predsednica-jahjaga-i-premijer-mustafa-su-odrali-jedan-sastanak-sa-ambasadorima-i-predstavnicima-zemalja-clanica-ez-e\/"},"modified":"2015-02-05T18:18:48","modified_gmt":"2015-02-05T18:18:48","slug":"predsednica-jahjaga-i-premijer-mustafa-su-odrali-jedan-sastanak-sa-ambasadorima-i-predstavnicima-zemalja-clanica-ez-e","status":"publish","type":"post","link":"https:\/\/president-ksgov.net\/sr\/predsednica-jahjaga-i-premijer-mustafa-su-odrali-jedan-sastanak-sa-ambasadorima-i-predstavnicima-zemalja-clanica-ez-e\/","title":{"rendered":"Predsednica Jahjaga i premijer Mustafa su odr&#158;ali jedan sastanak sa ambasadorima i predstavnicima zemalja \u010dlanica EZ-e"},"content":{"rendered":"<p>Predsednica Republike Kosovo, gospo\u0111a Atifete Jahjaga i premijer Republike Kosovo, gospodin  Isa Mustafa ve\u010deras su odr&#382;ali jedan sastanak sa ambasadorima i predstavnicima zemalja \u010dlanica EZ-e, akreditovani u Kosovo, u cilju adresiranja pitanja ilegalne emigracije gra\u0111ana Kosova<\/p>\n<p>Na sastanku Predsednica Jahjaga je istakla veliku brigu institucija zemlje za velik broj gra\u0111ana Kosova koji odlaze iz zemlje, koji broj se naro\u010dito pove\u0107ao zadnjih dva meseca. Ona je ekla da institucije Kosova imaju svoju odgovornost za adresiranje pitanja koja se odnose na gra\u0111ane zemlje, njihovo blagostanje i njihovu emigraciju, ali ovo pitanje treba da se zajedno razmatra sa svim zemljama EZ-e, radi pomo\u0107i re&#353;avanja ove pojave.<\/p>\n<p>Predsednica Jahjaga je istakla da institucije Kosova pa&#382;ljivo adresiraju sve uzroke pove\u0107anja broja gra\u0111ana Kosova koji ilegalno emigriraju i anga&#382;uju se za re&#353;avanje otvorenih pitanja, i ekonomskog razvoja zemlje, vra\u0107anja perspektive gra\u0111ana i uspostavljanje vladanja reda i zakona. Ona je rekla da je uznemiravaju\u0107a \u010dinjenica da zbog aktuelnih odnosa sa Republikom Srbije, koja je otvorila sva vrata za izlazak gra\u0111ana Kosova. Institucije Kosova nemaju neposrednog pristupa na zbivanja na granici sa Ma\u0111arskom.<\/p>\n<p>Predsednica Jahjaga je istakla da je va&#382;no da ambasadori i predstavnici zemalja \u010dlanica EZ-e podr&#382;e anga&#382;ovanje institucija Kosova za obja&#353;njene gra\u0111anima zemlje stav njihovih dr&#382;ava o azilantima.<br \/>\nAmbasadori zemalja \u010dlaniva EZ-e, akreditovani u Kosovo, su izrazili njihovu zabrinutost za pove\u0107anje broja azilanata sa Kosova i rekli da njihove zemlje pa&#382;ljivo tretiraju ovu pojavu zadnjih vremena. Oni su istakli da se trebaju predstaviti ekonomske mere radi adresiranja situacije. Oni su tako\u0111e rekli da Kosovo treba da se priprami za prihvat gra\u0111ana Kosova nakon procedure njihovog vra\u010danja u Kosovo.<\/p>\n","protected":false},"excerpt":{"rendered":"<p>Predsednica Republike Kosovo, gospo\u0111a Atifete Jahjaga i premijer Republike Kosovo, gospodin  Isa Mustafa ve\u010deras su odr&#382;ali jedan sastanak sa ambasadorima i predstavnicima zemalja \u010dlanica EZ-e, akreditovani u Kosovo, u cilju adresiranja pitanja ilegalne emigracije gra\u0111ana Kosova<\/p>\n","protected":false},"author":1,"featured_media":42002,"comment_status":"open","ping_status":"closed","sticky":false,"template":"","format":"standard","meta":{"_eb_attr":"","footnotes":""},"categories":[101],"tags":[],"class_list":["post-77541","post","type-post","status-publish","format-standard","has-post-thumbnail","hentry","category-vesti"],"yoast_head":"<!-- This site is optimized with the Yoast SEO plugin v23.5 - https:\/\/yoast.com\/wordpress\/plugins\/seo\/ -->\n<title>Predsednica Jahjaga i premijer Mustafa su odr&#158;ali jedan sastanak sa ambasadorima i predstavnicima zemalja \u010dlanica EZ-e - Predsednik Republike Kosovo - DR. VJOSA OSMANI - SADRIU<\/title>\n<meta name=\"description\" content=\"Predsednica Jahjaga i premijer Mustafa su odr&#158;ali jedan sastanak sa ambasadorima i predstavnicima zemalja \u010dlanica EZ-e - Predsednik Republike Kosovo - DR. VJOSA OSMANI - SADRIU -\" \/>\n<meta name=\"robots\" content=\"index, follow, max-snippet:-1, max-image-preview:large, max-video-preview:-1\" \/>\n<link rel=\"canonical\" href=\"https:\/\/president-ksgov.net\/presidentja-jahjaga-dhe-kryeministri-mustafa-zhvilluan-nje-takim-me-ambasadoret-dhe-perfaqesuesit-e-vendeve-anetare-te-be-se\/\" \/>\n<meta property=\"og:locale\" content=\"sr_RS\" \/>\n<meta property=\"og:type\" content=\"article\" \/>\n<meta property=\"og:title\" content=\"Predsednica Jahjaga i premijer Mustafa su odr&#158;ali jedan sastanak sa ambasadorima i predstavnicima zemalja \u010dlanica EZ-e - Predsednik Republike Kosovo - DR. VJOSA OSMANI - SADRIU\" \/>\n<meta property=\"og:description\" content=\"Predsednica Jahjaga i premijer Mustafa su odr&#158;ali jedan sastanak sa ambasadorima i predstavnicima zemalja \u010dlanica EZ-e - Predsednik Republike Kosovo - DR. VJOSA OSMANI - SADRIU -\" \/>\n<meta property=\"og:url\" content=\"https:\/\/president-ksgov.net\/presidentja-jahjaga-dhe-kryeministri-mustafa-zhvilluan-nje-takim-me-ambasadoret-dhe-perfaqesuesit-e-vendeve-anetare-te-be-se\/\" \/>\n<meta property=\"og:site_name\" content=\"Predsednik Republike Kosovo - DR. VJOSA OSMANI - SADRIU\" \/>\n<meta property=\"article:published_time\" content=\"2015-02-05T18:18:48+00:00\" \/>\n<meta property=\"og:image\" content=\"https:\/\/president-ksgov.net\/wp-content\/uploads\/05_02_2015_397004_05_02_2015_Takim_me_ambasadoret_1.jpg\" \/>\n\t<meta property=\"og:image:width\" content=\"1000\" \/>\n\t<meta property=\"og:image:height\" content=\"436\" \/>\n\t<meta property=\"og:image:type\" content=\"image\/jpeg\" \/>\n<meta name=\"author\" content=\"admin\" \/>\n<meta name=\"twitter:card\" content=\"summary_large_image\" \/>\n<meta name=\"twitter:label1\" content=\"\u041d\u0430\u043f\u0438\u0441\u0430\u043d\u043e \u043e\u0434\" \/>\n\t<meta name=\"twitter:data1\" content=\"admin\" \/>\n\t<meta name=\"twitter:label2\" content=\"\u041f\u0440\u043e\u0446\u0435\u045a\u0435\u043d\u043e \u0432\u0440\u0435\u043c\u0435 \u0447\u0438\u0442\u0430\u045a\u0430\" \/>\n\t<meta name=\"twitter:data2\" content=\"1 \u043c\u0438\u043d\u0443\u0442\" \/>\n<script type=\"application\/ld+json\" class=\"yoast-schema-graph\">{\"@context\":\"https:\/\/schema.org\",\"@graph\":[{\"@type\":\"WebPage\",\"@id\":\"https:\/\/president-ksgov.net\/presidentja-jahjaga-dhe-kryeministri-mustafa-zhvilluan-nje-takim-me-ambasadoret-dhe-perfaqesuesit-e-vendeve-anetare-te-be-se\/\",\"url\":\"https:\/\/president-ksgov.net\/presidentja-jahjaga-dhe-kryeministri-mustafa-zhvilluan-nje-takim-me-ambasadoret-dhe-perfaqesuesit-e-vendeve-anetare-te-be-se\/\",\"name\":\"Predsednica Jahjaga i premijer Mustafa su odr&#158;ali jedan sastanak sa ambasadorima i predstavnicima zemalja \u010dlanica EZ-e - Predsednik Republike Kosovo - DR. VJOSA OSMANI - SADRIU\",\"isPartOf\":{\"@id\":\"https:\/\/president-ksgov.net\/#website\"},\"primaryImageOfPage\":{\"@id\":\"https:\/\/president-ksgov.net\/presidentja-jahjaga-dhe-kryeministri-mustafa-zhvilluan-nje-takim-me-ambasadoret-dhe-perfaqesuesit-e-vendeve-anetare-te-be-se\/#primaryimage\"},\"image\":{\"@id\":\"https:\/\/president-ksgov.net\/presidentja-jahjaga-dhe-kryeministri-mustafa-zhvilluan-nje-takim-me-ambasadoret-dhe-perfaqesuesit-e-vendeve-anetare-te-be-se\/#primaryimage\"},\"thumbnailUrl\":\"https:\/\/president-ksgov.net\/wp-content\/uploads\/05_02_2015_397004_05_02_2015_Takim_me_ambasadoret_1.jpg\",\"datePublished\":\"2015-02-05T18:18:48+00:00\",\"dateModified\":\"2015-02-05T18:18:48+00:00\",\"author\":{\"@id\":\"https:\/\/president-ksgov.net\/#\/schema\/person\/bb4337a5fb147cb2046d80548172cbee\"},\"description\":\"Predsednica Jahjaga i premijer Mustafa su odr&#158;ali jedan sastanak sa ambasadorima i predstavnicima zemalja \u010dlanica EZ-e - Predsednik Republike Kosovo - DR. VJOSA OSMANI - SADRIU -\",\"breadcrumb\":{\"@id\":\"https:\/\/president-ksgov.net\/presidentja-jahjaga-dhe-kryeministri-mustafa-zhvilluan-nje-takim-me-ambasadoret-dhe-perfaqesuesit-e-vendeve-anetare-te-be-se\/#breadcrumb\"},\"inLanguage\":\"sr-RS\",\"potentialAction\":[{\"@type\":\"ReadAction\",\"target\":[\"https:\/\/president-ksgov.net\/presidentja-jahjaga-dhe-kryeministri-mustafa-zhvilluan-nje-takim-me-ambasadoret-dhe-perfaqesuesit-e-vendeve-anetare-te-be-se\/\"]}]},{\"@type\":\"ImageObject\",\"inLanguage\":\"sr-RS\",\"@id\":\"https:\/\/president-ksgov.net\/presidentja-jahjaga-dhe-kryeministri-mustafa-zhvilluan-nje-takim-me-ambasadoret-dhe-perfaqesuesit-e-vendeve-anetare-te-be-se\/#primaryimage\",\"url\":\"https:\/\/president-ksgov.net\/wp-content\/uploads\/05_02_2015_397004_05_02_2015_Takim_me_ambasadoret_1.jpg\",\"contentUrl\":\"https:\/\/president-ksgov.net\/wp-content\/uploads\/05_02_2015_397004_05_02_2015_Takim_me_ambasadoret_1.jpg\",\"width\":1000,\"height\":436},{\"@type\":\"BreadcrumbList\",\"@id\":\"https:\/\/president-ksgov.net\/presidentja-jahjaga-dhe-kryeministri-mustafa-zhvilluan-nje-takim-me-ambasadoret-dhe-perfaqesuesit-e-vendeve-anetare-te-be-se\/#breadcrumb\",\"itemListElement\":[{\"@type\":\"ListItem\",\"position\":1,\"name\":\"Home\",\"item\":\"https:\/\/president-ksgov.net\/sr\/\"},{\"@type\":\"ListItem\",\"position\":2,\"name\":\"Predsednica Jahjaga i premijer Mustafa su odr&#158;ali jedan sastanak sa ambasadorima i predstavnicima zemalja \u010dlanica EZ-e\"}]},{\"@type\":\"WebSite\",\"@id\":\"https:\/\/president-ksgov.net\/#website\",\"url\":\"https:\/\/president-ksgov.net\/\",\"name\":\"Presidente e Republik\u00ebs s\u00eb Kosov\u00ebs\",\"description\":\"Presidente e Republik\u00ebs s\u00eb Kosov\u00ebs\",\"alternateName\":\"DR. VJOSA OSMANI - SADRIU\",\"potentialAction\":[{\"@type\":\"SearchAction\",\"target\":{\"@type\":\"EntryPoint\",\"urlTemplate\":\"https:\/\/president-ksgov.net\/?s={search_term_string}\"},\"query-input\":{\"@type\":\"PropertyValueSpecification\",\"valueRequired\":true,\"valueName\":\"search_term_string\"}}],\"inLanguage\":\"sr-RS\"},{\"@type\":\"Person\",\"@id\":\"https:\/\/president-ksgov.net\/#\/schema\/person\/bb4337a5fb147cb2046d80548172cbee\",\"name\":\"admin\",\"image\":{\"@type\":\"ImageObject\",\"inLanguage\":\"sr-RS\",\"@id\":\"https:\/\/president-ksgov.net\/#\/schema\/person\/image\/\",\"url\":\"https:\/\/secure.gravatar.com\/avatar\/36156ca0fa3b8d9d25174f146e16beea0cf28f37adf1b9e19b6c9c279a7c9dd3?s=96&d=mm&r=g\",\"contentUrl\":\"https:\/\/secure.gravatar.com\/avatar\/36156ca0fa3b8d9d25174f146e16beea0cf28f37adf1b9e19b6c9c279a7c9dd3?s=96&d=mm&r=g\",\"caption\":\"admin\"},\"sameAs\":[\"https:\/\/president-ksgov.net\"]}]}<\/script>\n<!-- \/ Yoast SEO plugin. -->","yoast_head_json":{"title":"Predsednica Jahjaga i premijer Mustafa su odr&#158;ali jedan sastanak sa ambasadorima i predstavnicima zemalja \u010dlanica EZ-e - Predsednik Republike Kosovo - DR. VJOSA OSMANI - SADRIU","description":"Predsednica Jahjaga i premijer Mustafa su odr&#158;ali jedan sastanak sa ambasadorima i predstavnicima zemalja \u010dlanica EZ-e - Predsednik Republike Kosovo - DR. VJOSA OSMANI - SADRIU -","robots":{"index":"index","follow":"follow","max-snippet":"max-snippet:-1","max-image-preview":"max-image-preview:large","max-video-preview":"max-video-preview:-1"},"canonical":"https:\/\/president-ksgov.net\/presidentja-jahjaga-dhe-kryeministri-mustafa-zhvilluan-nje-takim-me-ambasadoret-dhe-perfaqesuesit-e-vendeve-anetare-te-be-se\/","og_locale":"sr_RS","og_type":"article","og_title":"Predsednica Jahjaga i premijer Mustafa su odr&#158;ali jedan sastanak sa ambasadorima i predstavnicima zemalja \u010dlanica EZ-e - Predsednik Republike Kosovo - DR. VJOSA OSMANI - SADRIU","og_description":"Predsednica Jahjaga i premijer Mustafa su odr&#158;ali jedan sastanak sa ambasadorima i predstavnicima zemalja \u010dlanica EZ-e - Predsednik Republike Kosovo - DR. VJOSA OSMANI - SADRIU -","og_url":"https:\/\/president-ksgov.net\/presidentja-jahjaga-dhe-kryeministri-mustafa-zhvilluan-nje-takim-me-ambasadoret-dhe-perfaqesuesit-e-vendeve-anetare-te-be-se\/","og_site_name":"Predsednik Republike Kosovo - DR. VJOSA OSMANI - SADRIU","article_published_time":"2015-02-05T18:18:48+00:00","og_image":[{"width":1000,"height":436,"url":"https:\/\/president-ksgov.net\/wp-content\/uploads\/05_02_2015_397004_05_02_2015_Takim_me_ambasadoret_1.jpg","type":"image\/jpeg"}],"author":"admin","twitter_card":"summary_large_image","twitter_misc":{"\u041d\u0430\u043f\u0438\u0441\u0430\u043d\u043e \u043e\u0434":"admin","\u041f\u0440\u043e\u0446\u0435\u045a\u0435\u043d\u043e \u0432\u0440\u0435\u043c\u0435 \u0447\u0438\u0442\u0430\u045a\u0430":"1 \u043c\u0438\u043d\u0443\u0442"},"schema":{"@context":"https:\/\/schema.org","@graph":[{"@type":"WebPage","@id":"https:\/\/president-ksgov.net\/presidentja-jahjaga-dhe-kryeministri-mustafa-zhvilluan-nje-takim-me-ambasadoret-dhe-perfaqesuesit-e-vendeve-anetare-te-be-se\/","url":"https:\/\/president-ksgov.net\/presidentja-jahjaga-dhe-kryeministri-mustafa-zhvilluan-nje-takim-me-ambasadoret-dhe-perfaqesuesit-e-vendeve-anetare-te-be-se\/","name":"Predsednica Jahjaga i premijer Mustafa su odr&#158;ali jedan sastanak sa ambasadorima i predstavnicima zemalja \u010dlanica EZ-e - Predsednik Republike Kosovo - DR. VJOSA OSMANI - SADRIU","isPartOf":{"@id":"https:\/\/president-ksgov.net\/#website"},"primaryImageOfPage":{"@id":"https:\/\/president-ksgov.net\/presidentja-jahjaga-dhe-kryeministri-mustafa-zhvilluan-nje-takim-me-ambasadoret-dhe-perfaqesuesit-e-vendeve-anetare-te-be-se\/#primaryimage"},"image":{"@id":"https:\/\/president-ksgov.net\/presidentja-jahjaga-dhe-kryeministri-mustafa-zhvilluan-nje-takim-me-ambasadoret-dhe-perfaqesuesit-e-vendeve-anetare-te-be-se\/#primaryimage"},"thumbnailUrl":"https:\/\/president-ksgov.net\/wp-content\/uploads\/05_02_2015_397004_05_02_2015_Takim_me_ambasadoret_1.jpg","datePublished":"2015-02-05T18:18:48+00:00","dateModified":"2015-02-05T18:18:48+00:00","author":{"@id":"https:\/\/president-ksgov.net\/#\/schema\/person\/bb4337a5fb147cb2046d80548172cbee"},"description":"Predsednica Jahjaga i premijer Mustafa su odr&#158;ali jedan sastanak sa ambasadorima i predstavnicima zemalja \u010dlanica EZ-e - Predsednik Republike Kosovo - DR. VJOSA OSMANI - SADRIU -","breadcrumb":{"@id":"https:\/\/president-ksgov.net\/presidentja-jahjaga-dhe-kryeministri-mustafa-zhvilluan-nje-takim-me-ambasadoret-dhe-perfaqesuesit-e-vendeve-anetare-te-be-se\/#breadcrumb"},"inLanguage":"sr-RS","potentialAction":[{"@type":"ReadAction","target":["https:\/\/president-ksgov.net\/presidentja-jahjaga-dhe-kryeministri-mustafa-zhvilluan-nje-takim-me-ambasadoret-dhe-perfaqesuesit-e-vendeve-anetare-te-be-se\/"]}]},{"@type":"ImageObject","inLanguage":"sr-RS","@id":"https:\/\/president-ksgov.net\/presidentja-jahjaga-dhe-kryeministri-mustafa-zhvilluan-nje-takim-me-ambasadoret-dhe-perfaqesuesit-e-vendeve-anetare-te-be-se\/#primaryimage","url":"https:\/\/president-ksgov.net\/wp-content\/uploads\/05_02_2015_397004_05_02_2015_Takim_me_ambasadoret_1.jpg","contentUrl":"https:\/\/president-ksgov.net\/wp-content\/uploads\/05_02_2015_397004_05_02_2015_Takim_me_ambasadoret_1.jpg","width":1000,"height":436},{"@type":"BreadcrumbList","@id":"https:\/\/president-ksgov.net\/presidentja-jahjaga-dhe-kryeministri-mustafa-zhvilluan-nje-takim-me-ambasadoret-dhe-perfaqesuesit-e-vendeve-anetare-te-be-se\/#breadcrumb","itemListElement":[{"@type":"ListItem","position":1,"name":"Home","item":"https:\/\/president-ksgov.net\/sr\/"},{"@type":"ListItem","position":2,"name":"Predsednica Jahjaga i premijer Mustafa su odr&#158;ali jedan sastanak sa ambasadorima i predstavnicima zemalja \u010dlanica EZ-e"}]},{"@type":"WebSite","@id":"https:\/\/president-ksgov.net\/#website","url":"https:\/\/president-ksgov.net\/","name":"Presidente e Republik\u00ebs s\u00eb Kosov\u00ebs","description":"Presidente e Republik\u00ebs s\u00eb Kosov\u00ebs","alternateName":"DR. VJOSA OSMANI - SADRIU","potentialAction":[{"@type":"SearchAction","target":{"@type":"EntryPoint","urlTemplate":"https:\/\/president-ksgov.net\/?s={search_term_string}"},"query-input":{"@type":"PropertyValueSpecification","valueRequired":true,"valueName":"search_term_string"}}],"inLanguage":"sr-RS"},{"@type":"Person","@id":"https:\/\/president-ksgov.net\/#\/schema\/person\/bb4337a5fb147cb2046d80548172cbee","name":"admin","image":{"@type":"ImageObject","inLanguage":"sr-RS","@id":"https:\/\/president-ksgov.net\/#\/schema\/person\/image\/","url":"https:\/\/secure.gravatar.com\/avatar\/36156ca0fa3b8d9d25174f146e16beea0cf28f37adf1b9e19b6c9c279a7c9dd3?s=96&d=mm&r=g","contentUrl":"https:\/\/secure.gravatar.com\/avatar\/36156ca0fa3b8d9d25174f146e16beea0cf28f37adf1b9e19b6c9c279a7c9dd3?s=96&d=mm&r=g","caption":"admin"},"sameAs":["https:\/\/president-ksgov.net"]}]}},"_links":{"self":[{"href":"https:\/\/president-ksgov.net\/sr\/wp-json\/wp\/v2\/posts\/77541","targetHints":{"allow":["GET"]}}],"collection":[{"href":"https:\/\/president-ksgov.net\/sr\/wp-json\/wp\/v2\/posts"}],"about":[{"href":"https:\/\/president-ksgov.net\/sr\/wp-json\/wp\/v2\/types\/post"}],"author":[{"embeddable":true,"href":"https:\/\/president-ksgov.net\/sr\/wp-json\/wp\/v2\/users\/1"}],"replies":[{"embeddable":true,"href":"https:\/\/president-ksgov.net\/sr\/wp-json\/wp\/v2\/comments?post=77541"}],"version-history":[{"count":0,"href":"https:\/\/president-ksgov.net\/sr\/wp-json\/wp\/v2\/posts\/77541\/revisions"}],"wp:featuredmedia":[{"embeddable":true,"href":"https:\/\/president-ksgov.net\/sr\/wp-json\/wp\/v2\/media\/42002"}],"wp:attachment":[{"href":"https:\/\/president-ksgov.net\/sr\/wp-json\/wp\/v2\/media?parent=77541"}],"wp:term":[{"taxonomy":"category","embeddable":true,"href":"https:\/\/president-ksgov.net\/sr\/wp-json\/wp\/v2\/categories?post=77541"},{"taxonomy":"post_tag","embeddable":true,"href":"https:\/\/president-ksgov.net\/sr\/wp-json\/wp\/v2\/tags?post=77541"}],"curies":[{"name":"wp","href":"https:\/\/api.w.org\/{rel}","templated":true}]}}