{"id":77538,"date":"2015-02-06T13:52:10","date_gmt":"2015-02-06T13:52:10","guid":{"rendered":"https:\/\/dev.president-ksgov.net\/jahjaga-odlazak-sa-kosova-nije-reenje\/"},"modified":"2015-02-06T13:52:10","modified_gmt":"2015-02-06T13:52:10","slug":"jahjaga-odlazak-sa-kosova-nije-reenje","status":"publish","type":"post","link":"https:\/\/president-ksgov.net\/sr\/jahjaga-odlazak-sa-kosova-nije-reenje\/","title":{"rendered":"Jahjaga: Odlazak sa Kosova nije re&#154;enje"},"content":{"rendered":"<p>Predsednica Repubulike Kosovo, gospo\u0111a Atifete Jahjaga danas je posetila op&#353;tinu Vu\u010ditrn,  jedna od najvi&#353;e pogo\u0111enih op&#353;tina ilegalnom migracijom zadnjih nedelja.<\/p>\n<p>Predsednica Jahjaga se sastala sa predsednikom op&#353;tine Vu\u010ditrn, g. Bajram Muljaku, koji je informirao o stanju u op&#353;tini, sa posebnim naglaskom na trend odlaska stanovnika ove op&#353;tine i njihove ilegale migracije.<\/p>\n<p>Nakon sastanka sa predsednikom op&#353;tine, Predsedndica Jahjaga se sastala sa vi&#353;e gra\u0111ana op&#353;tine Vu\u010ditrn. U iskrenom razgovoru sa njima, Predsednica Jahjaga se upoznala sa njihovim problemima i poru\u010dila im da ne ostavljaju domovinu, jer odlazak sa Kosova nije re&#353;enje.<br \/>\n\u00a0<br \/>\nU nastavku sledi izjava Predsednice Jahjaga u toku posete Vu\u010ditrnu.\u00a0 <\/p>\n<p>&#8220;Do&#353;la sam danas u op&#353;tinu Vu\u010ditrn, da razgovaram sa gra\u0111anima i da \u010dujem sve njihove\u00a0 brige i uznemirenja. Jako sam uznemirena odlaskom\u00a0 na&#353;ih gra\u0111ana. Mi smo svesni da ovo na&#353;e dana&#353;nje Kosovo nije onakva dr&#382;ava kakvu smo mi &#382;eljeli imati danas, 15 godina nakon okon\u010danja rata.<\/p>\n<p>Ali, nije re&#353;enje u odlasku\u00a0 na&#353;ih gra\u0111ana, jer mi nemamo gra\u0111ana za odlazak. Mi najbolje znamo &#353;ta zna\u010di napustiti zemlju, be&#382;ati od svoje zemlje.<\/p>\n<p>Mi znamo da proces dr&#382;avotvornosti nije jedan lak proces, to je jedan te&#382;ak teret svih institucija i na&#353;ih gra\u0111ana. Ali, ovo je na&#353;a generacija, koja na sebe ima veliki svoj veliki teret. Slede\u0107e sedmice je sedma godina nezavisnosti Kosova, procesa dr&#382;avotvornosti na&#353;e dr&#382;ave. Ovo trebamo \u010dinit zajedno, institucije i gra\u0111ani na&#353;e zemlje.<\/p>\n<p>Na sastancima sa svim gra\u0111anima ovde u Vu\u010ditrnu, ja sam zahtevala da uputimo poruku svim porodicama, njihovim srodnicima i svnim njihovim bli&#382;njima, da re&#353;enje nije u odlasku. Oni ne trebaju napustiti Kosovo, jer oni su gra\u0111ani Kosova i mi zajedno trebamo da se usredsredimo u izgradnji i unapre\u0111enju na&#353;e dr&#382;ave&#8221;.<\/p>\n","protected":false},"excerpt":{"rendered":"<p>Predsednica Repubulike Kosovo, gospo\u0111a Atifete Jahjaga danas je posetila op&#353;tinu Vu\u010ditrn,  jedna od najvi&#353;e pogo\u0111enih op&#353;tina ilegalnom migracijom zadnjih nedelja.<\/p>\n","protected":false},"author":1,"featured_media":41963,"comment_status":"open","ping_status":"closed","sticky":false,"template":"","format":"standard","meta":{"_eb_attr":"","footnotes":""},"categories":[101],"tags":[],"class_list":["post-77538","post","type-post","status-publish","format-standard","has-post-thumbnail","hentry","category-vesti"],"yoast_head":"<!-- This site is optimized with the Yoast SEO plugin v23.5 - https:\/\/yoast.com\/wordpress\/plugins\/seo\/ -->\n<title>Jahjaga: Odlazak sa Kosova nije re&#154;enje - Predsednik Republike Kosovo - DR. VJOSA OSMANI - SADRIU<\/title>\n<meta name=\"description\" content=\"Jahjaga: Odlazak sa Kosova nije re&#154;enje - Predsednik Republike Kosovo - DR. VJOSA OSMANI - SADRIU -\" \/>\n<meta name=\"robots\" content=\"index, follow, max-snippet:-1, max-image-preview:large, max-video-preview:-1\" \/>\n<link rel=\"canonical\" href=\"https:\/\/president-ksgov.net\/jahjaga-ikja-nga-kosova-nuk-eshte-zgjidhje\/\" \/>\n<meta property=\"og:locale\" content=\"sr_RS\" \/>\n<meta property=\"og:type\" content=\"article\" \/>\n<meta property=\"og:title\" content=\"Jahjaga: Odlazak sa Kosova nije re&#154;enje - Predsednik Republike Kosovo - DR. VJOSA OSMANI - SADRIU\" \/>\n<meta property=\"og:description\" content=\"Jahjaga: Odlazak sa Kosova nije re&#154;enje - Predsednik Republike Kosovo - DR. VJOSA OSMANI - SADRIU -\" \/>\n<meta property=\"og:url\" content=\"https:\/\/president-ksgov.net\/jahjaga-ikja-nga-kosova-nuk-eshte-zgjidhje\/\" \/>\n<meta property=\"og:site_name\" content=\"Predsednik Republike Kosovo - DR. VJOSA OSMANI - SADRIU\" \/>\n<meta property=\"article:published_time\" content=\"2015-02-06T13:52:10+00:00\" \/>\n<meta property=\"og:image\" content=\"https:\/\/president-ksgov.net\/wp-content\/uploads\/06_02_2015_6472717_Ikja_1.jpg\" \/>\n\t<meta property=\"og:image:width\" content=\"888\" \/>\n\t<meta property=\"og:image:height\" content=\"768\" \/>\n\t<meta property=\"og:image:type\" content=\"image\/jpeg\" \/>\n<meta name=\"author\" content=\"admin\" \/>\n<meta name=\"twitter:card\" content=\"summary_large_image\" \/>\n<meta name=\"twitter:label1\" content=\"\u041d\u0430\u043f\u0438\u0441\u0430\u043d\u043e \u043e\u0434\" \/>\n\t<meta name=\"twitter:data1\" content=\"admin\" \/>\n\t<meta name=\"twitter:label2\" content=\"\u041f\u0440\u043e\u0446\u0435\u045a\u0435\u043d\u043e \u0432\u0440\u0435\u043c\u0435 \u0447\u0438\u0442\u0430\u045a\u0430\" \/>\n\t<meta name=\"twitter:data2\" content=\"2 \u043c\u0438\u043d\u0443\u0442\u0430\" \/>\n<script type=\"application\/ld+json\" class=\"yoast-schema-graph\">{\"@context\":\"https:\/\/schema.org\",\"@graph\":[{\"@type\":\"WebPage\",\"@id\":\"https:\/\/president-ksgov.net\/jahjaga-ikja-nga-kosova-nuk-eshte-zgjidhje\/\",\"url\":\"https:\/\/president-ksgov.net\/jahjaga-ikja-nga-kosova-nuk-eshte-zgjidhje\/\",\"name\":\"Jahjaga: Odlazak sa Kosova nije re&#154;enje - Predsednik Republike Kosovo - DR. VJOSA OSMANI - SADRIU\",\"isPartOf\":{\"@id\":\"https:\/\/president-ksgov.net\/#website\"},\"primaryImageOfPage\":{\"@id\":\"https:\/\/president-ksgov.net\/jahjaga-ikja-nga-kosova-nuk-eshte-zgjidhje\/#primaryimage\"},\"image\":{\"@id\":\"https:\/\/president-ksgov.net\/jahjaga-ikja-nga-kosova-nuk-eshte-zgjidhje\/#primaryimage\"},\"thumbnailUrl\":\"https:\/\/president-ksgov.net\/wp-content\/uploads\/06_02_2015_6472717_Ikja_1.jpg\",\"datePublished\":\"2015-02-06T13:52:10+00:00\",\"dateModified\":\"2015-02-06T13:52:10+00:00\",\"author\":{\"@id\":\"https:\/\/president-ksgov.net\/#\/schema\/person\/bb4337a5fb147cb2046d80548172cbee\"},\"description\":\"Jahjaga: Odlazak sa Kosova nije re&#154;enje - Predsednik Republike Kosovo - DR. VJOSA OSMANI - SADRIU -\",\"breadcrumb\":{\"@id\":\"https:\/\/president-ksgov.net\/jahjaga-ikja-nga-kosova-nuk-eshte-zgjidhje\/#breadcrumb\"},\"inLanguage\":\"sr-RS\",\"potentialAction\":[{\"@type\":\"ReadAction\",\"target\":[\"https:\/\/president-ksgov.net\/jahjaga-ikja-nga-kosova-nuk-eshte-zgjidhje\/\"]}]},{\"@type\":\"ImageObject\",\"inLanguage\":\"sr-RS\",\"@id\":\"https:\/\/president-ksgov.net\/jahjaga-ikja-nga-kosova-nuk-eshte-zgjidhje\/#primaryimage\",\"url\":\"https:\/\/president-ksgov.net\/wp-content\/uploads\/06_02_2015_6472717_Ikja_1.jpg\",\"contentUrl\":\"https:\/\/president-ksgov.net\/wp-content\/uploads\/06_02_2015_6472717_Ikja_1.jpg\",\"width\":888,\"height\":768},{\"@type\":\"BreadcrumbList\",\"@id\":\"https:\/\/president-ksgov.net\/jahjaga-ikja-nga-kosova-nuk-eshte-zgjidhje\/#breadcrumb\",\"itemListElement\":[{\"@type\":\"ListItem\",\"position\":1,\"name\":\"Home\",\"item\":\"https:\/\/president-ksgov.net\/sr\/\"},{\"@type\":\"ListItem\",\"position\":2,\"name\":\"Jahjaga: Odlazak sa Kosova nije re&#154;enje\"}]},{\"@type\":\"WebSite\",\"@id\":\"https:\/\/president-ksgov.net\/#website\",\"url\":\"https:\/\/president-ksgov.net\/\",\"name\":\"Presidente e Republik\u00ebs s\u00eb Kosov\u00ebs\",\"description\":\"Presidente e Republik\u00ebs s\u00eb Kosov\u00ebs\",\"alternateName\":\"DR. VJOSA OSMANI - SADRIU\",\"potentialAction\":[{\"@type\":\"SearchAction\",\"target\":{\"@type\":\"EntryPoint\",\"urlTemplate\":\"https:\/\/president-ksgov.net\/?s={search_term_string}\"},\"query-input\":{\"@type\":\"PropertyValueSpecification\",\"valueRequired\":true,\"valueName\":\"search_term_string\"}}],\"inLanguage\":\"sr-RS\"},{\"@type\":\"Person\",\"@id\":\"https:\/\/president-ksgov.net\/#\/schema\/person\/bb4337a5fb147cb2046d80548172cbee\",\"name\":\"admin\",\"image\":{\"@type\":\"ImageObject\",\"inLanguage\":\"sr-RS\",\"@id\":\"https:\/\/president-ksgov.net\/#\/schema\/person\/image\/\",\"url\":\"https:\/\/secure.gravatar.com\/avatar\/36156ca0fa3b8d9d25174f146e16beea0cf28f37adf1b9e19b6c9c279a7c9dd3?s=96&d=mm&r=g\",\"contentUrl\":\"https:\/\/secure.gravatar.com\/avatar\/36156ca0fa3b8d9d25174f146e16beea0cf28f37adf1b9e19b6c9c279a7c9dd3?s=96&d=mm&r=g\",\"caption\":\"admin\"},\"sameAs\":[\"https:\/\/president-ksgov.net\"]}]}<\/script>\n<!-- \/ Yoast SEO plugin. -->","yoast_head_json":{"title":"Jahjaga: Odlazak sa Kosova nije re&#154;enje - Predsednik Republike Kosovo - DR. VJOSA OSMANI - SADRIU","description":"Jahjaga: Odlazak sa Kosova nije re&#154;enje - Predsednik Republike Kosovo - DR. VJOSA OSMANI - SADRIU -","robots":{"index":"index","follow":"follow","max-snippet":"max-snippet:-1","max-image-preview":"max-image-preview:large","max-video-preview":"max-video-preview:-1"},"canonical":"https:\/\/president-ksgov.net\/jahjaga-ikja-nga-kosova-nuk-eshte-zgjidhje\/","og_locale":"sr_RS","og_type":"article","og_title":"Jahjaga: Odlazak sa Kosova nije re&#154;enje - Predsednik Republike Kosovo - DR. VJOSA OSMANI - SADRIU","og_description":"Jahjaga: Odlazak sa Kosova nije re&#154;enje - Predsednik Republike Kosovo - DR. VJOSA OSMANI - SADRIU -","og_url":"https:\/\/president-ksgov.net\/jahjaga-ikja-nga-kosova-nuk-eshte-zgjidhje\/","og_site_name":"Predsednik Republike Kosovo - DR. VJOSA OSMANI - SADRIU","article_published_time":"2015-02-06T13:52:10+00:00","og_image":[{"width":888,"height":768,"url":"https:\/\/president-ksgov.net\/wp-content\/uploads\/06_02_2015_6472717_Ikja_1.jpg","type":"image\/jpeg"}],"author":"admin","twitter_card":"summary_large_image","twitter_misc":{"\u041d\u0430\u043f\u0438\u0441\u0430\u043d\u043e \u043e\u0434":"admin","\u041f\u0440\u043e\u0446\u0435\u045a\u0435\u043d\u043e \u0432\u0440\u0435\u043c\u0435 \u0447\u0438\u0442\u0430\u045a\u0430":"2 \u043c\u0438\u043d\u0443\u0442\u0430"},"schema":{"@context":"https:\/\/schema.org","@graph":[{"@type":"WebPage","@id":"https:\/\/president-ksgov.net\/jahjaga-ikja-nga-kosova-nuk-eshte-zgjidhje\/","url":"https:\/\/president-ksgov.net\/jahjaga-ikja-nga-kosova-nuk-eshte-zgjidhje\/","name":"Jahjaga: Odlazak sa Kosova nije re&#154;enje - Predsednik Republike Kosovo - DR. VJOSA OSMANI - SADRIU","isPartOf":{"@id":"https:\/\/president-ksgov.net\/#website"},"primaryImageOfPage":{"@id":"https:\/\/president-ksgov.net\/jahjaga-ikja-nga-kosova-nuk-eshte-zgjidhje\/#primaryimage"},"image":{"@id":"https:\/\/president-ksgov.net\/jahjaga-ikja-nga-kosova-nuk-eshte-zgjidhje\/#primaryimage"},"thumbnailUrl":"https:\/\/president-ksgov.net\/wp-content\/uploads\/06_02_2015_6472717_Ikja_1.jpg","datePublished":"2015-02-06T13:52:10+00:00","dateModified":"2015-02-06T13:52:10+00:00","author":{"@id":"https:\/\/president-ksgov.net\/#\/schema\/person\/bb4337a5fb147cb2046d80548172cbee"},"description":"Jahjaga: Odlazak sa Kosova nije re&#154;enje - Predsednik Republike Kosovo - DR. VJOSA OSMANI - SADRIU -","breadcrumb":{"@id":"https:\/\/president-ksgov.net\/jahjaga-ikja-nga-kosova-nuk-eshte-zgjidhje\/#breadcrumb"},"inLanguage":"sr-RS","potentialAction":[{"@type":"ReadAction","target":["https:\/\/president-ksgov.net\/jahjaga-ikja-nga-kosova-nuk-eshte-zgjidhje\/"]}]},{"@type":"ImageObject","inLanguage":"sr-RS","@id":"https:\/\/president-ksgov.net\/jahjaga-ikja-nga-kosova-nuk-eshte-zgjidhje\/#primaryimage","url":"https:\/\/president-ksgov.net\/wp-content\/uploads\/06_02_2015_6472717_Ikja_1.jpg","contentUrl":"https:\/\/president-ksgov.net\/wp-content\/uploads\/06_02_2015_6472717_Ikja_1.jpg","width":888,"height":768},{"@type":"BreadcrumbList","@id":"https:\/\/president-ksgov.net\/jahjaga-ikja-nga-kosova-nuk-eshte-zgjidhje\/#breadcrumb","itemListElement":[{"@type":"ListItem","position":1,"name":"Home","item":"https:\/\/president-ksgov.net\/sr\/"},{"@type":"ListItem","position":2,"name":"Jahjaga: Odlazak sa Kosova nije re&#154;enje"}]},{"@type":"WebSite","@id":"https:\/\/president-ksgov.net\/#website","url":"https:\/\/president-ksgov.net\/","name":"Presidente e Republik\u00ebs s\u00eb Kosov\u00ebs","description":"Presidente e Republik\u00ebs s\u00eb Kosov\u00ebs","alternateName":"DR. VJOSA OSMANI - SADRIU","potentialAction":[{"@type":"SearchAction","target":{"@type":"EntryPoint","urlTemplate":"https:\/\/president-ksgov.net\/?s={search_term_string}"},"query-input":{"@type":"PropertyValueSpecification","valueRequired":true,"valueName":"search_term_string"}}],"inLanguage":"sr-RS"},{"@type":"Person","@id":"https:\/\/president-ksgov.net\/#\/schema\/person\/bb4337a5fb147cb2046d80548172cbee","name":"admin","image":{"@type":"ImageObject","inLanguage":"sr-RS","@id":"https:\/\/president-ksgov.net\/#\/schema\/person\/image\/","url":"https:\/\/secure.gravatar.com\/avatar\/36156ca0fa3b8d9d25174f146e16beea0cf28f37adf1b9e19b6c9c279a7c9dd3?s=96&d=mm&r=g","contentUrl":"https:\/\/secure.gravatar.com\/avatar\/36156ca0fa3b8d9d25174f146e16beea0cf28f37adf1b9e19b6c9c279a7c9dd3?s=96&d=mm&r=g","caption":"admin"},"sameAs":["https:\/\/president-ksgov.net"]}]}},"_links":{"self":[{"href":"https:\/\/president-ksgov.net\/sr\/wp-json\/wp\/v2\/posts\/77538","targetHints":{"allow":["GET"]}}],"collection":[{"href":"https:\/\/president-ksgov.net\/sr\/wp-json\/wp\/v2\/posts"}],"about":[{"href":"https:\/\/president-ksgov.net\/sr\/wp-json\/wp\/v2\/types\/post"}],"author":[{"embeddable":true,"href":"https:\/\/president-ksgov.net\/sr\/wp-json\/wp\/v2\/users\/1"}],"replies":[{"embeddable":true,"href":"https:\/\/president-ksgov.net\/sr\/wp-json\/wp\/v2\/comments?post=77538"}],"version-history":[{"count":0,"href":"https:\/\/president-ksgov.net\/sr\/wp-json\/wp\/v2\/posts\/77538\/revisions"}],"wp:featuredmedia":[{"embeddable":true,"href":"https:\/\/president-ksgov.net\/sr\/wp-json\/wp\/v2\/media\/41963"}],"wp:attachment":[{"href":"https:\/\/president-ksgov.net\/sr\/wp-json\/wp\/v2\/media?parent=77538"}],"wp:term":[{"taxonomy":"category","embeddable":true,"href":"https:\/\/president-ksgov.net\/sr\/wp-json\/wp\/v2\/categories?post=77538"},{"taxonomy":"post_tag","embeddable":true,"href":"https:\/\/president-ksgov.net\/sr\/wp-json\/wp\/v2\/tags?post=77538"}],"curies":[{"name":"wp","href":"https:\/\/api.w.org\/{rel}","templated":true}]}}