{"id":77516,"date":"2015-02-17T19:46:04","date_gmt":"2015-02-17T19:46:04","guid":{"rendered":"https:\/\/dev.president-ksgov.net\/govor-predsednice-jahjaga-povodom-7-godinje-proglaenja-nezavisnosti-kosovaoves\/"},"modified":"2023-03-08T09:02:26","modified_gmt":"2023-03-08T09:02:26","slug":"govor-predsednice-jahjaga-povodom-7-godinje-proglaenja-nezavisnosti-kosovaoves","status":"publish","type":"post","link":"https:\/\/president-ksgov.net\/sr\/govor-predsednice-jahjaga-povodom-7-godinje-proglaenja-nezavisnosti-kosovaoves\/","title":{"rendered":"Govor Predsednice Jahjaga povodom 7 godi&#154;nje progla&#154;enja nezavisnosti Kosovaov\u00ebs"},"content":{"rendered":"<p>Pre sedam godina gra\u0111ani su zauzeli trgove i puteve Kosova da bi bili svedoci krunisanja kolektivnog vekovnog anga&#382;ovanja i individualnog &#382;rtvovanja radi uspostavljanja dr&#382;ave Kosovo.<\/p>\n<p>Po&#353;tovani predstavnici insitucija Republike Kosovo,<br \/>\nPo&#353;tovani ambasadori,<br \/>\nPo&#353;tovani gra\u0111ani Republike Kosovo,<br \/>\nDame i gospodo,<br \/>\n\u00a0<br \/>\nPre sedam godina gra\u0111ani su zauzeli trgove i puteve Kosova da bi bili svedoci krunisanja kolektivnog vekovnog anga&#382;ovanja i individualnog &#382;rtvovanja radi uspostavljanja dr&#382;ave Kosovo.<br \/>\n\u00a0<br \/>\nTokom tih hladnih zimskih\u00a0 dana na&#353;a su srca grejana\u00a0 jednom velikom nadom &#8211; najve\u0107om koju smo d&#382;iveli &#8211; i u na&#353;im o\u010dnima su se smestile suze za sve one koji vi&#353;e nisu me\u0111u nama.<br \/>\n\u00a0<br \/>\nZa sve te te&#353;ke do&#382;ivljaje kojei su ubili snove mnogih generacija ove zemlje.<\/p>\n<p>Tog dana, smo imali hrabrosti\u00a0 da povrh mnogih pote&#353;ko\u0107a i nepoznanica pred sobom, stali smo ujedinjeni, uperili pogled napred. Bili smo odlu\u010dni \u010diniti dr&#382;avu Kosovo.<br \/>\n\u00a0<br \/>\nRukom na srce, zaklinjali smo se da \u0107emo zemlju, gde smo do&#382;iveli i videli mnogo patnji, \u010diniti Republikom ravnopravnih gra\u0111ana. Ravnopravni u prava, odgovornosti i u privilegije.<br \/>\n\u00a0<br \/>\nZavetovali smo se da \u0107emo na Kosovu povratiti jednu tradiciju tolerancije, sloge, poverenja, solidarnosti i dobro\u010dinstva koje ima duboke korene u ovim ognji&#353;tama.<br \/>\n\u00a0<br \/>\nZavetivaku smo se da \u0107emo\u00a0 izgradnju nezavisnog Kosova \u0107emo \u010diniti sa na&#353;im\u00a0 vrlinama,\u00a0 koje nas okarakteri&#353;u kao narod tokom istorije.<br \/>\n\u00a0<br \/>\nUz nadu i volju. Uz &#382;rtvovanje i\u00a0 marljivost. Uz hrabrost i odlu\u010dnost da postanemo gospodari samoga sebe. Obavezali smo se da \u0107e ljubav prema ovoj zemlji biti putokaz za svaki na&#353; postupak. Bila je ljubav prema ovoj zemlji ono koje nas je ujedinila i usmerila sve na&#353;e ciljeve.<br \/>\n\u00a0<br \/>\nStvaraju\u0107i dr&#382;avu Kosovo, okrenuli smo jednu novu stranicu istorije. I u ovu istoriju \u0107e ostati jasno napisano da prava koja smo uz velike muke stekli, ne\u0107emo osporavati drugima.<\/p>\n<p>Na ovo obe\u0107anje, Mi, svi Mi, u\u010dinili smo Kosovo dr&#382;avom.<br \/>\n\u00a0<br \/>\nOstvarili smo vekovnu kauzu da &#382;ivimo jednim dostojanstvenim &#382;ivotom, da bi smo doveli na mesto testament prethodnih generacija, da bismo o&#382;ivotvorili viziju arhitekta nezavisnosti, Predsednika Rugove i da bismo po&#353;tovali krv oslobodila\u010dkih\u00a0 boraca, palih boraca i poginulih koji su dali svoj &#382;ivot za slobodu koju danas svi skupa u&#382;ivamo.<br \/>\n\u00a0<br \/>\nRame uz rame sa nama, gra\u0111ani Kosova, za\u00a0 izgradnju\u00a0 Kosova nade postrojio se\u00a0 ceo demokratski svet, uz \u010dvrsto poverenje u vrednosti koje uspostavljamo na temelje na&#353;e dr&#382;avnosti istovremeno i univerzalne vrednosti u ime kojih se demokratski svet postrojio na na&#353;u stranu i na na&#353;u za&#353;titu. Nismo se nijednom pokolebali u verovanje da \u0107emo \u010diniti Kosovo.<\/p>\n<p>Ove sedme godi&#353;njice, imam jednu poruku: Kosovo smo \u010dinili, u potpunom smislu re\u010di. Republika Kosovo jeste nepobitna i nepovratna realnost.<br \/>\n\u00a0<br \/>\nOvom prilikom &#382;elim se zahvaliti posebno Sjedinjenim Ameri\u010dkim Dr&#382;avama za nepo&#353;tednu podr&#353;ku u na&#353;oj dr&#382;avotvornosti. Vi ste nam ve\u010diti prijatelji.<br \/>\n\u00a0<br \/>\nIstovremeno, zahvaljujem se dr&#382;avama Evropske Zajednice, na&#353;im saveznicima koji su verovali na&#353;oj odlu\u010dnosti za izgradnju nezavisnog Kosova kao i u na&#353;e posve\u0107enje za integraciju u evropsko-atlantske strukture.<br \/>\n\u00a0<br \/>\nVe\u0107eras &#382;elim se zahvaliti i na&#353;oj dijaspori, njih stotine hiljada gra\u0111ana Kosova koji &#382;ive uz mnogo patnje za ovom zemljom i nikada nisu prestali raditi za nju. Vi ste u na&#353;a srca.<br \/>\n\u00a0<br \/>\nPo&#353;tovani gra\u0111ani Republike Kosovo,<br \/>\nDame i gospodo,<\/p>\n<p>Na&#353;e kretanje na putu o&#382;ivotvorenja vizije za nezavisno, demokratsko, slobodno Kosovo u miru nastavlja biti te&#353;ko.<br \/>\n\u00a0<br \/>\nMnogo je posla u\u010dinjeno. U\u010dinjene su i gre&#353;ke. Bilo je vi&#353;e uspeha, ali &#382;rtvovanja su nastavljena i sa njima i izazovi jedan za drugim.<br \/>\n\u00a0<br \/>\n\u010cesto puta smo bili razo\u010darani, izolovani, beznade&#382;ni. Osetili smo se nemo\u010dnim, razo\u010darani, umorni.<br \/>\n\u00a0<br \/>\nJer dana&#353;nje Kosovo, za koju su u\u010dinjene mnogo &#382;rtvovanja, jo&#353; uvek treba da ispuni na&#353;a o\u010dekivanja. Ona jo&#353; uvek nije Kosovo kojoj smo se nadali i koju smo &#382;eleli.<br \/>\n\u00a0<br \/>\nAli, mi smo generacija koja nosi na svojim ple\u010dima izgradnju na&#353;e dr&#382;avnosti, kao &#353;to je generacija pre nas nosila na svoja ple\u010da realizaciju aspiracije za dr&#382;avu Kosovo.<br \/>\n\u00a0<br \/>\nNikada nismo mislili da \u0107e ovo dr&#382;avotvorstvo biti lako jer na&#353;i resursi i kapaciteti su ograni\u010deni, bol rasta je velik, prioriteta je mnogo a o\u010dekivanja su visoka.<br \/>\n\u00a0<br \/>\nAli nemamo vremena za razo\u010daranje, nema mesta za opiranje i dvoumljenje.<br \/>\n\u00a0<br \/>\nIznad svega Kosovo pripada njenim gra\u0111anima. Ove godi&#353;njice, vi&#353;e nego ikada trebamo odlu\u010dnost za konsolidovanje na&#353;e dr&#382;avnosti i trebamo rad\u00a0 i anga&#382;ovanje za odvajanje\u00a0 od stare prakse koja poljulja poverenje gra\u0111ana.<br \/>\n\u00a0<br \/>\nMi smo dans svi Kosovo! Jesmo ljudi ove zemlje &#8211; ove dr&#382;ave &#8211; ravnopravni i nepokolebljivi dr&#382;avaljani. Gra\u0111ani smo koji smo\u00a0 tokom ovih 7 godina nezavisnosti ponosno nosili ime nove dr&#382;ave. Ime koje svako od nas nosi u srce.<\/p>\n<p>Ove godi&#353;njice ovo je Kosovo &#8211; izazvana ali nepokolebljiva. I u ovoj godi&#353;njici ovo je na&#353;a zajedni\u010dka domovina &#8211; jedna zemlja koja na&#353;u zajedni\u010dku ruku da nju \u010dine takvom da je svi vole &#8211; pravnu dr&#382;avu, razvijenu i nedelivim delom slobodnih nacija.<br \/>\n\u00a0<br \/>\nKosovo smo stvorili. Sada trebamo izgraditi dr&#382;avu koju &#382;elimo.<br \/>\n\u00a0<br \/>\nSretan sedmi ro\u0111endan, na&#353;a dr&#382;avo!<\/p>\n","protected":false},"excerpt":{"rendered":"<p>Pre sedam godina gra\u0111ani su zauzeli trgove i puteve Kosova da bi bili svedoci krunisanja kolektivnog vekovnog anga&#382;ovanja i individualnog &#382;rtvovanja radi uspostavljanja dr&#382;ave Kosovo.<\/p>\n","protected":false},"author":1,"featured_media":41648,"comment_status":"open","ping_status":"closed","sticky":false,"template":"","format":"standard","meta":{"_eb_attr":"","footnotes":""},"categories":[106],"tags":[],"class_list":["post-77516","post","type-post","status-publish","format-standard","has-post-thumbnail","hentry","category-govori"],"yoast_head":"<!-- This site is optimized with the Yoast SEO plugin v23.5 - https:\/\/yoast.com\/wordpress\/plugins\/seo\/ -->\n<title>Govor Predsednice Jahjaga povodom 7 godi&#154;nje progla&#154;enja nezavisnosti Kosovaov\u00ebs - Predsednik Republike Kosovo - DR. VJOSA OSMANI - SADRIU<\/title>\n<meta name=\"description\" content=\"Govor Predsednice Jahjaga povodom 7 godi&#154;nje progla&#154;enja nezavisnosti Kosovaov\u00ebs - Predsednik Republike Kosovo - DR. VJOSA OSMANI - SADRIU -\" \/>\n<meta name=\"robots\" content=\"index, follow, max-snippet:-1, max-image-preview:large, max-video-preview:-1\" \/>\n<link rel=\"canonical\" href=\"https:\/\/president-ksgov.net\/fjalimi-i-presidentes-jahjaga-ne-pritjen-me-rastin-e-shtatevjetorit-te-pavaresise-se-kosoves\/\" \/>\n<meta property=\"og:locale\" content=\"sr_RS\" \/>\n<meta property=\"og:type\" content=\"article\" \/>\n<meta property=\"og:title\" content=\"Govor Predsednice Jahjaga povodom 7 godi&#154;nje progla&#154;enja nezavisnosti Kosovaov\u00ebs - Predsednik Republike Kosovo - DR. VJOSA OSMANI - SADRIU\" \/>\n<meta property=\"og:description\" content=\"Govor Predsednice Jahjaga povodom 7 godi&#154;nje progla&#154;enja nezavisnosti Kosovaov\u00ebs - Predsednik Republike Kosovo - DR. VJOSA OSMANI - SADRIU -\" \/>\n<meta property=\"og:url\" content=\"https:\/\/president-ksgov.net\/fjalimi-i-presidentes-jahjaga-ne-pritjen-me-rastin-e-shtatevjetorit-te-pavaresise-se-kosoves\/\" \/>\n<meta property=\"og:site_name\" content=\"Predsednik Republike Kosovo - DR. VJOSA OSMANI - SADRIU\" \/>\n<meta property=\"article:published_time\" content=\"2015-02-17T19:46:04+00:00\" \/>\n<meta property=\"article:modified_time\" content=\"2023-03-08T09:02:26+00:00\" \/>\n<meta property=\"og:image\" content=\"https:\/\/president-ksgov.net\/wp-content\/uploads\/18_02_2015_8075409_001_17022015.jpg\" \/>\n\t<meta property=\"og:image:width\" content=\"1024\" \/>\n\t<meta property=\"og:image:height\" content=\"567\" \/>\n\t<meta property=\"og:image:type\" content=\"image\/jpeg\" \/>\n<meta name=\"author\" content=\"admin\" \/>\n<meta name=\"twitter:card\" content=\"summary_large_image\" \/>\n<meta name=\"twitter:label1\" content=\"\u041d\u0430\u043f\u0438\u0441\u0430\u043d\u043e \u043e\u0434\" \/>\n\t<meta name=\"twitter:data1\" content=\"admin\" \/>\n\t<meta name=\"twitter:label2\" content=\"\u041f\u0440\u043e\u0446\u0435\u045a\u0435\u043d\u043e \u0432\u0440\u0435\u043c\u0435 \u0447\u0438\u0442\u0430\u045a\u0430\" \/>\n\t<meta name=\"twitter:data2\" content=\"4 \u043c\u0438\u043d\u0443\u0442\u0430\" \/>\n<script type=\"application\/ld+json\" class=\"yoast-schema-graph\">{\"@context\":\"https:\/\/schema.org\",\"@graph\":[{\"@type\":\"WebPage\",\"@id\":\"https:\/\/president-ksgov.net\/fjalimi-i-presidentes-jahjaga-ne-pritjen-me-rastin-e-shtatevjetorit-te-pavaresise-se-kosoves\/\",\"url\":\"https:\/\/president-ksgov.net\/fjalimi-i-presidentes-jahjaga-ne-pritjen-me-rastin-e-shtatevjetorit-te-pavaresise-se-kosoves\/\",\"name\":\"Govor Predsednice Jahjaga povodom 7 godi&#154;nje progla&#154;enja nezavisnosti Kosovaov\u00ebs - Predsednik Republike Kosovo - DR. VJOSA OSMANI - SADRIU\",\"isPartOf\":{\"@id\":\"https:\/\/president-ksgov.net\/#website\"},\"primaryImageOfPage\":{\"@id\":\"https:\/\/president-ksgov.net\/fjalimi-i-presidentes-jahjaga-ne-pritjen-me-rastin-e-shtatevjetorit-te-pavaresise-se-kosoves\/#primaryimage\"},\"image\":{\"@id\":\"https:\/\/president-ksgov.net\/fjalimi-i-presidentes-jahjaga-ne-pritjen-me-rastin-e-shtatevjetorit-te-pavaresise-se-kosoves\/#primaryimage\"},\"thumbnailUrl\":\"https:\/\/president-ksgov.net\/wp-content\/uploads\/18_02_2015_8075409_001_17022015.jpg\",\"datePublished\":\"2015-02-17T19:46:04+00:00\",\"dateModified\":\"2023-03-08T09:02:26+00:00\",\"author\":{\"@id\":\"https:\/\/president-ksgov.net\/#\/schema\/person\/bb4337a5fb147cb2046d80548172cbee\"},\"description\":\"Govor Predsednice Jahjaga povodom 7 godi&#154;nje progla&#154;enja nezavisnosti Kosovaov\u00ebs - Predsednik Republike Kosovo - DR. VJOSA OSMANI - SADRIU -\",\"breadcrumb\":{\"@id\":\"https:\/\/president-ksgov.net\/fjalimi-i-presidentes-jahjaga-ne-pritjen-me-rastin-e-shtatevjetorit-te-pavaresise-se-kosoves\/#breadcrumb\"},\"inLanguage\":\"sr-RS\",\"potentialAction\":[{\"@type\":\"ReadAction\",\"target\":[\"https:\/\/president-ksgov.net\/fjalimi-i-presidentes-jahjaga-ne-pritjen-me-rastin-e-shtatevjetorit-te-pavaresise-se-kosoves\/\"]}]},{\"@type\":\"ImageObject\",\"inLanguage\":\"sr-RS\",\"@id\":\"https:\/\/president-ksgov.net\/fjalimi-i-presidentes-jahjaga-ne-pritjen-me-rastin-e-shtatevjetorit-te-pavaresise-se-kosoves\/#primaryimage\",\"url\":\"https:\/\/president-ksgov.net\/wp-content\/uploads\/18_02_2015_8075409_001_17022015.jpg\",\"contentUrl\":\"https:\/\/president-ksgov.net\/wp-content\/uploads\/18_02_2015_8075409_001_17022015.jpg\",\"width\":1024,\"height\":567},{\"@type\":\"BreadcrumbList\",\"@id\":\"https:\/\/president-ksgov.net\/fjalimi-i-presidentes-jahjaga-ne-pritjen-me-rastin-e-shtatevjetorit-te-pavaresise-se-kosoves\/#breadcrumb\",\"itemListElement\":[{\"@type\":\"ListItem\",\"position\":1,\"name\":\"Home\",\"item\":\"https:\/\/president-ksgov.net\/sr\/\"},{\"@type\":\"ListItem\",\"position\":2,\"name\":\"Govor Predsednice Jahjaga povodom 7 godi&#154;nje progla&#154;enja nezavisnosti Kosovaov\u00ebs\"}]},{\"@type\":\"WebSite\",\"@id\":\"https:\/\/president-ksgov.net\/#website\",\"url\":\"https:\/\/president-ksgov.net\/\",\"name\":\"Presidente e Republik\u00ebs s\u00eb Kosov\u00ebs\",\"description\":\"Presidente e Republik\u00ebs s\u00eb Kosov\u00ebs\",\"alternateName\":\"DR. VJOSA OSMANI - SADRIU\",\"potentialAction\":[{\"@type\":\"SearchAction\",\"target\":{\"@type\":\"EntryPoint\",\"urlTemplate\":\"https:\/\/president-ksgov.net\/?s={search_term_string}\"},\"query-input\":{\"@type\":\"PropertyValueSpecification\",\"valueRequired\":true,\"valueName\":\"search_term_string\"}}],\"inLanguage\":\"sr-RS\"},{\"@type\":\"Person\",\"@id\":\"https:\/\/president-ksgov.net\/#\/schema\/person\/bb4337a5fb147cb2046d80548172cbee\",\"name\":\"admin\",\"image\":{\"@type\":\"ImageObject\",\"inLanguage\":\"sr-RS\",\"@id\":\"https:\/\/president-ksgov.net\/#\/schema\/person\/image\/\",\"url\":\"https:\/\/secure.gravatar.com\/avatar\/36156ca0fa3b8d9d25174f146e16beea0cf28f37adf1b9e19b6c9c279a7c9dd3?s=96&d=mm&r=g\",\"contentUrl\":\"https:\/\/secure.gravatar.com\/avatar\/36156ca0fa3b8d9d25174f146e16beea0cf28f37adf1b9e19b6c9c279a7c9dd3?s=96&d=mm&r=g\",\"caption\":\"admin\"},\"sameAs\":[\"https:\/\/president-ksgov.net\"]}]}<\/script>\n<!-- \/ Yoast SEO plugin. -->","yoast_head_json":{"title":"Govor Predsednice Jahjaga povodom 7 godi&#154;nje progla&#154;enja nezavisnosti Kosovaov\u00ebs - Predsednik Republike Kosovo - DR. VJOSA OSMANI - SADRIU","description":"Govor Predsednice Jahjaga povodom 7 godi&#154;nje progla&#154;enja nezavisnosti Kosovaov\u00ebs - Predsednik Republike Kosovo - DR. VJOSA OSMANI - SADRIU -","robots":{"index":"index","follow":"follow","max-snippet":"max-snippet:-1","max-image-preview":"max-image-preview:large","max-video-preview":"max-video-preview:-1"},"canonical":"https:\/\/president-ksgov.net\/fjalimi-i-presidentes-jahjaga-ne-pritjen-me-rastin-e-shtatevjetorit-te-pavaresise-se-kosoves\/","og_locale":"sr_RS","og_type":"article","og_title":"Govor Predsednice Jahjaga povodom 7 godi&#154;nje progla&#154;enja nezavisnosti Kosovaov\u00ebs - Predsednik Republike Kosovo - DR. VJOSA OSMANI - SADRIU","og_description":"Govor Predsednice Jahjaga povodom 7 godi&#154;nje progla&#154;enja nezavisnosti Kosovaov\u00ebs - Predsednik Republike Kosovo - DR. VJOSA OSMANI - SADRIU -","og_url":"https:\/\/president-ksgov.net\/fjalimi-i-presidentes-jahjaga-ne-pritjen-me-rastin-e-shtatevjetorit-te-pavaresise-se-kosoves\/","og_site_name":"Predsednik Republike Kosovo - DR. VJOSA OSMANI - SADRIU","article_published_time":"2015-02-17T19:46:04+00:00","article_modified_time":"2023-03-08T09:02:26+00:00","og_image":[{"width":1024,"height":567,"url":"https:\/\/president-ksgov.net\/wp-content\/uploads\/18_02_2015_8075409_001_17022015.jpg","type":"image\/jpeg"}],"author":"admin","twitter_card":"summary_large_image","twitter_misc":{"\u041d\u0430\u043f\u0438\u0441\u0430\u043d\u043e \u043e\u0434":"admin","\u041f\u0440\u043e\u0446\u0435\u045a\u0435\u043d\u043e \u0432\u0440\u0435\u043c\u0435 \u0447\u0438\u0442\u0430\u045a\u0430":"4 \u043c\u0438\u043d\u0443\u0442\u0430"},"schema":{"@context":"https:\/\/schema.org","@graph":[{"@type":"WebPage","@id":"https:\/\/president-ksgov.net\/fjalimi-i-presidentes-jahjaga-ne-pritjen-me-rastin-e-shtatevjetorit-te-pavaresise-se-kosoves\/","url":"https:\/\/president-ksgov.net\/fjalimi-i-presidentes-jahjaga-ne-pritjen-me-rastin-e-shtatevjetorit-te-pavaresise-se-kosoves\/","name":"Govor Predsednice Jahjaga povodom 7 godi&#154;nje progla&#154;enja nezavisnosti Kosovaov\u00ebs - Predsednik Republike Kosovo - DR. VJOSA OSMANI - SADRIU","isPartOf":{"@id":"https:\/\/president-ksgov.net\/#website"},"primaryImageOfPage":{"@id":"https:\/\/president-ksgov.net\/fjalimi-i-presidentes-jahjaga-ne-pritjen-me-rastin-e-shtatevjetorit-te-pavaresise-se-kosoves\/#primaryimage"},"image":{"@id":"https:\/\/president-ksgov.net\/fjalimi-i-presidentes-jahjaga-ne-pritjen-me-rastin-e-shtatevjetorit-te-pavaresise-se-kosoves\/#primaryimage"},"thumbnailUrl":"https:\/\/president-ksgov.net\/wp-content\/uploads\/18_02_2015_8075409_001_17022015.jpg","datePublished":"2015-02-17T19:46:04+00:00","dateModified":"2023-03-08T09:02:26+00:00","author":{"@id":"https:\/\/president-ksgov.net\/#\/schema\/person\/bb4337a5fb147cb2046d80548172cbee"},"description":"Govor Predsednice Jahjaga povodom 7 godi&#154;nje progla&#154;enja nezavisnosti Kosovaov\u00ebs - Predsednik Republike Kosovo - DR. VJOSA OSMANI - SADRIU -","breadcrumb":{"@id":"https:\/\/president-ksgov.net\/fjalimi-i-presidentes-jahjaga-ne-pritjen-me-rastin-e-shtatevjetorit-te-pavaresise-se-kosoves\/#breadcrumb"},"inLanguage":"sr-RS","potentialAction":[{"@type":"ReadAction","target":["https:\/\/president-ksgov.net\/fjalimi-i-presidentes-jahjaga-ne-pritjen-me-rastin-e-shtatevjetorit-te-pavaresise-se-kosoves\/"]}]},{"@type":"ImageObject","inLanguage":"sr-RS","@id":"https:\/\/president-ksgov.net\/fjalimi-i-presidentes-jahjaga-ne-pritjen-me-rastin-e-shtatevjetorit-te-pavaresise-se-kosoves\/#primaryimage","url":"https:\/\/president-ksgov.net\/wp-content\/uploads\/18_02_2015_8075409_001_17022015.jpg","contentUrl":"https:\/\/president-ksgov.net\/wp-content\/uploads\/18_02_2015_8075409_001_17022015.jpg","width":1024,"height":567},{"@type":"BreadcrumbList","@id":"https:\/\/president-ksgov.net\/fjalimi-i-presidentes-jahjaga-ne-pritjen-me-rastin-e-shtatevjetorit-te-pavaresise-se-kosoves\/#breadcrumb","itemListElement":[{"@type":"ListItem","position":1,"name":"Home","item":"https:\/\/president-ksgov.net\/sr\/"},{"@type":"ListItem","position":2,"name":"Govor Predsednice Jahjaga povodom 7 godi&#154;nje progla&#154;enja nezavisnosti Kosovaov\u00ebs"}]},{"@type":"WebSite","@id":"https:\/\/president-ksgov.net\/#website","url":"https:\/\/president-ksgov.net\/","name":"Presidente e Republik\u00ebs s\u00eb Kosov\u00ebs","description":"Presidente e Republik\u00ebs s\u00eb Kosov\u00ebs","alternateName":"DR. VJOSA OSMANI - SADRIU","potentialAction":[{"@type":"SearchAction","target":{"@type":"EntryPoint","urlTemplate":"https:\/\/president-ksgov.net\/?s={search_term_string}"},"query-input":{"@type":"PropertyValueSpecification","valueRequired":true,"valueName":"search_term_string"}}],"inLanguage":"sr-RS"},{"@type":"Person","@id":"https:\/\/president-ksgov.net\/#\/schema\/person\/bb4337a5fb147cb2046d80548172cbee","name":"admin","image":{"@type":"ImageObject","inLanguage":"sr-RS","@id":"https:\/\/president-ksgov.net\/#\/schema\/person\/image\/","url":"https:\/\/secure.gravatar.com\/avatar\/36156ca0fa3b8d9d25174f146e16beea0cf28f37adf1b9e19b6c9c279a7c9dd3?s=96&d=mm&r=g","contentUrl":"https:\/\/secure.gravatar.com\/avatar\/36156ca0fa3b8d9d25174f146e16beea0cf28f37adf1b9e19b6c9c279a7c9dd3?s=96&d=mm&r=g","caption":"admin"},"sameAs":["https:\/\/president-ksgov.net"]}]}},"_links":{"self":[{"href":"https:\/\/president-ksgov.net\/sr\/wp-json\/wp\/v2\/posts\/77516","targetHints":{"allow":["GET"]}}],"collection":[{"href":"https:\/\/president-ksgov.net\/sr\/wp-json\/wp\/v2\/posts"}],"about":[{"href":"https:\/\/president-ksgov.net\/sr\/wp-json\/wp\/v2\/types\/post"}],"author":[{"embeddable":true,"href":"https:\/\/president-ksgov.net\/sr\/wp-json\/wp\/v2\/users\/1"}],"replies":[{"embeddable":true,"href":"https:\/\/president-ksgov.net\/sr\/wp-json\/wp\/v2\/comments?post=77516"}],"version-history":[{"count":1,"href":"https:\/\/president-ksgov.net\/sr\/wp-json\/wp\/v2\/posts\/77516\/revisions"}],"predecessor-version":[{"id":81641,"href":"https:\/\/president-ksgov.net\/sr\/wp-json\/wp\/v2\/posts\/77516\/revisions\/81641"}],"wp:featuredmedia":[{"embeddable":true,"href":"https:\/\/president-ksgov.net\/sr\/wp-json\/wp\/v2\/media\/41648"}],"wp:attachment":[{"href":"https:\/\/president-ksgov.net\/sr\/wp-json\/wp\/v2\/media?parent=77516"}],"wp:term":[{"taxonomy":"category","embeddable":true,"href":"https:\/\/president-ksgov.net\/sr\/wp-json\/wp\/v2\/categories?post=77516"},{"taxonomy":"post_tag","embeddable":true,"href":"https:\/\/president-ksgov.net\/sr\/wp-json\/wp\/v2\/tags?post=77516"}],"curies":[{"name":"wp","href":"https:\/\/api.w.org\/{rel}","templated":true}]}}