{"id":77478,"date":"2015-03-12T20:51:43","date_gmt":"2015-03-12T20:51:43","guid":{"rendered":"https:\/\/dev.president-ksgov.net\/govor-predsednice-jahjaga-na-tradicionalnom-prijemu-diplomatskog-kora\/"},"modified":"2023-03-08T09:02:26","modified_gmt":"2023-03-08T09:02:26","slug":"govor-predsednice-jahjaga-na-tradicionalnom-prijemu-diplomatskog-kora","status":"publish","type":"post","link":"https:\/\/president-ksgov.net\/sr\/govor-predsednice-jahjaga-na-tradicionalnom-prijemu-diplomatskog-kora\/","title":{"rendered":"Govor Predsednice Jahjaga na tradicionalnom prijemu Diplomatskog Kora"},"content":{"rendered":"<p>Po&#353;tovani ambasadori, predstavnici me\u0111unarodnih organizacija<\/p>\n<p>Velika mi je \u010dast izraziti vam dobrodo&#353;licu na ovom neformalnom sastanku. U prilici kao &#353;to je ova, uputno je zapo\u010deti zahvaljuju\u0107i vam za va&#353;u podr&#353;ku i podr&#353;ku zemalja koje vi predstavljate, daljnjoj konsolidaciji i ja\u010danju Kosova, na&#353;eg prijateljstva i na&#353;eg partnerstva. Ve\u010deras nam se pridru&#382;io i ambasador SAD-e u Srbiju. Ambasador Kirby, dobro do&#353;li u Kosovo i hvala vam &#353;to ste nam se ve\u010deras pridru&#382;ili, veliko je zadovoljstvo da ste ovde, zajedno sa nama. <\/p>\n<p>Mi nismo imali jednu dobru godinu, kao &#353;to ste i vi sami svedoci. Prevremeni izbori, dugoro\u010dni i komplikovani sastav vlade, talas ilegalne migracije, da spomenem samo neka zbivanja pro&#353;le godine koje su se prenele i u ovu godinu. Bolovi na&#353;eg rasta su pove\u0107ale pritisak na institucije Kosova i pove\u0107ale su frustracije gra\u0111ana Kosova i njenih pristalica van zemlje.<\/p>\n<p>Usprkos ovih padova, ja sam videla da se Kosovo ponovo uspravlja, svakog puta ja\u010da. Mi smo videli jedno Kosovo posve\u0107eno vladanju zakona, jednu zemlju koja ostaje verna fundamentalnim vrednostima. Jedna zemlja koja je ozbiljna\u00a0 u cilju da ustraje biti jedan kulturni mozaik.<\/p>\n<p>Ja \u010dvrsto verujem, imam \u010dvrsto ube\u0111enje, da na&#353;a sposobnost za svladavanje ovih te&#353;kih momenata, i prakti\u010dno adresiranje istih, je jedan testament ljubavi koju ljudi Kosova imaju za svoju zemlju, jeste na&#353;a politi\u010dka zrelosti, i njene snage koju smo zajedno izgradili. <\/p>\n<p>Ja li\u010dno, ne sumnjam na ozbiljnost zadataka koji nas \u010dekaju, i za izazovna vremena pred nama. Ali, one ne\u0107e poljuljati na&#353;u ljubav za Kosovo, ili na&#353;u volju prema transformaciji Kosova u onaj imid&#382; na&#353;ih aspiracija, kao ku\u0107e svih njenih gra\u0111ana, jedne miroljubive i demokratske zemlje, dostojanstvene za priklju\u010denje Evropskoj Zajednici i trans-atlantskoj zajednici, u ve\u010dito prijateljstvo sa Sjedinjenim Ameri\u010dkim Dr&#382;avama.<\/p>\n<p>Mi smo tako daleko stigli zajedno. Imamo pred sobom puno zadataka da izvr&#353;imo i mnogo pobeda posti\u0107i. Verujem u na&#353;u volju, na&#353;u sposobnost i na&#353; interes da se ujedinimo da bismo vodili Kosovo napred.<\/p>\n<p>Ambasadori, hvala vam. <\/p>\n<p>Blagosiljao Bog Kosovo i njene prijatelje.<\/p>\n","protected":false},"excerpt":{"rendered":"<p>Po&#353;tovani ambasadori, predstavnici me\u0111unarodnih organizacija<\/p>\n","protected":false},"author":1,"featured_media":41322,"comment_status":"open","ping_status":"closed","sticky":false,"template":"","format":"standard","meta":{"_eb_attr":"","footnotes":""},"categories":[106],"tags":[],"class_list":["post-77478","post","type-post","status-publish","format-standard","has-post-thumbnail","hentry","category-govori"],"yoast_head":"<!-- This site is optimized with the Yoast SEO plugin v23.5 - https:\/\/yoast.com\/wordpress\/plugins\/seo\/ -->\n<title>Govor Predsednice Jahjaga na tradicionalnom prijemu Diplomatskog Kora - Predsednik Republike Kosovo - DR. VJOSA OSMANI - SADRIU<\/title>\n<meta name=\"description\" content=\"Govor Predsednice Jahjaga na tradicionalnom prijemu Diplomatskog Kora - Predsednik Republike Kosovo - DR. VJOSA OSMANI - SADRIU -\" \/>\n<meta name=\"robots\" content=\"index, follow, max-snippet:-1, max-image-preview:large, max-video-preview:-1\" \/>\n<link rel=\"canonical\" href=\"https:\/\/president-ksgov.net\/fjalimi-i-presidentes-jahjaga-ne-pritjen-tradicionale-per-korin-diplomatik\/\" \/>\n<meta property=\"og:locale\" content=\"sr_RS\" \/>\n<meta property=\"og:type\" content=\"article\" \/>\n<meta property=\"og:title\" content=\"Govor Predsednice Jahjaga na tradicionalnom prijemu Diplomatskog Kora - Predsednik Republike Kosovo - DR. VJOSA OSMANI - SADRIU\" \/>\n<meta property=\"og:description\" content=\"Govor Predsednice Jahjaga na tradicionalnom prijemu Diplomatskog Kora - Predsednik Republike Kosovo - DR. VJOSA OSMANI - SADRIU -\" \/>\n<meta property=\"og:url\" content=\"https:\/\/president-ksgov.net\/fjalimi-i-presidentes-jahjaga-ne-pritjen-tradicionale-per-korin-diplomatik\/\" \/>\n<meta property=\"og:site_name\" content=\"Predsednik Republike Kosovo - DR. VJOSA OSMANI - SADRIU\" \/>\n<meta property=\"article:published_time\" content=\"2015-03-12T20:51:43+00:00\" \/>\n<meta property=\"article:modified_time\" content=\"2023-03-08T09:02:26+00:00\" \/>\n<meta property=\"og:image\" content=\"https:\/\/president-ksgov.net\/wp-content\/uploads\/12_03_2015_1261750_12_03_2015_Pritja_e_ambasadoreve_0___.jpg\" \/>\n\t<meta property=\"og:image:width\" content=\"850\" \/>\n\t<meta property=\"og:image:height\" content=\"333\" \/>\n\t<meta property=\"og:image:type\" content=\"image\/jpeg\" \/>\n<meta name=\"author\" content=\"admin\" \/>\n<meta name=\"twitter:card\" content=\"summary_large_image\" \/>\n<meta name=\"twitter:label1\" content=\"\u041d\u0430\u043f\u0438\u0441\u0430\u043d\u043e \u043e\u0434\" \/>\n\t<meta name=\"twitter:data1\" content=\"admin\" \/>\n\t<meta name=\"twitter:label2\" content=\"\u041f\u0440\u043e\u0446\u0435\u045a\u0435\u043d\u043e \u0432\u0440\u0435\u043c\u0435 \u0447\u0438\u0442\u0430\u045a\u0430\" \/>\n\t<meta name=\"twitter:data2\" content=\"2 \u043c\u0438\u043d\u0443\u0442\u0430\" \/>\n<script type=\"application\/ld+json\" class=\"yoast-schema-graph\">{\"@context\":\"https:\/\/schema.org\",\"@graph\":[{\"@type\":\"WebPage\",\"@id\":\"https:\/\/president-ksgov.net\/fjalimi-i-presidentes-jahjaga-ne-pritjen-tradicionale-per-korin-diplomatik\/\",\"url\":\"https:\/\/president-ksgov.net\/fjalimi-i-presidentes-jahjaga-ne-pritjen-tradicionale-per-korin-diplomatik\/\",\"name\":\"Govor Predsednice Jahjaga na tradicionalnom prijemu Diplomatskog Kora - Predsednik Republike Kosovo - DR. VJOSA OSMANI - SADRIU\",\"isPartOf\":{\"@id\":\"https:\/\/president-ksgov.net\/#website\"},\"primaryImageOfPage\":{\"@id\":\"https:\/\/president-ksgov.net\/fjalimi-i-presidentes-jahjaga-ne-pritjen-tradicionale-per-korin-diplomatik\/#primaryimage\"},\"image\":{\"@id\":\"https:\/\/president-ksgov.net\/fjalimi-i-presidentes-jahjaga-ne-pritjen-tradicionale-per-korin-diplomatik\/#primaryimage\"},\"thumbnailUrl\":\"https:\/\/president-ksgov.net\/wp-content\/uploads\/12_03_2015_1261750_12_03_2015_Pritja_e_ambasadoreve_0___.jpg\",\"datePublished\":\"2015-03-12T20:51:43+00:00\",\"dateModified\":\"2023-03-08T09:02:26+00:00\",\"author\":{\"@id\":\"https:\/\/president-ksgov.net\/#\/schema\/person\/bb4337a5fb147cb2046d80548172cbee\"},\"description\":\"Govor Predsednice Jahjaga na tradicionalnom prijemu Diplomatskog Kora - Predsednik Republike Kosovo - DR. VJOSA OSMANI - SADRIU -\",\"breadcrumb\":{\"@id\":\"https:\/\/president-ksgov.net\/fjalimi-i-presidentes-jahjaga-ne-pritjen-tradicionale-per-korin-diplomatik\/#breadcrumb\"},\"inLanguage\":\"sr-RS\",\"potentialAction\":[{\"@type\":\"ReadAction\",\"target\":[\"https:\/\/president-ksgov.net\/fjalimi-i-presidentes-jahjaga-ne-pritjen-tradicionale-per-korin-diplomatik\/\"]}]},{\"@type\":\"ImageObject\",\"inLanguage\":\"sr-RS\",\"@id\":\"https:\/\/president-ksgov.net\/fjalimi-i-presidentes-jahjaga-ne-pritjen-tradicionale-per-korin-diplomatik\/#primaryimage\",\"url\":\"https:\/\/president-ksgov.net\/wp-content\/uploads\/12_03_2015_1261750_12_03_2015_Pritja_e_ambasadoreve_0___.jpg\",\"contentUrl\":\"https:\/\/president-ksgov.net\/wp-content\/uploads\/12_03_2015_1261750_12_03_2015_Pritja_e_ambasadoreve_0___.jpg\",\"width\":850,\"height\":333},{\"@type\":\"BreadcrumbList\",\"@id\":\"https:\/\/president-ksgov.net\/fjalimi-i-presidentes-jahjaga-ne-pritjen-tradicionale-per-korin-diplomatik\/#breadcrumb\",\"itemListElement\":[{\"@type\":\"ListItem\",\"position\":1,\"name\":\"Home\",\"item\":\"https:\/\/president-ksgov.net\/sr\/\"},{\"@type\":\"ListItem\",\"position\":2,\"name\":\"Govor Predsednice Jahjaga na tradicionalnom prijemu Diplomatskog Kora\"}]},{\"@type\":\"WebSite\",\"@id\":\"https:\/\/president-ksgov.net\/#website\",\"url\":\"https:\/\/president-ksgov.net\/\",\"name\":\"Presidente e Republik\u00ebs s\u00eb Kosov\u00ebs\",\"description\":\"Presidente e Republik\u00ebs s\u00eb Kosov\u00ebs\",\"alternateName\":\"DR. VJOSA OSMANI - SADRIU\",\"potentialAction\":[{\"@type\":\"SearchAction\",\"target\":{\"@type\":\"EntryPoint\",\"urlTemplate\":\"https:\/\/president-ksgov.net\/?s={search_term_string}\"},\"query-input\":{\"@type\":\"PropertyValueSpecification\",\"valueRequired\":true,\"valueName\":\"search_term_string\"}}],\"inLanguage\":\"sr-RS\"},{\"@type\":\"Person\",\"@id\":\"https:\/\/president-ksgov.net\/#\/schema\/person\/bb4337a5fb147cb2046d80548172cbee\",\"name\":\"admin\",\"image\":{\"@type\":\"ImageObject\",\"inLanguage\":\"sr-RS\",\"@id\":\"https:\/\/president-ksgov.net\/#\/schema\/person\/image\/\",\"url\":\"https:\/\/secure.gravatar.com\/avatar\/36156ca0fa3b8d9d25174f146e16beea0cf28f37adf1b9e19b6c9c279a7c9dd3?s=96&d=mm&r=g\",\"contentUrl\":\"https:\/\/secure.gravatar.com\/avatar\/36156ca0fa3b8d9d25174f146e16beea0cf28f37adf1b9e19b6c9c279a7c9dd3?s=96&d=mm&r=g\",\"caption\":\"admin\"},\"sameAs\":[\"https:\/\/president-ksgov.net\"]}]}<\/script>\n<!-- \/ Yoast SEO plugin. -->","yoast_head_json":{"title":"Govor Predsednice Jahjaga na tradicionalnom prijemu Diplomatskog Kora - Predsednik Republike Kosovo - DR. VJOSA OSMANI - SADRIU","description":"Govor Predsednice Jahjaga na tradicionalnom prijemu Diplomatskog Kora - Predsednik Republike Kosovo - DR. VJOSA OSMANI - SADRIU -","robots":{"index":"index","follow":"follow","max-snippet":"max-snippet:-1","max-image-preview":"max-image-preview:large","max-video-preview":"max-video-preview:-1"},"canonical":"https:\/\/president-ksgov.net\/fjalimi-i-presidentes-jahjaga-ne-pritjen-tradicionale-per-korin-diplomatik\/","og_locale":"sr_RS","og_type":"article","og_title":"Govor Predsednice Jahjaga na tradicionalnom prijemu Diplomatskog Kora - Predsednik Republike Kosovo - DR. VJOSA OSMANI - SADRIU","og_description":"Govor Predsednice Jahjaga na tradicionalnom prijemu Diplomatskog Kora - Predsednik Republike Kosovo - DR. VJOSA OSMANI - SADRIU -","og_url":"https:\/\/president-ksgov.net\/fjalimi-i-presidentes-jahjaga-ne-pritjen-tradicionale-per-korin-diplomatik\/","og_site_name":"Predsednik Republike Kosovo - DR. VJOSA OSMANI - SADRIU","article_published_time":"2015-03-12T20:51:43+00:00","article_modified_time":"2023-03-08T09:02:26+00:00","og_image":[{"width":850,"height":333,"url":"https:\/\/president-ksgov.net\/wp-content\/uploads\/12_03_2015_1261750_12_03_2015_Pritja_e_ambasadoreve_0___.jpg","type":"image\/jpeg"}],"author":"admin","twitter_card":"summary_large_image","twitter_misc":{"\u041d\u0430\u043f\u0438\u0441\u0430\u043d\u043e \u043e\u0434":"admin","\u041f\u0440\u043e\u0446\u0435\u045a\u0435\u043d\u043e \u0432\u0440\u0435\u043c\u0435 \u0447\u0438\u0442\u0430\u045a\u0430":"2 \u043c\u0438\u043d\u0443\u0442\u0430"},"schema":{"@context":"https:\/\/schema.org","@graph":[{"@type":"WebPage","@id":"https:\/\/president-ksgov.net\/fjalimi-i-presidentes-jahjaga-ne-pritjen-tradicionale-per-korin-diplomatik\/","url":"https:\/\/president-ksgov.net\/fjalimi-i-presidentes-jahjaga-ne-pritjen-tradicionale-per-korin-diplomatik\/","name":"Govor Predsednice Jahjaga na tradicionalnom prijemu Diplomatskog Kora - Predsednik Republike Kosovo - DR. VJOSA OSMANI - SADRIU","isPartOf":{"@id":"https:\/\/president-ksgov.net\/#website"},"primaryImageOfPage":{"@id":"https:\/\/president-ksgov.net\/fjalimi-i-presidentes-jahjaga-ne-pritjen-tradicionale-per-korin-diplomatik\/#primaryimage"},"image":{"@id":"https:\/\/president-ksgov.net\/fjalimi-i-presidentes-jahjaga-ne-pritjen-tradicionale-per-korin-diplomatik\/#primaryimage"},"thumbnailUrl":"https:\/\/president-ksgov.net\/wp-content\/uploads\/12_03_2015_1261750_12_03_2015_Pritja_e_ambasadoreve_0___.jpg","datePublished":"2015-03-12T20:51:43+00:00","dateModified":"2023-03-08T09:02:26+00:00","author":{"@id":"https:\/\/president-ksgov.net\/#\/schema\/person\/bb4337a5fb147cb2046d80548172cbee"},"description":"Govor Predsednice Jahjaga na tradicionalnom prijemu Diplomatskog Kora - Predsednik Republike Kosovo - DR. VJOSA OSMANI - SADRIU -","breadcrumb":{"@id":"https:\/\/president-ksgov.net\/fjalimi-i-presidentes-jahjaga-ne-pritjen-tradicionale-per-korin-diplomatik\/#breadcrumb"},"inLanguage":"sr-RS","potentialAction":[{"@type":"ReadAction","target":["https:\/\/president-ksgov.net\/fjalimi-i-presidentes-jahjaga-ne-pritjen-tradicionale-per-korin-diplomatik\/"]}]},{"@type":"ImageObject","inLanguage":"sr-RS","@id":"https:\/\/president-ksgov.net\/fjalimi-i-presidentes-jahjaga-ne-pritjen-tradicionale-per-korin-diplomatik\/#primaryimage","url":"https:\/\/president-ksgov.net\/wp-content\/uploads\/12_03_2015_1261750_12_03_2015_Pritja_e_ambasadoreve_0___.jpg","contentUrl":"https:\/\/president-ksgov.net\/wp-content\/uploads\/12_03_2015_1261750_12_03_2015_Pritja_e_ambasadoreve_0___.jpg","width":850,"height":333},{"@type":"BreadcrumbList","@id":"https:\/\/president-ksgov.net\/fjalimi-i-presidentes-jahjaga-ne-pritjen-tradicionale-per-korin-diplomatik\/#breadcrumb","itemListElement":[{"@type":"ListItem","position":1,"name":"Home","item":"https:\/\/president-ksgov.net\/sr\/"},{"@type":"ListItem","position":2,"name":"Govor Predsednice Jahjaga na tradicionalnom prijemu Diplomatskog Kora"}]},{"@type":"WebSite","@id":"https:\/\/president-ksgov.net\/#website","url":"https:\/\/president-ksgov.net\/","name":"Presidente e Republik\u00ebs s\u00eb Kosov\u00ebs","description":"Presidente e Republik\u00ebs s\u00eb Kosov\u00ebs","alternateName":"DR. VJOSA OSMANI - SADRIU","potentialAction":[{"@type":"SearchAction","target":{"@type":"EntryPoint","urlTemplate":"https:\/\/president-ksgov.net\/?s={search_term_string}"},"query-input":{"@type":"PropertyValueSpecification","valueRequired":true,"valueName":"search_term_string"}}],"inLanguage":"sr-RS"},{"@type":"Person","@id":"https:\/\/president-ksgov.net\/#\/schema\/person\/bb4337a5fb147cb2046d80548172cbee","name":"admin","image":{"@type":"ImageObject","inLanguage":"sr-RS","@id":"https:\/\/president-ksgov.net\/#\/schema\/person\/image\/","url":"https:\/\/secure.gravatar.com\/avatar\/36156ca0fa3b8d9d25174f146e16beea0cf28f37adf1b9e19b6c9c279a7c9dd3?s=96&d=mm&r=g","contentUrl":"https:\/\/secure.gravatar.com\/avatar\/36156ca0fa3b8d9d25174f146e16beea0cf28f37adf1b9e19b6c9c279a7c9dd3?s=96&d=mm&r=g","caption":"admin"},"sameAs":["https:\/\/president-ksgov.net"]}]}},"_links":{"self":[{"href":"https:\/\/president-ksgov.net\/sr\/wp-json\/wp\/v2\/posts\/77478","targetHints":{"allow":["GET"]}}],"collection":[{"href":"https:\/\/president-ksgov.net\/sr\/wp-json\/wp\/v2\/posts"}],"about":[{"href":"https:\/\/president-ksgov.net\/sr\/wp-json\/wp\/v2\/types\/post"}],"author":[{"embeddable":true,"href":"https:\/\/president-ksgov.net\/sr\/wp-json\/wp\/v2\/users\/1"}],"replies":[{"embeddable":true,"href":"https:\/\/president-ksgov.net\/sr\/wp-json\/wp\/v2\/comments?post=77478"}],"version-history":[{"count":1,"href":"https:\/\/president-ksgov.net\/sr\/wp-json\/wp\/v2\/posts\/77478\/revisions"}],"predecessor-version":[{"id":81640,"href":"https:\/\/president-ksgov.net\/sr\/wp-json\/wp\/v2\/posts\/77478\/revisions\/81640"}],"wp:featuredmedia":[{"embeddable":true,"href":"https:\/\/president-ksgov.net\/sr\/wp-json\/wp\/v2\/media\/41322"}],"wp:attachment":[{"href":"https:\/\/president-ksgov.net\/sr\/wp-json\/wp\/v2\/media?parent=77478"}],"wp:term":[{"taxonomy":"category","embeddable":true,"href":"https:\/\/president-ksgov.net\/sr\/wp-json\/wp\/v2\/categories?post=77478"},{"taxonomy":"post_tag","embeddable":true,"href":"https:\/\/president-ksgov.net\/sr\/wp-json\/wp\/v2\/tags?post=77478"}],"curies":[{"name":"wp","href":"https:\/\/api.w.org\/{rel}","templated":true}]}}