{"id":77450,"date":"2015-03-13T17:44:52","date_gmt":"2015-03-13T17:44:52","guid":{"rendered":"https:\/\/dev.president-ksgov.net\/predsednica-jahjaga-je-posetila-optinu-suva-reka\/"},"modified":"2015-03-13T17:44:52","modified_gmt":"2015-03-13T17:44:52","slug":"predsednica-jahjaga-je-posetila-optinu-suva-reka","status":"publish","type":"post","link":"https:\/\/president-ksgov.net\/sr\/predsednica-jahjaga-je-posetila-optinu-suva-reka\/","title":{"rendered":"Predsednica Jahjaga je posetila op&#154;tinu Suva Reka"},"content":{"rendered":"<p>Predsednica Republike Kosovo, gospo\u0111a Atifete Jahjaga danas je posetila op&#353;tinu Suva Reka, da bi se upoznala sa op&#353;tim zbivanjima u op&#353;tini i da diskutuje sa gra\u0111anima o njihovim potrebama, problemima i izazovima.<\/p>\n<p>Na sastanku sa predsednikom op&#353;tine, g. Sali Aslanaj i op&#353;tinskim rukovodstvom, Predsednica Jahjaga se upoznala sa op&#353;tim stanjem u ovoj op&#353;tini, koja, kao i ostale op&#353;tine na&#353;e zemlje, se suo\u010dava sa pote&#353;ko\u0107ama u ekonomskom razvoju.<\/p>\n<p>U dru&#353;tvu predsednika op&#353;tine, ona je odala po\u010dast i postavila venac cve\u0107a kod spomenika 500 civilnih &#382;rtava rata, u Suvu Reku.<\/p>\n<p>Tokom posete u Suvoj Reci, Predsednica je posetila mesto gde je izvr&#353;en masakr \u010dlanova porodice Berisha.<\/p>\n<p>Ona je tako\u0111e razgovarala i sa gra\u0111anima o potrebama i problemima sa kojima se oni suo\u010davaju u svojoj svakodnevnici u svim oblastima.<\/p>\n<p>Predsednica Jahjaga je tako\u0111e posetila i fabriku cipela &#8222;Solid&#8220; u Suvu Reku i ohrabrila rukovodstvo i radnike da nastavljaju da i nadalje pro&#353;ire svoj biznis.<\/p>\n<p>U jednoj izjavi u Suvu Reku, Predsednica je spomenula da je posetila jedan broj op&#353;tina i upoznala se sa njihovim\u00a0 op&#353;tim stanjem, naro\u010dito sa problemima gra\u0111ana.<\/p>\n<p>&#8222;Proces dr&#382;avotvornosti nije\u00a0 proces koji je okon\u010dan, nego je dugoro\u010dan proces i mi kao institucije imamo mnogo posla za izvr&#353;avanje. Mi znamo da imamo jo&#353; posla uraditi kada je u pitanje otvaranje radnih mesta, ekonomska obnova na&#353;e dr&#382;ave, privla\u010denje inostranih investicija, ali ovaj posao mi trebamo \u010diniti zajedno sa na&#353;im gra\u0111anima, jer samo na taj na\u010din mo&#382;emo voditi razvoj na&#353;e dr&#382;ave u pravom putu&#8220;, rekla je Predsednica Jahjaga.<\/p>\n<p>Predsednica Jahjaga je rekla da nije do&#353;la u Suvu Reku naprosto samo da slu&#353;a i sazna o pote&#353;ko\u0107ama gra\u0111ana, koji su ozbiljni problemi i koje ona jako dobro poznaje, nego svakako da sve te probleme adresira radi nalaza njihovog re&#353;enja.<\/p>\n<p>Predsednica je tako\u0111e rekla da je posetila mesto gde je u\u010dinjen masakr na porodicu Beri&#353;a u Suvu Reku, koju je ona nazvala jednom od najve\u0107e boli na&#353;eg naroda, jedna pla\u0107ena cena da smo mi danas jedan slobodan narod, jedan suveren narod i sa jednom otvorenom perspektivom u pravcu evro-atlantske integracije.<\/p>\n<p>&#8222;Ovde sam naprosto da pru&#382;im moju li\u010dnu podr&#353;ku i institucionalnu podr&#353;ku ovim porodicama i stavimo pod institucionalnom za&#353;titom takve objekte&#8220;, rekla je Predsednica Jahjaga.<\/p>\n<p>\u00a0<\/p>\n","protected":false},"excerpt":{"rendered":"<p>Predsednica Republike Kosovo, gospo\u0111a Atifete Jahjaga danas je posetila op&#353;tinu Suva Reka, da bi se upoznala sa op&#353;tim zbivanjima u op&#353;tini i da diskutuje sa gra\u0111anima o njihovim potrebama, problemima i izazovima.<\/p>\n","protected":false},"author":1,"featured_media":77451,"comment_status":"open","ping_status":"closed","sticky":false,"template":"","format":"standard","meta":{"_eb_attr":"","footnotes":""},"categories":[101],"tags":[],"class_list":["post-77450","post","type-post","status-publish","format-standard","has-post-thumbnail","hentry","category-vesti"],"yoast_head":"<!-- This site is optimized with the Yoast SEO plugin v23.5 - https:\/\/yoast.com\/wordpress\/plugins\/seo\/ -->\n<title>Predsednica Jahjaga je posetila op&#154;tinu Suva Reka - Predsednik Republike Kosovo - DR. VJOSA OSMANI - SADRIU<\/title>\n<meta name=\"description\" content=\"Predsednica Jahjaga je posetila op&#154;tinu Suva Reka - Predsednik Republike Kosovo - DR. VJOSA OSMANI - SADRIU -\" \/>\n<meta name=\"robots\" content=\"index, follow, max-snippet:-1, max-image-preview:large, max-video-preview:-1\" \/>\n<link rel=\"canonical\" href=\"https:\/\/president-ksgov.net\/sr\/predsednica-jahjaga-je-posetila-optinu-suva-reka\/\" \/>\n<meta property=\"og:locale\" content=\"sr_RS\" \/>\n<meta property=\"og:type\" content=\"article\" \/>\n<meta property=\"og:title\" content=\"Predsednica Jahjaga je posetila op&#154;tinu Suva Reka - Predsednik Republike Kosovo - DR. VJOSA OSMANI - SADRIU\" \/>\n<meta property=\"og:description\" content=\"Predsednica Jahjaga je posetila op&#154;tinu Suva Reka - Predsednik Republike Kosovo - DR. VJOSA OSMANI - SADRIU -\" \/>\n<meta property=\"og:url\" content=\"https:\/\/president-ksgov.net\/sr\/predsednica-jahjaga-je-posetila-optinu-suva-reka\/\" \/>\n<meta property=\"og:site_name\" content=\"Predsednik Republike Kosovo - DR. VJOSA OSMANI - SADRIU\" \/>\n<meta property=\"article:published_time\" content=\"2015-03-13T17:44:52+00:00\" \/>\n<meta property=\"og:image\" content=\"https:\/\/president-ksgov.net\/wp-content\/uploads\/13_03_2015_4844760_1SUHAREKE_1.jpg\" \/>\n\t<meta property=\"og:image:width\" content=\"1024\" \/>\n\t<meta property=\"og:image:height\" content=\"683\" \/>\n\t<meta property=\"og:image:type\" content=\"image\/jpeg\" \/>\n<meta name=\"author\" content=\"admin\" \/>\n<meta name=\"twitter:card\" content=\"summary_large_image\" \/>\n<meta name=\"twitter:label1\" content=\"\u041d\u0430\u043f\u0438\u0441\u0430\u043d\u043e \u043e\u0434\" \/>\n\t<meta name=\"twitter:data1\" content=\"admin\" \/>\n\t<meta name=\"twitter:label2\" content=\"\u041f\u0440\u043e\u0446\u0435\u045a\u0435\u043d\u043e \u0432\u0440\u0435\u043c\u0435 \u0447\u0438\u0442\u0430\u045a\u0430\" \/>\n\t<meta name=\"twitter:data2\" content=\"2 \u043c\u0438\u043d\u0443\u0442\u0430\" \/>\n<script type=\"application\/ld+json\" class=\"yoast-schema-graph\">{\"@context\":\"https:\/\/schema.org\",\"@graph\":[{\"@type\":\"WebPage\",\"@id\":\"https:\/\/president-ksgov.net\/sr\/predsednica-jahjaga-je-posetila-optinu-suva-reka\/\",\"url\":\"https:\/\/president-ksgov.net\/sr\/predsednica-jahjaga-je-posetila-optinu-suva-reka\/\",\"name\":\"Predsednica Jahjaga je posetila op&#154;tinu Suva Reka - Predsednik Republike Kosovo - DR. VJOSA OSMANI - SADRIU\",\"isPartOf\":{\"@id\":\"https:\/\/president-ksgov.net\/#website\"},\"primaryImageOfPage\":{\"@id\":\"https:\/\/president-ksgov.net\/sr\/predsednica-jahjaga-je-posetila-optinu-suva-reka\/#primaryimage\"},\"image\":{\"@id\":\"https:\/\/president-ksgov.net\/sr\/predsednica-jahjaga-je-posetila-optinu-suva-reka\/#primaryimage\"},\"thumbnailUrl\":\"https:\/\/president-ksgov.net\/wp-content\/uploads\/13_03_2015_4844760_1SUHAREKE_1.jpg\",\"datePublished\":\"2015-03-13T17:44:52+00:00\",\"dateModified\":\"2015-03-13T17:44:52+00:00\",\"author\":{\"@id\":\"https:\/\/president-ksgov.net\/#\/schema\/person\/bb4337a5fb147cb2046d80548172cbee\"},\"description\":\"Predsednica Jahjaga je posetila op&#154;tinu Suva Reka - Predsednik Republike Kosovo - DR. VJOSA OSMANI - SADRIU -\",\"breadcrumb\":{\"@id\":\"https:\/\/president-ksgov.net\/sr\/predsednica-jahjaga-je-posetila-optinu-suva-reka\/#breadcrumb\"},\"inLanguage\":\"sr-RS\",\"potentialAction\":[{\"@type\":\"ReadAction\",\"target\":[\"https:\/\/president-ksgov.net\/sr\/predsednica-jahjaga-je-posetila-optinu-suva-reka\/\"]}]},{\"@type\":\"ImageObject\",\"inLanguage\":\"sr-RS\",\"@id\":\"https:\/\/president-ksgov.net\/sr\/predsednica-jahjaga-je-posetila-optinu-suva-reka\/#primaryimage\",\"url\":\"https:\/\/president-ksgov.net\/wp-content\/uploads\/13_03_2015_4844760_1SUHAREKE_1.jpg\",\"contentUrl\":\"https:\/\/president-ksgov.net\/wp-content\/uploads\/13_03_2015_4844760_1SUHAREKE_1.jpg\",\"width\":1024,\"height\":683},{\"@type\":\"BreadcrumbList\",\"@id\":\"https:\/\/president-ksgov.net\/sr\/predsednica-jahjaga-je-posetila-optinu-suva-reka\/#breadcrumb\",\"itemListElement\":[{\"@type\":\"ListItem\",\"position\":1,\"name\":\"Home\",\"item\":\"https:\/\/president-ksgov.net\/sr\/\"},{\"@type\":\"ListItem\",\"position\":2,\"name\":\"Predsednica Jahjaga je posetila op&#154;tinu Suva Reka\"}]},{\"@type\":\"WebSite\",\"@id\":\"https:\/\/president-ksgov.net\/#website\",\"url\":\"https:\/\/president-ksgov.net\/\",\"name\":\"Presidente e Republik\u00ebs s\u00eb Kosov\u00ebs\",\"description\":\"Presidente e Republik\u00ebs s\u00eb Kosov\u00ebs\",\"alternateName\":\"DR. VJOSA OSMANI - SADRIU\",\"potentialAction\":[{\"@type\":\"SearchAction\",\"target\":{\"@type\":\"EntryPoint\",\"urlTemplate\":\"https:\/\/president-ksgov.net\/?s={search_term_string}\"},\"query-input\":{\"@type\":\"PropertyValueSpecification\",\"valueRequired\":true,\"valueName\":\"search_term_string\"}}],\"inLanguage\":\"sr-RS\"},{\"@type\":\"Person\",\"@id\":\"https:\/\/president-ksgov.net\/#\/schema\/person\/bb4337a5fb147cb2046d80548172cbee\",\"name\":\"admin\",\"image\":{\"@type\":\"ImageObject\",\"inLanguage\":\"sr-RS\",\"@id\":\"https:\/\/president-ksgov.net\/#\/schema\/person\/image\/\",\"url\":\"https:\/\/secure.gravatar.com\/avatar\/36156ca0fa3b8d9d25174f146e16beea0cf28f37adf1b9e19b6c9c279a7c9dd3?s=96&d=mm&r=g\",\"contentUrl\":\"https:\/\/secure.gravatar.com\/avatar\/36156ca0fa3b8d9d25174f146e16beea0cf28f37adf1b9e19b6c9c279a7c9dd3?s=96&d=mm&r=g\",\"caption\":\"admin\"},\"sameAs\":[\"https:\/\/president-ksgov.net\"]}]}<\/script>\n<!-- \/ Yoast SEO plugin. -->","yoast_head_json":{"title":"Predsednica Jahjaga je posetila op&#154;tinu Suva Reka - Predsednik Republike Kosovo - DR. VJOSA OSMANI - SADRIU","description":"Predsednica Jahjaga je posetila op&#154;tinu Suva Reka - Predsednik Republike Kosovo - DR. VJOSA OSMANI - SADRIU -","robots":{"index":"index","follow":"follow","max-snippet":"max-snippet:-1","max-image-preview":"max-image-preview:large","max-video-preview":"max-video-preview:-1"},"canonical":"https:\/\/president-ksgov.net\/sr\/predsednica-jahjaga-je-posetila-optinu-suva-reka\/","og_locale":"sr_RS","og_type":"article","og_title":"Predsednica Jahjaga je posetila op&#154;tinu Suva Reka - Predsednik Republike Kosovo - DR. VJOSA OSMANI - SADRIU","og_description":"Predsednica Jahjaga je posetila op&#154;tinu Suva Reka - Predsednik Republike Kosovo - DR. VJOSA OSMANI - SADRIU -","og_url":"https:\/\/president-ksgov.net\/sr\/predsednica-jahjaga-je-posetila-optinu-suva-reka\/","og_site_name":"Predsednik Republike Kosovo - DR. VJOSA OSMANI - SADRIU","article_published_time":"2015-03-13T17:44:52+00:00","og_image":[{"width":1024,"height":683,"url":"https:\/\/president-ksgov.net\/wp-content\/uploads\/13_03_2015_4844760_1SUHAREKE_1.jpg","type":"image\/jpeg"}],"author":"admin","twitter_card":"summary_large_image","twitter_misc":{"\u041d\u0430\u043f\u0438\u0441\u0430\u043d\u043e \u043e\u0434":"admin","\u041f\u0440\u043e\u0446\u0435\u045a\u0435\u043d\u043e \u0432\u0440\u0435\u043c\u0435 \u0447\u0438\u0442\u0430\u045a\u0430":"2 \u043c\u0438\u043d\u0443\u0442\u0430"},"schema":{"@context":"https:\/\/schema.org","@graph":[{"@type":"WebPage","@id":"https:\/\/president-ksgov.net\/sr\/predsednica-jahjaga-je-posetila-optinu-suva-reka\/","url":"https:\/\/president-ksgov.net\/sr\/predsednica-jahjaga-je-posetila-optinu-suva-reka\/","name":"Predsednica Jahjaga je posetila op&#154;tinu Suva Reka - Predsednik Republike Kosovo - DR. VJOSA OSMANI - SADRIU","isPartOf":{"@id":"https:\/\/president-ksgov.net\/#website"},"primaryImageOfPage":{"@id":"https:\/\/president-ksgov.net\/sr\/predsednica-jahjaga-je-posetila-optinu-suva-reka\/#primaryimage"},"image":{"@id":"https:\/\/president-ksgov.net\/sr\/predsednica-jahjaga-je-posetila-optinu-suva-reka\/#primaryimage"},"thumbnailUrl":"https:\/\/president-ksgov.net\/wp-content\/uploads\/13_03_2015_4844760_1SUHAREKE_1.jpg","datePublished":"2015-03-13T17:44:52+00:00","dateModified":"2015-03-13T17:44:52+00:00","author":{"@id":"https:\/\/president-ksgov.net\/#\/schema\/person\/bb4337a5fb147cb2046d80548172cbee"},"description":"Predsednica Jahjaga je posetila op&#154;tinu Suva Reka - Predsednik Republike Kosovo - DR. VJOSA OSMANI - SADRIU -","breadcrumb":{"@id":"https:\/\/president-ksgov.net\/sr\/predsednica-jahjaga-je-posetila-optinu-suva-reka\/#breadcrumb"},"inLanguage":"sr-RS","potentialAction":[{"@type":"ReadAction","target":["https:\/\/president-ksgov.net\/sr\/predsednica-jahjaga-je-posetila-optinu-suva-reka\/"]}]},{"@type":"ImageObject","inLanguage":"sr-RS","@id":"https:\/\/president-ksgov.net\/sr\/predsednica-jahjaga-je-posetila-optinu-suva-reka\/#primaryimage","url":"https:\/\/president-ksgov.net\/wp-content\/uploads\/13_03_2015_4844760_1SUHAREKE_1.jpg","contentUrl":"https:\/\/president-ksgov.net\/wp-content\/uploads\/13_03_2015_4844760_1SUHAREKE_1.jpg","width":1024,"height":683},{"@type":"BreadcrumbList","@id":"https:\/\/president-ksgov.net\/sr\/predsednica-jahjaga-je-posetila-optinu-suva-reka\/#breadcrumb","itemListElement":[{"@type":"ListItem","position":1,"name":"Home","item":"https:\/\/president-ksgov.net\/sr\/"},{"@type":"ListItem","position":2,"name":"Predsednica Jahjaga je posetila op&#154;tinu Suva Reka"}]},{"@type":"WebSite","@id":"https:\/\/president-ksgov.net\/#website","url":"https:\/\/president-ksgov.net\/","name":"Presidente e Republik\u00ebs s\u00eb Kosov\u00ebs","description":"Presidente e Republik\u00ebs s\u00eb Kosov\u00ebs","alternateName":"DR. VJOSA OSMANI - SADRIU","potentialAction":[{"@type":"SearchAction","target":{"@type":"EntryPoint","urlTemplate":"https:\/\/president-ksgov.net\/?s={search_term_string}"},"query-input":{"@type":"PropertyValueSpecification","valueRequired":true,"valueName":"search_term_string"}}],"inLanguage":"sr-RS"},{"@type":"Person","@id":"https:\/\/president-ksgov.net\/#\/schema\/person\/bb4337a5fb147cb2046d80548172cbee","name":"admin","image":{"@type":"ImageObject","inLanguage":"sr-RS","@id":"https:\/\/president-ksgov.net\/#\/schema\/person\/image\/","url":"https:\/\/secure.gravatar.com\/avatar\/36156ca0fa3b8d9d25174f146e16beea0cf28f37adf1b9e19b6c9c279a7c9dd3?s=96&d=mm&r=g","contentUrl":"https:\/\/secure.gravatar.com\/avatar\/36156ca0fa3b8d9d25174f146e16beea0cf28f37adf1b9e19b6c9c279a7c9dd3?s=96&d=mm&r=g","caption":"admin"},"sameAs":["https:\/\/president-ksgov.net"]}]}},"_links":{"self":[{"href":"https:\/\/president-ksgov.net\/sr\/wp-json\/wp\/v2\/posts\/77450","targetHints":{"allow":["GET"]}}],"collection":[{"href":"https:\/\/president-ksgov.net\/sr\/wp-json\/wp\/v2\/posts"}],"about":[{"href":"https:\/\/president-ksgov.net\/sr\/wp-json\/wp\/v2\/types\/post"}],"author":[{"embeddable":true,"href":"https:\/\/president-ksgov.net\/sr\/wp-json\/wp\/v2\/users\/1"}],"replies":[{"embeddable":true,"href":"https:\/\/president-ksgov.net\/sr\/wp-json\/wp\/v2\/comments?post=77450"}],"version-history":[{"count":0,"href":"https:\/\/president-ksgov.net\/sr\/wp-json\/wp\/v2\/posts\/77450\/revisions"}],"wp:featuredmedia":[{"embeddable":true,"href":"https:\/\/president-ksgov.net\/sr\/wp-json\/wp\/v2\/media\/77451"}],"wp:attachment":[{"href":"https:\/\/president-ksgov.net\/sr\/wp-json\/wp\/v2\/media?parent=77450"}],"wp:term":[{"taxonomy":"category","embeddable":true,"href":"https:\/\/president-ksgov.net\/sr\/wp-json\/wp\/v2\/categories?post=77450"},{"taxonomy":"post_tag","embeddable":true,"href":"https:\/\/president-ksgov.net\/sr\/wp-json\/wp\/v2\/tags?post=77450"}],"curies":[{"name":"wp","href":"https:\/\/api.w.org\/{rel}","templated":true}]}}