{"id":77447,"date":"2015-03-17T18:39:31","date_gmt":"2015-03-17T18:39:31","guid":{"rendered":"https:\/\/dev.president-ksgov.net\/govor-predsednice-jahjaga-na-konferenciji-za-institucionalnu-podrku-preduzetnicima-dijaspore\/"},"modified":"2023-03-08T09:02:26","modified_gmt":"2023-03-08T09:02:26","slug":"govor-predsednice-jahjaga-na-konferenciji-za-institucionalnu-podrku-preduzetnicima-dijaspore","status":"publish","type":"post","link":"https:\/\/president-ksgov.net\/sr\/govor-predsednice-jahjaga-na-konferenciji-za-institucionalnu-podrku-preduzetnicima-dijaspore\/","title":{"rendered":"Govor Predsednice Jahjaga na Konferenciji za institucionalnu podr&#154;ku preduzetnicima dijaspore"},"content":{"rendered":"<p>Predsednica Republike Kosovo, gospo\u0111a Atifete Jahjaga danas je prisustvovala Konferenciji za institucionalnu podr&#353;ku preduzetnicima dijaspore, koja  je odr&#382;ana  u Winterthur  &#352;vajcarske . Konferenciji  su prisustvovali i ministar Trgovine i Industrije, gospo\u0111a Hykmete Bajrami i ministar Dijaspore, gospodin Valon Murati. Konferencija je organizovana uz podr&#353;ku vlada  &#352;vajcarske i Austrije, i okupila je jedan velik broj preduzetnika iz dijaspore.<\/p>\n<p>Predsednica\u00a0 Jahjaga je odr&#382;ala glavno izlaganje, koju prenosimo u celosti:<br \/>\n\u00a0<br \/>\nPosebna mi je \u010dast i zadovoljstvo biti danas ovde me\u0111u vama, me\u0111u predstavnicima biznisa dijaspore, gra\u0111ana Republike Kosovo, mojim dragim sunarodnicima.<br \/>\n\u00a0<br \/>\nBoravim u &#352;vajcarsku na poziv mog homologa,\u00a0 g\u0111e. Somaruga, sa kojom sam ju\u010de imala plodonosan i vrlo prijateljski sastanak.<br \/>\n\u00a0<br \/>\nMe\u0111u dominantnim temama je bilo i produbljivanje ekonomske saradnje izme\u0111u na&#353;ih zemalja, pove\u0107anje trgovinske razmene i &#353;vajcarskih investicija u Kosovo, ne ostavljaju\u0107i na stranu potencijale na&#353;e sna&#382;ne dijaspore da bi pokrenuli napred ekonomski razvoj Kosova. S toga, sa zadovoljstvom sam prihvatila poziv od Programa Kosova za podr&#353;ku malih i srednjih preduze\u0107a, da budem danas ovde sa vama, da bi dokazala svoje \u010dvrsto posve\u0107enje i\u00a0 posve\u0107enje institucija Kosova da otvaramo vrata i olak&#353;amo va&#353;e poslovanje u mesto ro\u0111enja.<br \/>\n\u00a0<br \/>\nDragi sunarodnici,<br \/>\n\u00a0<br \/>\nU najte&#382;im danima na&#353;e najnovije istorije, vi ste bili \u010dvrst stub procesa kroz koje je pro&#353;la na&#353;a zemlja. Va&#353;om u&#353;te\u0111evinom, va&#353;im neumornim radom, vanrednim individualnim i porodi\u010dnim &#382;rtvovanjem, ste odr&#382;ali nadu za jednu bolju budu\u0107nost, finansirali ste &#353;kole i bolnice i miroljubiv otpor predvo\u0111en od istorijskog Predsednika Dr. Ibrahim Rugova.<br \/>\n\u00a0<br \/>\nU najte&#382;im trenucima po zemlju, kada nam je pretio genocid i totalno uni&#353;tenje, vi ne samo &#353;to ste finansirali na&#353;u oslobodila\u010dku borbu, nego ste se bez dvoumljenja priklju\u010dili\u00a0 Oslobodila\u010dkoj Vojsci Kosova i borili se za slobodu koju danas u&#382;ivamo.\u00a0<br \/>\n\u00a0<br \/>\nNakon oslobo\u0111enja va&#353;a je pomo\u0107 bila izvanredna za obnovu na&#353;e zemlje i za njeno pretvaranje u toplo ognji&#353;te za sve. Danas, putem va&#353;ih redovnih godi&#353;njih dostava doprinosite sa oko 12 posto doma\u0107em Bruto Proizvodu Kosova. Bez va&#353;ih dostava, gra\u0111ani Kosova danas bi &#382;iveli u vrlo te&#353;kim uslovima.<br \/>\n\u00a0<br \/>\nS toga, dozvolite mi da vam, kao Predsednica zemlje, u ime svih kosovskih porodica i u moje li\u010dno ime izrazim duboko priznanje za sav va&#353; doprinos koji ste dali i nastavljate dati za pove\u0107anje\u00a0 blagostanja u na&#353;u zemlju.<\/p>\n<p>Po&#353;tovani sunarodnici,<br \/>\n\u00a0<br \/>\nKada se sastajem sa vama, svakako se ose\u0107am ponosnom i za va&#353;u uspe&#353;nu delatnost u zemlji gde &#382;ivite. Albanci &#352;vajcarske su odli\u010dan primer uspe&#353;ne integracije. I ovo ne\u00a0 govorim samo o Xherdan Shaqiri, Granit Xhaka, Valon Behrami , Pajtim Kasami i Admir Mehmedi. Danas, u univerzitetima &#352;vajcarske ima puno na&#353;ih studenata, koji su odli\u010dni u svome radu i anga&#382;ovanju.\u00a0 Vi biznismeni ste vredan deo &#353;vajcarske ekonomije i va&#353; rad se visoko ceni. Lekari, bankari, pravnici, ekonomisti, menad&#382;eri, gra\u0111evinari, proizvo\u0111a\u010di, hotelijeri, vlasnici restorana i raznih biznisa dijaspore doprinose svakog dana u lancu ekonomske vrednosti &#352;vajcarske i &#353;ire.<br \/>\n\u00a0<br \/>\nPrema na&#353;im ocenama oko 140 hiljada gra\u0111ana sa Kosova, zaposleni u &#352;vajcarsku, tokom godine generira vi&#353;e nego privreda Kosova. Kada se ovome dodaje i biznis dijaspore proizilazi da je va&#353; potencijal vi&#353;estruko ve\u0107i.<br \/>\n\u00a0<br \/>\nMi imamo potrebe za ove ljudske i finansijske potencijale, za va&#353;e iskustvo, za znanje koje ste akumulirali niz godina ovde, za va&#353;e kontakte i poslovne sposobnosti, da bismo iste uveli u slu&#382;bu\u00a0 ekonomskog razvoja Kosova.<br \/>\n\u00a0<br \/>\nJa danas nisam ovde da zahtevam da \u010dinite jo&#353; vi&#353;e za va&#353;u zemlju, jer va&#353;e posve\u0107enje za Kosovo ne &#382;eli vi&#353;e dokaza.<br \/>\n\u00a0<br \/>\nJa sam danas ovde da vam garantujem da su institucije Kosova duboko posve\u0107ene da vam ponude bolje uslove za poslovanje u va&#353;oj zemlji. Nova vlada je ekonomiju postavila kao njen glavni prioritet. Konkretne reforme, kako na fiskalnoj oblasti tako i na onaj op&#353;te ekonomski i vladanje zakona su u toku postupka. Puna sam nade i verovanja da \u0107e se prvi rezultati ovih reformi ubrzo pokazati.<br \/>\n\u00a0<br \/>\nJa sam danas ovde zajedno sa ministrom Bajrami i ministrom Murati da vam izlo&#382;imo ono &#353;ta mo&#382;e va&#353;a zemlja \u010diniti za vas, dragi biznismeni dijaspore, kako bi va&#353;i investicioni projekti u Kosovo imali &#353;to ve\u0107u institucionalnu podr&#353;ku i da ne nailaze na prepreke, kao &#353;to se ranije \u010desto puta de&#353;avalo.<br \/>\n\u00a0<br \/>\nSvesna sam pote&#353;ko\u0107a i razo\u010daranja na koja ste nai&#353;li u pro&#353;losti, za obe\u0107anja koja ste dobili i koja se nisu nikada ostvarila. Svesna sam da niste tretirani s po&#353;tovanjem i du&#382;nom pa&#382;njom, kao &#353;to zaslu&#382;ujete.<br \/>\n\u00a0<br \/>\nS druge strane, na&#353;a zemlja danas ima potrebu za vama, ne vi&#353;e da je branite oru&#382;jem kao &#353;to ste postupili kada je bilo vreme, i ne da biste &#382;rtvovali va&#353; &#382;ivot, nego da biste doveli va&#353;e iskustvo i kapital za realizaciju investicionih projekata koji\u00a0 su u korist zemlje, va&#353;ih porodica tamo, ali i radi va&#353;e li\u010dne koristi.<br \/>\n\u00a0<br \/>\nDragi sunarodnici, dragi biznismeni,<br \/>\n\u00a0<br \/>\nGarantujem vam da su moja vrata uvek otvorena za vas i moje \u0107e anga&#382;ovanje biti uvek maksimalno radi olak&#353;anja va&#353;ih nastojanja za realizaciju investicionih projekata u Kosovo.\u00a0<\/p>\n","protected":false},"excerpt":{"rendered":"<p>Predsednica Republike Kosovo, gospo\u0111a Atifete Jahjaga danas je prisustvovala Konferenciji za institucionalnu podr&#353;ku preduzetnicima dijaspore, koja  je odr&#382;ana  u Winterthur  &#352;vajcarske . Konferenciji  su prisustvovali i ministar Trgovine i Industrije, gospo\u0111a Hykmete Bajrami i ministar Dijaspore, gospodin Valon Murati. Konferencija je organizovana uz podr&#353;ku vlada  &#352;vajcarske i Austrije, i okupila je jedan velik broj preduzetnika iz dijaspore.<\/p>\n","protected":false},"author":1,"featured_media":41217,"comment_status":"open","ping_status":"closed","sticky":false,"template":"","format":"standard","meta":{"_eb_attr":"","footnotes":""},"categories":[106],"tags":[],"class_list":["post-77447","post","type-post","status-publish","format-standard","has-post-thumbnail","hentry","category-govori"],"yoast_head":"<!-- This site is optimized with the Yoast SEO plugin v23.5 - https:\/\/yoast.com\/wordpress\/plugins\/seo\/ -->\n<title>Govor Predsednice Jahjaga na Konferenciji za institucionalnu podr&#154;ku preduzetnicima dijaspore - Predsednik Republike Kosovo - DR. VJOSA OSMANI - SADRIU<\/title>\n<meta name=\"description\" content=\"Govor Predsednice Jahjaga na Konferenciji za institucionalnu podr&#154;ku preduzetnicima dijaspore - Predsednik Republike Kosovo - DR. VJOSA OSMANI - SADRIU -\" \/>\n<meta name=\"robots\" content=\"index, follow, max-snippet:-1, max-image-preview:large, max-video-preview:-1\" \/>\n<link rel=\"canonical\" href=\"https:\/\/president-ksgov.net\/fjala-e-presidentes-jahjaga-ne-konferencen-per-perkrahje-institucionale-per-ndermarresit-e-diaspores\/\" \/>\n<meta property=\"og:locale\" content=\"sr_RS\" \/>\n<meta property=\"og:type\" content=\"article\" \/>\n<meta property=\"og:title\" content=\"Govor Predsednice Jahjaga na Konferenciji za institucionalnu podr&#154;ku preduzetnicima dijaspore - Predsednik Republike Kosovo - DR. VJOSA OSMANI - SADRIU\" \/>\n<meta property=\"og:description\" content=\"Govor Predsednice Jahjaga na Konferenciji za institucionalnu podr&#154;ku preduzetnicima dijaspore - Predsednik Republike Kosovo - DR. VJOSA OSMANI - SADRIU -\" \/>\n<meta property=\"og:url\" content=\"https:\/\/president-ksgov.net\/fjala-e-presidentes-jahjaga-ne-konferencen-per-perkrahje-institucionale-per-ndermarresit-e-diaspores\/\" \/>\n<meta property=\"og:site_name\" content=\"Predsednik Republike Kosovo - DR. VJOSA OSMANI - SADRIU\" \/>\n<meta property=\"article:published_time\" content=\"2015-03-17T18:39:31+00:00\" \/>\n<meta property=\"article:modified_time\" content=\"2023-03-08T09:02:26+00:00\" \/>\n<meta property=\"og:image\" content=\"https:\/\/president-ksgov.net\/wp-content\/uploads\/17_03_2015_2055587_fjalimi_1.jpg\" \/>\n\t<meta property=\"og:image:width\" content=\"1000\" \/>\n\t<meta property=\"og:image:height\" content=\"667\" \/>\n\t<meta property=\"og:image:type\" content=\"image\/jpeg\" \/>\n<meta name=\"author\" content=\"admin\" \/>\n<meta name=\"twitter:card\" content=\"summary_large_image\" \/>\n<meta name=\"twitter:label1\" content=\"\u041d\u0430\u043f\u0438\u0441\u0430\u043d\u043e \u043e\u0434\" \/>\n\t<meta name=\"twitter:data1\" content=\"admin\" \/>\n\t<meta name=\"twitter:label2\" content=\"\u041f\u0440\u043e\u0446\u0435\u045a\u0435\u043d\u043e \u0432\u0440\u0435\u043c\u0435 \u0447\u0438\u0442\u0430\u045a\u0430\" \/>\n\t<meta name=\"twitter:data2\" content=\"4 \u043c\u0438\u043d\u0443\u0442\u0430\" \/>\n<script type=\"application\/ld+json\" class=\"yoast-schema-graph\">{\"@context\":\"https:\/\/schema.org\",\"@graph\":[{\"@type\":\"WebPage\",\"@id\":\"https:\/\/president-ksgov.net\/fjala-e-presidentes-jahjaga-ne-konferencen-per-perkrahje-institucionale-per-ndermarresit-e-diaspores\/\",\"url\":\"https:\/\/president-ksgov.net\/fjala-e-presidentes-jahjaga-ne-konferencen-per-perkrahje-institucionale-per-ndermarresit-e-diaspores\/\",\"name\":\"Govor Predsednice Jahjaga na Konferenciji za institucionalnu podr&#154;ku preduzetnicima dijaspore - Predsednik Republike Kosovo - DR. VJOSA OSMANI - SADRIU\",\"isPartOf\":{\"@id\":\"https:\/\/president-ksgov.net\/#website\"},\"primaryImageOfPage\":{\"@id\":\"https:\/\/president-ksgov.net\/fjala-e-presidentes-jahjaga-ne-konferencen-per-perkrahje-institucionale-per-ndermarresit-e-diaspores\/#primaryimage\"},\"image\":{\"@id\":\"https:\/\/president-ksgov.net\/fjala-e-presidentes-jahjaga-ne-konferencen-per-perkrahje-institucionale-per-ndermarresit-e-diaspores\/#primaryimage\"},\"thumbnailUrl\":\"https:\/\/president-ksgov.net\/wp-content\/uploads\/17_03_2015_2055587_fjalimi_1.jpg\",\"datePublished\":\"2015-03-17T18:39:31+00:00\",\"dateModified\":\"2023-03-08T09:02:26+00:00\",\"author\":{\"@id\":\"https:\/\/president-ksgov.net\/#\/schema\/person\/bb4337a5fb147cb2046d80548172cbee\"},\"description\":\"Govor Predsednice Jahjaga na Konferenciji za institucionalnu podr&#154;ku preduzetnicima dijaspore - Predsednik Republike Kosovo - DR. VJOSA OSMANI - SADRIU -\",\"breadcrumb\":{\"@id\":\"https:\/\/president-ksgov.net\/fjala-e-presidentes-jahjaga-ne-konferencen-per-perkrahje-institucionale-per-ndermarresit-e-diaspores\/#breadcrumb\"},\"inLanguage\":\"sr-RS\",\"potentialAction\":[{\"@type\":\"ReadAction\",\"target\":[\"https:\/\/president-ksgov.net\/fjala-e-presidentes-jahjaga-ne-konferencen-per-perkrahje-institucionale-per-ndermarresit-e-diaspores\/\"]}]},{\"@type\":\"ImageObject\",\"inLanguage\":\"sr-RS\",\"@id\":\"https:\/\/president-ksgov.net\/fjala-e-presidentes-jahjaga-ne-konferencen-per-perkrahje-institucionale-per-ndermarresit-e-diaspores\/#primaryimage\",\"url\":\"https:\/\/president-ksgov.net\/wp-content\/uploads\/17_03_2015_2055587_fjalimi_1.jpg\",\"contentUrl\":\"https:\/\/president-ksgov.net\/wp-content\/uploads\/17_03_2015_2055587_fjalimi_1.jpg\",\"width\":1000,\"height\":667},{\"@type\":\"BreadcrumbList\",\"@id\":\"https:\/\/president-ksgov.net\/fjala-e-presidentes-jahjaga-ne-konferencen-per-perkrahje-institucionale-per-ndermarresit-e-diaspores\/#breadcrumb\",\"itemListElement\":[{\"@type\":\"ListItem\",\"position\":1,\"name\":\"Home\",\"item\":\"https:\/\/president-ksgov.net\/sr\/\"},{\"@type\":\"ListItem\",\"position\":2,\"name\":\"Govor Predsednice Jahjaga na Konferenciji za institucionalnu podr&#154;ku preduzetnicima dijaspore\"}]},{\"@type\":\"WebSite\",\"@id\":\"https:\/\/president-ksgov.net\/#website\",\"url\":\"https:\/\/president-ksgov.net\/\",\"name\":\"Presidente e Republik\u00ebs s\u00eb Kosov\u00ebs\",\"description\":\"Presidente e Republik\u00ebs s\u00eb Kosov\u00ebs\",\"alternateName\":\"DR. VJOSA OSMANI - SADRIU\",\"potentialAction\":[{\"@type\":\"SearchAction\",\"target\":{\"@type\":\"EntryPoint\",\"urlTemplate\":\"https:\/\/president-ksgov.net\/?s={search_term_string}\"},\"query-input\":{\"@type\":\"PropertyValueSpecification\",\"valueRequired\":true,\"valueName\":\"search_term_string\"}}],\"inLanguage\":\"sr-RS\"},{\"@type\":\"Person\",\"@id\":\"https:\/\/president-ksgov.net\/#\/schema\/person\/bb4337a5fb147cb2046d80548172cbee\",\"name\":\"admin\",\"image\":{\"@type\":\"ImageObject\",\"inLanguage\":\"sr-RS\",\"@id\":\"https:\/\/president-ksgov.net\/#\/schema\/person\/image\/\",\"url\":\"https:\/\/secure.gravatar.com\/avatar\/36156ca0fa3b8d9d25174f146e16beea0cf28f37adf1b9e19b6c9c279a7c9dd3?s=96&d=mm&r=g\",\"contentUrl\":\"https:\/\/secure.gravatar.com\/avatar\/36156ca0fa3b8d9d25174f146e16beea0cf28f37adf1b9e19b6c9c279a7c9dd3?s=96&d=mm&r=g\",\"caption\":\"admin\"},\"sameAs\":[\"https:\/\/president-ksgov.net\"]}]}<\/script>\n<!-- \/ Yoast SEO plugin. -->","yoast_head_json":{"title":"Govor Predsednice Jahjaga na Konferenciji za institucionalnu podr&#154;ku preduzetnicima dijaspore - Predsednik Republike Kosovo - DR. VJOSA OSMANI - SADRIU","description":"Govor Predsednice Jahjaga na Konferenciji za institucionalnu podr&#154;ku preduzetnicima dijaspore - Predsednik Republike Kosovo - DR. VJOSA OSMANI - SADRIU -","robots":{"index":"index","follow":"follow","max-snippet":"max-snippet:-1","max-image-preview":"max-image-preview:large","max-video-preview":"max-video-preview:-1"},"canonical":"https:\/\/president-ksgov.net\/fjala-e-presidentes-jahjaga-ne-konferencen-per-perkrahje-institucionale-per-ndermarresit-e-diaspores\/","og_locale":"sr_RS","og_type":"article","og_title":"Govor Predsednice Jahjaga na Konferenciji za institucionalnu podr&#154;ku preduzetnicima dijaspore - Predsednik Republike Kosovo - DR. VJOSA OSMANI - SADRIU","og_description":"Govor Predsednice Jahjaga na Konferenciji za institucionalnu podr&#154;ku preduzetnicima dijaspore - Predsednik Republike Kosovo - DR. VJOSA OSMANI - SADRIU -","og_url":"https:\/\/president-ksgov.net\/fjala-e-presidentes-jahjaga-ne-konferencen-per-perkrahje-institucionale-per-ndermarresit-e-diaspores\/","og_site_name":"Predsednik Republike Kosovo - DR. VJOSA OSMANI - SADRIU","article_published_time":"2015-03-17T18:39:31+00:00","article_modified_time":"2023-03-08T09:02:26+00:00","og_image":[{"width":1000,"height":667,"url":"https:\/\/president-ksgov.net\/wp-content\/uploads\/17_03_2015_2055587_fjalimi_1.jpg","type":"image\/jpeg"}],"author":"admin","twitter_card":"summary_large_image","twitter_misc":{"\u041d\u0430\u043f\u0438\u0441\u0430\u043d\u043e \u043e\u0434":"admin","\u041f\u0440\u043e\u0446\u0435\u045a\u0435\u043d\u043e \u0432\u0440\u0435\u043c\u0435 \u0447\u0438\u0442\u0430\u045a\u0430":"4 \u043c\u0438\u043d\u0443\u0442\u0430"},"schema":{"@context":"https:\/\/schema.org","@graph":[{"@type":"WebPage","@id":"https:\/\/president-ksgov.net\/fjala-e-presidentes-jahjaga-ne-konferencen-per-perkrahje-institucionale-per-ndermarresit-e-diaspores\/","url":"https:\/\/president-ksgov.net\/fjala-e-presidentes-jahjaga-ne-konferencen-per-perkrahje-institucionale-per-ndermarresit-e-diaspores\/","name":"Govor Predsednice Jahjaga na Konferenciji za institucionalnu podr&#154;ku preduzetnicima dijaspore - Predsednik Republike Kosovo - DR. VJOSA OSMANI - SADRIU","isPartOf":{"@id":"https:\/\/president-ksgov.net\/#website"},"primaryImageOfPage":{"@id":"https:\/\/president-ksgov.net\/fjala-e-presidentes-jahjaga-ne-konferencen-per-perkrahje-institucionale-per-ndermarresit-e-diaspores\/#primaryimage"},"image":{"@id":"https:\/\/president-ksgov.net\/fjala-e-presidentes-jahjaga-ne-konferencen-per-perkrahje-institucionale-per-ndermarresit-e-diaspores\/#primaryimage"},"thumbnailUrl":"https:\/\/president-ksgov.net\/wp-content\/uploads\/17_03_2015_2055587_fjalimi_1.jpg","datePublished":"2015-03-17T18:39:31+00:00","dateModified":"2023-03-08T09:02:26+00:00","author":{"@id":"https:\/\/president-ksgov.net\/#\/schema\/person\/bb4337a5fb147cb2046d80548172cbee"},"description":"Govor Predsednice Jahjaga na Konferenciji za institucionalnu podr&#154;ku preduzetnicima dijaspore - Predsednik Republike Kosovo - DR. VJOSA OSMANI - SADRIU -","breadcrumb":{"@id":"https:\/\/president-ksgov.net\/fjala-e-presidentes-jahjaga-ne-konferencen-per-perkrahje-institucionale-per-ndermarresit-e-diaspores\/#breadcrumb"},"inLanguage":"sr-RS","potentialAction":[{"@type":"ReadAction","target":["https:\/\/president-ksgov.net\/fjala-e-presidentes-jahjaga-ne-konferencen-per-perkrahje-institucionale-per-ndermarresit-e-diaspores\/"]}]},{"@type":"ImageObject","inLanguage":"sr-RS","@id":"https:\/\/president-ksgov.net\/fjala-e-presidentes-jahjaga-ne-konferencen-per-perkrahje-institucionale-per-ndermarresit-e-diaspores\/#primaryimage","url":"https:\/\/president-ksgov.net\/wp-content\/uploads\/17_03_2015_2055587_fjalimi_1.jpg","contentUrl":"https:\/\/president-ksgov.net\/wp-content\/uploads\/17_03_2015_2055587_fjalimi_1.jpg","width":1000,"height":667},{"@type":"BreadcrumbList","@id":"https:\/\/president-ksgov.net\/fjala-e-presidentes-jahjaga-ne-konferencen-per-perkrahje-institucionale-per-ndermarresit-e-diaspores\/#breadcrumb","itemListElement":[{"@type":"ListItem","position":1,"name":"Home","item":"https:\/\/president-ksgov.net\/sr\/"},{"@type":"ListItem","position":2,"name":"Govor Predsednice Jahjaga na Konferenciji za institucionalnu podr&#154;ku preduzetnicima dijaspore"}]},{"@type":"WebSite","@id":"https:\/\/president-ksgov.net\/#website","url":"https:\/\/president-ksgov.net\/","name":"Presidente e Republik\u00ebs s\u00eb Kosov\u00ebs","description":"Presidente e Republik\u00ebs s\u00eb Kosov\u00ebs","alternateName":"DR. VJOSA OSMANI - SADRIU","potentialAction":[{"@type":"SearchAction","target":{"@type":"EntryPoint","urlTemplate":"https:\/\/president-ksgov.net\/?s={search_term_string}"},"query-input":{"@type":"PropertyValueSpecification","valueRequired":true,"valueName":"search_term_string"}}],"inLanguage":"sr-RS"},{"@type":"Person","@id":"https:\/\/president-ksgov.net\/#\/schema\/person\/bb4337a5fb147cb2046d80548172cbee","name":"admin","image":{"@type":"ImageObject","inLanguage":"sr-RS","@id":"https:\/\/president-ksgov.net\/#\/schema\/person\/image\/","url":"https:\/\/secure.gravatar.com\/avatar\/36156ca0fa3b8d9d25174f146e16beea0cf28f37adf1b9e19b6c9c279a7c9dd3?s=96&d=mm&r=g","contentUrl":"https:\/\/secure.gravatar.com\/avatar\/36156ca0fa3b8d9d25174f146e16beea0cf28f37adf1b9e19b6c9c279a7c9dd3?s=96&d=mm&r=g","caption":"admin"},"sameAs":["https:\/\/president-ksgov.net"]}]}},"_links":{"self":[{"href":"https:\/\/president-ksgov.net\/sr\/wp-json\/wp\/v2\/posts\/77447","targetHints":{"allow":["GET"]}}],"collection":[{"href":"https:\/\/president-ksgov.net\/sr\/wp-json\/wp\/v2\/posts"}],"about":[{"href":"https:\/\/president-ksgov.net\/sr\/wp-json\/wp\/v2\/types\/post"}],"author":[{"embeddable":true,"href":"https:\/\/president-ksgov.net\/sr\/wp-json\/wp\/v2\/users\/1"}],"replies":[{"embeddable":true,"href":"https:\/\/president-ksgov.net\/sr\/wp-json\/wp\/v2\/comments?post=77447"}],"version-history":[{"count":1,"href":"https:\/\/president-ksgov.net\/sr\/wp-json\/wp\/v2\/posts\/77447\/revisions"}],"predecessor-version":[{"id":81639,"href":"https:\/\/president-ksgov.net\/sr\/wp-json\/wp\/v2\/posts\/77447\/revisions\/81639"}],"wp:featuredmedia":[{"embeddable":true,"href":"https:\/\/president-ksgov.net\/sr\/wp-json\/wp\/v2\/media\/41217"}],"wp:attachment":[{"href":"https:\/\/president-ksgov.net\/sr\/wp-json\/wp\/v2\/media?parent=77447"}],"wp:term":[{"taxonomy":"category","embeddable":true,"href":"https:\/\/president-ksgov.net\/sr\/wp-json\/wp\/v2\/categories?post=77447"},{"taxonomy":"post_tag","embeddable":true,"href":"https:\/\/president-ksgov.net\/sr\/wp-json\/wp\/v2\/tags?post=77447"}],"curies":[{"name":"wp","href":"https:\/\/api.w.org\/{rel}","templated":true}]}}