{"id":77445,"date":"2015-03-18T12:57:42","date_gmt":"2015-03-18T12:57:42","guid":{"rendered":"https:\/\/dev.president-ksgov.net\/govor-predsednice-jahjaga-na-ceremoniji-smene-komande-sbk-a\/"},"modified":"2023-03-08T09:02:25","modified_gmt":"2023-03-08T09:02:25","slug":"govor-predsednice-jahjaga-na-ceremoniji-smene-komande-sbk-a","status":"publish","type":"post","link":"https:\/\/president-ksgov.net\/sr\/govor-predsednice-jahjaga-na-ceremoniji-smene-komande-sbk-a\/","title":{"rendered":"Govor Predsednice Jahjaga na ceremoniji smene komande SBK-a"},"content":{"rendered":"<p>Po\u010da&#353;\u0107ena sam da se danas nalazim me\u0111u vama. Najpre da \u010destitam vama, vojnicima, podoficirima i oficirima i va&#353;im prethodnicima za neumoran rad koji ste \u010dinili za uspostavljanje ove bitne institucije budu\u0107nosti Republike Kosovo.<\/p>\n<p>Po&#353;tovani Premijer Mustafa,<br \/>\nMinistar Demolli,<br \/>\nGeneral Kastrati,<br \/>\nGeneral Rama,<br \/>\nGeneral Filuolo,<br \/>\nAmbasadori i predstavnici diplomatskih misija u Kosovo,<br \/>\nPo&#353;tovani u\u010desnici,<br \/>\n\u00a0<br \/>\nPo\u010da&#353;\u0107ena sam da se danas nalazim me\u0111u vama. Najpre da \u010destitam vama, vojnicima, podoficirima i oficirima i va&#353;im prethodnicima za neumoran rad koji ste \u010dinili za uspostavljanje ove bitne institucije budu\u0107nosti Republike Kosovo.<br \/>\n\u00a0<br \/>\nUspostavljanje svake institucije u poratno Kosovo je bilo izazovno onoliko koliko i kretanje na&#353;ih gra\u0111ana za ostvarenje sna niz generacija za izgradnju Kosova koja slobodno di&#353;e, koja je suverena i nezavisna.<br \/>\n\u00a0<br \/>\nOvim izazovima koje su se ispre\u010dile pred nama: kao institucije i dru&#353;tvo, odgovorili smo sa optimizmom. Zajedno sa na&#353;im me\u0111unarodnim partnerima, stvarali smo uslove da proglasimo Kosovo nezavisnom dr&#382;avom, danas poznate i priznate u svetu, sa jasnom aspiracijom da postane \u010dlan OUN-a, NATO-a i EZ-e.<br \/>\n\u00a0<br \/>\nUspostavili smo kredibilitet na&#353;e dr&#382;ave kao jednog konstruktivnog faktora u regionalnim i me\u0111unarodnim forumima. Donosili smo va&#382;ne odluke, pru&#382;ili smo ruku saradnje i onda kada nije bilo lako to \u010diniti. I to smo u\u010dinili u cilju da slobodno, suvereno i nezavisno Kosovo \u010dinimo ustrajno odr&#382;ivom, nepokolebljivom i potpuno konsolidovanom.<br \/>\n\u00a0<br \/>\nU ovom anga&#382;ovanju ponekad smo testirali i na&#353;u demokratiju onoliko koliko i strpljenje na&#353;ih gra\u0111ana, produ&#382;enjem procesa tranzicije na&#353;e zemlje, ali istovremeno i sazrevanjem u novom sistemu vrednosti, demokratskom sistemu. Pro&#353;li smo jedan dug put, ali je jo&#353; vi&#353;e ostalo i na&#353; gra\u0111anin s pravom tra&#382;i jedan dostojanstven &#382;ivot sa blagostanjem u Kosovo.<br \/>\n\u00a0<br \/>\nS toga danas, svi smo mi odgovorni za ovu dr&#382;avu. Odgovorni za izgradnju i da istu \u010dinimo: dostojanstvenom, razvijenom, ravnopravnom sa svim ostalim narodima, bezbednom, stabilnom i u miru. Jer to dugujemo onima koji su se &#382;rtvovali za to, i iznad svega to nam je obaveza za nove generacije. Zato neka danas razvijamo na&#353; patriotizam za na&#353;u dr&#382;avu, za njen napredak i za njenu svetlu budu\u0107nost.<br \/>\n\u00a0<br \/>\nSnaga Bezbednosti Kosova je bila stub ovog na&#353;eg kretanja &#8211; sveobuhvatna, patriotska, profesionalna, jako poverljiva. Nije slu\u010dajno da danas gradimo viziju koja \u0107e pove\u0107ati va&#353;e obaveze, jer kao gra\u0111ani Kosova, nezavisno od etni\u010dkog porekla, mi imamo poverenje u vas i plemenitu misiju koju ste vi preuzeli za odbranu Kosova, za o\u010duvanje vrednosti i ideala na koje smo se zavetovali i za unapre\u0111enje saradnje sa na&#353;im strate&#353;kim saveznicima.<br \/>\n\u00a0<br \/>\nVi ste pro&#353;li jo&#353; jedan korak: Uspe&#353;no ste zaklju\u010dili jedan va&#382;an period Snage Bezbednosti otvaraju\u0107i jedno novo poglavlje za vas i za celu zemlju: stvaranje jedne moderne oru&#382;ane Snage, sa odbrambenim kapacitetima, koja adresira bezbednosne izazove, kompletira infrastrukturu na&#353;e bezbednosti i u toku procesa profesionalizacije sa standardima NATO-a, cilja \u010dlanstvo u ovu alijansu.<\/p>\n<p>Po&#353;tovani General Kastrati<br \/>\n\u00a0<br \/>\nU ime svih gra\u0111ana Kosova i institucija Kosova hvala vam za va&#353; rad i va&#353;e vi&#353;egodi&#353;nje posve\u0107enje za izgradnju ove primerne institucije Republike Kosovo.<br \/>\n\u00a0<br \/>\nZavr&#353;avate ovu obavezu ostavljaju\u0107i za sobom jednu profesionalnu instituciju, spremne da preuzme odgovornosti koje joj pripadaju u garantovanju nacionalne bezbednosti, koja pro&#382;ima u sebi vrednosti i ideale Republike Kosovo i na&#353;u aspiraciju da postanemo deo evro-atlantske infrastrukture bezbednosti.<\/p>\n<p>Vama Generale Rama, koji danas preuzimate novu du&#382;nost, &#382;elim sretan i uspe&#353;an rad. O\u010dekuje vas dug put u daljnji profesionalni uspon\u00a0 Snage Bezbednosti Kosova, jedne multietni\u010dke profesionalne Snage i jedne institucije koja u&#382;iva veliko poverenje me\u0111u svi gra\u0111anima Kosova i koja zajedno sa svim institucijama radi u slu&#382;bi svih gra\u0111ana.<br \/>\n\u00a0<br \/>\nSna&#382;no verujem da \u0107ete nastaviti produbiti ovo poverenje gra\u0111ana ispunjavanjem misije ove snaga za \u010duvanje i ja\u010danje kapaciteta Kosova pri davanju doprinosa kolektivnoj bezbednosti. Ube\u0111eni smo da \u0107emo samo na taj na\u010din obezbediti napredak gra\u0111ana na&#353;e zemlje, da \u0107emo garantovati stabilnost zemlje, u na&#353;em nastojanju za ispunjavanje nepokolebljive vizije da budemo deo evro-atlantske porodice.<\/p>\n<p>&#381;elim vam uspe&#353;an rad.<\/p>\n","protected":false},"excerpt":{"rendered":"<p>Po\u010da&#353;\u0107ena sam da se danas nalazim me\u0111u vama. Najpre da \u010destitam vama, vojnicima, podoficirima i oficirima i va&#353;im prethodnicima za neumoran rad koji ste \u010dinili za uspostavljanje ove bitne institucije budu\u0107nosti Republike Kosovo.<\/p>\n","protected":false},"author":1,"featured_media":41167,"comment_status":"open","ping_status":"closed","sticky":false,"template":"","format":"standard","meta":{"_eb_attr":"","footnotes":""},"categories":[106],"tags":[],"class_list":["post-77445","post","type-post","status-publish","format-standard","has-post-thumbnail","hentry","category-govori"],"yoast_head":"<!-- This site is optimized with the Yoast SEO plugin v23.5 - https:\/\/yoast.com\/wordpress\/plugins\/seo\/ -->\n<title>Govor Predsednice Jahjaga na ceremoniji smene komande SBK-a - Predsednik Republike Kosovo - DR. VJOSA OSMANI - SADRIU<\/title>\n<meta name=\"description\" content=\"Govor Predsednice Jahjaga na ceremoniji smene komande SBK-a - Predsednik Republike Kosovo - DR. VJOSA OSMANI - SADRIU -\" \/>\n<meta name=\"robots\" content=\"index, follow, max-snippet:-1, max-image-preview:large, max-video-preview:-1\" \/>\n<link rel=\"canonical\" href=\"https:\/\/president-ksgov.net\/sr\/govor-predsednice-jahjaga-na-ceremoniji-smene-komande-sbk-a\/\" \/>\n<meta property=\"og:locale\" content=\"sr_RS\" \/>\n<meta property=\"og:type\" content=\"article\" \/>\n<meta property=\"og:title\" content=\"Govor Predsednice Jahjaga na ceremoniji smene komande SBK-a - Predsednik Republike Kosovo - DR. VJOSA OSMANI - SADRIU\" \/>\n<meta property=\"og:description\" content=\"Govor Predsednice Jahjaga na ceremoniji smene komande SBK-a - Predsednik Republike Kosovo - DR. VJOSA OSMANI - SADRIU -\" \/>\n<meta property=\"og:url\" content=\"https:\/\/president-ksgov.net\/sr\/govor-predsednice-jahjaga-na-ceremoniji-smene-komande-sbk-a\/\" \/>\n<meta property=\"og:site_name\" content=\"Predsednik Republike Kosovo - DR. VJOSA OSMANI - SADRIU\" \/>\n<meta property=\"article:published_time\" content=\"2015-03-18T12:57:42+00:00\" \/>\n<meta property=\"article:modified_time\" content=\"2023-03-08T09:02:25+00:00\" \/>\n<meta property=\"og:image\" content=\"https:\/\/president-ksgov.net\/wp-content\/uploads\/18_03_2015_2309625_18_03_2015_FSK_1_1_Copy_.jpg\" \/>\n\t<meta property=\"og:image:width\" content=\"850\" \/>\n\t<meta property=\"og:image:height\" content=\"418\" \/>\n\t<meta property=\"og:image:type\" content=\"image\/jpeg\" \/>\n<meta name=\"author\" content=\"admin\" \/>\n<meta name=\"twitter:card\" content=\"summary_large_image\" \/>\n<meta name=\"twitter:label1\" content=\"\u041d\u0430\u043f\u0438\u0441\u0430\u043d\u043e \u043e\u0434\" \/>\n\t<meta name=\"twitter:data1\" content=\"admin\" \/>\n\t<meta name=\"twitter:label2\" content=\"\u041f\u0440\u043e\u0446\u0435\u045a\u0435\u043d\u043e \u0432\u0440\u0435\u043c\u0435 \u0447\u0438\u0442\u0430\u045a\u0430\" \/>\n\t<meta name=\"twitter:data2\" content=\"4 \u043c\u0438\u043d\u0443\u0442\u0430\" \/>\n<script type=\"application\/ld+json\" class=\"yoast-schema-graph\">{\"@context\":\"https:\/\/schema.org\",\"@graph\":[{\"@type\":\"WebPage\",\"@id\":\"https:\/\/president-ksgov.net\/sr\/govor-predsednice-jahjaga-na-ceremoniji-smene-komande-sbk-a\/\",\"url\":\"https:\/\/president-ksgov.net\/sr\/govor-predsednice-jahjaga-na-ceremoniji-smene-komande-sbk-a\/\",\"name\":\"Govor Predsednice Jahjaga na ceremoniji smene komande SBK-a - Predsednik Republike Kosovo - DR. VJOSA OSMANI - SADRIU\",\"isPartOf\":{\"@id\":\"https:\/\/president-ksgov.net\/#website\"},\"primaryImageOfPage\":{\"@id\":\"https:\/\/president-ksgov.net\/sr\/govor-predsednice-jahjaga-na-ceremoniji-smene-komande-sbk-a\/#primaryimage\"},\"image\":{\"@id\":\"https:\/\/president-ksgov.net\/sr\/govor-predsednice-jahjaga-na-ceremoniji-smene-komande-sbk-a\/#primaryimage\"},\"thumbnailUrl\":\"https:\/\/president-ksgov.net\/wp-content\/uploads\/18_03_2015_2309625_18_03_2015_FSK_1_1_Copy_.jpg\",\"datePublished\":\"2015-03-18T12:57:42+00:00\",\"dateModified\":\"2023-03-08T09:02:25+00:00\",\"author\":{\"@id\":\"https:\/\/president-ksgov.net\/#\/schema\/person\/bb4337a5fb147cb2046d80548172cbee\"},\"description\":\"Govor Predsednice Jahjaga na ceremoniji smene komande SBK-a - Predsednik Republike Kosovo - DR. VJOSA OSMANI - SADRIU -\",\"breadcrumb\":{\"@id\":\"https:\/\/president-ksgov.net\/sr\/govor-predsednice-jahjaga-na-ceremoniji-smene-komande-sbk-a\/#breadcrumb\"},\"inLanguage\":\"sr-RS\",\"potentialAction\":[{\"@type\":\"ReadAction\",\"target\":[\"https:\/\/president-ksgov.net\/sr\/govor-predsednice-jahjaga-na-ceremoniji-smene-komande-sbk-a\/\"]}]},{\"@type\":\"ImageObject\",\"inLanguage\":\"sr-RS\",\"@id\":\"https:\/\/president-ksgov.net\/sr\/govor-predsednice-jahjaga-na-ceremoniji-smene-komande-sbk-a\/#primaryimage\",\"url\":\"https:\/\/president-ksgov.net\/wp-content\/uploads\/18_03_2015_2309625_18_03_2015_FSK_1_1_Copy_.jpg\",\"contentUrl\":\"https:\/\/president-ksgov.net\/wp-content\/uploads\/18_03_2015_2309625_18_03_2015_FSK_1_1_Copy_.jpg\",\"width\":850,\"height\":418},{\"@type\":\"BreadcrumbList\",\"@id\":\"https:\/\/president-ksgov.net\/sr\/govor-predsednice-jahjaga-na-ceremoniji-smene-komande-sbk-a\/#breadcrumb\",\"itemListElement\":[{\"@type\":\"ListItem\",\"position\":1,\"name\":\"Home\",\"item\":\"https:\/\/president-ksgov.net\/sr\/\"},{\"@type\":\"ListItem\",\"position\":2,\"name\":\"Govor Predsednice Jahjaga na ceremoniji smene komande SBK-a\"}]},{\"@type\":\"WebSite\",\"@id\":\"https:\/\/president-ksgov.net\/#website\",\"url\":\"https:\/\/president-ksgov.net\/\",\"name\":\"Presidente e Republik\u00ebs s\u00eb Kosov\u00ebs\",\"description\":\"Presidente e Republik\u00ebs s\u00eb Kosov\u00ebs\",\"alternateName\":\"DR. VJOSA OSMANI - SADRIU\",\"potentialAction\":[{\"@type\":\"SearchAction\",\"target\":{\"@type\":\"EntryPoint\",\"urlTemplate\":\"https:\/\/president-ksgov.net\/?s={search_term_string}\"},\"query-input\":{\"@type\":\"PropertyValueSpecification\",\"valueRequired\":true,\"valueName\":\"search_term_string\"}}],\"inLanguage\":\"sr-RS\"},{\"@type\":\"Person\",\"@id\":\"https:\/\/president-ksgov.net\/#\/schema\/person\/bb4337a5fb147cb2046d80548172cbee\",\"name\":\"admin\",\"image\":{\"@type\":\"ImageObject\",\"inLanguage\":\"sr-RS\",\"@id\":\"https:\/\/president-ksgov.net\/#\/schema\/person\/image\/\",\"url\":\"https:\/\/secure.gravatar.com\/avatar\/36156ca0fa3b8d9d25174f146e16beea0cf28f37adf1b9e19b6c9c279a7c9dd3?s=96&d=mm&r=g\",\"contentUrl\":\"https:\/\/secure.gravatar.com\/avatar\/36156ca0fa3b8d9d25174f146e16beea0cf28f37adf1b9e19b6c9c279a7c9dd3?s=96&d=mm&r=g\",\"caption\":\"admin\"},\"sameAs\":[\"https:\/\/president-ksgov.net\"]}]}<\/script>\n<!-- \/ Yoast SEO plugin. -->","yoast_head_json":{"title":"Govor Predsednice Jahjaga na ceremoniji smene komande SBK-a - Predsednik Republike Kosovo - DR. VJOSA OSMANI - SADRIU","description":"Govor Predsednice Jahjaga na ceremoniji smene komande SBK-a - Predsednik Republike Kosovo - DR. VJOSA OSMANI - SADRIU -","robots":{"index":"index","follow":"follow","max-snippet":"max-snippet:-1","max-image-preview":"max-image-preview:large","max-video-preview":"max-video-preview:-1"},"canonical":"https:\/\/president-ksgov.net\/sr\/govor-predsednice-jahjaga-na-ceremoniji-smene-komande-sbk-a\/","og_locale":"sr_RS","og_type":"article","og_title":"Govor Predsednice Jahjaga na ceremoniji smene komande SBK-a - Predsednik Republike Kosovo - DR. VJOSA OSMANI - SADRIU","og_description":"Govor Predsednice Jahjaga na ceremoniji smene komande SBK-a - Predsednik Republike Kosovo - DR. VJOSA OSMANI - SADRIU -","og_url":"https:\/\/president-ksgov.net\/sr\/govor-predsednice-jahjaga-na-ceremoniji-smene-komande-sbk-a\/","og_site_name":"Predsednik Republike Kosovo - DR. VJOSA OSMANI - SADRIU","article_published_time":"2015-03-18T12:57:42+00:00","article_modified_time":"2023-03-08T09:02:25+00:00","og_image":[{"width":850,"height":418,"url":"https:\/\/president-ksgov.net\/wp-content\/uploads\/18_03_2015_2309625_18_03_2015_FSK_1_1_Copy_.jpg","type":"image\/jpeg"}],"author":"admin","twitter_card":"summary_large_image","twitter_misc":{"\u041d\u0430\u043f\u0438\u0441\u0430\u043d\u043e \u043e\u0434":"admin","\u041f\u0440\u043e\u0446\u0435\u045a\u0435\u043d\u043e \u0432\u0440\u0435\u043c\u0435 \u0447\u0438\u0442\u0430\u045a\u0430":"4 \u043c\u0438\u043d\u0443\u0442\u0430"},"schema":{"@context":"https:\/\/schema.org","@graph":[{"@type":"WebPage","@id":"https:\/\/president-ksgov.net\/sr\/govor-predsednice-jahjaga-na-ceremoniji-smene-komande-sbk-a\/","url":"https:\/\/president-ksgov.net\/sr\/govor-predsednice-jahjaga-na-ceremoniji-smene-komande-sbk-a\/","name":"Govor Predsednice Jahjaga na ceremoniji smene komande SBK-a - Predsednik Republike Kosovo - DR. VJOSA OSMANI - SADRIU","isPartOf":{"@id":"https:\/\/president-ksgov.net\/#website"},"primaryImageOfPage":{"@id":"https:\/\/president-ksgov.net\/sr\/govor-predsednice-jahjaga-na-ceremoniji-smene-komande-sbk-a\/#primaryimage"},"image":{"@id":"https:\/\/president-ksgov.net\/sr\/govor-predsednice-jahjaga-na-ceremoniji-smene-komande-sbk-a\/#primaryimage"},"thumbnailUrl":"https:\/\/president-ksgov.net\/wp-content\/uploads\/18_03_2015_2309625_18_03_2015_FSK_1_1_Copy_.jpg","datePublished":"2015-03-18T12:57:42+00:00","dateModified":"2023-03-08T09:02:25+00:00","author":{"@id":"https:\/\/president-ksgov.net\/#\/schema\/person\/bb4337a5fb147cb2046d80548172cbee"},"description":"Govor Predsednice Jahjaga na ceremoniji smene komande SBK-a - Predsednik Republike Kosovo - DR. VJOSA OSMANI - SADRIU -","breadcrumb":{"@id":"https:\/\/president-ksgov.net\/sr\/govor-predsednice-jahjaga-na-ceremoniji-smene-komande-sbk-a\/#breadcrumb"},"inLanguage":"sr-RS","potentialAction":[{"@type":"ReadAction","target":["https:\/\/president-ksgov.net\/sr\/govor-predsednice-jahjaga-na-ceremoniji-smene-komande-sbk-a\/"]}]},{"@type":"ImageObject","inLanguage":"sr-RS","@id":"https:\/\/president-ksgov.net\/sr\/govor-predsednice-jahjaga-na-ceremoniji-smene-komande-sbk-a\/#primaryimage","url":"https:\/\/president-ksgov.net\/wp-content\/uploads\/18_03_2015_2309625_18_03_2015_FSK_1_1_Copy_.jpg","contentUrl":"https:\/\/president-ksgov.net\/wp-content\/uploads\/18_03_2015_2309625_18_03_2015_FSK_1_1_Copy_.jpg","width":850,"height":418},{"@type":"BreadcrumbList","@id":"https:\/\/president-ksgov.net\/sr\/govor-predsednice-jahjaga-na-ceremoniji-smene-komande-sbk-a\/#breadcrumb","itemListElement":[{"@type":"ListItem","position":1,"name":"Home","item":"https:\/\/president-ksgov.net\/sr\/"},{"@type":"ListItem","position":2,"name":"Govor Predsednice Jahjaga na ceremoniji smene komande SBK-a"}]},{"@type":"WebSite","@id":"https:\/\/president-ksgov.net\/#website","url":"https:\/\/president-ksgov.net\/","name":"Presidente e Republik\u00ebs s\u00eb Kosov\u00ebs","description":"Presidente e Republik\u00ebs s\u00eb Kosov\u00ebs","alternateName":"DR. VJOSA OSMANI - SADRIU","potentialAction":[{"@type":"SearchAction","target":{"@type":"EntryPoint","urlTemplate":"https:\/\/president-ksgov.net\/?s={search_term_string}"},"query-input":{"@type":"PropertyValueSpecification","valueRequired":true,"valueName":"search_term_string"}}],"inLanguage":"sr-RS"},{"@type":"Person","@id":"https:\/\/president-ksgov.net\/#\/schema\/person\/bb4337a5fb147cb2046d80548172cbee","name":"admin","image":{"@type":"ImageObject","inLanguage":"sr-RS","@id":"https:\/\/president-ksgov.net\/#\/schema\/person\/image\/","url":"https:\/\/secure.gravatar.com\/avatar\/36156ca0fa3b8d9d25174f146e16beea0cf28f37adf1b9e19b6c9c279a7c9dd3?s=96&d=mm&r=g","contentUrl":"https:\/\/secure.gravatar.com\/avatar\/36156ca0fa3b8d9d25174f146e16beea0cf28f37adf1b9e19b6c9c279a7c9dd3?s=96&d=mm&r=g","caption":"admin"},"sameAs":["https:\/\/president-ksgov.net"]}]}},"_links":{"self":[{"href":"https:\/\/president-ksgov.net\/sr\/wp-json\/wp\/v2\/posts\/77445","targetHints":{"allow":["GET"]}}],"collection":[{"href":"https:\/\/president-ksgov.net\/sr\/wp-json\/wp\/v2\/posts"}],"about":[{"href":"https:\/\/president-ksgov.net\/sr\/wp-json\/wp\/v2\/types\/post"}],"author":[{"embeddable":true,"href":"https:\/\/president-ksgov.net\/sr\/wp-json\/wp\/v2\/users\/1"}],"replies":[{"embeddable":true,"href":"https:\/\/president-ksgov.net\/sr\/wp-json\/wp\/v2\/comments?post=77445"}],"version-history":[{"count":1,"href":"https:\/\/president-ksgov.net\/sr\/wp-json\/wp\/v2\/posts\/77445\/revisions"}],"predecessor-version":[{"id":81638,"href":"https:\/\/president-ksgov.net\/sr\/wp-json\/wp\/v2\/posts\/77445\/revisions\/81638"}],"wp:featuredmedia":[{"embeddable":true,"href":"https:\/\/president-ksgov.net\/sr\/wp-json\/wp\/v2\/media\/41167"}],"wp:attachment":[{"href":"https:\/\/president-ksgov.net\/sr\/wp-json\/wp\/v2\/media?parent=77445"}],"wp:term":[{"taxonomy":"category","embeddable":true,"href":"https:\/\/president-ksgov.net\/sr\/wp-json\/wp\/v2\/categories?post=77445"},{"taxonomy":"post_tag","embeddable":true,"href":"https:\/\/president-ksgov.net\/sr\/wp-json\/wp\/v2\/tags?post=77445"}],"curies":[{"name":"wp","href":"https:\/\/api.w.org\/{rel}","templated":true}]}}