{"id":77442,"date":"2015-03-20T09:02:58","date_gmt":"2015-03-20T09:02:58","guid":{"rendered":"https:\/\/dev.president-ksgov.net\/govor-predsednice-republike-kosovo-gospodja-atifete-jahjaga-na-veceru-dobrocinstva-udruenja-down-syndrome-kosova\/"},"modified":"2023-03-08T09:02:25","modified_gmt":"2023-03-08T09:02:25","slug":"govor-predsednice-republike-kosovo-gospodja-atifete-jahjaga-na-veceru-dobrocinstva-udruenja-down-syndrome-kosova","status":"publish","type":"post","link":"https:\/\/president-ksgov.net\/sr\/govor-predsednice-republike-kosovo-gospodja-atifete-jahjaga-na-veceru-dobrocinstva-udruenja-down-syndrome-kosova\/","title":{"rendered":"Govor Predsednice Republike Kosovo, gospo\u0111a Atifete Jahjaga na ve\u010deru dobro\u010dinstva udru&#158;enja Down Syndrome Kosova"},"content":{"rendered":"<p>Po&#353;tovani u\u010desnici,<br \/>\nOvo posebno ve\u0107e nije moglo po\u010deti lep&#353;e nego emocionalnom performansom koju su nam poklonila deca, koja su nam svojim talentom i srcem muzikanata, preneli sna&#382;nu poruku ove ve\u010deri, da snovi ne poznaju granice.<\/p>\n<p>\u010cestitam vam za va&#353; program i ka&#382;em vam da sam od danas va&#353; fans broj 1.<br \/>\n\u010cast mi je pridru&#382;iti se ovoj plemenitoj inicijativi koja u centru pa&#382;nje ima za&#353;titu i promociju vrednosti ravnopravnih gra\u0111ana na&#353;e zemlje, gra\u0111ana pogo\u0111enih Down sindromom. Ova inicijativa cilja da se, putem izgradnje Centra za ovu zajednicu, garantuje njima jednu svetliju budu\u0107nost ispunjenu s mogu\u0107nostima jo&#353; prvih dana, dakle u njihovim prvim koracima.<\/p>\n<p>Pojedinci pogo\u0111eni Down Sindromom imaju svoje posebnosti kao &#353;to imamo mi\u00a0 svi. Svi smo jedinstveni. Na&#353;e razlike su vrednosti koje donosimo dru&#353;tvu. S toga jedno zdravo dru&#353;tvo jeste ono sveobuhvatno dru&#353;tvo koje priznaje, brani i promovi&#353;e vrednosti gra\u0111ana bez razlike.<\/p>\n<p>Ube\u0111ena sam dan \u0107emo zajedno, kao &#353;to smo ve\u010deras, izra&#382;avaju\u0107i gra\u0111ansko i institucionalno posve\u0107enje i obavezu, uspeti da kao dru&#353;tvo preduzmemo sve mere i potrebne postupke, kako predvi\u0111a zakon i Ustav zemlje, da se odazovemo potrebama lica pogo\u0111enih Sindromom Down, da bismo im\u00a0 garantovali potrebno za&#353;titu.<br \/>\nPre\u00a0 par dana sam videla jednu vrlo dobru poruku podsticanja, koja je u fokus imala pismo jedne trudne majke, \u010dije je dete bilo sa Sindromom Down.<\/p>\n<p>Njen ispoljen strah na pitanje o tome kakav bi &#382;ivot imalo njeno dete, na&#353;la\u00a0 je odgovor kod dece pogo\u0111ene Sindromom Down iz razli\u010ditih krajeva sveta, koji su ovoj majci rekli da njeno dete mo&#382;e \u010diniti mnogo toga, mo&#382;e zagrliti nju, mo&#382;e poha\u0111ati &#353;kolu kao svi ostali, da tr\u010di, mo\u010di \u0107e da radi, da zaradi svoj novac i da sa tim novcem &#382;ivi sam.<\/p>\n<p>Oni su ovoj majci rekli da ponekad \u0107e biti te&#353;ko, gotovo nemogu\u0107e, ali su joj rekli da je te&#353;ko i za sve majke. Oni su ispri\u010dali toj majci da \u0107e njeno dete biti radosno, i ona sama \u0107e biti radosna.<\/p>\n<p>U Kosovo, 18 do 35 dece godi&#353;nje se ra\u0111a sa Sindromom Down. Od na&#353;ih ruku zavisi njihova radost. Neka im ne name\u0107emo ograni\u010denja i limite koje oni nemaju. Njihov &#382;ivot se utvr\u0111uje na&#353;im o\u010dekivanjima, neka smo razboriti i ne \u010dinimo kompromis sa njihovom budu\u0107no&#353;\u0107u.\u00a0<br \/>\nPogo\u0111ene osobe Sindromom Down mogu dati dru&#353;tvu svoj doprinos, kao i svi ostali, na&#353;a je obaveza da im pru&#382;imo ovu mogu\u0107nost.<\/p>\n<p>Visoko cenim neumoran rad i nepokolebljivo poverenje koje je organizacija Down Sindrom gradila tokom osam godina zaredom pru&#382;aju\u0107i licima pogo\u0111enih Sindromom Down i njihovim porodicama potrebnu podr&#353;ku.<\/p>\n<p>Tako\u0111e cenim doprinos biznis zajednice, koji zajedno pretvaraju u realnost ne samo njihove snove nego i njihovih porodica, ali imamo jo&#353; dosta toga \u010diniti da bismo obezbedili osobama pogo\u0111enih Sindromom Down zaslu&#382;eno mesto u dru&#353;tvo i pru&#382;ili sve mogu\u0107nosti kojima se garantuje dostojanstven &#382;ivot.<\/p>\n<p>S toga dok bele&#382;imo svetski dan Sindroma Down, priklju\u010dite se inicijativi organizacije Down Sindrome Kosova za izgradnju centra koji \u0107e pru&#382;iti usluge za zajednicu lica pogo\u0111enih Sindromom Down, davaju\u0107i va&#353; doprinos.<\/p>\n<p>Integracija u dru&#353;tvo onih lica koja su pogo\u0111ena Sindromom Down jeste jedini put, jedina alternativa za budu\u0107nost koju smo posve\u0107eni graditi. Neka to zajedni\u010dki\u00a0 pretvorimo u realnost!<\/p>\n<p>Hvala vam!\u00a0<\/p>\n","protected":false},"excerpt":{"rendered":"<p>Po&#353;tovani u\u010desnici,<br \/>\nOvo posebno ve\u0107e nije moglo po\u010deti lep&#353;e nego emocionalnom performansom koju su nam poklonila deca, koja su nam svojim talentom i srcem muzikanata, preneli sna&#382;nu poruku ove ve\u010deri, da snovi ne poznaju granice.<\/p>\n","protected":false},"author":1,"featured_media":41116,"comment_status":"open","ping_status":"closed","sticky":false,"template":"","format":"standard","meta":{"_eb_attr":"","footnotes":""},"categories":[106],"tags":[],"class_list":["post-77442","post","type-post","status-publish","format-standard","has-post-thumbnail","hentry","category-govori"],"yoast_head":"<!-- This site is optimized with the Yoast SEO plugin v23.5 - https:\/\/yoast.com\/wordpress\/plugins\/seo\/ -->\n<title>Govor Predsednice Republike Kosovo, gospo\u0111a Atifete Jahjaga na ve\u010deru dobro\u010dinstva udru&#158;enja Down Syndrome Kosova - Predsednik Republike Kosovo - DR. VJOSA OSMANI - SADRIU<\/title>\n<meta name=\"description\" content=\"Govor Predsednice Republike Kosovo, gospo\u0111a Atifete Jahjaga na ve\u010deru dobro\u010dinstva udru&#158;enja Down Syndrome Kosova - Predsednik Republike Kosovo - DR. VJOSA OSMANI - SADRIU -\" \/>\n<meta name=\"robots\" content=\"index, follow, max-snippet:-1, max-image-preview:large, max-video-preview:-1\" \/>\n<link rel=\"canonical\" href=\"https:\/\/president-ksgov.net\/fjalimi-i-presidentes-atifete-jahjaga-ne-mbremjen-e-bamiresise-te-shoqates-down-syndrome-kosova\/\" \/>\n<meta property=\"og:locale\" content=\"sr_RS\" \/>\n<meta property=\"og:type\" content=\"article\" \/>\n<meta property=\"og:title\" content=\"Govor Predsednice Republike Kosovo, gospo\u0111a Atifete Jahjaga na ve\u010deru dobro\u010dinstva udru&#158;enja Down Syndrome Kosova - Predsednik Republike Kosovo - DR. VJOSA OSMANI - SADRIU\" \/>\n<meta property=\"og:description\" content=\"Govor Predsednice Republike Kosovo, gospo\u0111a Atifete Jahjaga na ve\u010deru dobro\u010dinstva udru&#158;enja Down Syndrome Kosova - Predsednik Republike Kosovo - DR. VJOSA OSMANI - SADRIU -\" \/>\n<meta property=\"og:url\" content=\"https:\/\/president-ksgov.net\/fjalimi-i-presidentes-atifete-jahjaga-ne-mbremjen-e-bamiresise-te-shoqates-down-syndrome-kosova\/\" \/>\n<meta property=\"og:site_name\" content=\"Predsednik Republike Kosovo - DR. VJOSA OSMANI - SADRIU\" \/>\n<meta property=\"article:published_time\" content=\"2015-03-20T09:02:58+00:00\" \/>\n<meta property=\"article:modified_time\" content=\"2023-03-08T09:02:25+00:00\" \/>\n<meta property=\"og:image\" content=\"https:\/\/president-ksgov.net\/wp-content\/uploads\/20_03_2015_4779725_19_03_2015_7299671_19_03_2015_Fjalimi_1___.jpg\" \/>\n\t<meta property=\"og:image:width\" content=\"850\" \/>\n\t<meta property=\"og:image:height\" content=\"584\" \/>\n\t<meta property=\"og:image:type\" content=\"image\/jpeg\" \/>\n<meta name=\"author\" content=\"admin\" \/>\n<meta name=\"twitter:card\" content=\"summary_large_image\" \/>\n<meta name=\"twitter:label1\" content=\"\u041d\u0430\u043f\u0438\u0441\u0430\u043d\u043e \u043e\u0434\" \/>\n\t<meta name=\"twitter:data1\" content=\"admin\" \/>\n\t<meta name=\"twitter:label2\" content=\"\u041f\u0440\u043e\u0446\u0435\u045a\u0435\u043d\u043e \u0432\u0440\u0435\u043c\u0435 \u0447\u0438\u0442\u0430\u045a\u0430\" \/>\n\t<meta name=\"twitter:data2\" content=\"3 \u043c\u0438\u043d\u0443\u0442\u0430\" \/>\n<script type=\"application\/ld+json\" class=\"yoast-schema-graph\">{\"@context\":\"https:\/\/schema.org\",\"@graph\":[{\"@type\":\"WebPage\",\"@id\":\"https:\/\/president-ksgov.net\/fjalimi-i-presidentes-atifete-jahjaga-ne-mbremjen-e-bamiresise-te-shoqates-down-syndrome-kosova\/\",\"url\":\"https:\/\/president-ksgov.net\/fjalimi-i-presidentes-atifete-jahjaga-ne-mbremjen-e-bamiresise-te-shoqates-down-syndrome-kosova\/\",\"name\":\"Govor Predsednice Republike Kosovo, gospo\u0111a Atifete Jahjaga na ve\u010deru dobro\u010dinstva udru&#158;enja Down Syndrome Kosova - Predsednik Republike Kosovo - DR. VJOSA OSMANI - SADRIU\",\"isPartOf\":{\"@id\":\"https:\/\/president-ksgov.net\/#website\"},\"primaryImageOfPage\":{\"@id\":\"https:\/\/president-ksgov.net\/fjalimi-i-presidentes-atifete-jahjaga-ne-mbremjen-e-bamiresise-te-shoqates-down-syndrome-kosova\/#primaryimage\"},\"image\":{\"@id\":\"https:\/\/president-ksgov.net\/fjalimi-i-presidentes-atifete-jahjaga-ne-mbremjen-e-bamiresise-te-shoqates-down-syndrome-kosova\/#primaryimage\"},\"thumbnailUrl\":\"https:\/\/president-ksgov.net\/wp-content\/uploads\/20_03_2015_4779725_19_03_2015_7299671_19_03_2015_Fjalimi_1___.jpg\",\"datePublished\":\"2015-03-20T09:02:58+00:00\",\"dateModified\":\"2023-03-08T09:02:25+00:00\",\"author\":{\"@id\":\"https:\/\/president-ksgov.net\/#\/schema\/person\/bb4337a5fb147cb2046d80548172cbee\"},\"description\":\"Govor Predsednice Republike Kosovo, gospo\u0111a Atifete Jahjaga na ve\u010deru dobro\u010dinstva udru&#158;enja Down Syndrome Kosova - Predsednik Republike Kosovo - DR. VJOSA OSMANI - SADRIU -\",\"breadcrumb\":{\"@id\":\"https:\/\/president-ksgov.net\/fjalimi-i-presidentes-atifete-jahjaga-ne-mbremjen-e-bamiresise-te-shoqates-down-syndrome-kosova\/#breadcrumb\"},\"inLanguage\":\"sr-RS\",\"potentialAction\":[{\"@type\":\"ReadAction\",\"target\":[\"https:\/\/president-ksgov.net\/fjalimi-i-presidentes-atifete-jahjaga-ne-mbremjen-e-bamiresise-te-shoqates-down-syndrome-kosova\/\"]}]},{\"@type\":\"ImageObject\",\"inLanguage\":\"sr-RS\",\"@id\":\"https:\/\/president-ksgov.net\/fjalimi-i-presidentes-atifete-jahjaga-ne-mbremjen-e-bamiresise-te-shoqates-down-syndrome-kosova\/#primaryimage\",\"url\":\"https:\/\/president-ksgov.net\/wp-content\/uploads\/20_03_2015_4779725_19_03_2015_7299671_19_03_2015_Fjalimi_1___.jpg\",\"contentUrl\":\"https:\/\/president-ksgov.net\/wp-content\/uploads\/20_03_2015_4779725_19_03_2015_7299671_19_03_2015_Fjalimi_1___.jpg\",\"width\":850,\"height\":584},{\"@type\":\"BreadcrumbList\",\"@id\":\"https:\/\/president-ksgov.net\/fjalimi-i-presidentes-atifete-jahjaga-ne-mbremjen-e-bamiresise-te-shoqates-down-syndrome-kosova\/#breadcrumb\",\"itemListElement\":[{\"@type\":\"ListItem\",\"position\":1,\"name\":\"Home\",\"item\":\"https:\/\/president-ksgov.net\/sr\/\"},{\"@type\":\"ListItem\",\"position\":2,\"name\":\"Govor Predsednice Republike Kosovo, gospo\u0111a Atifete Jahjaga na ve\u010deru dobro\u010dinstva udru&#158;enja Down Syndrome Kosova\"}]},{\"@type\":\"WebSite\",\"@id\":\"https:\/\/president-ksgov.net\/#website\",\"url\":\"https:\/\/president-ksgov.net\/\",\"name\":\"Presidente e Republik\u00ebs s\u00eb Kosov\u00ebs\",\"description\":\"Presidente e Republik\u00ebs s\u00eb Kosov\u00ebs\",\"alternateName\":\"DR. VJOSA OSMANI - SADRIU\",\"potentialAction\":[{\"@type\":\"SearchAction\",\"target\":{\"@type\":\"EntryPoint\",\"urlTemplate\":\"https:\/\/president-ksgov.net\/?s={search_term_string}\"},\"query-input\":{\"@type\":\"PropertyValueSpecification\",\"valueRequired\":true,\"valueName\":\"search_term_string\"}}],\"inLanguage\":\"sr-RS\"},{\"@type\":\"Person\",\"@id\":\"https:\/\/president-ksgov.net\/#\/schema\/person\/bb4337a5fb147cb2046d80548172cbee\",\"name\":\"admin\",\"image\":{\"@type\":\"ImageObject\",\"inLanguage\":\"sr-RS\",\"@id\":\"https:\/\/president-ksgov.net\/#\/schema\/person\/image\/\",\"url\":\"https:\/\/secure.gravatar.com\/avatar\/36156ca0fa3b8d9d25174f146e16beea0cf28f37adf1b9e19b6c9c279a7c9dd3?s=96&d=mm&r=g\",\"contentUrl\":\"https:\/\/secure.gravatar.com\/avatar\/36156ca0fa3b8d9d25174f146e16beea0cf28f37adf1b9e19b6c9c279a7c9dd3?s=96&d=mm&r=g\",\"caption\":\"admin\"},\"sameAs\":[\"https:\/\/president-ksgov.net\"]}]}<\/script>\n<!-- \/ Yoast SEO plugin. -->","yoast_head_json":{"title":"Govor Predsednice Republike Kosovo, gospo\u0111a Atifete Jahjaga na ve\u010deru dobro\u010dinstva udru&#158;enja Down Syndrome Kosova - Predsednik Republike Kosovo - DR. VJOSA OSMANI - SADRIU","description":"Govor Predsednice Republike Kosovo, gospo\u0111a Atifete Jahjaga na ve\u010deru dobro\u010dinstva udru&#158;enja Down Syndrome Kosova - Predsednik Republike Kosovo - DR. VJOSA OSMANI - SADRIU -","robots":{"index":"index","follow":"follow","max-snippet":"max-snippet:-1","max-image-preview":"max-image-preview:large","max-video-preview":"max-video-preview:-1"},"canonical":"https:\/\/president-ksgov.net\/fjalimi-i-presidentes-atifete-jahjaga-ne-mbremjen-e-bamiresise-te-shoqates-down-syndrome-kosova\/","og_locale":"sr_RS","og_type":"article","og_title":"Govor Predsednice Republike Kosovo, gospo\u0111a Atifete Jahjaga na ve\u010deru dobro\u010dinstva udru&#158;enja Down Syndrome Kosova - Predsednik Republike Kosovo - DR. VJOSA OSMANI - SADRIU","og_description":"Govor Predsednice Republike Kosovo, gospo\u0111a Atifete Jahjaga na ve\u010deru dobro\u010dinstva udru&#158;enja Down Syndrome Kosova - Predsednik Republike Kosovo - DR. VJOSA OSMANI - SADRIU -","og_url":"https:\/\/president-ksgov.net\/fjalimi-i-presidentes-atifete-jahjaga-ne-mbremjen-e-bamiresise-te-shoqates-down-syndrome-kosova\/","og_site_name":"Predsednik Republike Kosovo - DR. VJOSA OSMANI - SADRIU","article_published_time":"2015-03-20T09:02:58+00:00","article_modified_time":"2023-03-08T09:02:25+00:00","og_image":[{"width":850,"height":584,"url":"https:\/\/president-ksgov.net\/wp-content\/uploads\/20_03_2015_4779725_19_03_2015_7299671_19_03_2015_Fjalimi_1___.jpg","type":"image\/jpeg"}],"author":"admin","twitter_card":"summary_large_image","twitter_misc":{"\u041d\u0430\u043f\u0438\u0441\u0430\u043d\u043e \u043e\u0434":"admin","\u041f\u0440\u043e\u0446\u0435\u045a\u0435\u043d\u043e \u0432\u0440\u0435\u043c\u0435 \u0447\u0438\u0442\u0430\u045a\u0430":"3 \u043c\u0438\u043d\u0443\u0442\u0430"},"schema":{"@context":"https:\/\/schema.org","@graph":[{"@type":"WebPage","@id":"https:\/\/president-ksgov.net\/fjalimi-i-presidentes-atifete-jahjaga-ne-mbremjen-e-bamiresise-te-shoqates-down-syndrome-kosova\/","url":"https:\/\/president-ksgov.net\/fjalimi-i-presidentes-atifete-jahjaga-ne-mbremjen-e-bamiresise-te-shoqates-down-syndrome-kosova\/","name":"Govor Predsednice Republike Kosovo, gospo\u0111a Atifete Jahjaga na ve\u010deru dobro\u010dinstva udru&#158;enja Down Syndrome Kosova - Predsednik Republike Kosovo - DR. VJOSA OSMANI - SADRIU","isPartOf":{"@id":"https:\/\/president-ksgov.net\/#website"},"primaryImageOfPage":{"@id":"https:\/\/president-ksgov.net\/fjalimi-i-presidentes-atifete-jahjaga-ne-mbremjen-e-bamiresise-te-shoqates-down-syndrome-kosova\/#primaryimage"},"image":{"@id":"https:\/\/president-ksgov.net\/fjalimi-i-presidentes-atifete-jahjaga-ne-mbremjen-e-bamiresise-te-shoqates-down-syndrome-kosova\/#primaryimage"},"thumbnailUrl":"https:\/\/president-ksgov.net\/wp-content\/uploads\/20_03_2015_4779725_19_03_2015_7299671_19_03_2015_Fjalimi_1___.jpg","datePublished":"2015-03-20T09:02:58+00:00","dateModified":"2023-03-08T09:02:25+00:00","author":{"@id":"https:\/\/president-ksgov.net\/#\/schema\/person\/bb4337a5fb147cb2046d80548172cbee"},"description":"Govor Predsednice Republike Kosovo, gospo\u0111a Atifete Jahjaga na ve\u010deru dobro\u010dinstva udru&#158;enja Down Syndrome Kosova - Predsednik Republike Kosovo - DR. VJOSA OSMANI - SADRIU -","breadcrumb":{"@id":"https:\/\/president-ksgov.net\/fjalimi-i-presidentes-atifete-jahjaga-ne-mbremjen-e-bamiresise-te-shoqates-down-syndrome-kosova\/#breadcrumb"},"inLanguage":"sr-RS","potentialAction":[{"@type":"ReadAction","target":["https:\/\/president-ksgov.net\/fjalimi-i-presidentes-atifete-jahjaga-ne-mbremjen-e-bamiresise-te-shoqates-down-syndrome-kosova\/"]}]},{"@type":"ImageObject","inLanguage":"sr-RS","@id":"https:\/\/president-ksgov.net\/fjalimi-i-presidentes-atifete-jahjaga-ne-mbremjen-e-bamiresise-te-shoqates-down-syndrome-kosova\/#primaryimage","url":"https:\/\/president-ksgov.net\/wp-content\/uploads\/20_03_2015_4779725_19_03_2015_7299671_19_03_2015_Fjalimi_1___.jpg","contentUrl":"https:\/\/president-ksgov.net\/wp-content\/uploads\/20_03_2015_4779725_19_03_2015_7299671_19_03_2015_Fjalimi_1___.jpg","width":850,"height":584},{"@type":"BreadcrumbList","@id":"https:\/\/president-ksgov.net\/fjalimi-i-presidentes-atifete-jahjaga-ne-mbremjen-e-bamiresise-te-shoqates-down-syndrome-kosova\/#breadcrumb","itemListElement":[{"@type":"ListItem","position":1,"name":"Home","item":"https:\/\/president-ksgov.net\/sr\/"},{"@type":"ListItem","position":2,"name":"Govor Predsednice Republike Kosovo, gospo\u0111a Atifete Jahjaga na ve\u010deru dobro\u010dinstva udru&#158;enja Down Syndrome Kosova"}]},{"@type":"WebSite","@id":"https:\/\/president-ksgov.net\/#website","url":"https:\/\/president-ksgov.net\/","name":"Presidente e Republik\u00ebs s\u00eb Kosov\u00ebs","description":"Presidente e Republik\u00ebs s\u00eb Kosov\u00ebs","alternateName":"DR. VJOSA OSMANI - SADRIU","potentialAction":[{"@type":"SearchAction","target":{"@type":"EntryPoint","urlTemplate":"https:\/\/president-ksgov.net\/?s={search_term_string}"},"query-input":{"@type":"PropertyValueSpecification","valueRequired":true,"valueName":"search_term_string"}}],"inLanguage":"sr-RS"},{"@type":"Person","@id":"https:\/\/president-ksgov.net\/#\/schema\/person\/bb4337a5fb147cb2046d80548172cbee","name":"admin","image":{"@type":"ImageObject","inLanguage":"sr-RS","@id":"https:\/\/president-ksgov.net\/#\/schema\/person\/image\/","url":"https:\/\/secure.gravatar.com\/avatar\/36156ca0fa3b8d9d25174f146e16beea0cf28f37adf1b9e19b6c9c279a7c9dd3?s=96&d=mm&r=g","contentUrl":"https:\/\/secure.gravatar.com\/avatar\/36156ca0fa3b8d9d25174f146e16beea0cf28f37adf1b9e19b6c9c279a7c9dd3?s=96&d=mm&r=g","caption":"admin"},"sameAs":["https:\/\/president-ksgov.net"]}]}},"_links":{"self":[{"href":"https:\/\/president-ksgov.net\/sr\/wp-json\/wp\/v2\/posts\/77442","targetHints":{"allow":["GET"]}}],"collection":[{"href":"https:\/\/president-ksgov.net\/sr\/wp-json\/wp\/v2\/posts"}],"about":[{"href":"https:\/\/president-ksgov.net\/sr\/wp-json\/wp\/v2\/types\/post"}],"author":[{"embeddable":true,"href":"https:\/\/president-ksgov.net\/sr\/wp-json\/wp\/v2\/users\/1"}],"replies":[{"embeddable":true,"href":"https:\/\/president-ksgov.net\/sr\/wp-json\/wp\/v2\/comments?post=77442"}],"version-history":[{"count":1,"href":"https:\/\/president-ksgov.net\/sr\/wp-json\/wp\/v2\/posts\/77442\/revisions"}],"predecessor-version":[{"id":81637,"href":"https:\/\/president-ksgov.net\/sr\/wp-json\/wp\/v2\/posts\/77442\/revisions\/81637"}],"wp:featuredmedia":[{"embeddable":true,"href":"https:\/\/president-ksgov.net\/sr\/wp-json\/wp\/v2\/media\/41116"}],"wp:attachment":[{"href":"https:\/\/president-ksgov.net\/sr\/wp-json\/wp\/v2\/media?parent=77442"}],"wp:term":[{"taxonomy":"category","embeddable":true,"href":"https:\/\/president-ksgov.net\/sr\/wp-json\/wp\/v2\/categories?post=77442"},{"taxonomy":"post_tag","embeddable":true,"href":"https:\/\/president-ksgov.net\/sr\/wp-json\/wp\/v2\/tags?post=77442"}],"curies":[{"name":"wp","href":"https:\/\/api.w.org\/{rel}","templated":true}]}}