{"id":77440,"date":"2015-03-20T10:17:27","date_gmt":"2015-03-20T10:17:27","guid":{"rendered":"https:\/\/dev.president-ksgov.net\/govor-predsednice-jahjaga-na-sastanku-nacionalnog-saveta-za-preivele-seksualnog-nasilja-tokom-rata\/"},"modified":"2023-03-08T09:02:25","modified_gmt":"2023-03-08T09:02:25","slug":"govor-predsednice-jahjaga-na-sastanku-nacionalnog-saveta-za-preivele-seksualnog-nasilja-tokom-rata","status":"publish","type":"post","link":"https:\/\/president-ksgov.net\/sr\/govor-predsednice-jahjaga-na-sastanku-nacionalnog-saveta-za-preivele-seksualnog-nasilja-tokom-rata\/","title":{"rendered":"Govor Predsednice Jahjaga na sastanku Nacionalnog Saveta za Pre&#158;ivele seksualnog nasilja tokom rata"},"content":{"rendered":"<p>Dobrodo&#353;li na tre\u0107em sastanku Nacionalnog Saveta za Pre&#382;ivele seksualnog nasilja tokom rata koji bele&#382;i prvu godi&#353;njicu formiranja Saveta.<\/p>\n<p>Po&#353;tovani u\u010desnici,<\/p>\n<p>Dobrodo&#353;li na tre\u0107em sastanku Nacionalnog Saveta za Pre&#382;ivele seksualnog nasilja tokom rata koji bele&#382;i prvu godi&#353;njicu formiranja Saveta.<\/p>\n<p>Pre jedne godine posebnim dekretom formirala sam ne precedentni koordinacioni institucionalni i dru&#353;tveni mehanizam, oslanjaju\u0107i se na aktualnu potrebu da mi kao dru&#353;tvo imamo adresiranje &#382;rtava seksualnog nasilja tokom rata.<\/p>\n<p>Pro&#353;lo je 15 godina od kraja rata, a tema ove kategorije civilnih &#382;rtava rata nastavlja ostati tabu tema, gde krivica ove velike nepravde nastavlja teretiti nad &#382;rtvama.<\/p>\n<p>Bili su glasovi organizacija &#382;ena oni koji su jo&#353; prvih momenata poku&#353;ali razbiti\u00a0 &#353;utnju kojom je prikrivena ovu ratna posledica, koje su nalazile podr&#353;ku pobornika pravde koji su smeli otvoreno progovoriti. Ali jo&#353; uvek, 15 godina posle rata, rasprave koje se vode unutar na&#353;eg dru&#353;tva odra&#382;avaju duboku ljagu\/stigmu, i do poricanja ove te&#353;ke ratne istine.<\/p>\n<p>Bilo vreme da jednoglasno institucije i dru&#353;tvo objave da se zbio ovaj ratni zlo\u010din, i da se zajedno suo\u010dimo sa te&#353;kim posledicama koje je ovaj zlo\u010din ostavio za sobom, ne samo za njegove &#382;rtve, nego za sve nas.<br \/>\nJo&#353; u prvim koracima, vi institucije zemlje, nevladine i me\u0111unarodne organizacije, vi gra\u0111ani na&#353;e zemlje, ste izrazili posve\u0107enje i odlu\u010dnost za podr&#382;avanje ove zajedni\u010dke inicijative koja se vodi misijom uspostavljanja mira za ravnopravne gra\u0111ane na&#353;e zemlje koji su bili &#382;rtve jedne od jezivih ratnih sredstava.<\/p>\n<p>Jo&#353; od pro&#353;le godine mogu sa potpunim ube\u0111enjem re\u0107i, da smo zajedno uspeli otvoriti jedno novo poglavlje, koje ima samo jedan pravac, onaj o garantovanju i pru&#382;anju prava &#382;rtvama seksualnog nasilja tokom rata kao njene civilne &#382;rtve.\u00a0 <\/p>\n<p>Zajedno smo uspeli vratiti pitanje rehabilitacije, re integracije i re socijalizacije pre&#382;ivelih seksualnog nasilja tokom rata, u jednu temu koja sve vi&#353;e zauzima mesto u centralne i lokalne politike, na jednu temu za koju smo mi kao dru&#353;tvo ve\u0107 po\u010deli da otvoreno progovorimo.<\/p>\n<p>Suo\u010davanje sa ovom ratnom posledicom nije lako ali nije nemogu\u0107e, sa odlu\u010dno&#353;\u0107u, sa podr&#353;kom i potrebnom spremno&#353;\u0107u \u0107emo uspeti da pre&#382;ivelim i njihovim porodicama pru&#382;imo mogu\u0107nost za bezbednu i mirnu budu\u0107nost, kao &#353;to smo ve\u0107 po\u010deli \u010diniti. <\/p>\n<p>Dana 20 marta pro&#353;le godine, usvajanje nacrt zakona u Skup&#353;tini je bele&#382;io va&#382;an korak priznanja zakonskog statusa &#382;rtve seksualnog nasilja kao civilne &#382;rtve rata. Jedan korak koji nas postavlja pred zadatkom da preduzmemo sve potrebne mere za sastavljanje neophodnih podzakonskih akata u skladu sa zakonom, radi pru&#382;anja pre&#382;ivelim seksualnog nasilja tokom rata njegovo potpuno njegovo sprovo\u0111enje i profita koje on predvi\u0111a.<\/p>\n<p>Radna grupa formirana pro&#353;le godine na zahtev mog Ureda, nastavlja raditi na sastavljanju potrebnih administrativnih uputstava i putokaza za podno&#353;enje zahteva, koje \u0107e omogu\u0107iti formiranje Vladine Komisije za potvr\u0111ivanje i priznanje statusa &#382;rtava seksualnog nasilja tokom rata kao &#353;to je predvi\u0111eno zakonom. Jedan proces koji je imao podr&#353;ku doma\u0107ih i me\u0111unarodnih eksperata, predvo\u0111enog svakog momenta od na\u010dela pru&#382;anja jednog dostojanstvenog procesa apliciranja u skladu sa najboljom me\u0111unarodnom praksom prilago\u0111avaju\u0107i se specifi\u010dnostima na&#353;eg dru&#353;tva.<\/p>\n<p>Ube\u0111ena sam da dok se pribli&#382;avamo zavr&#353;nim pripremnim fazama, koje imaju za cilj da rok od 5 godina, predvi\u0111en zakonom, da potpuno slu&#382;i procesu aplikacije, vlada \u0107e nastaviti preduzeti sve potrebne mere, uklju\u010duju\u0107i bud&#382;etske stavke za omogu\u0107avanje potpunog sprovo\u0111enja zakona i iniciranje procesa potvr\u0111ivanja i priznanja statusa &#382;rtava seksualnog nasilja tokom rata.\u00a0 <\/p>\n<p>Po&#353;tovani u\u010desnici,<br \/>\nKada smo ovo pokrenuli, bilo nam je jadno da rehabilitacija podrazumeva vi&#353;e od zakonskog priznanja, podrazumeva i psiho-socijalnu pomo\u0107, pristup zdravstvenim uslugama, pristup pravdi, podrazumeva ekonomsko ja\u010danje, suzbijanje stigme\/ljage. <\/p>\n<p>Na drugom sastanku ovog Saveta formirali smo radnu grupu kao koordinacionu strukturu za adresiranje svih ovih pitanja, koje su, na osnovu nadle&#382;nosti obuhva\u0107enih institucija i\u00a0 organizacija, preduzele konkretne mere u pravcu pobolj&#353;anja &#382;ivota i pru&#382;anja potrebnih usluga za pre&#382;ivele seksualnog nasilja tokom rata.<br \/>\nOve radne grupe su predvo\u0111ene od cilja da ja\u010daju postoje\u0107e mehanizme, da pove\u0107aju dru&#353;tvenu svest, da identifikuju i koordiniraju aktivnosti koje ipodr&#382;avaju psiho-socijalnu rehabilitaciju i omogu\u0107avaju ekonomsko ja\u010danje, i da utvr\u0111uju politike za sprovo\u0111enje zakonodavne agende za podr&#353;ku pre&#382;ivelim &#382;rtvama.<\/p>\n<p>U na&#353;em kretanju priklju\u010dili smo se va&#382;nim me\u0111unarodnim inicijativama koje predvode misiju spre\u010davanja ove forme torture u konfliktima. Priklju\u010dili smo se inicijativi pokrenutoj od biv&#353;eg Sekretara Ujedinjenog Kraljevstva, g. William Hague i specijalna poslanica Ujedinjenih Nacija, g\u0111e. Angeline Jolie, gde smo pru&#382;ili na&#353; doprinos za sastavljanje Me\u0111unarodnog Protokola, i nalazili smo njihovu podr&#353;ku, na koju i dalje ra\u010dunamo.<\/p>\n<p>Ova inicijativa, u junu pro&#353;le godine je organizovala najve\u0107i Svetski Samit koji je ponovo afirmirao jednom zauvek veliku istinu, da seksualno nasilje je ratno sredstvo koje poga\u0111a dru&#353;tva u konfliktu &#353;irom sveta.<br \/>\nNa&#353; cilj je da spre\u010dimo ovo ratno sredstvo ne dozvoljavaju\u0107i da krivica ovoga te&#353;kog zlo\u010dina tereti nad njenim &#382;rtvama. Mi jesmo i bi\u0107emo posve\u0107eni dovesti pravdu za ove zlo\u010dine i osta\u0107emo posve\u0107eni da ovi zlo\u010dini ne ostaju neka&#382;njeni, i da se istiniti krivci dovode pred pravdom.<\/p>\n<p>U mnogo sastanaka koje sam imala van zemlje, pokrenula sam pitanje ove ratne posledice, zahtevaju\u0107i me\u0111unarodno priznanje izvr&#353;enog zlo\u010dina nad nedu&#382;nim gra\u0111anima Kosova, gde sam nai&#353;la na podr&#353;ku na&#353;ih prijatelja.<\/p>\n<p>Jedan od njih jeste Fondacija Sungjoo koji je namenski dodelio jedan poseban fond za ekonomsko ja\u010danje &#382;ena civilne &#382;rtve rata. Uz podr&#353;ku ovog Fonda, uspeli smo da zajedno uspostavimo savez saradnje i podr&#353;ke izme\u0111u nevladinih organizacija, onih me\u0111unarodnih i lokalnoga nivoa radi pokretanja projekata ekonomskog ja\u010danja civilnih &#382;rtava rata, njihovim integriranjem u postoje\u0107e programe koji omogu\u0107avaju upravo proces njihove re-integracije i re-socijalizacije, &#353;ta vi&#353;e otvorena su im vrata u pravcu ekonomskog<br \/>\nblagostanja cele porodice.<\/p>\n<p>Takvi projekti koji ciljaju ekonomsko ja\u010danje pre&#382;ivelih seksualnog nasilja tokom rata \u0107e nastaviti podr&#382;ati proces psiho-socijalne rehabilitacije tokom celog vremena, kao ustrajan na\u010din za garantovanje pru&#382;anja mogu\u0107nosti za bolji &#382;ivot za deo dru&#353;tva.<\/p>\n<p>Zato i upu\u0107ujem poziv svim lokalnim i centralnim institucijama da pru&#382;e svoju\u00a0 podr&#353;ku, da razmatramo mogu\u0107nosti njihove integracije u raznim programima i da poklonimo posebnu pa&#382;nju ovoj osetljivoj kategoriji na&#353;eg dru&#353;tva.<\/p>\n<p>Omogu\u0107avanje pristupa zdravstvenim uslugama jeste jedan drugi neophodni\u00a0 prioritet za adresiranje rehabilitaciju &#382;rtava seksualnog nasilja tokom rata. Jedan deo njih se vi&#353;e ne nalazi me\u0111u nama od rana nasilja izvr&#353;enog nad njima. Jedan velik deo njih nastavljaju ispa&#353;tati te&#353;ke zdravstvene posledice ovoga zlo\u010dina.<\/p>\n<p>Kao deo stalnih konsultacija i upoznavanja sa ovom potrebom, Ministarstvo\u00a0 zdravstva donelo je odluku o formiranju radne grupe u cilju preduzimanja potrebnih mera, uklju\u010duju\u0107i i one zakonodavne, za omogu\u0107avanje pristupa efikasnim i kvalitetnim zdravstvenim uslugama za pre&#382;ivele seksualnog nasilja tokom rata. Ube\u0111ena sam i o\u010dekujem od Ministra da nastavlja podr&#353;ku za intenziviranje rada ove grupe i posve\u0107enje za preduzimanje konkretnih postupaka za ispunjavanje obaveze i institucionalne odgovornosti za pobolj&#353;anje &#382;ivota ovih gra\u0111ana na&#353;e zemlje.<\/p>\n<p>Po&#353;tovani u\u010desnici,<br \/>\nPosledice ovog mizernog zlo\u010dina \u0107e nastaviti pratiti na&#353;e dru&#353;tvo celih niz godina, ali mi trebamo da se osiguramo da rane ove ratne posledice na prenesemo i budu\u0107im generacijama, mi treba da spre\u010dimo do ova posledica poga\u0111a budu\u0107nost na&#353;eg dru&#353;tva, na&#353;e dece.<\/p>\n<p>Mnogo smo radili radi podizanja dru&#353;tvene svesti o ovom zlo\u010dinu, organizovanjem doga\u0111aja u okviru doma\u0107ih i me\u0111unarodnih inicijativa, dobili smo i podr&#353;ku i zajednice umetnika koji su ponudili svoj rad za ovaj cilj, kao ekipa filma &#8220;Tri prozora je Jedno Ve&#353;anje&#8220;. Ovako \u0107emo nastaviti i u budu\u0107e.<\/p>\n<p>Po&#353;to smo svesni da slamanje stigme jeste klju\u010dno za garantovanje apliciranja za zakonito priznanje, je klju\u010dno za njihovu rehabilitaciju, re-integraciju i re-socijalizaciju, klju\u010dno je za ekonomski razvoj, klju\u010dno je za okon\u010danje procesa izgradnje mira u na&#353;u zemlju.<\/p>\n<p>Po&#353;tovani u\u010desnici,<\/p>\n<p>Me\u0111u sektorska i dru&#353;tvena koordinacija ostvarena\u00a0 tokom ove godine je dokazala da zajedni\u010dki mo&#382;emo popraviti &#382;ivot na&#353;ih gra\u0111ana i da menjamo njihovu realnost. U moj Ured je dostiglo zahteva\u00a0 podr&#382;anih od ve\u0107eg broja institucija, doma\u0107ih i me\u0111unarodnih organizacija i zahteva artikuliranih direktno od pre&#382;ivelih, sa jedinim zahtevom da ovaj Savet ne treba da prestaje sa radom\u00a0 njegovim jednogodi&#353;njim radom. <\/p>\n<p>Oslanjaju\u0107i se na ove zahteve, na njihove potrebe, deo kojih sam li\u010dno srela, odlu\u010dila sam da ovaj da ovaj Savet nastavlja i nadalje svojim intenzivnim radom. <\/p>\n<p>&#381;elim se zahvaliti svim akterima koji su podr&#382;ali ovaj proces tokom jednogodi&#353;njeg rada. Ne samo tokom ove godine intenzivnog rada, nego tokom \u010detiri godine od kada sam u moj Ured. Jo&#353; prve nedelje rada, ja sam intenzivno radila sa svim nevladinim organizacijama i potom smo nastavili institucionalnim radom. &#381;elim se zahvaliti Ambasadi Ujedinjenog Kraljevstva i Ameri\u010dkoj Ambasadi, me\u0111unarodnim organizacijama kao &#353;to su UNWOMEN i OHCHF i Konsula Vlora \u010citaku, biv&#353;u Ministarku za Evropsku Integraciju za va&#382;nu ulogu koju je odigrala u ovome pravcu. O\u010dekujem od svih vas da nastavljate va&#353;e neprekidnu podr&#353;ku, sa jedinim ciljem da svim gra\u0111anima pru&#382;imo jedno ravnopravno tretiranje i jedan ravnopravan pristup.<br \/>\nU ovu diskusiju, ja sam \u010desto rekla: Nema mi i one. Jesmo mi i jesmo jedni!<\/p>\n<p>Odavde se &#382;elim obratiti svim onim prijateljicama, svim onim gospo\u0111ama,\u00a0 njihovim porodicama, njihovim najdra&#382;ima i prijateljima, svim institucijama zemlje da mi trebamo nastaviti na&#353;u podr&#353;ku i pomo\u0107, ne samo li\u010dnu, ljudsku, koja je obaveza svakog od nas, nego i jedna institucionalna podr&#353;ka, dok ovo ne bude tabu tema, i da ne bude i nadalje stigmatizovani deo od na&#353;eg dru&#353;tva.\u00a0 <\/p>\n<p>Hvala vam!<\/p>\n","protected":false},"excerpt":{"rendered":"<p>Dobrodo&#353;li na tre\u0107em sastanku Nacionalnog Saveta za Pre&#382;ivele seksualnog nasilja tokom rata koji bele&#382;i prvu godi&#353;njicu formiranja Saveta.<\/p>\n","protected":false},"author":1,"featured_media":41084,"comment_status":"open","ping_status":"closed","sticky":false,"template":"","format":"standard","meta":{"_eb_attr":"","footnotes":""},"categories":[106],"tags":[],"class_list":["post-77440","post","type-post","status-publish","format-standard","has-post-thumbnail","hentry","category-govori"],"yoast_head":"<!-- This site is optimized with the Yoast SEO plugin v23.5 - https:\/\/yoast.com\/wordpress\/plugins\/seo\/ -->\n<title>Govor Predsednice Jahjaga na sastanku Nacionalnog Saveta za Pre&#158;ivele seksualnog nasilja tokom rata - Predsednik Republike Kosovo - DR. VJOSA OSMANI - SADRIU<\/title>\n<meta name=\"description\" content=\"Govor Predsednice Jahjaga na sastanku Nacionalnog Saveta za Pre&#158;ivele seksualnog nasilja tokom rata - Predsednik Republike Kosovo - DR. VJOSA OSMANI - SADRIU -\" \/>\n<meta name=\"robots\" content=\"index, follow, max-snippet:-1, max-image-preview:large, max-video-preview:-1\" \/>\n<link rel=\"canonical\" href=\"https:\/\/president-ksgov.net\/fjalimi-i-presidentes-jahjaga-ne-takimin-e-keshillit-kombetar-per-te-mbijetuarit-e-dhunes-seksuale-gjate-luftes\/\" \/>\n<meta property=\"og:locale\" content=\"sr_RS\" \/>\n<meta property=\"og:type\" content=\"article\" \/>\n<meta property=\"og:title\" content=\"Govor Predsednice Jahjaga na sastanku Nacionalnog Saveta za Pre&#158;ivele seksualnog nasilja tokom rata - Predsednik Republike Kosovo - DR. VJOSA OSMANI - SADRIU\" \/>\n<meta property=\"og:description\" content=\"Govor Predsednice Jahjaga na sastanku Nacionalnog Saveta za Pre&#158;ivele seksualnog nasilja tokom rata - Predsednik Republike Kosovo - DR. VJOSA OSMANI - SADRIU -\" \/>\n<meta property=\"og:url\" content=\"https:\/\/president-ksgov.net\/fjalimi-i-presidentes-jahjaga-ne-takimin-e-keshillit-kombetar-per-te-mbijetuarit-e-dhunes-seksuale-gjate-luftes\/\" \/>\n<meta property=\"og:site_name\" content=\"Predsednik Republike Kosovo - DR. VJOSA OSMANI - SADRIU\" \/>\n<meta property=\"article:published_time\" content=\"2015-03-20T10:17:27+00:00\" \/>\n<meta property=\"article:modified_time\" content=\"2023-03-08T09:02:25+00:00\" \/>\n<meta property=\"og:image\" content=\"https:\/\/president-ksgov.net\/wp-content\/uploads\/20_03_2015_9848959_20_03_2015_Fjala_ne_Keshilll_0.jpg\" \/>\n\t<meta property=\"og:image:width\" content=\"1000\" \/>\n\t<meta property=\"og:image:height\" content=\"546\" \/>\n\t<meta property=\"og:image:type\" content=\"image\/jpeg\" \/>\n<meta name=\"author\" content=\"admin\" \/>\n<meta name=\"twitter:card\" content=\"summary_large_image\" \/>\n<meta name=\"twitter:label1\" content=\"\u041d\u0430\u043f\u0438\u0441\u0430\u043d\u043e \u043e\u0434\" \/>\n\t<meta name=\"twitter:data1\" content=\"admin\" \/>\n\t<meta name=\"twitter:label2\" content=\"\u041f\u0440\u043e\u0446\u0435\u045a\u0435\u043d\u043e \u0432\u0440\u0435\u043c\u0435 \u0447\u0438\u0442\u0430\u045a\u0430\" \/>\n\t<meta name=\"twitter:data2\" content=\"9 \u043c\u0438\u043d\u0443\u0442\u0430\" \/>\n<script type=\"application\/ld+json\" class=\"yoast-schema-graph\">{\"@context\":\"https:\/\/schema.org\",\"@graph\":[{\"@type\":\"WebPage\",\"@id\":\"https:\/\/president-ksgov.net\/fjalimi-i-presidentes-jahjaga-ne-takimin-e-keshillit-kombetar-per-te-mbijetuarit-e-dhunes-seksuale-gjate-luftes\/\",\"url\":\"https:\/\/president-ksgov.net\/fjalimi-i-presidentes-jahjaga-ne-takimin-e-keshillit-kombetar-per-te-mbijetuarit-e-dhunes-seksuale-gjate-luftes\/\",\"name\":\"Govor Predsednice Jahjaga na sastanku Nacionalnog Saveta za Pre&#158;ivele seksualnog nasilja tokom rata - Predsednik Republike Kosovo - DR. VJOSA OSMANI - SADRIU\",\"isPartOf\":{\"@id\":\"https:\/\/president-ksgov.net\/#website\"},\"primaryImageOfPage\":{\"@id\":\"https:\/\/president-ksgov.net\/fjalimi-i-presidentes-jahjaga-ne-takimin-e-keshillit-kombetar-per-te-mbijetuarit-e-dhunes-seksuale-gjate-luftes\/#primaryimage\"},\"image\":{\"@id\":\"https:\/\/president-ksgov.net\/fjalimi-i-presidentes-jahjaga-ne-takimin-e-keshillit-kombetar-per-te-mbijetuarit-e-dhunes-seksuale-gjate-luftes\/#primaryimage\"},\"thumbnailUrl\":\"https:\/\/president-ksgov.net\/wp-content\/uploads\/20_03_2015_9848959_20_03_2015_Fjala_ne_Keshilll_0.jpg\",\"datePublished\":\"2015-03-20T10:17:27+00:00\",\"dateModified\":\"2023-03-08T09:02:25+00:00\",\"author\":{\"@id\":\"https:\/\/president-ksgov.net\/#\/schema\/person\/bb4337a5fb147cb2046d80548172cbee\"},\"description\":\"Govor Predsednice Jahjaga na sastanku Nacionalnog Saveta za Pre&#158;ivele seksualnog nasilja tokom rata - Predsednik Republike Kosovo - DR. VJOSA OSMANI - SADRIU -\",\"breadcrumb\":{\"@id\":\"https:\/\/president-ksgov.net\/fjalimi-i-presidentes-jahjaga-ne-takimin-e-keshillit-kombetar-per-te-mbijetuarit-e-dhunes-seksuale-gjate-luftes\/#breadcrumb\"},\"inLanguage\":\"sr-RS\",\"potentialAction\":[{\"@type\":\"ReadAction\",\"target\":[\"https:\/\/president-ksgov.net\/fjalimi-i-presidentes-jahjaga-ne-takimin-e-keshillit-kombetar-per-te-mbijetuarit-e-dhunes-seksuale-gjate-luftes\/\"]}]},{\"@type\":\"ImageObject\",\"inLanguage\":\"sr-RS\",\"@id\":\"https:\/\/president-ksgov.net\/fjalimi-i-presidentes-jahjaga-ne-takimin-e-keshillit-kombetar-per-te-mbijetuarit-e-dhunes-seksuale-gjate-luftes\/#primaryimage\",\"url\":\"https:\/\/president-ksgov.net\/wp-content\/uploads\/20_03_2015_9848959_20_03_2015_Fjala_ne_Keshilll_0.jpg\",\"contentUrl\":\"https:\/\/president-ksgov.net\/wp-content\/uploads\/20_03_2015_9848959_20_03_2015_Fjala_ne_Keshilll_0.jpg\",\"width\":1000,\"height\":546},{\"@type\":\"BreadcrumbList\",\"@id\":\"https:\/\/president-ksgov.net\/fjalimi-i-presidentes-jahjaga-ne-takimin-e-keshillit-kombetar-per-te-mbijetuarit-e-dhunes-seksuale-gjate-luftes\/#breadcrumb\",\"itemListElement\":[{\"@type\":\"ListItem\",\"position\":1,\"name\":\"Home\",\"item\":\"https:\/\/president-ksgov.net\/sr\/\"},{\"@type\":\"ListItem\",\"position\":2,\"name\":\"Govor Predsednice Jahjaga na sastanku Nacionalnog Saveta za Pre&#158;ivele seksualnog nasilja tokom rata\"}]},{\"@type\":\"WebSite\",\"@id\":\"https:\/\/president-ksgov.net\/#website\",\"url\":\"https:\/\/president-ksgov.net\/\",\"name\":\"Presidente e Republik\u00ebs s\u00eb Kosov\u00ebs\",\"description\":\"Presidente e Republik\u00ebs s\u00eb Kosov\u00ebs\",\"alternateName\":\"DR. VJOSA OSMANI - SADRIU\",\"potentialAction\":[{\"@type\":\"SearchAction\",\"target\":{\"@type\":\"EntryPoint\",\"urlTemplate\":\"https:\/\/president-ksgov.net\/?s={search_term_string}\"},\"query-input\":{\"@type\":\"PropertyValueSpecification\",\"valueRequired\":true,\"valueName\":\"search_term_string\"}}],\"inLanguage\":\"sr-RS\"},{\"@type\":\"Person\",\"@id\":\"https:\/\/president-ksgov.net\/#\/schema\/person\/bb4337a5fb147cb2046d80548172cbee\",\"name\":\"admin\",\"image\":{\"@type\":\"ImageObject\",\"inLanguage\":\"sr-RS\",\"@id\":\"https:\/\/president-ksgov.net\/#\/schema\/person\/image\/\",\"url\":\"https:\/\/secure.gravatar.com\/avatar\/36156ca0fa3b8d9d25174f146e16beea0cf28f37adf1b9e19b6c9c279a7c9dd3?s=96&d=mm&r=g\",\"contentUrl\":\"https:\/\/secure.gravatar.com\/avatar\/36156ca0fa3b8d9d25174f146e16beea0cf28f37adf1b9e19b6c9c279a7c9dd3?s=96&d=mm&r=g\",\"caption\":\"admin\"},\"sameAs\":[\"https:\/\/president-ksgov.net\"]}]}<\/script>\n<!-- \/ Yoast SEO plugin. -->","yoast_head_json":{"title":"Govor Predsednice Jahjaga na sastanku Nacionalnog Saveta za Pre&#158;ivele seksualnog nasilja tokom rata - Predsednik Republike Kosovo - DR. VJOSA OSMANI - SADRIU","description":"Govor Predsednice Jahjaga na sastanku Nacionalnog Saveta za Pre&#158;ivele seksualnog nasilja tokom rata - Predsednik Republike Kosovo - DR. VJOSA OSMANI - SADRIU -","robots":{"index":"index","follow":"follow","max-snippet":"max-snippet:-1","max-image-preview":"max-image-preview:large","max-video-preview":"max-video-preview:-1"},"canonical":"https:\/\/president-ksgov.net\/fjalimi-i-presidentes-jahjaga-ne-takimin-e-keshillit-kombetar-per-te-mbijetuarit-e-dhunes-seksuale-gjate-luftes\/","og_locale":"sr_RS","og_type":"article","og_title":"Govor Predsednice Jahjaga na sastanku Nacionalnog Saveta za Pre&#158;ivele seksualnog nasilja tokom rata - Predsednik Republike Kosovo - DR. VJOSA OSMANI - SADRIU","og_description":"Govor Predsednice Jahjaga na sastanku Nacionalnog Saveta za Pre&#158;ivele seksualnog nasilja tokom rata - Predsednik Republike Kosovo - DR. VJOSA OSMANI - SADRIU -","og_url":"https:\/\/president-ksgov.net\/fjalimi-i-presidentes-jahjaga-ne-takimin-e-keshillit-kombetar-per-te-mbijetuarit-e-dhunes-seksuale-gjate-luftes\/","og_site_name":"Predsednik Republike Kosovo - DR. VJOSA OSMANI - SADRIU","article_published_time":"2015-03-20T10:17:27+00:00","article_modified_time":"2023-03-08T09:02:25+00:00","og_image":[{"width":1000,"height":546,"url":"https:\/\/president-ksgov.net\/wp-content\/uploads\/20_03_2015_9848959_20_03_2015_Fjala_ne_Keshilll_0.jpg","type":"image\/jpeg"}],"author":"admin","twitter_card":"summary_large_image","twitter_misc":{"\u041d\u0430\u043f\u0438\u0441\u0430\u043d\u043e \u043e\u0434":"admin","\u041f\u0440\u043e\u0446\u0435\u045a\u0435\u043d\u043e \u0432\u0440\u0435\u043c\u0435 \u0447\u0438\u0442\u0430\u045a\u0430":"9 \u043c\u0438\u043d\u0443\u0442\u0430"},"schema":{"@context":"https:\/\/schema.org","@graph":[{"@type":"WebPage","@id":"https:\/\/president-ksgov.net\/fjalimi-i-presidentes-jahjaga-ne-takimin-e-keshillit-kombetar-per-te-mbijetuarit-e-dhunes-seksuale-gjate-luftes\/","url":"https:\/\/president-ksgov.net\/fjalimi-i-presidentes-jahjaga-ne-takimin-e-keshillit-kombetar-per-te-mbijetuarit-e-dhunes-seksuale-gjate-luftes\/","name":"Govor Predsednice Jahjaga na sastanku Nacionalnog Saveta za Pre&#158;ivele seksualnog nasilja tokom rata - Predsednik Republike Kosovo - DR. VJOSA OSMANI - SADRIU","isPartOf":{"@id":"https:\/\/president-ksgov.net\/#website"},"primaryImageOfPage":{"@id":"https:\/\/president-ksgov.net\/fjalimi-i-presidentes-jahjaga-ne-takimin-e-keshillit-kombetar-per-te-mbijetuarit-e-dhunes-seksuale-gjate-luftes\/#primaryimage"},"image":{"@id":"https:\/\/president-ksgov.net\/fjalimi-i-presidentes-jahjaga-ne-takimin-e-keshillit-kombetar-per-te-mbijetuarit-e-dhunes-seksuale-gjate-luftes\/#primaryimage"},"thumbnailUrl":"https:\/\/president-ksgov.net\/wp-content\/uploads\/20_03_2015_9848959_20_03_2015_Fjala_ne_Keshilll_0.jpg","datePublished":"2015-03-20T10:17:27+00:00","dateModified":"2023-03-08T09:02:25+00:00","author":{"@id":"https:\/\/president-ksgov.net\/#\/schema\/person\/bb4337a5fb147cb2046d80548172cbee"},"description":"Govor Predsednice Jahjaga na sastanku Nacionalnog Saveta za Pre&#158;ivele seksualnog nasilja tokom rata - Predsednik Republike Kosovo - DR. VJOSA OSMANI - SADRIU -","breadcrumb":{"@id":"https:\/\/president-ksgov.net\/fjalimi-i-presidentes-jahjaga-ne-takimin-e-keshillit-kombetar-per-te-mbijetuarit-e-dhunes-seksuale-gjate-luftes\/#breadcrumb"},"inLanguage":"sr-RS","potentialAction":[{"@type":"ReadAction","target":["https:\/\/president-ksgov.net\/fjalimi-i-presidentes-jahjaga-ne-takimin-e-keshillit-kombetar-per-te-mbijetuarit-e-dhunes-seksuale-gjate-luftes\/"]}]},{"@type":"ImageObject","inLanguage":"sr-RS","@id":"https:\/\/president-ksgov.net\/fjalimi-i-presidentes-jahjaga-ne-takimin-e-keshillit-kombetar-per-te-mbijetuarit-e-dhunes-seksuale-gjate-luftes\/#primaryimage","url":"https:\/\/president-ksgov.net\/wp-content\/uploads\/20_03_2015_9848959_20_03_2015_Fjala_ne_Keshilll_0.jpg","contentUrl":"https:\/\/president-ksgov.net\/wp-content\/uploads\/20_03_2015_9848959_20_03_2015_Fjala_ne_Keshilll_0.jpg","width":1000,"height":546},{"@type":"BreadcrumbList","@id":"https:\/\/president-ksgov.net\/fjalimi-i-presidentes-jahjaga-ne-takimin-e-keshillit-kombetar-per-te-mbijetuarit-e-dhunes-seksuale-gjate-luftes\/#breadcrumb","itemListElement":[{"@type":"ListItem","position":1,"name":"Home","item":"https:\/\/president-ksgov.net\/sr\/"},{"@type":"ListItem","position":2,"name":"Govor Predsednice Jahjaga na sastanku Nacionalnog Saveta za Pre&#158;ivele seksualnog nasilja tokom rata"}]},{"@type":"WebSite","@id":"https:\/\/president-ksgov.net\/#website","url":"https:\/\/president-ksgov.net\/","name":"Presidente e Republik\u00ebs s\u00eb Kosov\u00ebs","description":"Presidente e Republik\u00ebs s\u00eb Kosov\u00ebs","alternateName":"DR. VJOSA OSMANI - SADRIU","potentialAction":[{"@type":"SearchAction","target":{"@type":"EntryPoint","urlTemplate":"https:\/\/president-ksgov.net\/?s={search_term_string}"},"query-input":{"@type":"PropertyValueSpecification","valueRequired":true,"valueName":"search_term_string"}}],"inLanguage":"sr-RS"},{"@type":"Person","@id":"https:\/\/president-ksgov.net\/#\/schema\/person\/bb4337a5fb147cb2046d80548172cbee","name":"admin","image":{"@type":"ImageObject","inLanguage":"sr-RS","@id":"https:\/\/president-ksgov.net\/#\/schema\/person\/image\/","url":"https:\/\/secure.gravatar.com\/avatar\/36156ca0fa3b8d9d25174f146e16beea0cf28f37adf1b9e19b6c9c279a7c9dd3?s=96&d=mm&r=g","contentUrl":"https:\/\/secure.gravatar.com\/avatar\/36156ca0fa3b8d9d25174f146e16beea0cf28f37adf1b9e19b6c9c279a7c9dd3?s=96&d=mm&r=g","caption":"admin"},"sameAs":["https:\/\/president-ksgov.net"]}]}},"_links":{"self":[{"href":"https:\/\/president-ksgov.net\/sr\/wp-json\/wp\/v2\/posts\/77440","targetHints":{"allow":["GET"]}}],"collection":[{"href":"https:\/\/president-ksgov.net\/sr\/wp-json\/wp\/v2\/posts"}],"about":[{"href":"https:\/\/president-ksgov.net\/sr\/wp-json\/wp\/v2\/types\/post"}],"author":[{"embeddable":true,"href":"https:\/\/president-ksgov.net\/sr\/wp-json\/wp\/v2\/users\/1"}],"replies":[{"embeddable":true,"href":"https:\/\/president-ksgov.net\/sr\/wp-json\/wp\/v2\/comments?post=77440"}],"version-history":[{"count":1,"href":"https:\/\/president-ksgov.net\/sr\/wp-json\/wp\/v2\/posts\/77440\/revisions"}],"predecessor-version":[{"id":81636,"href":"https:\/\/president-ksgov.net\/sr\/wp-json\/wp\/v2\/posts\/77440\/revisions\/81636"}],"wp:featuredmedia":[{"embeddable":true,"href":"https:\/\/president-ksgov.net\/sr\/wp-json\/wp\/v2\/media\/41084"}],"wp:attachment":[{"href":"https:\/\/president-ksgov.net\/sr\/wp-json\/wp\/v2\/media?parent=77440"}],"wp:term":[{"taxonomy":"category","embeddable":true,"href":"https:\/\/president-ksgov.net\/sr\/wp-json\/wp\/v2\/categories?post=77440"},{"taxonomy":"post_tag","embeddable":true,"href":"https:\/\/president-ksgov.net\/sr\/wp-json\/wp\/v2\/tags?post=77440"}],"curies":[{"name":"wp","href":"https:\/\/api.w.org\/{rel}","templated":true}]}}