{"id":77428,"date":"2015-03-27T16:08:04","date_gmt":"2015-03-27T16:08:04","guid":{"rendered":"https:\/\/dev.president-ksgov.net\/predsednica-jahjaga-primila-predstavnike-clanova-porodica-nestalih-lica\/"},"modified":"2015-03-27T16:08:04","modified_gmt":"2015-03-27T16:08:04","slug":"predsednica-jahjaga-primila-predstavnike-clanova-porodica-nestalih-lica","status":"publish","type":"post","link":"https:\/\/president-ksgov.net\/sr\/predsednica-jahjaga-primila-predstavnike-clanova-porodica-nestalih-lica\/","title":{"rendered":"Predsednica Jahjaga primila predstavnike \u010dlanova porodica nestalih lica"},"content":{"rendered":"<p>Predsednica Republike Kosovo, gospo\u0111a Atifete Jahjaga, danas je do\u010dekala jednu grupu predstavnika \u010dlanova porodica nestalih lica tokom rata na Kosovu, koji su predali zahteve za rasvetljavanje sudbine njihovih \u010dlanova porodica.<\/p>\n<p>Predstavnici \u010dlanova porodice nestalih lica su istakli da institucije Kosova i me\u0111unarodne institucije treba da pove\u0107aju anga&#382;ovanje za rasvetljavanje sudbine, ve\u0107 16 godina nestalih lica, zahtevaju\u0107i neposredno anga&#382;ovanje Predsednice za koordinaciju svih institucionalnih mehanizama za rasvetljavanje sudbine tih lica. <\/p>\n<p>Oni su naglasili da je neophodno da se, zajedno sa me\u0111unarodnom zajednicom, zatra&#382;i identifikacija i utvr\u0111ivanje svih lokacija ili grobova gde se sumnja da se nalaze posmrtni ostaci gra\u0111ana Kosova. Oni su tako\u0111e zahtevali izmene i dopune Zakona o nestalim licima i izgradnju u gradu Pri&#353;tina obeliska\/spomenika za nestala lica. Predstavnici \u010dlanova porodica nestalih lica su u razgovoru sa Predsednicom Jahjaga istakli i te&#353;ko ekonomsko stanje porodica nestalih lica i zatra&#382;ili institucionalnu podr&#353;ku za njih.<\/p>\n<p>Predsednica Jahjaga je istakla da sastanci sa \u010dlanovima porodica nestalih u Kosovo su va&#382;ni u cilju koordinacije aktivnosti za rasvetljavanje sudbine \u010dlanova njihovih porodica-<\/p>\n<p>Ona je rekla da ova te&#353;ka neizle\u010dena rana dru&#353;tva Kosova, koja je ostala otvorena rana ve\u0107 16 godina,\u00a0 dr&#382;i u zato\u010deni&#353;tvo i preostali proces\u00a0 normalizacije &#382;ivota u zemlji. Predsednica Jahjaga je istakla da su institucije Kosova anga&#382;ovane, da zajedno sa me\u0111unarodnim faktorom rade za rasvetljavanje sudbine svakog gra\u0111anina, koji je nestao. Ona je rekla da je na svakom sastanku, bilo unutar Kosova ili van nje, sa predstavnicima me\u0111unarodne zajednice, je pokrenula\u00a0 pitanje nestalih u cilju nalaza re&#353;enja. <\/p>\n<p>Predsednica Jahjaga je rekla da anga&#382;ovanje za rasvetljavanje sudbine nestalih treba da se pove\u0107a isto toliko koliko i nastojanja za sprovo\u0111enje pravde i uverila \u010dlanove porodica nestalih za njenu punu podr&#353;ku za rasvetljavanje sudbine njihovih \u010dlanova porodica. Predsednica Republike Kosovo, gospo\u0111a Atifete Jahjaga, jo&#353; na po\u010detku svog mandata, 2011 godine, je pokrenula ovo pitanje sa premijerom i predsednikom op&#353;tine Pri&#353;tina, ideju za izgradnju jednog obeliska\/spomenika za se\u0107anje na pale borce i nestala lica rata.<\/p>\n","protected":false},"excerpt":{"rendered":"<p>Predsednica Republike Kosovo, gospo\u0111a Atifete Jahjaga, danas je do\u010dekala jednu grupu predstavnika \u010dlanova porodica nestalih lica tokom rata na Kosovu, koji su predali zahteve za rasvetljavanje sudbine njihovih \u010dlanova porodica.<\/p>\n","protected":false},"author":1,"featured_media":40971,"comment_status":"open","ping_status":"closed","sticky":false,"template":"","format":"standard","meta":{"_eb_attr":"","footnotes":""},"categories":[101],"tags":[],"class_list":["post-77428","post","type-post","status-publish","format-standard","has-post-thumbnail","hentry","category-vesti"],"yoast_head":"<!-- This site is optimized with the Yoast SEO plugin v23.5 - https:\/\/yoast.com\/wordpress\/plugins\/seo\/ -->\n<title>Predsednica Jahjaga primila predstavnike \u010dlanova porodica nestalih lica - Predsednik Republike Kosovo - DR. VJOSA OSMANI - SADRIU<\/title>\n<meta name=\"description\" content=\"Predsednica Jahjaga primila predstavnike \u010dlanova porodica nestalih lica - Predsednik Republike Kosovo - DR. VJOSA OSMANI - SADRIU -\" \/>\n<meta name=\"robots\" content=\"index, follow, max-snippet:-1, max-image-preview:large, max-video-preview:-1\" \/>\n<link rel=\"canonical\" href=\"https:\/\/president-ksgov.net\/presidentja-jahjaga-takoi-perfaqesuesit-e-familjareve-te-personave-te-zhdukur\/\" \/>\n<meta property=\"og:locale\" content=\"sr_RS\" \/>\n<meta property=\"og:type\" content=\"article\" \/>\n<meta property=\"og:title\" content=\"Predsednica Jahjaga primila predstavnike \u010dlanova porodica nestalih lica - Predsednik Republike Kosovo - DR. VJOSA OSMANI - SADRIU\" \/>\n<meta property=\"og:description\" content=\"Predsednica Jahjaga primila predstavnike \u010dlanova porodica nestalih lica - Predsednik Republike Kosovo - DR. VJOSA OSMANI - SADRIU -\" \/>\n<meta property=\"og:url\" content=\"https:\/\/president-ksgov.net\/presidentja-jahjaga-takoi-perfaqesuesit-e-familjareve-te-personave-te-zhdukur\/\" \/>\n<meta property=\"og:site_name\" content=\"Predsednik Republike Kosovo - DR. VJOSA OSMANI - SADRIU\" \/>\n<meta property=\"article:published_time\" content=\"2015-03-27T16:08:04+00:00\" \/>\n<meta property=\"og:image\" content=\"https:\/\/president-ksgov.net\/wp-content\/uploads\/27_03_2015_8180801_27_03_2015_Takim_me_2.jpg\" \/>\n\t<meta property=\"og:image:width\" content=\"1024\" \/>\n\t<meta property=\"og:image:height\" content=\"660\" \/>\n\t<meta property=\"og:image:type\" content=\"image\/jpeg\" \/>\n<meta name=\"author\" content=\"admin\" \/>\n<meta name=\"twitter:card\" content=\"summary_large_image\" \/>\n<meta name=\"twitter:label1\" content=\"\u041d\u0430\u043f\u0438\u0441\u0430\u043d\u043e \u043e\u0434\" \/>\n\t<meta name=\"twitter:data1\" content=\"admin\" \/>\n\t<meta name=\"twitter:label2\" content=\"\u041f\u0440\u043e\u0446\u0435\u045a\u0435\u043d\u043e \u0432\u0440\u0435\u043c\u0435 \u0447\u0438\u0442\u0430\u045a\u0430\" \/>\n\t<meta name=\"twitter:data2\" content=\"2 \u043c\u0438\u043d\u0443\u0442\u0430\" \/>\n<script type=\"application\/ld+json\" class=\"yoast-schema-graph\">{\"@context\":\"https:\/\/schema.org\",\"@graph\":[{\"@type\":\"WebPage\",\"@id\":\"https:\/\/president-ksgov.net\/presidentja-jahjaga-takoi-perfaqesuesit-e-familjareve-te-personave-te-zhdukur\/\",\"url\":\"https:\/\/president-ksgov.net\/presidentja-jahjaga-takoi-perfaqesuesit-e-familjareve-te-personave-te-zhdukur\/\",\"name\":\"Predsednica Jahjaga primila predstavnike \u010dlanova porodica nestalih lica - Predsednik Republike Kosovo - DR. VJOSA OSMANI - SADRIU\",\"isPartOf\":{\"@id\":\"https:\/\/president-ksgov.net\/#website\"},\"primaryImageOfPage\":{\"@id\":\"https:\/\/president-ksgov.net\/presidentja-jahjaga-takoi-perfaqesuesit-e-familjareve-te-personave-te-zhdukur\/#primaryimage\"},\"image\":{\"@id\":\"https:\/\/president-ksgov.net\/presidentja-jahjaga-takoi-perfaqesuesit-e-familjareve-te-personave-te-zhdukur\/#primaryimage\"},\"thumbnailUrl\":\"https:\/\/president-ksgov.net\/wp-content\/uploads\/27_03_2015_8180801_27_03_2015_Takim_me_2.jpg\",\"datePublished\":\"2015-03-27T16:08:04+00:00\",\"dateModified\":\"2015-03-27T16:08:04+00:00\",\"author\":{\"@id\":\"https:\/\/president-ksgov.net\/#\/schema\/person\/bb4337a5fb147cb2046d80548172cbee\"},\"description\":\"Predsednica Jahjaga primila predstavnike \u010dlanova porodica nestalih lica - Predsednik Republike Kosovo - DR. VJOSA OSMANI - SADRIU -\",\"breadcrumb\":{\"@id\":\"https:\/\/president-ksgov.net\/presidentja-jahjaga-takoi-perfaqesuesit-e-familjareve-te-personave-te-zhdukur\/#breadcrumb\"},\"inLanguage\":\"sr-RS\",\"potentialAction\":[{\"@type\":\"ReadAction\",\"target\":[\"https:\/\/president-ksgov.net\/presidentja-jahjaga-takoi-perfaqesuesit-e-familjareve-te-personave-te-zhdukur\/\"]}]},{\"@type\":\"ImageObject\",\"inLanguage\":\"sr-RS\",\"@id\":\"https:\/\/president-ksgov.net\/presidentja-jahjaga-takoi-perfaqesuesit-e-familjareve-te-personave-te-zhdukur\/#primaryimage\",\"url\":\"https:\/\/president-ksgov.net\/wp-content\/uploads\/27_03_2015_8180801_27_03_2015_Takim_me_2.jpg\",\"contentUrl\":\"https:\/\/president-ksgov.net\/wp-content\/uploads\/27_03_2015_8180801_27_03_2015_Takim_me_2.jpg\",\"width\":1024,\"height\":660},{\"@type\":\"BreadcrumbList\",\"@id\":\"https:\/\/president-ksgov.net\/presidentja-jahjaga-takoi-perfaqesuesit-e-familjareve-te-personave-te-zhdukur\/#breadcrumb\",\"itemListElement\":[{\"@type\":\"ListItem\",\"position\":1,\"name\":\"Home\",\"item\":\"https:\/\/president-ksgov.net\/sr\/\"},{\"@type\":\"ListItem\",\"position\":2,\"name\":\"Predsednica Jahjaga primila predstavnike \u010dlanova porodica nestalih lica\"}]},{\"@type\":\"WebSite\",\"@id\":\"https:\/\/president-ksgov.net\/#website\",\"url\":\"https:\/\/president-ksgov.net\/\",\"name\":\"Presidente e Republik\u00ebs s\u00eb Kosov\u00ebs\",\"description\":\"Presidente e Republik\u00ebs s\u00eb Kosov\u00ebs\",\"alternateName\":\"DR. VJOSA OSMANI - SADRIU\",\"potentialAction\":[{\"@type\":\"SearchAction\",\"target\":{\"@type\":\"EntryPoint\",\"urlTemplate\":\"https:\/\/president-ksgov.net\/?s={search_term_string}\"},\"query-input\":{\"@type\":\"PropertyValueSpecification\",\"valueRequired\":true,\"valueName\":\"search_term_string\"}}],\"inLanguage\":\"sr-RS\"},{\"@type\":\"Person\",\"@id\":\"https:\/\/president-ksgov.net\/#\/schema\/person\/bb4337a5fb147cb2046d80548172cbee\",\"name\":\"admin\",\"image\":{\"@type\":\"ImageObject\",\"inLanguage\":\"sr-RS\",\"@id\":\"https:\/\/president-ksgov.net\/#\/schema\/person\/image\/\",\"url\":\"https:\/\/secure.gravatar.com\/avatar\/36156ca0fa3b8d9d25174f146e16beea0cf28f37adf1b9e19b6c9c279a7c9dd3?s=96&d=mm&r=g\",\"contentUrl\":\"https:\/\/secure.gravatar.com\/avatar\/36156ca0fa3b8d9d25174f146e16beea0cf28f37adf1b9e19b6c9c279a7c9dd3?s=96&d=mm&r=g\",\"caption\":\"admin\"},\"sameAs\":[\"https:\/\/president-ksgov.net\"]}]}<\/script>\n<!-- \/ Yoast SEO plugin. -->","yoast_head_json":{"title":"Predsednica Jahjaga primila predstavnike \u010dlanova porodica nestalih lica - Predsednik Republike Kosovo - DR. VJOSA OSMANI - SADRIU","description":"Predsednica Jahjaga primila predstavnike \u010dlanova porodica nestalih lica - Predsednik Republike Kosovo - DR. VJOSA OSMANI - SADRIU -","robots":{"index":"index","follow":"follow","max-snippet":"max-snippet:-1","max-image-preview":"max-image-preview:large","max-video-preview":"max-video-preview:-1"},"canonical":"https:\/\/president-ksgov.net\/presidentja-jahjaga-takoi-perfaqesuesit-e-familjareve-te-personave-te-zhdukur\/","og_locale":"sr_RS","og_type":"article","og_title":"Predsednica Jahjaga primila predstavnike \u010dlanova porodica nestalih lica - Predsednik Republike Kosovo - DR. VJOSA OSMANI - SADRIU","og_description":"Predsednica Jahjaga primila predstavnike \u010dlanova porodica nestalih lica - Predsednik Republike Kosovo - DR. VJOSA OSMANI - SADRIU -","og_url":"https:\/\/president-ksgov.net\/presidentja-jahjaga-takoi-perfaqesuesit-e-familjareve-te-personave-te-zhdukur\/","og_site_name":"Predsednik Republike Kosovo - DR. VJOSA OSMANI - SADRIU","article_published_time":"2015-03-27T16:08:04+00:00","og_image":[{"width":1024,"height":660,"url":"https:\/\/president-ksgov.net\/wp-content\/uploads\/27_03_2015_8180801_27_03_2015_Takim_me_2.jpg","type":"image\/jpeg"}],"author":"admin","twitter_card":"summary_large_image","twitter_misc":{"\u041d\u0430\u043f\u0438\u0441\u0430\u043d\u043e \u043e\u0434":"admin","\u041f\u0440\u043e\u0446\u0435\u045a\u0435\u043d\u043e \u0432\u0440\u0435\u043c\u0435 \u0447\u0438\u0442\u0430\u045a\u0430":"2 \u043c\u0438\u043d\u0443\u0442\u0430"},"schema":{"@context":"https:\/\/schema.org","@graph":[{"@type":"WebPage","@id":"https:\/\/president-ksgov.net\/presidentja-jahjaga-takoi-perfaqesuesit-e-familjareve-te-personave-te-zhdukur\/","url":"https:\/\/president-ksgov.net\/presidentja-jahjaga-takoi-perfaqesuesit-e-familjareve-te-personave-te-zhdukur\/","name":"Predsednica Jahjaga primila predstavnike \u010dlanova porodica nestalih lica - Predsednik Republike Kosovo - DR. VJOSA OSMANI - SADRIU","isPartOf":{"@id":"https:\/\/president-ksgov.net\/#website"},"primaryImageOfPage":{"@id":"https:\/\/president-ksgov.net\/presidentja-jahjaga-takoi-perfaqesuesit-e-familjareve-te-personave-te-zhdukur\/#primaryimage"},"image":{"@id":"https:\/\/president-ksgov.net\/presidentja-jahjaga-takoi-perfaqesuesit-e-familjareve-te-personave-te-zhdukur\/#primaryimage"},"thumbnailUrl":"https:\/\/president-ksgov.net\/wp-content\/uploads\/27_03_2015_8180801_27_03_2015_Takim_me_2.jpg","datePublished":"2015-03-27T16:08:04+00:00","dateModified":"2015-03-27T16:08:04+00:00","author":{"@id":"https:\/\/president-ksgov.net\/#\/schema\/person\/bb4337a5fb147cb2046d80548172cbee"},"description":"Predsednica Jahjaga primila predstavnike \u010dlanova porodica nestalih lica - Predsednik Republike Kosovo - DR. VJOSA OSMANI - SADRIU -","breadcrumb":{"@id":"https:\/\/president-ksgov.net\/presidentja-jahjaga-takoi-perfaqesuesit-e-familjareve-te-personave-te-zhdukur\/#breadcrumb"},"inLanguage":"sr-RS","potentialAction":[{"@type":"ReadAction","target":["https:\/\/president-ksgov.net\/presidentja-jahjaga-takoi-perfaqesuesit-e-familjareve-te-personave-te-zhdukur\/"]}]},{"@type":"ImageObject","inLanguage":"sr-RS","@id":"https:\/\/president-ksgov.net\/presidentja-jahjaga-takoi-perfaqesuesit-e-familjareve-te-personave-te-zhdukur\/#primaryimage","url":"https:\/\/president-ksgov.net\/wp-content\/uploads\/27_03_2015_8180801_27_03_2015_Takim_me_2.jpg","contentUrl":"https:\/\/president-ksgov.net\/wp-content\/uploads\/27_03_2015_8180801_27_03_2015_Takim_me_2.jpg","width":1024,"height":660},{"@type":"BreadcrumbList","@id":"https:\/\/president-ksgov.net\/presidentja-jahjaga-takoi-perfaqesuesit-e-familjareve-te-personave-te-zhdukur\/#breadcrumb","itemListElement":[{"@type":"ListItem","position":1,"name":"Home","item":"https:\/\/president-ksgov.net\/sr\/"},{"@type":"ListItem","position":2,"name":"Predsednica Jahjaga primila predstavnike \u010dlanova porodica nestalih lica"}]},{"@type":"WebSite","@id":"https:\/\/president-ksgov.net\/#website","url":"https:\/\/president-ksgov.net\/","name":"Presidente e Republik\u00ebs s\u00eb Kosov\u00ebs","description":"Presidente e Republik\u00ebs s\u00eb Kosov\u00ebs","alternateName":"DR. VJOSA OSMANI - SADRIU","potentialAction":[{"@type":"SearchAction","target":{"@type":"EntryPoint","urlTemplate":"https:\/\/president-ksgov.net\/?s={search_term_string}"},"query-input":{"@type":"PropertyValueSpecification","valueRequired":true,"valueName":"search_term_string"}}],"inLanguage":"sr-RS"},{"@type":"Person","@id":"https:\/\/president-ksgov.net\/#\/schema\/person\/bb4337a5fb147cb2046d80548172cbee","name":"admin","image":{"@type":"ImageObject","inLanguage":"sr-RS","@id":"https:\/\/president-ksgov.net\/#\/schema\/person\/image\/","url":"https:\/\/secure.gravatar.com\/avatar\/36156ca0fa3b8d9d25174f146e16beea0cf28f37adf1b9e19b6c9c279a7c9dd3?s=96&d=mm&r=g","contentUrl":"https:\/\/secure.gravatar.com\/avatar\/36156ca0fa3b8d9d25174f146e16beea0cf28f37adf1b9e19b6c9c279a7c9dd3?s=96&d=mm&r=g","caption":"admin"},"sameAs":["https:\/\/president-ksgov.net"]}]}},"_links":{"self":[{"href":"https:\/\/president-ksgov.net\/sr\/wp-json\/wp\/v2\/posts\/77428","targetHints":{"allow":["GET"]}}],"collection":[{"href":"https:\/\/president-ksgov.net\/sr\/wp-json\/wp\/v2\/posts"}],"about":[{"href":"https:\/\/president-ksgov.net\/sr\/wp-json\/wp\/v2\/types\/post"}],"author":[{"embeddable":true,"href":"https:\/\/president-ksgov.net\/sr\/wp-json\/wp\/v2\/users\/1"}],"replies":[{"embeddable":true,"href":"https:\/\/president-ksgov.net\/sr\/wp-json\/wp\/v2\/comments?post=77428"}],"version-history":[{"count":0,"href":"https:\/\/president-ksgov.net\/sr\/wp-json\/wp\/v2\/posts\/77428\/revisions"}],"wp:featuredmedia":[{"embeddable":true,"href":"https:\/\/president-ksgov.net\/sr\/wp-json\/wp\/v2\/media\/40971"}],"wp:attachment":[{"href":"https:\/\/president-ksgov.net\/sr\/wp-json\/wp\/v2\/media?parent=77428"}],"wp:term":[{"taxonomy":"category","embeddable":true,"href":"https:\/\/president-ksgov.net\/sr\/wp-json\/wp\/v2\/categories?post=77428"},{"taxonomy":"post_tag","embeddable":true,"href":"https:\/\/president-ksgov.net\/sr\/wp-json\/wp\/v2\/tags?post=77428"}],"curies":[{"name":"wp","href":"https:\/\/api.w.org\/{rel}","templated":true}]}}