{"id":77418,"date":"2015-04-04T14:04:08","date_gmt":"2015-04-04T14:04:08","guid":{"rendered":"https:\/\/dev.president-ksgov.net\/poruka-predsednicejahjaga-povodom-dana-uskrsa\/"},"modified":"2015-04-04T14:04:08","modified_gmt":"2015-04-04T14:04:08","slug":"poruka-predsednicejahjaga-povodom-dana-uskrsa","status":"publish","type":"post","link":"https:\/\/president-ksgov.net\/sr\/poruka-predsednicejahjaga-povodom-dana-uskrsa\/","title":{"rendered":"Poruka PredsedniceJahjaga povodom Dana Uskrsa"},"content":{"rendered":"<p>Predsednica  Republike Kosova, gospo\u0111a AtifeteJahjaga, uputila  je \u010destitiku<br \/>\nEpiskopu Eparhije Kosova, biskupuDod\u00ebGjergji, i svim katoli\u010dkim vernicima, povodom praznika Uskrsa.<\/p>\n<p>U \u010destitki se ka&#382;e:<\/p>\n<p>Po&#353;tovani Biskupe,<br \/>\nPo&#353;tovani vernici,<\/p>\n<p>Upu\u0107ujem Vam\u00a0 moje\u00a0 najbolje \u010destitke\u00a0 povodom Praznika Uskrsa. Volela bih da ovaj praznik, koji ozna\u010dava vaskrsenje ljudske du&#353;e i obnavljanje vere u Boga, da vas\u00a0 prona\u0111e me\u0111u prijateljima i voljenima , mira i radosti.<\/p>\n<p>Volelabih da nam ovaj\u00a0 praznik poslu&#382;i da reflektiramo o sada&#353;njosti i za buduc\u0301nost, da nam pove\u0107a\u00a0 ljudske vrednosti ljubavi i po&#353;tovanja jednih prema drugima.<\/p>\n<p>Na ovaj dan, sec\u0301ajuc\u0301i se na sve one koji nisuvi&#353;e me\u0111u nama, da po&#353;tujemo &#382;ivot I vrednosti njihovih dela, &#353;to su nam omogu\u0107ili da budemo ovde gde smo danas.<\/p>\n<p>Tako\u0111e, neka nam poslu&#382;i ovaj praznik\u00a0 da poka&#382;emo na&#353;u solidarnost sa svim ljudima koji imaju\u00a0 potrebu za\u00a0 na&#353;epomo\u0107\u0301 i po&#353;tovanje. Humani duh je nas opisao decenijama I vekovima, da to\u00a0 poka&#382;emo i danas.<\/p>\n<p>Na ovaj veliki dan, molim za blagostanje\u00a0 i ljubav me\u0111u ljudima, za mir za celo \u010dove\u010danstvo.<\/p>\n<p>Sre\u0107no<\/p>\n<p>AtifeteJahjaga,<br \/>\nPredsednica\u00a0 Republike\u00a0 Kosova<br \/>\n\u00a0<\/p>\n","protected":false},"excerpt":{"rendered":"<p>Predsednica  Republike Kosova, gospo\u0111a AtifeteJahjaga, uputila  je \u010destitiku<br \/>\nEpiskopu Eparhije Kosova, biskupuDod\u00ebGjergji, i svim katoli\u010dkim vernicima, povodom praznika Uskrsa.<\/p>\n","protected":false},"author":1,"featured_media":86338,"comment_status":"open","ping_status":"closed","sticky":false,"template":"","format":"standard","meta":{"_eb_attr":"","footnotes":""},"categories":[101],"tags":[],"class_list":["post-77418","post","type-post","status-publish","format-standard","has-post-thumbnail","hentry","category-vesti"],"yoast_head":"<!-- This site is optimized with the Yoast SEO plugin v23.5 - https:\/\/yoast.com\/wordpress\/plugins\/seo\/ -->\n<title>Poruka PredsedniceJahjaga povodom Dana Uskrsa - Predsednik Republike Kosovo - DR. VJOSA OSMANI - SADRIU<\/title>\n<meta name=\"description\" content=\"Poruka PredsedniceJahjaga povodom Dana Uskrsa - Predsednik Republike Kosovo - DR. VJOSA OSMANI - SADRIU -\" \/>\n<meta name=\"robots\" content=\"index, follow, max-snippet:-1, max-image-preview:large, max-video-preview:-1\" \/>\n<link rel=\"canonical\" href=\"https:\/\/president-ksgov.net\/sr\/poruka-predsednicejahjaga-povodom-dana-uskrsa\/\" \/>\n<meta property=\"og:locale\" content=\"sr_RS\" \/>\n<meta property=\"og:type\" content=\"article\" \/>\n<meta property=\"og:title\" content=\"Poruka PredsedniceJahjaga povodom Dana Uskrsa - Predsednik Republike Kosovo - DR. VJOSA OSMANI - SADRIU\" \/>\n<meta property=\"og:description\" content=\"Poruka PredsedniceJahjaga povodom Dana Uskrsa - Predsednik Republike Kosovo - DR. VJOSA OSMANI - SADRIU -\" \/>\n<meta property=\"og:url\" content=\"https:\/\/president-ksgov.net\/sr\/poruka-predsednicejahjaga-povodom-dana-uskrsa\/\" \/>\n<meta property=\"og:site_name\" content=\"Predsednik Republike Kosovo - DR. VJOSA OSMANI - SADRIU\" \/>\n<meta property=\"article:published_time\" content=\"2015-04-04T14:04:08+00:00\" \/>\n<meta property=\"og:image\" content=\"https:\/\/president-ksgov.net\/wp-content\/uploads\/Zyra-e-Presidentes-Featured-Image1-e1678970937938.png\" \/>\n\t<meta property=\"og:image:width\" content=\"1024\" \/>\n\t<meta property=\"og:image:height\" content=\"716\" \/>\n\t<meta property=\"og:image:type\" content=\"image\/png\" \/>\n<meta name=\"author\" content=\"admin\" \/>\n<meta name=\"twitter:card\" content=\"summary_large_image\" \/>\n<meta name=\"twitter:label1\" content=\"\u041d\u0430\u043f\u0438\u0441\u0430\u043d\u043e \u043e\u0434\" \/>\n\t<meta name=\"twitter:data1\" content=\"admin\" \/>\n\t<meta name=\"twitter:label2\" content=\"\u041f\u0440\u043e\u0446\u0435\u045a\u0435\u043d\u043e \u0432\u0440\u0435\u043c\u0435 \u0447\u0438\u0442\u0430\u045a\u0430\" \/>\n\t<meta name=\"twitter:data2\" content=\"1 \u043c\u0438\u043d\u0443\u0442\" \/>\n<script type=\"application\/ld+json\" class=\"yoast-schema-graph\">{\"@context\":\"https:\/\/schema.org\",\"@graph\":[{\"@type\":\"WebPage\",\"@id\":\"https:\/\/president-ksgov.net\/sr\/poruka-predsednicejahjaga-povodom-dana-uskrsa\/\",\"url\":\"https:\/\/president-ksgov.net\/sr\/poruka-predsednicejahjaga-povodom-dana-uskrsa\/\",\"name\":\"Poruka PredsedniceJahjaga povodom Dana Uskrsa - Predsednik Republike Kosovo - DR. VJOSA OSMANI - SADRIU\",\"isPartOf\":{\"@id\":\"https:\/\/president-ksgov.net\/#website\"},\"primaryImageOfPage\":{\"@id\":\"https:\/\/president-ksgov.net\/sr\/poruka-predsednicejahjaga-povodom-dana-uskrsa\/#primaryimage\"},\"image\":{\"@id\":\"https:\/\/president-ksgov.net\/sr\/poruka-predsednicejahjaga-povodom-dana-uskrsa\/#primaryimage\"},\"thumbnailUrl\":\"https:\/\/president-ksgov.net\/wp-content\/uploads\/Zyra-e-Presidentes-Featured-Image1-e1678970937938.png\",\"datePublished\":\"2015-04-04T14:04:08+00:00\",\"dateModified\":\"2015-04-04T14:04:08+00:00\",\"author\":{\"@id\":\"https:\/\/president-ksgov.net\/#\/schema\/person\/bb4337a5fb147cb2046d80548172cbee\"},\"description\":\"Poruka PredsedniceJahjaga povodom Dana Uskrsa - Predsednik Republike Kosovo - DR. VJOSA OSMANI - SADRIU -\",\"breadcrumb\":{\"@id\":\"https:\/\/president-ksgov.net\/sr\/poruka-predsednicejahjaga-povodom-dana-uskrsa\/#breadcrumb\"},\"inLanguage\":\"sr-RS\",\"potentialAction\":[{\"@type\":\"ReadAction\",\"target\":[\"https:\/\/president-ksgov.net\/sr\/poruka-predsednicejahjaga-povodom-dana-uskrsa\/\"]}]},{\"@type\":\"ImageObject\",\"inLanguage\":\"sr-RS\",\"@id\":\"https:\/\/president-ksgov.net\/sr\/poruka-predsednicejahjaga-povodom-dana-uskrsa\/#primaryimage\",\"url\":\"https:\/\/president-ksgov.net\/wp-content\/uploads\/Zyra-e-Presidentes-Featured-Image1-e1678970937938.png\",\"contentUrl\":\"https:\/\/president-ksgov.net\/wp-content\/uploads\/Zyra-e-Presidentes-Featured-Image1-e1678970937938.png\",\"width\":1024,\"height\":716},{\"@type\":\"BreadcrumbList\",\"@id\":\"https:\/\/president-ksgov.net\/sr\/poruka-predsednicejahjaga-povodom-dana-uskrsa\/#breadcrumb\",\"itemListElement\":[{\"@type\":\"ListItem\",\"position\":1,\"name\":\"Home\",\"item\":\"https:\/\/president-ksgov.net\/sr\/\"},{\"@type\":\"ListItem\",\"position\":2,\"name\":\"Poruka PredsedniceJahjaga povodom Dana Uskrsa\"}]},{\"@type\":\"WebSite\",\"@id\":\"https:\/\/president-ksgov.net\/#website\",\"url\":\"https:\/\/president-ksgov.net\/\",\"name\":\"Presidente e Republik\u00ebs s\u00eb Kosov\u00ebs\",\"description\":\"Presidente e Republik\u00ebs s\u00eb Kosov\u00ebs\",\"alternateName\":\"DR. VJOSA OSMANI - SADRIU\",\"potentialAction\":[{\"@type\":\"SearchAction\",\"target\":{\"@type\":\"EntryPoint\",\"urlTemplate\":\"https:\/\/president-ksgov.net\/?s={search_term_string}\"},\"query-input\":{\"@type\":\"PropertyValueSpecification\",\"valueRequired\":true,\"valueName\":\"search_term_string\"}}],\"inLanguage\":\"sr-RS\"},{\"@type\":\"Person\",\"@id\":\"https:\/\/president-ksgov.net\/#\/schema\/person\/bb4337a5fb147cb2046d80548172cbee\",\"name\":\"admin\",\"image\":{\"@type\":\"ImageObject\",\"inLanguage\":\"sr-RS\",\"@id\":\"https:\/\/president-ksgov.net\/#\/schema\/person\/image\/\",\"url\":\"https:\/\/secure.gravatar.com\/avatar\/36156ca0fa3b8d9d25174f146e16beea0cf28f37adf1b9e19b6c9c279a7c9dd3?s=96&d=mm&r=g\",\"contentUrl\":\"https:\/\/secure.gravatar.com\/avatar\/36156ca0fa3b8d9d25174f146e16beea0cf28f37adf1b9e19b6c9c279a7c9dd3?s=96&d=mm&r=g\",\"caption\":\"admin\"},\"sameAs\":[\"https:\/\/president-ksgov.net\"]}]}<\/script>\n<!-- \/ Yoast SEO plugin. -->","yoast_head_json":{"title":"Poruka PredsedniceJahjaga povodom Dana Uskrsa - Predsednik Republike Kosovo - DR. VJOSA OSMANI - SADRIU","description":"Poruka PredsedniceJahjaga povodom Dana Uskrsa - Predsednik Republike Kosovo - DR. VJOSA OSMANI - SADRIU -","robots":{"index":"index","follow":"follow","max-snippet":"max-snippet:-1","max-image-preview":"max-image-preview:large","max-video-preview":"max-video-preview:-1"},"canonical":"https:\/\/president-ksgov.net\/sr\/poruka-predsednicejahjaga-povodom-dana-uskrsa\/","og_locale":"sr_RS","og_type":"article","og_title":"Poruka PredsedniceJahjaga povodom Dana Uskrsa - Predsednik Republike Kosovo - DR. VJOSA OSMANI - SADRIU","og_description":"Poruka PredsedniceJahjaga povodom Dana Uskrsa - Predsednik Republike Kosovo - DR. VJOSA OSMANI - SADRIU -","og_url":"https:\/\/president-ksgov.net\/sr\/poruka-predsednicejahjaga-povodom-dana-uskrsa\/","og_site_name":"Predsednik Republike Kosovo - DR. VJOSA OSMANI - SADRIU","article_published_time":"2015-04-04T14:04:08+00:00","og_image":[{"width":1024,"height":716,"url":"https:\/\/president-ksgov.net\/wp-content\/uploads\/Zyra-e-Presidentes-Featured-Image1-e1678970937938.png","type":"image\/png"}],"author":"admin","twitter_card":"summary_large_image","twitter_misc":{"\u041d\u0430\u043f\u0438\u0441\u0430\u043d\u043e \u043e\u0434":"admin","\u041f\u0440\u043e\u0446\u0435\u045a\u0435\u043d\u043e \u0432\u0440\u0435\u043c\u0435 \u0447\u0438\u0442\u0430\u045a\u0430":"1 \u043c\u0438\u043d\u0443\u0442"},"schema":{"@context":"https:\/\/schema.org","@graph":[{"@type":"WebPage","@id":"https:\/\/president-ksgov.net\/sr\/poruka-predsednicejahjaga-povodom-dana-uskrsa\/","url":"https:\/\/president-ksgov.net\/sr\/poruka-predsednicejahjaga-povodom-dana-uskrsa\/","name":"Poruka PredsedniceJahjaga povodom Dana Uskrsa - Predsednik Republike Kosovo - DR. VJOSA OSMANI - SADRIU","isPartOf":{"@id":"https:\/\/president-ksgov.net\/#website"},"primaryImageOfPage":{"@id":"https:\/\/president-ksgov.net\/sr\/poruka-predsednicejahjaga-povodom-dana-uskrsa\/#primaryimage"},"image":{"@id":"https:\/\/president-ksgov.net\/sr\/poruka-predsednicejahjaga-povodom-dana-uskrsa\/#primaryimage"},"thumbnailUrl":"https:\/\/president-ksgov.net\/wp-content\/uploads\/Zyra-e-Presidentes-Featured-Image1-e1678970937938.png","datePublished":"2015-04-04T14:04:08+00:00","dateModified":"2015-04-04T14:04:08+00:00","author":{"@id":"https:\/\/president-ksgov.net\/#\/schema\/person\/bb4337a5fb147cb2046d80548172cbee"},"description":"Poruka PredsedniceJahjaga povodom Dana Uskrsa - Predsednik Republike Kosovo - DR. VJOSA OSMANI - SADRIU -","breadcrumb":{"@id":"https:\/\/president-ksgov.net\/sr\/poruka-predsednicejahjaga-povodom-dana-uskrsa\/#breadcrumb"},"inLanguage":"sr-RS","potentialAction":[{"@type":"ReadAction","target":["https:\/\/president-ksgov.net\/sr\/poruka-predsednicejahjaga-povodom-dana-uskrsa\/"]}]},{"@type":"ImageObject","inLanguage":"sr-RS","@id":"https:\/\/president-ksgov.net\/sr\/poruka-predsednicejahjaga-povodom-dana-uskrsa\/#primaryimage","url":"https:\/\/president-ksgov.net\/wp-content\/uploads\/Zyra-e-Presidentes-Featured-Image1-e1678970937938.png","contentUrl":"https:\/\/president-ksgov.net\/wp-content\/uploads\/Zyra-e-Presidentes-Featured-Image1-e1678970937938.png","width":1024,"height":716},{"@type":"BreadcrumbList","@id":"https:\/\/president-ksgov.net\/sr\/poruka-predsednicejahjaga-povodom-dana-uskrsa\/#breadcrumb","itemListElement":[{"@type":"ListItem","position":1,"name":"Home","item":"https:\/\/president-ksgov.net\/sr\/"},{"@type":"ListItem","position":2,"name":"Poruka PredsedniceJahjaga povodom Dana Uskrsa"}]},{"@type":"WebSite","@id":"https:\/\/president-ksgov.net\/#website","url":"https:\/\/president-ksgov.net\/","name":"Presidente e Republik\u00ebs s\u00eb Kosov\u00ebs","description":"Presidente e Republik\u00ebs s\u00eb Kosov\u00ebs","alternateName":"DR. VJOSA OSMANI - SADRIU","potentialAction":[{"@type":"SearchAction","target":{"@type":"EntryPoint","urlTemplate":"https:\/\/president-ksgov.net\/?s={search_term_string}"},"query-input":{"@type":"PropertyValueSpecification","valueRequired":true,"valueName":"search_term_string"}}],"inLanguage":"sr-RS"},{"@type":"Person","@id":"https:\/\/president-ksgov.net\/#\/schema\/person\/bb4337a5fb147cb2046d80548172cbee","name":"admin","image":{"@type":"ImageObject","inLanguage":"sr-RS","@id":"https:\/\/president-ksgov.net\/#\/schema\/person\/image\/","url":"https:\/\/secure.gravatar.com\/avatar\/36156ca0fa3b8d9d25174f146e16beea0cf28f37adf1b9e19b6c9c279a7c9dd3?s=96&d=mm&r=g","contentUrl":"https:\/\/secure.gravatar.com\/avatar\/36156ca0fa3b8d9d25174f146e16beea0cf28f37adf1b9e19b6c9c279a7c9dd3?s=96&d=mm&r=g","caption":"admin"},"sameAs":["https:\/\/president-ksgov.net"]}]}},"_links":{"self":[{"href":"https:\/\/president-ksgov.net\/sr\/wp-json\/wp\/v2\/posts\/77418","targetHints":{"allow":["GET"]}}],"collection":[{"href":"https:\/\/president-ksgov.net\/sr\/wp-json\/wp\/v2\/posts"}],"about":[{"href":"https:\/\/president-ksgov.net\/sr\/wp-json\/wp\/v2\/types\/post"}],"author":[{"embeddable":true,"href":"https:\/\/president-ksgov.net\/sr\/wp-json\/wp\/v2\/users\/1"}],"replies":[{"embeddable":true,"href":"https:\/\/president-ksgov.net\/sr\/wp-json\/wp\/v2\/comments?post=77418"}],"version-history":[{"count":0,"href":"https:\/\/president-ksgov.net\/sr\/wp-json\/wp\/v2\/posts\/77418\/revisions"}],"wp:featuredmedia":[{"embeddable":true,"href":"https:\/\/president-ksgov.net\/sr\/wp-json\/wp\/v2\/media\/86338"}],"wp:attachment":[{"href":"https:\/\/president-ksgov.net\/sr\/wp-json\/wp\/v2\/media?parent=77418"}],"wp:term":[{"taxonomy":"category","embeddable":true,"href":"https:\/\/president-ksgov.net\/sr\/wp-json\/wp\/v2\/categories?post=77418"},{"taxonomy":"post_tag","embeddable":true,"href":"https:\/\/president-ksgov.net\/sr\/wp-json\/wp\/v2\/tags?post=77418"}],"curies":[{"name":"wp","href":"https:\/\/api.w.org\/{rel}","templated":true}]}}