{"id":77416,"date":"2015-04-07T12:39:29","date_gmt":"2015-04-07T12:39:29","guid":{"rendered":"https:\/\/dev.president-ksgov.net\/govor-predsednice-jahjaga-na-manifestaciji-povodom-dana-ustava\/"},"modified":"2023-03-08T09:02:25","modified_gmt":"2023-03-08T09:02:25","slug":"govor-predsednice-jahjaga-na-manifestaciji-povodom-dana-ustava","status":"publish","type":"post","link":"https:\/\/president-ksgov.net\/sr\/govor-predsednice-jahjaga-na-manifestaciji-povodom-dana-ustava\/","title":{"rendered":"Govor  Predsednice Jahjaga na manifestaciji povodom Dana Ustava"},"content":{"rendered":"<p>Po&#353;tovani predstavnici institucija Republike Kosova,<br \/>\nPo&#353;tovani prisutni,<br \/>\nDame i gospodo,<\/p>\n<p>Dan Ustava Republike Kosova je me\u0111u naj zna\u010dajnim danima dr&#382;avnosti Kosova, dan na kojem prije 7. godina, postavljeni su temelji na&#353;e dr&#382;ave nad obe\u0107anjem da u realizaciji na&#353;ih snova\u00a0 za dr&#382;avu Kosova, na&#353;u zemlju \u0107emo u\u010diniti slobodnom, nezavisnom, demokratskom i zemljom napretka.<\/p>\n<p>Ustav Republike Kosova je usvojen kao neophodnost vremena &#353;to bi omogu\u0107ilo stvaranje nezavisnog Kosova , ali i ka akt koji \u0107e sa&#382;imati celokupno po&#382;rtvovanje\u00a0 i anga&#382;ovanje brojnih generacija\u00a0 koje su radile i bile po&#382;rtvovane\u00a0 da mi- svi\u00a0 mi- slobodno di&#353;emo, da budemo sami sebi gospodari. Ovaj akt sa&#382;ima sve univerzalne principe o ljudskim pravima, kao i ostale principe koje podr&#382;avaju napredne i demokratske dr&#382;ave.<br \/>\n\u00a0<br \/>\nKao takav, Ustav Republike Kosova jeste naj moderniji Ustav na po\u010detku ovog veka, dokument koji ima za cilj avanziranje demokratije i pluralizma i za&#353;titu gra\u0111ana Kosova bez razlike na etni\u010dku i versku pripadnost, bez\u00a0 polnih razlika i orijentacije.<br \/>\n\u00a0<br \/>\n\u00a0Na&#353; Ustav, inspirativan i aspirativan, promovi&#353;e sveobuhvatnosti , red i zakon, demokratizaciju i toleranciju izme\u0111u svih gra\u0111ana Republike Kosova , i na nama ostaje, predstavnicima gra\u0111ana ove dr&#382;ave, da se staramo za o&#382;ivljavanje ove vizije. On uspostavlja bazi\u010dne principe, koje ne smemo poljuljati, nego ih moramo odbraniti sa celim na&#353;im bi\u0107em, jer poljuljanje istih je kompromitiranje samog legitimiteta na&#353;e dr&#382;avnosti. <\/p>\n<p>Mi moramo biti ponosni\u00a0 da imamo jedan Ustav\u00a0 koji prostire vladavinu zakona na celoj teritoriji\u00a0 Kosova, kao garant demokratskog razvoja i promovi&#353;e ravnopravnost svih gra\u0111ana. <\/p>\n<p>Po&#353;tovani prisutni,<\/p>\n<p>Tokom pro&#353;le godine, mi smo videli da je na&#353; Ustav usvojen ali ne i isproban. Tako\u0111e, dokazali smo da na&#353;e institucije i politi\u010dke partije\u00a0 su spremne i svesne da funkcije i diskusije moraju se odvijati u okviru ovog najvi&#353;eg pravnog akta.\u00a0\u00a0 Ustav, kao i mandatirane institucije\u00a0 za sprovo\u0111enje istog, su stavljene pred jednim te&#353;kim isku&#353;enjem odr&#382;ivosti, polaganja odgovornosti za politi\u010dke realnosti koja nisu bila opisana. Ali, i u trenucima velikih kolebanja, debata unutar ustavnog kadra,\u00a0 uz raskid jednom za uvek od momentalne volje i uz usredsre\u0111enje\u00a0 na principima Ustava, uspostavio neophodan standard za demokratski razvoj zemlje. <\/p>\n<p>Na tom procesu, mi smo uspeli da razvijamo jednu sveobuhvatnu raspravu o potrebi potpunog o&#382;ivljenja ustavnih normi i vrednosti. Dozvolite mi da u ovom danu istaknem neophodnost\u00a0 za po&#353;tovanje i sprovo\u0111enje jedne od naj zna\u010dajnih vrednosti Ustava, a to je ravnopravnost pred zakonom. Mi moramo biti svi ravnopravni pred zakonom, stoga, potreba za jedan sudski sistem bez uticaja\u00a0 od politike je neophodan. Na&#353; pravni sistem , onako kako se predvi\u0111a i Ustavom, mora biti jedinstven, nezavistan, pravedan, apoliti\u010dan i nepristrasan. <\/p>\n<p>Ovo ostaje jedna aspiracija, realizacija koje uslovljava na&#353;u odr&#382;ivost kao dr&#382;ave, poverenje gra\u0111ana u njihovoj zemlji i napore na&#353;ega dru&#353;tva\u00a0 da Kosovo smesti u integrativnim\u00a0 procesima. <\/p>\n<p>Danas, kada obele&#382;avamo ovu godi&#353;njicu, &#382;elim podsetiti sve one koji smeju i rade na osnovu principa i normi\u00a0 ovog ustava, da nastave radom i primerom radi izgradnje pravne dr&#382;ave. Pravna dr&#382;ava mora biti stalna misija svih institucija i gra\u0111ana Kosova, i realizacija ovog pojma\u00a0 je jedina garancija\u00a0 koja \u0107e Kosovo \u010diniti odr&#382;ivim konceptom.<\/p>\n<p>\u00a0<\/p>\n","protected":false},"excerpt":{"rendered":"<p>Po&#353;tovani predstavnici institucija Republike Kosova,<br \/>\nPo&#353;tovani prisutni,<br \/>\nDame i gospodo,<\/p>\n","protected":false},"author":1,"featured_media":40879,"comment_status":"open","ping_status":"closed","sticky":false,"template":"","format":"standard","meta":{"_eb_attr":"","footnotes":""},"categories":[106],"tags":[],"class_list":["post-77416","post","type-post","status-publish","format-standard","has-post-thumbnail","hentry","category-govori"],"yoast_head":"<!-- This site is optimized with the Yoast SEO plugin v23.5 - https:\/\/yoast.com\/wordpress\/plugins\/seo\/ -->\n<title>Govor Predsednice Jahjaga na manifestaciji povodom Dana Ustava - Predsednik Republike Kosovo - DR. VJOSA OSMANI - SADRIU<\/title>\n<meta name=\"description\" content=\"Govor Predsednice Jahjaga na manifestaciji povodom Dana Ustava - Predsednik Republike Kosovo - DR. VJOSA OSMANI - SADRIU -\" \/>\n<meta name=\"robots\" content=\"index, follow, max-snippet:-1, max-image-preview:large, max-video-preview:-1\" \/>\n<link rel=\"canonical\" href=\"https:\/\/president-ksgov.net\/fjalimi-i-presidentes-jahjaga-ne-manifestimin-me-rastin-e-dites-se-kushtetutes\/\" \/>\n<meta property=\"og:locale\" content=\"sr_RS\" \/>\n<meta property=\"og:type\" content=\"article\" \/>\n<meta property=\"og:title\" content=\"Govor Predsednice Jahjaga na manifestaciji povodom Dana Ustava - Predsednik Republike Kosovo - DR. VJOSA OSMANI - SADRIU\" \/>\n<meta property=\"og:description\" content=\"Govor Predsednice Jahjaga na manifestaciji povodom Dana Ustava - Predsednik Republike Kosovo - DR. VJOSA OSMANI - SADRIU -\" \/>\n<meta property=\"og:url\" content=\"https:\/\/president-ksgov.net\/fjalimi-i-presidentes-jahjaga-ne-manifestimin-me-rastin-e-dites-se-kushtetutes\/\" \/>\n<meta property=\"og:site_name\" content=\"Predsednik Republike Kosovo - DR. VJOSA OSMANI - SADRIU\" \/>\n<meta property=\"article:published_time\" content=\"2015-04-07T12:39:29+00:00\" \/>\n<meta property=\"article:modified_time\" content=\"2023-03-08T09:02:25+00:00\" \/>\n<meta property=\"og:image\" content=\"https:\/\/president-ksgov.net\/wp-content\/uploads\/07_04_2015_3424888_07_04_2015_fjalimi_per_Diten_e_Kushtetutes_1.jpg\" \/>\n\t<meta property=\"og:image:width\" content=\"1024\" \/>\n\t<meta property=\"og:image:height\" content=\"757\" \/>\n\t<meta property=\"og:image:type\" content=\"image\/jpeg\" \/>\n<meta name=\"author\" content=\"admin\" \/>\n<meta name=\"twitter:card\" content=\"summary_large_image\" \/>\n<meta name=\"twitter:label1\" content=\"\u041d\u0430\u043f\u0438\u0441\u0430\u043d\u043e \u043e\u0434\" \/>\n\t<meta name=\"twitter:data1\" content=\"admin\" \/>\n\t<meta name=\"twitter:label2\" content=\"\u041f\u0440\u043e\u0446\u0435\u045a\u0435\u043d\u043e \u0432\u0440\u0435\u043c\u0435 \u0447\u0438\u0442\u0430\u045a\u0430\" \/>\n\t<meta name=\"twitter:data2\" content=\"3 \u043c\u0438\u043d\u0443\u0442\u0430\" \/>\n<script type=\"application\/ld+json\" class=\"yoast-schema-graph\">{\"@context\":\"https:\/\/schema.org\",\"@graph\":[{\"@type\":\"WebPage\",\"@id\":\"https:\/\/president-ksgov.net\/fjalimi-i-presidentes-jahjaga-ne-manifestimin-me-rastin-e-dites-se-kushtetutes\/\",\"url\":\"https:\/\/president-ksgov.net\/fjalimi-i-presidentes-jahjaga-ne-manifestimin-me-rastin-e-dites-se-kushtetutes\/\",\"name\":\"Govor Predsednice Jahjaga na manifestaciji povodom Dana Ustava - Predsednik Republike Kosovo - DR. VJOSA OSMANI - SADRIU\",\"isPartOf\":{\"@id\":\"https:\/\/president-ksgov.net\/#website\"},\"primaryImageOfPage\":{\"@id\":\"https:\/\/president-ksgov.net\/fjalimi-i-presidentes-jahjaga-ne-manifestimin-me-rastin-e-dites-se-kushtetutes\/#primaryimage\"},\"image\":{\"@id\":\"https:\/\/president-ksgov.net\/fjalimi-i-presidentes-jahjaga-ne-manifestimin-me-rastin-e-dites-se-kushtetutes\/#primaryimage\"},\"thumbnailUrl\":\"https:\/\/president-ksgov.net\/wp-content\/uploads\/07_04_2015_3424888_07_04_2015_fjalimi_per_Diten_e_Kushtetutes_1.jpg\",\"datePublished\":\"2015-04-07T12:39:29+00:00\",\"dateModified\":\"2023-03-08T09:02:25+00:00\",\"author\":{\"@id\":\"https:\/\/president-ksgov.net\/#\/schema\/person\/bb4337a5fb147cb2046d80548172cbee\"},\"description\":\"Govor Predsednice Jahjaga na manifestaciji povodom Dana Ustava - Predsednik Republike Kosovo - DR. VJOSA OSMANI - SADRIU -\",\"breadcrumb\":{\"@id\":\"https:\/\/president-ksgov.net\/fjalimi-i-presidentes-jahjaga-ne-manifestimin-me-rastin-e-dites-se-kushtetutes\/#breadcrumb\"},\"inLanguage\":\"sr-RS\",\"potentialAction\":[{\"@type\":\"ReadAction\",\"target\":[\"https:\/\/president-ksgov.net\/fjalimi-i-presidentes-jahjaga-ne-manifestimin-me-rastin-e-dites-se-kushtetutes\/\"]}]},{\"@type\":\"ImageObject\",\"inLanguage\":\"sr-RS\",\"@id\":\"https:\/\/president-ksgov.net\/fjalimi-i-presidentes-jahjaga-ne-manifestimin-me-rastin-e-dites-se-kushtetutes\/#primaryimage\",\"url\":\"https:\/\/president-ksgov.net\/wp-content\/uploads\/07_04_2015_3424888_07_04_2015_fjalimi_per_Diten_e_Kushtetutes_1.jpg\",\"contentUrl\":\"https:\/\/president-ksgov.net\/wp-content\/uploads\/07_04_2015_3424888_07_04_2015_fjalimi_per_Diten_e_Kushtetutes_1.jpg\",\"width\":1024,\"height\":757},{\"@type\":\"BreadcrumbList\",\"@id\":\"https:\/\/president-ksgov.net\/fjalimi-i-presidentes-jahjaga-ne-manifestimin-me-rastin-e-dites-se-kushtetutes\/#breadcrumb\",\"itemListElement\":[{\"@type\":\"ListItem\",\"position\":1,\"name\":\"Home\",\"item\":\"https:\/\/president-ksgov.net\/sr\/\"},{\"@type\":\"ListItem\",\"position\":2,\"name\":\"Govor Predsednice Jahjaga na manifestaciji povodom Dana Ustava\"}]},{\"@type\":\"WebSite\",\"@id\":\"https:\/\/president-ksgov.net\/#website\",\"url\":\"https:\/\/president-ksgov.net\/\",\"name\":\"Presidente e Republik\u00ebs s\u00eb Kosov\u00ebs\",\"description\":\"Presidente e Republik\u00ebs s\u00eb Kosov\u00ebs\",\"alternateName\":\"DR. VJOSA OSMANI - SADRIU\",\"potentialAction\":[{\"@type\":\"SearchAction\",\"target\":{\"@type\":\"EntryPoint\",\"urlTemplate\":\"https:\/\/president-ksgov.net\/?s={search_term_string}\"},\"query-input\":{\"@type\":\"PropertyValueSpecification\",\"valueRequired\":true,\"valueName\":\"search_term_string\"}}],\"inLanguage\":\"sr-RS\"},{\"@type\":\"Person\",\"@id\":\"https:\/\/president-ksgov.net\/#\/schema\/person\/bb4337a5fb147cb2046d80548172cbee\",\"name\":\"admin\",\"image\":{\"@type\":\"ImageObject\",\"inLanguage\":\"sr-RS\",\"@id\":\"https:\/\/president-ksgov.net\/#\/schema\/person\/image\/\",\"url\":\"https:\/\/secure.gravatar.com\/avatar\/36156ca0fa3b8d9d25174f146e16beea0cf28f37adf1b9e19b6c9c279a7c9dd3?s=96&d=mm&r=g\",\"contentUrl\":\"https:\/\/secure.gravatar.com\/avatar\/36156ca0fa3b8d9d25174f146e16beea0cf28f37adf1b9e19b6c9c279a7c9dd3?s=96&d=mm&r=g\",\"caption\":\"admin\"},\"sameAs\":[\"https:\/\/president-ksgov.net\"]}]}<\/script>\n<!-- \/ Yoast SEO plugin. -->","yoast_head_json":{"title":"Govor Predsednice Jahjaga na manifestaciji povodom Dana Ustava - Predsednik Republike Kosovo - DR. VJOSA OSMANI - SADRIU","description":"Govor Predsednice Jahjaga na manifestaciji povodom Dana Ustava - Predsednik Republike Kosovo - DR. VJOSA OSMANI - SADRIU -","robots":{"index":"index","follow":"follow","max-snippet":"max-snippet:-1","max-image-preview":"max-image-preview:large","max-video-preview":"max-video-preview:-1"},"canonical":"https:\/\/president-ksgov.net\/fjalimi-i-presidentes-jahjaga-ne-manifestimin-me-rastin-e-dites-se-kushtetutes\/","og_locale":"sr_RS","og_type":"article","og_title":"Govor Predsednice Jahjaga na manifestaciji povodom Dana Ustava - Predsednik Republike Kosovo - DR. VJOSA OSMANI - SADRIU","og_description":"Govor Predsednice Jahjaga na manifestaciji povodom Dana Ustava - Predsednik Republike Kosovo - DR. VJOSA OSMANI - SADRIU -","og_url":"https:\/\/president-ksgov.net\/fjalimi-i-presidentes-jahjaga-ne-manifestimin-me-rastin-e-dites-se-kushtetutes\/","og_site_name":"Predsednik Republike Kosovo - DR. VJOSA OSMANI - SADRIU","article_published_time":"2015-04-07T12:39:29+00:00","article_modified_time":"2023-03-08T09:02:25+00:00","og_image":[{"width":1024,"height":757,"url":"https:\/\/president-ksgov.net\/wp-content\/uploads\/07_04_2015_3424888_07_04_2015_fjalimi_per_Diten_e_Kushtetutes_1.jpg","type":"image\/jpeg"}],"author":"admin","twitter_card":"summary_large_image","twitter_misc":{"\u041d\u0430\u043f\u0438\u0441\u0430\u043d\u043e \u043e\u0434":"admin","\u041f\u0440\u043e\u0446\u0435\u045a\u0435\u043d\u043e \u0432\u0440\u0435\u043c\u0435 \u0447\u0438\u0442\u0430\u045a\u0430":"3 \u043c\u0438\u043d\u0443\u0442\u0430"},"schema":{"@context":"https:\/\/schema.org","@graph":[{"@type":"WebPage","@id":"https:\/\/president-ksgov.net\/fjalimi-i-presidentes-jahjaga-ne-manifestimin-me-rastin-e-dites-se-kushtetutes\/","url":"https:\/\/president-ksgov.net\/fjalimi-i-presidentes-jahjaga-ne-manifestimin-me-rastin-e-dites-se-kushtetutes\/","name":"Govor Predsednice Jahjaga na manifestaciji povodom Dana Ustava - Predsednik Republike Kosovo - DR. VJOSA OSMANI - SADRIU","isPartOf":{"@id":"https:\/\/president-ksgov.net\/#website"},"primaryImageOfPage":{"@id":"https:\/\/president-ksgov.net\/fjalimi-i-presidentes-jahjaga-ne-manifestimin-me-rastin-e-dites-se-kushtetutes\/#primaryimage"},"image":{"@id":"https:\/\/president-ksgov.net\/fjalimi-i-presidentes-jahjaga-ne-manifestimin-me-rastin-e-dites-se-kushtetutes\/#primaryimage"},"thumbnailUrl":"https:\/\/president-ksgov.net\/wp-content\/uploads\/07_04_2015_3424888_07_04_2015_fjalimi_per_Diten_e_Kushtetutes_1.jpg","datePublished":"2015-04-07T12:39:29+00:00","dateModified":"2023-03-08T09:02:25+00:00","author":{"@id":"https:\/\/president-ksgov.net\/#\/schema\/person\/bb4337a5fb147cb2046d80548172cbee"},"description":"Govor Predsednice Jahjaga na manifestaciji povodom Dana Ustava - Predsednik Republike Kosovo - DR. VJOSA OSMANI - SADRIU -","breadcrumb":{"@id":"https:\/\/president-ksgov.net\/fjalimi-i-presidentes-jahjaga-ne-manifestimin-me-rastin-e-dites-se-kushtetutes\/#breadcrumb"},"inLanguage":"sr-RS","potentialAction":[{"@type":"ReadAction","target":["https:\/\/president-ksgov.net\/fjalimi-i-presidentes-jahjaga-ne-manifestimin-me-rastin-e-dites-se-kushtetutes\/"]}]},{"@type":"ImageObject","inLanguage":"sr-RS","@id":"https:\/\/president-ksgov.net\/fjalimi-i-presidentes-jahjaga-ne-manifestimin-me-rastin-e-dites-se-kushtetutes\/#primaryimage","url":"https:\/\/president-ksgov.net\/wp-content\/uploads\/07_04_2015_3424888_07_04_2015_fjalimi_per_Diten_e_Kushtetutes_1.jpg","contentUrl":"https:\/\/president-ksgov.net\/wp-content\/uploads\/07_04_2015_3424888_07_04_2015_fjalimi_per_Diten_e_Kushtetutes_1.jpg","width":1024,"height":757},{"@type":"BreadcrumbList","@id":"https:\/\/president-ksgov.net\/fjalimi-i-presidentes-jahjaga-ne-manifestimin-me-rastin-e-dites-se-kushtetutes\/#breadcrumb","itemListElement":[{"@type":"ListItem","position":1,"name":"Home","item":"https:\/\/president-ksgov.net\/sr\/"},{"@type":"ListItem","position":2,"name":"Govor Predsednice Jahjaga na manifestaciji povodom Dana Ustava"}]},{"@type":"WebSite","@id":"https:\/\/president-ksgov.net\/#website","url":"https:\/\/president-ksgov.net\/","name":"Presidente e Republik\u00ebs s\u00eb Kosov\u00ebs","description":"Presidente e Republik\u00ebs s\u00eb Kosov\u00ebs","alternateName":"DR. VJOSA OSMANI - SADRIU","potentialAction":[{"@type":"SearchAction","target":{"@type":"EntryPoint","urlTemplate":"https:\/\/president-ksgov.net\/?s={search_term_string}"},"query-input":{"@type":"PropertyValueSpecification","valueRequired":true,"valueName":"search_term_string"}}],"inLanguage":"sr-RS"},{"@type":"Person","@id":"https:\/\/president-ksgov.net\/#\/schema\/person\/bb4337a5fb147cb2046d80548172cbee","name":"admin","image":{"@type":"ImageObject","inLanguage":"sr-RS","@id":"https:\/\/president-ksgov.net\/#\/schema\/person\/image\/","url":"https:\/\/secure.gravatar.com\/avatar\/36156ca0fa3b8d9d25174f146e16beea0cf28f37adf1b9e19b6c9c279a7c9dd3?s=96&d=mm&r=g","contentUrl":"https:\/\/secure.gravatar.com\/avatar\/36156ca0fa3b8d9d25174f146e16beea0cf28f37adf1b9e19b6c9c279a7c9dd3?s=96&d=mm&r=g","caption":"admin"},"sameAs":["https:\/\/president-ksgov.net"]}]}},"_links":{"self":[{"href":"https:\/\/president-ksgov.net\/sr\/wp-json\/wp\/v2\/posts\/77416","targetHints":{"allow":["GET"]}}],"collection":[{"href":"https:\/\/president-ksgov.net\/sr\/wp-json\/wp\/v2\/posts"}],"about":[{"href":"https:\/\/president-ksgov.net\/sr\/wp-json\/wp\/v2\/types\/post"}],"author":[{"embeddable":true,"href":"https:\/\/president-ksgov.net\/sr\/wp-json\/wp\/v2\/users\/1"}],"replies":[{"embeddable":true,"href":"https:\/\/president-ksgov.net\/sr\/wp-json\/wp\/v2\/comments?post=77416"}],"version-history":[{"count":1,"href":"https:\/\/president-ksgov.net\/sr\/wp-json\/wp\/v2\/posts\/77416\/revisions"}],"predecessor-version":[{"id":81634,"href":"https:\/\/president-ksgov.net\/sr\/wp-json\/wp\/v2\/posts\/77416\/revisions\/81634"}],"wp:featuredmedia":[{"embeddable":true,"href":"https:\/\/president-ksgov.net\/sr\/wp-json\/wp\/v2\/media\/40879"}],"wp:attachment":[{"href":"https:\/\/president-ksgov.net\/sr\/wp-json\/wp\/v2\/media?parent=77416"}],"wp:term":[{"taxonomy":"category","embeddable":true,"href":"https:\/\/president-ksgov.net\/sr\/wp-json\/wp\/v2\/categories?post=77416"},{"taxonomy":"post_tag","embeddable":true,"href":"https:\/\/president-ksgov.net\/sr\/wp-json\/wp\/v2\/tags?post=77416"}],"curies":[{"name":"wp","href":"https:\/\/api.w.org\/{rel}","templated":true}]}}