{"id":77413,"date":"2015-04-10T12:27:40","date_gmt":"2015-04-10T12:27:40","guid":{"rendered":"https:\/\/dev.president-ksgov.net\/govor-predsednice-jahjaga-na-forumu-fol-hapur-govori-otvoreno-organizovan-od-strane-levizja-fol-pokret-govori-2\/"},"modified":"2015-04-10T12:27:40","modified_gmt":"2015-04-10T12:27:40","slug":"govor-predsednice-jahjaga-na-forumu-fol-hapur-govori-otvoreno-organizovan-od-strane-levizja-fol-pokret-govori-2","status":"publish","type":"post","link":"https:\/\/president-ksgov.net\/sr\/govor-predsednice-jahjaga-na-forumu-fol-hapur-govori-otvoreno-organizovan-od-strane-levizja-fol-pokret-govori-2\/","title":{"rendered":"Govor  Predsednice Jahjaga na forumu &#147;Fol Hapur&#148; (&#132;Govori Otvoreno&#147;), organizovan od strane &#132;L\u00ebvizja Fol&#147; (Pokret &#132;Govori&#147;)"},"content":{"rendered":"<p>Hvala vam na pozivu da danas budem go&#353;\u0107a ove debate. Ne verujem da postoji pogodniji dan nego &#353;to je ova godi&#353;njica Ustava Kosova da sa vama delim nekoliko mojih utisaka o ustavnosti i zakonitosti  na Kosovu, za izgradnju dr&#382;avnosti Kosova, vladavine zakona i unutra&#353;nja i spoljna konsolidacija  Republike Kosova u ovoj prvoj deceniji nakon stvaranja na&#353;e dr&#382;ave.<\/p>\n<p>Po&#353;tovani prisutni,<\/p>\n<p>Hvala vam na pozivu da danas budem go&#353;\u0107a ove debate. Ne verujem da postoji pogodniji dan nego &#353;to je ova godi&#353;njica Ustava Kosova da sa vama delim nekoliko mojih utisaka o ustavnosti i zakonitosti\u00a0 na Kosovu, za izgradnju dr&#382;avnosti Kosova, vladavine zakona i unutra&#353;nja i spoljna konsolidacija\u00a0 Republike Kosova u ovoj prvoj deceniji nakon stvaranja na&#353;e dr&#382;ave.<\/p>\n<p>Danas govorim pred Vama opremljena \u010detvorogodi&#353;njim iskustvom u ulozi Predsednice Republike Kosova, period kojeg sam pro&#353;la u stalnim naporima da stabilizujem instituciju\u00a0 za koju imam privileguju da predvodim, i da redefini&#353;em ulogu Predsednika\u00a0 u izgradnji pluralisti\u010dkog i institucionalnog &#382;ivota Republike Kosova , uz o&#382;ivljavanje ustavnih na\u010dela &#353;to \u010dine osnovu na&#353;e demokratije i garantuju odr&#382;ivost Kosova kao dr&#382;ave. <\/p>\n<p>I zbog vremenskih ograni\u010denja , kao i moje preferencije da najve\u0107i deo vremena pro\u0111e nam u vidu me\u0111usobnog\u00a0 razgovora, ne\u0107u napraviti rekapitulaciju moje delatnosti, nego \u0107u se zadr&#382;ati kod utisaka ili, bolje re\u010deno, pouke iz mog institucionalnog iskustva.\u00a0 <\/p>\n<p>U 2011. godini, nasledila sam jednu politiziranu kancelariju koja je platila cenu za ume&#353;anje u dnevnoj politici. Kancelarija\u00a0 Predsednika Kosova\u00a0 je posmatrana od &#353;ire javnosti i glasa\u010de Kosova\u00a0 kao deo dogovora o formiranju koalicija izme\u0111u dve ili vi&#353;e partija. Po&#353;to polo&#382;aj Predsednika i Premijera\u00a0 je podeljen izme\u0111u dveju partija, uslovno velike, u koaliciji.<\/p>\n<p>\u00a0Kancelarija Predsednika Kosova je perceptirana kao institucionalna manifestacija politi\u010dke partije koja je istu\u00a0 dr&#382;ala. To je u\u010dinilo da Kancelarija Predsednika\u00a0 postane deo dnevnih politika koje nisu opisani deo\u00a0 ustavnih obaveza\u00a0 Predsednika i da su, na &#382;alost, iskrivile ulogu ove institucije. Stoga, zbog takve pogre&#353;ne portretizacije nadle&#382;nosti Predsednika, bilo je i nesklada izme\u0111u ustavne uloge ove institucije i percepcije o nadle&#382;nosti ove kancelarije. Za &#353;ta vi&#353;e, u prve \u010detiri godine na&#353;eg postojanja kao dr&#382;ava, mi smo bili svedoci dveju odluka Ustavnog suda\u00a0 koje su rezultirale sa dve ostavke sa ovog polo&#382;aja. <\/p>\n<p>Stoga, kao prva koncenzualna Predsednica i nepartijska u istoriji nezavisnog Kosova, prva moja du&#382;nost je bila da depolitiziram Kancelariju Predsednika, i to otvaranjem iste za gra\u0111ane i sve politi\u010dke subjekte, kojima su gra\u0111ani Kosova poverili glas.\u00a0 Tokom mog mandata , od malog zna\u010daja je bilo da li oni subjekti imaju ve\u0107inu ili manjinu sedi&#353;ta u Skup&#353;tini. Malo je bilo relevantno da li su\u00a0 me kritikovali ili osporavali. Kao Predsednica , moja je ustavna obaveza bila da po&#353;tujem glas gra\u0111ana Kosova i da se osiguravam da u Kancelariji Predsednika , u najvi&#353;oj dr&#382;avnoj instituciji, \u010duje se glas svakog koji je zabrinut\u00a0 funkcionisanjem\u00a0 na&#353;eg demokratskog poretka.I da ova uloga obezbe\u0111uje potpuno po&#353;tovanje ustavnosti i zakonitosti Kosova, uz neutralnost prema politi\u010dkim partijama, ali beskompromisno\u00a0 u\u00a0 odbrani ustavnih na\u010dela. Prekora\u010denje politi\u010dke blokade\u00a0 u stvaranju institucija Kosova\u00a0 predstavlja testament ovakve posve\u0107enosti. <\/p>\n<p>Na&#353; Ustav je specifi\u010dan u promovisanju zajedni\u010dkog\u00a0 odlu\u010divanja\u00a0 izme\u0111u Predsednika i Premijera u dr&#382;avnim politikama,\u00a0 u\u00a0 utvr\u0111ivanju, takozvanih debelih i crvenih linija, nacionalnog interesa.\u00a0 Tako\u0111e, na toj osnovi, Ustav daje mogu\u0107nosti da odlu\u010divanje izme\u0111u ovih dveju kancelarija egzekutiva bude deo jednog pregovara\u010dkog procesa kontrole i balansa. Ali, najve\u0107a snaga &#353;to Ustav daje Predsedniku\u00a0 je upravo vrednost kancelarije kao garant demokratskog funkcionisanja triju odvojenih grana vlasti:legislativa, egzekutiva i sudstva. To, podse\u0107am vas,\u00a0 je primarna ustavna du&#382;nost Predsednika Republike kao garanta za demokratsko funkcionisanje zemlje, i faktora za jedinstvo.<\/p>\n<p>Upravo u ovom\u00a0 \u010dlanu 84.2 Ustava, &#353;to sam ja na&#353;la potrebnog pravnog prostora da ja redefini&#353;em\u00a0 ulogu Predsednika zemlje, konceptiraju\u0107i kao jedinstvenu ulogu me\u0111u-institucionalnoj koordinaciji &#353;to pove\u0107ava efikasnost i transparentnost o polaganju ra\u010duna institucija\u00a0 radi ispunjavanja njihovog mandata i, istovremeno, uz o\u010duvanje ustavne podele vlasti, autonomiju svake institucije. <\/p>\n<p>Nad tom ustavnom osnovom, uspe&#353;no sam koordinirala borbu protiv nasilnog ekstremizma\u00a0 i radikalizma,\u00a0 \u010diniv&#353;i Kosovo kao me\u0111unarodnim primerom\u00a0 o suo\u010davanju sa jednim zajedni\u010dkim\u00a0 izazovom po nacionalnoj sigurnosti &#353;to danas, takore\u0107i, doti\u010de i sve dr&#382;ave Evrope. <\/p>\n<p>Kroz Nacionalni savet za evropske integracije sam osigurala dru&#353;tveni i institucionalni koncensus za evro-atlantsku viziju Kosova, i na kraju preko ovog saveta\u00a0 mi smo adresirali razne izazove\u00a0 kao &#353;to je ilegalna migracija\u00a0 pa sve do institucionalne mobilizacije i jasne podele\u00a0 odgovornosti\u00a0 za ispunjavanje kriterijuma za liberalizaciju viza do kraja maja meseca.<\/p>\n<p>U Odboru za pre&#382;ivele od seksualnog nasilja\u00a0 tokom rata , ne samo &#353;to\u00a0 u\u010dinili kao neprihvatljivim stalnu stigmatizaciju\u00a0 &#382;rtava, nego smo obezbedili pravnu za&#353;titu\u00a0 i ekonomske &#353;anse &#353;to njima osigurava dostojanstvenije budu\u0107nost.\u00a0\u00a0 U borbi protiv korupcije , koordinirala sam delatnost institucija mandatiranih za\u00a0 suzbijanje organizovanog kriminala i korupcije. I pored toga da ja, li\u010dno,\u00a0 nisam zadovoljna sa institucionalnim odgovorom prema tom fenomenu\u00a0 koji potresa\u00a0 i budu\u0107nost Kosova,\u00a0 kroz koordinaciju mi smo uspeli da identifikujemo probleme. Oni danas imaju ime i adresu.<\/p>\n<p>Ovde &#382;elim da pre\u0111em kod vladavine reda i zakona.<\/p>\n<p>&#381;elim naglasiti\u00a0 neophodnost da na&#353;a se dr&#382;ava rukovodi sa jednim\u00a0 me\u0111u naj zna\u010dajnim\u00a0<br \/>\nvrednostima Ustava,\u00a0 a to je ravnopravnosti pred zakonom. Pred zakonima\u00a0 Republike\u00a0 Kosova moramo biti svi ravnopravni. Da bi o&#382;ivelo ovo na\u010delo treba da jo&#353; vi&#353;e radimo\u00a0 kako bi smo imali jedan pravni sistem bez uticaja od politike. Na&#353;\u00a0 Sistem pravde,, onako kako se predvi\u0111a i Ustavom, mora biti jedinstven, nezavistan, pravedan, apoliti\u010dan i nepristrasan. To ostaje jedna aspiracija , realizacija koje uslovljava na&#353;u odr&#382;ivost kao dr&#382;ave, poverenje gra\u0111ana\u00a0 u njihovoj zemlji i napore na&#353;eg dru&#353;tva\u00a0 da Kosovo postavimo u integracionim procesima. <\/p>\n<p>Vladavina zakona i reda , izgradnja pravne dr&#382;ave, usko je povezano sa na&#353;im integrativnim procesima. Potrebna nam je ve\u0107a posve\u0107enost u borbi protiv korupcije i organizovanog kriminala i to zna\u010di jo&#353; vi&#353;e konkretnih rezultata. Mi imamo brojnih primera\u00a0 u dr&#382;avama koje su avanzirale integrativnu agendu uz smelosti da se ozbiljno suo\u010davaju sa organizovanim kriminalom i korupcijom. Anga&#382;ovanje u ovoj borbi je zajedni\u010dko, kako institucija tako\u0111e i celokupnog dru&#353;tva. Borba protiv korupcije ne mo&#382;e se zaustaviti niti spre\u010diti. <\/p>\n<p>Mi smo identifikovali i re&#353;ili brojne probleme u Nacionalnom savetu protiv korupcije, ali glavni teret pada nad institucijama\u00a0 koje imaju izvr&#353;nu nadle&#382;nost u istragu, gonjenju i su\u0111enju. Znam da je potrebno jo&#353; vi&#353;e i ve\u0107ega rada pa, zbog toga, sam uvek potencirala \u010dinjenicu da &#353;to dalje stoji politika\u00a0 od ovog sistema utoliko bolje \u0107e biti za nju i toliko brzo \u0107emo mo\u0107i garantovati sprovo\u0111enje zakona. Svaka stvar je povezano vladavinom zakona i reda. Ekonomski razvoj, stvaranje pogodne klime za biznis, strane investicije, sve su to povezane za sigurnost, &#353;to podrazumeva pravnu dr&#382;avu. Mi moramo shvatiti da nema demokratske dr&#382;ave, razvijene i unapre\u0111ene bez vladavine zakona. <\/p>\n<p>Ja sam opredeljena da izgradimo jednu dr&#382;avu vladavine reda i zakona. Dokazivala sam takvo moje opredeljenje na brojnim instancama, jer sam ube\u0111ena da istrajnost Kosova zavisi od sna&#382;nih institucija\u00a0 koje se baziraju na zakletvi\u00a0 za \u010dasno i dostojanstveno\u00a0 izvr&#353;enje radnih obaveza. <\/p>\n<p>Aspiracija da Kosovo\u00a0 postane pravna dr&#382;ava povezuje se instalacijom takvog mentaliteta i sveobuhvatnih reformi u na&#353;em dru&#353;tvu-\u00a0 reforma u zdravstvu,\u00a0 reforma u obrazovanju, reforma u pravnom\u00a0 sistemu. Danas se i dalje suo\u010davamo sa re&#353;ivim problemima , koji zahtevaju samo dobru volju, kao na primer ne transparentne javne nabavke. Jedno takvo stanje je neprihvatljivo, kao &#353;to je neprihvatljivo i ume&#353;anje u autonomiji pravosudnih institucija, koje moraju da budu glavni stubovi &#353;to regeneri&#353;u na&#353;e vrednosti\u00a0 i garantuju pobolj&#353;anje i preporod na&#353;eg sistema. <\/p>\n<p>Puno se govorilo o imenovanju glavnog Dr&#382;avnog tu&#382;ioca. Po ovom pitanju bi bila malo rezervisana\u00a0 jer jo&#353; nisam donela jednu odluku, pravo i obaveza koja je pod mojom diskrecijom. Produ&#382;enje procesa nije se desio niti \u0107e se dogoditi u mojoj kancelariji. Zbrka koja je napravljena je posledica suvi&#353;nog odugovla\u0107enja za vi&#353;e meseci. Takvo suvi&#353;no odugovla\u0107enje je stavilo na videlo brojne probleme sa kojima se suo\u010dava Savet tu&#382;ila&#353;tva Kosova, kao jedan od najzna\u010dajnih stubova vladavine zakona. Ja \u010du svoju odluku doneti onako kako sam donela i svaku drugu odluku, baziraju\u0107i se na Ustav i zakon . Za mene je zna\u010dajno da se donosi jedna odluka\u00a0 koja \u0107e biti standard baziran u procesu i kredibilitet. Predlog je u razmatranju, prostor &#353;to mi daje zakon, i ovo vreme razmatranje, ne proizvodi nacionalni vakum niti \u0107e biti u funkciji bilo kakve\u00a0\u00a0 politi\u010dke trgovine. <\/p>\n<p>I poslednji deo za danas &#353;to &#382;elim podeliti sa vama, po&#353;tovani prisutni, odnosi se na me\u0111unarodnu konsolidaciju\u00a0 Kosova.<\/p>\n<p>U ove \u010detiri godine nije bilo ve\u0107eg \u010dasti za mene nego da budem ambasadorka Kosova na sve \u010detiri strane sveta. Ka&#382;em vam u punom smislu re\u010di\u00a0 da nije bilo ve\u0107e privilegije nego da podelim sa svetskom audijencijom na&#353;u storiju, jednog dru&#353;tva da pod represijom, etni\u010dkog \u010di&#353;\u0107enja i pretnjom po samom opstanku, nikad se nije odustajalo od na&#353;eg sna za stvaranje dr&#382;ave.\u00a0 <\/p>\n<p>I sada, kada nezavisnost Kosova se i dalje osporava iz raznih krugova, mi smo dokazivali da je to nepovratno. Da je na&#353; cilj izgradnja odr&#382;ivog Kosova , jednog dugove\u010dnog koncepta.<br \/>\nStoga, investiranje u stabilnost i unutra&#353;nju funkcionalnost je od velikog zna\u010daja, jer to reflektira i u na&#353; spoljni subjektivitet. <\/p>\n<p>Nakon progla&#353;enja nezavisnosti, Kosovu je bilo potrebno dokazivanje kao dr&#382;ave , u ja\u010danju njegovog spoljnog legitimiteta preko bilateralnih priznavanja, u\u010dlanjenja\u00a0 u regionalnim i me\u0111unarodnim\u00a0 inicijativama, uz izgra\u0111ivanje mostova politi\u010dke, kulturne i ekonomske saradnje, ja\u010danje odnosa sa na&#353;im strate&#353;kim partnerima koji \u0107e avanzirati bilateralne odnose i osna&#382;iti na&#353;e zajedni\u010dke vrednosti. <\/p>\n<p>Ve\u0107ina dr&#382;ava sveta, i ve\u0107ina dr&#382;ava Evropske Unije su nas priznale nepobitnu realnost , kao faktor mira i stabilnosti. <\/p>\n<p>\u00a0Na&#353; cilj je bio da stvaramo jasnu orijentaciju, fokusiranu u partnerstvo sa raznim zemljama regiona i sveta, ja\u010danje ekonomske saradnje i klju\u010dnog prioriteta integracije u EU i NATO. Ova politika se zasniva u nekoliko principa: promovisanje evropske integracije, partnerstvo\u00a0 i trans-atlantsko prijateljstvo, regionalna i multilateralna saradnja, i ekonomska saradnja. <\/p>\n<p>Danas mi &#382;ivimo u jednom svetu koji se permanentno menja i pored toga mora se promeniti i na&#353;a mogu\u0107nost radi prilago\u0111avanja. Ev dok na&#353;a evro-atlantska orijentacija ostaje jedina alternativa , mi moramo stvoriti nove alijanse i mogu\u0107nosti , posebno u ekonomskoj oblasti. Istovremeno, potrebno je jo&#353; vi&#353;e truda i rada da bismo investirali u na&#353;em spoljnom ugledu.<\/p>\n<p>Proces evropske integracije je nezamenljiva opcija sa velikim uticajem u transformaciji na&#353;ih ekonomija i politika. <\/p>\n<p>U na&#353;em putu integracije u Evropskoj Uniji, mi moramo ispuniti sve na&#353;e obaveze, jer jednino\u00a0 tada\u00a0 mi \u0107emo gurati napred na&#353;u viziju\u00a0 i zajedni\u010dku agendu odr&#382;ive i funkcionalne dr&#382;ave, i spremni za evropsku i evro-atlantsku integraciju. <\/p>\n<p>Mi ne tra&#382;imo jedan kra\u0107i put za Evropsku Uniju. Nego mi tra&#382;imo da kada mi budemo spremni , i Brisel da bude spreman. <\/p>\n<p>Tokom poslednih meseci stalno sam se sastala sa odgovornim institucijama, ali i preko Nacionalnog saveta za evropsku integraciju, u cilju efikasne koordinacije i ubrzavanje u ispunjenju preostalih tehni\u010dkih kriterijuma u okviru Dijaloga za liberalizaciju viza. Mi smo se usaglasili da sve preostale tehni\u010dke preporuke \u0107e biti adresirana do maja meseca. Ja sam ube\u0111ena da na kraju ovaj dijalog\u00a0 \u0107e se osna&#382;iti i da \u0107e uspe&#353;no biti okon\u010dan,\u00a0\u00a0\u00a0\u00a0\u00a0 <\/p>\n<p>Po\u010detkom leta mi, tako\u0111e, o\u010dekujemo potpisivanje Sporazuma stabilizacije i pridru&#382;ivanja, &#353;to bele&#382;i novo poglavlje\u00a0 u odnosima izme\u0111u Kosova i Evropske Unije, i pribli&#382;avanje na&#353;e zemlje sa evropskom porodicom. Po\u010detak sprovo\u0111enja ovog sporazuma Kosovo se postavlja u centru politike pro&#353;irenja EU-a.\u00a0 Za region i konkretan po\u010detak procesa \u010dlanstva Kosova u EU. <\/p>\n<p>Projekat EU-a ima puni smisao jedino tada kada se zaokru&#382;uje u\u010dlanjenjem svih na&#353;ih zemalja u evropskoj porodici, kao ravnopravne i u saradnji i ju me\u0111usobnom pomirenju. <\/p>\n<p>Na&#353; put ka EU je uslovljen na&#353;om sposobno&#353;\u0107u da izgradimo dobrosusedske odnose, koji podrazumevaju po&#353;tovanje prema negovanim vrednostima od na&#353;ih dru&#353;tava i za integraciju na&#353;ih respektabilnih zemalja. <\/p>\n<p>Kosovo \u0107e ostati odlu\u010dno\u00a0 u izgradnji dobrih odnosa sa susedima, &#353;to promovi&#353;u saradnju i me\u0111usobno poverenje- jedna klju\u010dna promena za region koji, ne manje od pre dve decenije bio zavladan ratovima. <\/p>\n<p>Izgradnja temelja za odr&#382;ivo partnerstvo\u00a0 nije samo politi\u010dka odlu\u010dnost, nego je to i potrebno ako &#382;elimo da kre\u0107emo napred ka pobolj&#353;anju &#382;ivota\u00a0 na&#353;ih gra\u0111ana. Strani investitori \u0107e izbegavati\u00a0\u00a0 zemlje koje ne obezbe\u0111uju ekonomsku i politi\u010dku stabilnost regiona. <\/p>\n<p>Ja verujem da Zapadni Balkan mo&#382;e uspeti da postane region sa konsolidovanom demokratijom, unapre\u0111en i sa funkcionalnom tr&#382;i&#353;nom ekonomijom i poverljivi evro-atlantski\u00a0 davalac doprinosa za adresiranje globalnih izazova.<br \/>\n\u00a0<\/p>\n","protected":false},"excerpt":{"rendered":"<p>Hvala vam na pozivu da danas budem go&#353;\u0107a ove debate. Ne verujem da postoji pogodniji dan nego &#353;to je ova godi&#353;njica Ustava Kosova da sa vama delim nekoliko mojih utisaka o ustavnosti i zakonitosti  na Kosovu, za izgradnju dr&#382;avnosti Kosova, vladavine zakona i unutra&#353;nja i spoljna konsolidacija  Republike Kosova u ovoj prvoj deceniji nakon stvaranja na&#353;e dr&#382;ave.<\/p>\n","protected":false},"author":1,"featured_media":40858,"comment_status":"open","ping_status":"closed","sticky":false,"template":"","format":"standard","meta":{"_eb_attr":"","footnotes":""},"categories":[101],"tags":[],"class_list":["post-77413","post","type-post","status-publish","format-standard","has-post-thumbnail","hentry","category-vesti"],"yoast_head":"<!-- This site is optimized with the Yoast SEO plugin v23.5 - https:\/\/yoast.com\/wordpress\/plugins\/seo\/ -->\n<title>Govor Predsednice Jahjaga na forumu &#147;Fol Hapur&#148; (&#132;Govori Otvoreno&#147;), organizovan od strane &#132;L\u00ebvizja Fol&#147; (Pokret &#132;Govori&#147;) - Predsednik Republike Kosovo - DR. VJOSA OSMANI - SADRIU<\/title>\n<meta name=\"description\" content=\"Govor Predsednice Jahjaga na forumu &#147;Fol Hapur&#148; (&#132;Govori Otvoreno&#147;), organizovan od strane &#132;L\u00ebvizja Fol&#147; (Pokret &#132;Govori&#147;) - Predsednik Republike Kosovo - DR. VJOSA OSMANI - SADRIU -\" \/>\n<meta name=\"robots\" content=\"index, follow, max-snippet:-1, max-image-preview:large, max-video-preview:-1\" \/>\n<link rel=\"canonical\" href=\"https:\/\/president-ksgov.net\/sr\/govor-predsednice-jahjaga-na-forumu-fol-hapur-govori-otvoreno-organizovan-od-strane-levizja-fol-pokret-govori-2\/\" \/>\n<meta property=\"og:locale\" content=\"sr_RS\" \/>\n<meta property=\"og:type\" content=\"article\" \/>\n<meta property=\"og:title\" content=\"Govor Predsednice Jahjaga na forumu &#147;Fol Hapur&#148; (&#132;Govori Otvoreno&#147;), organizovan od strane &#132;L\u00ebvizja Fol&#147; (Pokret &#132;Govori&#147;) - Predsednik Republike Kosovo - DR. VJOSA OSMANI - SADRIU\" \/>\n<meta property=\"og:description\" content=\"Govor Predsednice Jahjaga na forumu &#147;Fol Hapur&#148; (&#132;Govori Otvoreno&#147;), organizovan od strane &#132;L\u00ebvizja Fol&#147; (Pokret &#132;Govori&#147;) - Predsednik Republike Kosovo - DR. VJOSA OSMANI - SADRIU -\" \/>\n<meta property=\"og:url\" content=\"https:\/\/president-ksgov.net\/sr\/govor-predsednice-jahjaga-na-forumu-fol-hapur-govori-otvoreno-organizovan-od-strane-levizja-fol-pokret-govori-2\/\" \/>\n<meta property=\"og:site_name\" content=\"Predsednik Republike Kosovo - DR. VJOSA OSMANI - SADRIU\" \/>\n<meta property=\"article:published_time\" content=\"2015-04-10T12:27:40+00:00\" \/>\n<meta property=\"og:image\" content=\"https:\/\/president-ksgov.net\/wp-content\/uploads\/10_04_2015_556438_10_04_2015_Levizja_FOL_1_jpg.jpg\" \/>\n\t<meta property=\"og:image:width\" content=\"1000\" \/>\n\t<meta property=\"og:image:height\" content=\"733\" \/>\n\t<meta property=\"og:image:type\" content=\"image\/jpeg\" \/>\n<meta name=\"author\" content=\"admin\" \/>\n<meta name=\"twitter:card\" content=\"summary_large_image\" \/>\n<meta name=\"twitter:label1\" content=\"\u041d\u0430\u043f\u0438\u0441\u0430\u043d\u043e \u043e\u0434\" \/>\n\t<meta name=\"twitter:data1\" content=\"admin\" \/>\n\t<meta name=\"twitter:label2\" content=\"\u041f\u0440\u043e\u0446\u0435\u045a\u0435\u043d\u043e \u0432\u0440\u0435\u043c\u0435 \u0447\u0438\u0442\u0430\u045a\u0430\" \/>\n\t<meta name=\"twitter:data2\" content=\"11 \u043c\u0438\u043d\u0443\u0442\u0430\" \/>\n<script type=\"application\/ld+json\" class=\"yoast-schema-graph\">{\"@context\":\"https:\/\/schema.org\",\"@graph\":[{\"@type\":\"WebPage\",\"@id\":\"https:\/\/president-ksgov.net\/sr\/govor-predsednice-jahjaga-na-forumu-fol-hapur-govori-otvoreno-organizovan-od-strane-levizja-fol-pokret-govori-2\/\",\"url\":\"https:\/\/president-ksgov.net\/sr\/govor-predsednice-jahjaga-na-forumu-fol-hapur-govori-otvoreno-organizovan-od-strane-levizja-fol-pokret-govori-2\/\",\"name\":\"Govor Predsednice Jahjaga na forumu &#147;Fol Hapur&#148; (&#132;Govori Otvoreno&#147;), organizovan od strane &#132;L\u00ebvizja Fol&#147; (Pokret &#132;Govori&#147;) - Predsednik Republike Kosovo - DR. VJOSA OSMANI - SADRIU\",\"isPartOf\":{\"@id\":\"https:\/\/president-ksgov.net\/#website\"},\"primaryImageOfPage\":{\"@id\":\"https:\/\/president-ksgov.net\/sr\/govor-predsednice-jahjaga-na-forumu-fol-hapur-govori-otvoreno-organizovan-od-strane-levizja-fol-pokret-govori-2\/#primaryimage\"},\"image\":{\"@id\":\"https:\/\/president-ksgov.net\/sr\/govor-predsednice-jahjaga-na-forumu-fol-hapur-govori-otvoreno-organizovan-od-strane-levizja-fol-pokret-govori-2\/#primaryimage\"},\"thumbnailUrl\":\"https:\/\/president-ksgov.net\/wp-content\/uploads\/10_04_2015_556438_10_04_2015_Levizja_FOL_1_jpg.jpg\",\"datePublished\":\"2015-04-10T12:27:40+00:00\",\"dateModified\":\"2015-04-10T12:27:40+00:00\",\"author\":{\"@id\":\"https:\/\/president-ksgov.net\/#\/schema\/person\/bb4337a5fb147cb2046d80548172cbee\"},\"description\":\"Govor Predsednice Jahjaga na forumu &#147;Fol Hapur&#148; (&#132;Govori Otvoreno&#147;), organizovan od strane &#132;L\u00ebvizja Fol&#147; (Pokret &#132;Govori&#147;) - Predsednik Republike Kosovo - DR. VJOSA OSMANI - SADRIU -\",\"breadcrumb\":{\"@id\":\"https:\/\/president-ksgov.net\/sr\/govor-predsednice-jahjaga-na-forumu-fol-hapur-govori-otvoreno-organizovan-od-strane-levizja-fol-pokret-govori-2\/#breadcrumb\"},\"inLanguage\":\"sr-RS\",\"potentialAction\":[{\"@type\":\"ReadAction\",\"target\":[\"https:\/\/president-ksgov.net\/sr\/govor-predsednice-jahjaga-na-forumu-fol-hapur-govori-otvoreno-organizovan-od-strane-levizja-fol-pokret-govori-2\/\"]}]},{\"@type\":\"ImageObject\",\"inLanguage\":\"sr-RS\",\"@id\":\"https:\/\/president-ksgov.net\/sr\/govor-predsednice-jahjaga-na-forumu-fol-hapur-govori-otvoreno-organizovan-od-strane-levizja-fol-pokret-govori-2\/#primaryimage\",\"url\":\"https:\/\/president-ksgov.net\/wp-content\/uploads\/10_04_2015_556438_10_04_2015_Levizja_FOL_1_jpg.jpg\",\"contentUrl\":\"https:\/\/president-ksgov.net\/wp-content\/uploads\/10_04_2015_556438_10_04_2015_Levizja_FOL_1_jpg.jpg\",\"width\":1000,\"height\":733},{\"@type\":\"BreadcrumbList\",\"@id\":\"https:\/\/president-ksgov.net\/sr\/govor-predsednice-jahjaga-na-forumu-fol-hapur-govori-otvoreno-organizovan-od-strane-levizja-fol-pokret-govori-2\/#breadcrumb\",\"itemListElement\":[{\"@type\":\"ListItem\",\"position\":1,\"name\":\"Home\",\"item\":\"https:\/\/president-ksgov.net\/sr\/\"},{\"@type\":\"ListItem\",\"position\":2,\"name\":\"Govor Predsednice Jahjaga na forumu &#147;Fol Hapur&#148; (&#132;Govori Otvoreno&#147;), organizovan od strane &#132;L\u00ebvizja Fol&#147; (Pokret &#132;Govori&#147;)\"}]},{\"@type\":\"WebSite\",\"@id\":\"https:\/\/president-ksgov.net\/#website\",\"url\":\"https:\/\/president-ksgov.net\/\",\"name\":\"Presidente e Republik\u00ebs s\u00eb Kosov\u00ebs\",\"description\":\"Presidente e Republik\u00ebs s\u00eb Kosov\u00ebs\",\"alternateName\":\"DR. VJOSA OSMANI - SADRIU\",\"potentialAction\":[{\"@type\":\"SearchAction\",\"target\":{\"@type\":\"EntryPoint\",\"urlTemplate\":\"https:\/\/president-ksgov.net\/?s={search_term_string}\"},\"query-input\":{\"@type\":\"PropertyValueSpecification\",\"valueRequired\":true,\"valueName\":\"search_term_string\"}}],\"inLanguage\":\"sr-RS\"},{\"@type\":\"Person\",\"@id\":\"https:\/\/president-ksgov.net\/#\/schema\/person\/bb4337a5fb147cb2046d80548172cbee\",\"name\":\"admin\",\"image\":{\"@type\":\"ImageObject\",\"inLanguage\":\"sr-RS\",\"@id\":\"https:\/\/president-ksgov.net\/#\/schema\/person\/image\/\",\"url\":\"https:\/\/secure.gravatar.com\/avatar\/36156ca0fa3b8d9d25174f146e16beea0cf28f37adf1b9e19b6c9c279a7c9dd3?s=96&d=mm&r=g\",\"contentUrl\":\"https:\/\/secure.gravatar.com\/avatar\/36156ca0fa3b8d9d25174f146e16beea0cf28f37adf1b9e19b6c9c279a7c9dd3?s=96&d=mm&r=g\",\"caption\":\"admin\"},\"sameAs\":[\"https:\/\/president-ksgov.net\"]}]}<\/script>\n<!-- \/ Yoast SEO plugin. -->","yoast_head_json":{"title":"Govor Predsednice Jahjaga na forumu &#147;Fol Hapur&#148; (&#132;Govori Otvoreno&#147;), organizovan od strane &#132;L\u00ebvizja Fol&#147; (Pokret &#132;Govori&#147;) - Predsednik Republike Kosovo - DR. VJOSA OSMANI - SADRIU","description":"Govor Predsednice Jahjaga na forumu &#147;Fol Hapur&#148; (&#132;Govori Otvoreno&#147;), organizovan od strane &#132;L\u00ebvizja Fol&#147; (Pokret &#132;Govori&#147;) - Predsednik Republike Kosovo - DR. VJOSA OSMANI - SADRIU -","robots":{"index":"index","follow":"follow","max-snippet":"max-snippet:-1","max-image-preview":"max-image-preview:large","max-video-preview":"max-video-preview:-1"},"canonical":"https:\/\/president-ksgov.net\/sr\/govor-predsednice-jahjaga-na-forumu-fol-hapur-govori-otvoreno-organizovan-od-strane-levizja-fol-pokret-govori-2\/","og_locale":"sr_RS","og_type":"article","og_title":"Govor Predsednice Jahjaga na forumu &#147;Fol Hapur&#148; (&#132;Govori Otvoreno&#147;), organizovan od strane &#132;L\u00ebvizja Fol&#147; (Pokret &#132;Govori&#147;) - Predsednik Republike Kosovo - DR. VJOSA OSMANI - SADRIU","og_description":"Govor Predsednice Jahjaga na forumu &#147;Fol Hapur&#148; (&#132;Govori Otvoreno&#147;), organizovan od strane &#132;L\u00ebvizja Fol&#147; (Pokret &#132;Govori&#147;) - Predsednik Republike Kosovo - DR. VJOSA OSMANI - SADRIU -","og_url":"https:\/\/president-ksgov.net\/sr\/govor-predsednice-jahjaga-na-forumu-fol-hapur-govori-otvoreno-organizovan-od-strane-levizja-fol-pokret-govori-2\/","og_site_name":"Predsednik Republike Kosovo - DR. VJOSA OSMANI - SADRIU","article_published_time":"2015-04-10T12:27:40+00:00","og_image":[{"width":1000,"height":733,"url":"https:\/\/president-ksgov.net\/wp-content\/uploads\/10_04_2015_556438_10_04_2015_Levizja_FOL_1_jpg.jpg","type":"image\/jpeg"}],"author":"admin","twitter_card":"summary_large_image","twitter_misc":{"\u041d\u0430\u043f\u0438\u0441\u0430\u043d\u043e \u043e\u0434":"admin","\u041f\u0440\u043e\u0446\u0435\u045a\u0435\u043d\u043e \u0432\u0440\u0435\u043c\u0435 \u0447\u0438\u0442\u0430\u045a\u0430":"11 \u043c\u0438\u043d\u0443\u0442\u0430"},"schema":{"@context":"https:\/\/schema.org","@graph":[{"@type":"WebPage","@id":"https:\/\/president-ksgov.net\/sr\/govor-predsednice-jahjaga-na-forumu-fol-hapur-govori-otvoreno-organizovan-od-strane-levizja-fol-pokret-govori-2\/","url":"https:\/\/president-ksgov.net\/sr\/govor-predsednice-jahjaga-na-forumu-fol-hapur-govori-otvoreno-organizovan-od-strane-levizja-fol-pokret-govori-2\/","name":"Govor Predsednice Jahjaga na forumu &#147;Fol Hapur&#148; (&#132;Govori Otvoreno&#147;), organizovan od strane &#132;L\u00ebvizja Fol&#147; (Pokret &#132;Govori&#147;) - Predsednik Republike Kosovo - DR. VJOSA OSMANI - SADRIU","isPartOf":{"@id":"https:\/\/president-ksgov.net\/#website"},"primaryImageOfPage":{"@id":"https:\/\/president-ksgov.net\/sr\/govor-predsednice-jahjaga-na-forumu-fol-hapur-govori-otvoreno-organizovan-od-strane-levizja-fol-pokret-govori-2\/#primaryimage"},"image":{"@id":"https:\/\/president-ksgov.net\/sr\/govor-predsednice-jahjaga-na-forumu-fol-hapur-govori-otvoreno-organizovan-od-strane-levizja-fol-pokret-govori-2\/#primaryimage"},"thumbnailUrl":"https:\/\/president-ksgov.net\/wp-content\/uploads\/10_04_2015_556438_10_04_2015_Levizja_FOL_1_jpg.jpg","datePublished":"2015-04-10T12:27:40+00:00","dateModified":"2015-04-10T12:27:40+00:00","author":{"@id":"https:\/\/president-ksgov.net\/#\/schema\/person\/bb4337a5fb147cb2046d80548172cbee"},"description":"Govor Predsednice Jahjaga na forumu &#147;Fol Hapur&#148; (&#132;Govori Otvoreno&#147;), organizovan od strane &#132;L\u00ebvizja Fol&#147; (Pokret &#132;Govori&#147;) - Predsednik Republike Kosovo - DR. VJOSA OSMANI - SADRIU -","breadcrumb":{"@id":"https:\/\/president-ksgov.net\/sr\/govor-predsednice-jahjaga-na-forumu-fol-hapur-govori-otvoreno-organizovan-od-strane-levizja-fol-pokret-govori-2\/#breadcrumb"},"inLanguage":"sr-RS","potentialAction":[{"@type":"ReadAction","target":["https:\/\/president-ksgov.net\/sr\/govor-predsednice-jahjaga-na-forumu-fol-hapur-govori-otvoreno-organizovan-od-strane-levizja-fol-pokret-govori-2\/"]}]},{"@type":"ImageObject","inLanguage":"sr-RS","@id":"https:\/\/president-ksgov.net\/sr\/govor-predsednice-jahjaga-na-forumu-fol-hapur-govori-otvoreno-organizovan-od-strane-levizja-fol-pokret-govori-2\/#primaryimage","url":"https:\/\/president-ksgov.net\/wp-content\/uploads\/10_04_2015_556438_10_04_2015_Levizja_FOL_1_jpg.jpg","contentUrl":"https:\/\/president-ksgov.net\/wp-content\/uploads\/10_04_2015_556438_10_04_2015_Levizja_FOL_1_jpg.jpg","width":1000,"height":733},{"@type":"BreadcrumbList","@id":"https:\/\/president-ksgov.net\/sr\/govor-predsednice-jahjaga-na-forumu-fol-hapur-govori-otvoreno-organizovan-od-strane-levizja-fol-pokret-govori-2\/#breadcrumb","itemListElement":[{"@type":"ListItem","position":1,"name":"Home","item":"https:\/\/president-ksgov.net\/sr\/"},{"@type":"ListItem","position":2,"name":"Govor Predsednice Jahjaga na forumu &#147;Fol Hapur&#148; (&#132;Govori Otvoreno&#147;), organizovan od strane &#132;L\u00ebvizja Fol&#147; (Pokret &#132;Govori&#147;)"}]},{"@type":"WebSite","@id":"https:\/\/president-ksgov.net\/#website","url":"https:\/\/president-ksgov.net\/","name":"Presidente e Republik\u00ebs s\u00eb Kosov\u00ebs","description":"Presidente e Republik\u00ebs s\u00eb Kosov\u00ebs","alternateName":"DR. VJOSA OSMANI - SADRIU","potentialAction":[{"@type":"SearchAction","target":{"@type":"EntryPoint","urlTemplate":"https:\/\/president-ksgov.net\/?s={search_term_string}"},"query-input":{"@type":"PropertyValueSpecification","valueRequired":true,"valueName":"search_term_string"}}],"inLanguage":"sr-RS"},{"@type":"Person","@id":"https:\/\/president-ksgov.net\/#\/schema\/person\/bb4337a5fb147cb2046d80548172cbee","name":"admin","image":{"@type":"ImageObject","inLanguage":"sr-RS","@id":"https:\/\/president-ksgov.net\/#\/schema\/person\/image\/","url":"https:\/\/secure.gravatar.com\/avatar\/36156ca0fa3b8d9d25174f146e16beea0cf28f37adf1b9e19b6c9c279a7c9dd3?s=96&d=mm&r=g","contentUrl":"https:\/\/secure.gravatar.com\/avatar\/36156ca0fa3b8d9d25174f146e16beea0cf28f37adf1b9e19b6c9c279a7c9dd3?s=96&d=mm&r=g","caption":"admin"},"sameAs":["https:\/\/president-ksgov.net"]}]}},"_links":{"self":[{"href":"https:\/\/president-ksgov.net\/sr\/wp-json\/wp\/v2\/posts\/77413","targetHints":{"allow":["GET"]}}],"collection":[{"href":"https:\/\/president-ksgov.net\/sr\/wp-json\/wp\/v2\/posts"}],"about":[{"href":"https:\/\/president-ksgov.net\/sr\/wp-json\/wp\/v2\/types\/post"}],"author":[{"embeddable":true,"href":"https:\/\/president-ksgov.net\/sr\/wp-json\/wp\/v2\/users\/1"}],"replies":[{"embeddable":true,"href":"https:\/\/president-ksgov.net\/sr\/wp-json\/wp\/v2\/comments?post=77413"}],"version-history":[{"count":0,"href":"https:\/\/president-ksgov.net\/sr\/wp-json\/wp\/v2\/posts\/77413\/revisions"}],"wp:featuredmedia":[{"embeddable":true,"href":"https:\/\/president-ksgov.net\/sr\/wp-json\/wp\/v2\/media\/40858"}],"wp:attachment":[{"href":"https:\/\/president-ksgov.net\/sr\/wp-json\/wp\/v2\/media?parent=77413"}],"wp:term":[{"taxonomy":"category","embeddable":true,"href":"https:\/\/president-ksgov.net\/sr\/wp-json\/wp\/v2\/categories?post=77413"},{"taxonomy":"post_tag","embeddable":true,"href":"https:\/\/president-ksgov.net\/sr\/wp-json\/wp\/v2\/tags?post=77413"}],"curies":[{"name":"wp","href":"https:\/\/api.w.org\/{rel}","templated":true}]}}