{"id":77403,"date":"2015-04-17T16:43:45","date_gmt":"2015-04-17T16:43:45","guid":{"rendered":"https:\/\/dev.president-ksgov.net\/predsednica-jahjaga-razgovarala-sa-efovima-parlamentarnih-grupa-politickih-partija-zastupljenih-u-skuptini-kosova\/"},"modified":"2015-04-17T16:43:45","modified_gmt":"2015-04-17T16:43:45","slug":"predsednica-jahjaga-razgovarala-sa-efovima-parlamentarnih-grupa-politickih-partija-zastupljenih-u-skuptini-kosova","status":"publish","type":"post","link":"https:\/\/president-ksgov.net\/sr\/predsednica-jahjaga-razgovarala-sa-efovima-parlamentarnih-grupa-politickih-partija-zastupljenih-u-skuptini-kosova\/","title":{"rendered":"Predsednica  Jahjaga razgovarala  sa &#154;efovima parlamentarnih grupa, politi\u010dkih partija, zastupljenih u Skup&#154;tini Kosova"},"content":{"rendered":"<p>Predsednica Republike  Kosova, gospo\u0111a Atifete Jahjaga, danas je razgovarala sa &#353;efovima parlamentarnih grupa, politi\u010dkih partija, zastupljenih u Skup&#353;tini Kosova : g. Adem Grabovci iz  PDK, g. Ismet Beqiri iz LDK, g. Glauk Konjufca iz VV, g-\u0111a Valdete Bajrami iz Nisma p\u00ebr Kosov\u00ebn, g.-\u0111a Donika Kadaj Bujupi iz AAK, g-\u0111a Duda Balje, Danush Ademi i Kujtim Paqaku iz Parlamentarne grupe 6 +.<\/p>\n<p>Predsednica Jahjaga, u okviru ustavnih nadle&#382;nosti, upoznala je &#353;efove parlamentarnih grupa\u00a0 o dosada&#353;njim koracima, preduzetih\u00a0 u procesu\u00a0 stvaranja Specijalnog suda, i neophodnost\u00a0 ispunjavanja\u00a0 me\u0111unarodnih obaveza , usvojenih ve\u0107inom glasova\u00a0 u Skup&#353;tini Kosova.\u00a0 Ona je upoznala &#353;efove parlamentarnih grupa\u00a0 i politi\u010dkih partija, zastupljenih u Skup&#353;tini Kosova, o potrebi okon\u010danja ovog te&#353;kog poglavlja za Kosovo, koji \u0107e se baviti optu&#382;bama\u00a0 za pretendirane zlo\u010dine pojedinaca\u00a0 , a ne sa \u010distotom oslobodila\u010dke borbe Kosova. <\/p>\n<p>Predsednica\u00a0 Jahjaga , na kraju sastanka sa &#353;efovima parlamentarnih grupa dala i izjavu za medije, koju objavljujemo u potpunosti:<\/p>\n<p>Jahjaga: sastanke, koje sam imala sa svim parlamentarnim grupama, zastupljenih u Skup&#353;tini\u00a0 Kosova, bilo je, jednostavno, da ispunim moju ustavnu i zakonsku obavezu, da budem faktor institucionalnog jedinstva, unutar svih institucija zemlje, da bi ih upoznala\u00a0 sa svim procesima\u00a0 kroz koje smo pro&#353;li do sada, &#353;to se ti\u010de ispunjavanja\u00a0 jedne me\u0111unarodne obaveze\u00a0 koju smo preuzeli kao dr&#382;ava. Vi vrlo dobro znate\u00a0 da je Skup&#353;tina Kosova, sada je ve\u0107 usvojila sa\u00a0 2\/3 glasova pro&#353;le legislature , za usvajanje i osnivanje Specijalnog suda, kao i razmena pisma\u00a0 izme\u0111u\u00a0 Predsednice zemlje i specijalne predstavnice EU-a, i alternativu koju sada imamo pred sobom , a to je najbolja alternativa za gra\u0111ane Kosova, za institucije\u00a0 Republike Kosova.\u00a0\u00a0 <\/p>\n<p>Ja sam nekoliko puta izjavila , i ponovo \u0107u naglasiti ubudu\u0107e, da to ne stavlja\u00a0 pod znakom pitanja slavne oslobodila\u010dke borbe OVK-a, nego je to jedan proces koji se odnosi\u00a0 na odre\u0111ene pojedince , i mi smo rekli da mi, kao dr&#382;ava, ali je to i ustavni princip Kosova , da smo opredeljeni\u00a0 za pravdu\u00a0 prema svim gra\u0111anima Kosova. Mi moramo da se pridr&#382;avamo\u00a0 tom\u00a0 principu i mi da ispunimo tu obavezu. <\/p>\n<p>Druga alternativa koja je odre\u0111ena za Kosovo, ja ka&#382;em da je vrlo opasna alternativa za Kosovo, da se prelazi na Savet Bezbednosti , i ja verujem da svi predstavnici\u00a0 institucija Kosova , i svi predstavnici naroda Kosova, koji su poslanici Skup&#353;tine Republike Kosova, , treba da na\u0111u hrabrosti da ne idu tim putem, nego da ispune tu me\u0111unarodnu obavezu , koju smo preuzeli kao dr&#382;ava.\u00a0<\/p>\n","protected":false},"excerpt":{"rendered":"<p>Predsednica Republike  Kosova, gospo\u0111a Atifete Jahjaga, danas je razgovarala sa &#353;efovima parlamentarnih grupa, politi\u010dkih partija, zastupljenih u Skup&#353;tini Kosova : g. Adem Grabovci iz  PDK, g. Ismet Beqiri iz LDK, g. Glauk Konjufca iz VV, g-\u0111a Valdete Bajrami iz Nisma p\u00ebr Kosov\u00ebn, g.-\u0111a Donika Kadaj Bujupi iz AAK, g-\u0111a Duda Balje, Danush Ademi i Kujtim Paqaku iz Parlamentarne grupe 6 +.<\/p>\n","protected":false},"author":1,"featured_media":40758,"comment_status":"open","ping_status":"closed","sticky":false,"template":"","format":"standard","meta":{"_eb_attr":"","footnotes":""},"categories":[101],"tags":[],"class_list":["post-77403","post","type-post","status-publish","format-standard","has-post-thumbnail","hentry","category-vesti"],"yoast_head":"<!-- This site is optimized with the Yoast SEO plugin v23.5 - https:\/\/yoast.com\/wordpress\/plugins\/seo\/ -->\n<title>Predsednica Jahjaga razgovarala sa &#154;efovima parlamentarnih grupa, politi\u010dkih partija, zastupljenih u Skup&#154;tini Kosova - Predsednik Republike Kosovo - DR. VJOSA OSMANI - SADRIU<\/title>\n<meta name=\"description\" content=\"Predsednica Jahjaga razgovarala sa &#154;efovima parlamentarnih grupa, politi\u010dkih partija, zastupljenih u Skup&#154;tini Kosova - Predsednik Republike Kosovo - DR. VJOSA OSMANI - SADRIU -\" \/>\n<meta name=\"robots\" content=\"index, follow, max-snippet:-1, max-image-preview:large, max-video-preview:-1\" \/>\n<link rel=\"canonical\" href=\"https:\/\/president-ksgov.net\/presidentja-jahjaga-bisedoi-me-shefat-e-grupeve-parlamentare-te-partive-politike-te-perfaqesuara-ne-kuvendin-e-kosoves\/\" \/>\n<meta property=\"og:locale\" content=\"sr_RS\" \/>\n<meta property=\"og:type\" content=\"article\" \/>\n<meta property=\"og:title\" content=\"Predsednica Jahjaga razgovarala sa &#154;efovima parlamentarnih grupa, politi\u010dkih partija, zastupljenih u Skup&#154;tini Kosova - Predsednik Republike Kosovo - DR. VJOSA OSMANI - SADRIU\" \/>\n<meta property=\"og:description\" content=\"Predsednica Jahjaga razgovarala sa &#154;efovima parlamentarnih grupa, politi\u010dkih partija, zastupljenih u Skup&#154;tini Kosova - Predsednik Republike Kosovo - DR. VJOSA OSMANI - SADRIU -\" \/>\n<meta property=\"og:url\" content=\"https:\/\/president-ksgov.net\/presidentja-jahjaga-bisedoi-me-shefat-e-grupeve-parlamentare-te-partive-politike-te-perfaqesuara-ne-kuvendin-e-kosoves\/\" \/>\n<meta property=\"og:site_name\" content=\"Predsednik Republike Kosovo - DR. VJOSA OSMANI - SADRIU\" \/>\n<meta property=\"article:published_time\" content=\"2015-04-17T16:43:45+00:00\" \/>\n<meta property=\"og:image\" content=\"https:\/\/president-ksgov.net\/wp-content\/uploads\/17_04_2015_3095862_17_04_2015_Takimet_me_partite_politike_1.jpg\" \/>\n\t<meta property=\"og:image:width\" content=\"1024\" \/>\n\t<meta property=\"og:image:height\" content=\"593\" \/>\n\t<meta property=\"og:image:type\" content=\"image\/jpeg\" \/>\n<meta name=\"author\" content=\"admin\" \/>\n<meta name=\"twitter:card\" content=\"summary_large_image\" \/>\n<meta name=\"twitter:label1\" content=\"\u041d\u0430\u043f\u0438\u0441\u0430\u043d\u043e \u043e\u0434\" \/>\n\t<meta name=\"twitter:data1\" content=\"admin\" \/>\n\t<meta name=\"twitter:label2\" content=\"\u041f\u0440\u043e\u0446\u0435\u045a\u0435\u043d\u043e \u0432\u0440\u0435\u043c\u0435 \u0447\u0438\u0442\u0430\u045a\u0430\" \/>\n\t<meta name=\"twitter:data2\" content=\"2 \u043c\u0438\u043d\u0443\u0442\u0430\" \/>\n<script type=\"application\/ld+json\" class=\"yoast-schema-graph\">{\"@context\":\"https:\/\/schema.org\",\"@graph\":[{\"@type\":\"WebPage\",\"@id\":\"https:\/\/president-ksgov.net\/presidentja-jahjaga-bisedoi-me-shefat-e-grupeve-parlamentare-te-partive-politike-te-perfaqesuara-ne-kuvendin-e-kosoves\/\",\"url\":\"https:\/\/president-ksgov.net\/presidentja-jahjaga-bisedoi-me-shefat-e-grupeve-parlamentare-te-partive-politike-te-perfaqesuara-ne-kuvendin-e-kosoves\/\",\"name\":\"Predsednica Jahjaga razgovarala sa &#154;efovima parlamentarnih grupa, politi\u010dkih partija, zastupljenih u Skup&#154;tini Kosova - Predsednik Republike Kosovo - DR. VJOSA OSMANI - SADRIU\",\"isPartOf\":{\"@id\":\"https:\/\/president-ksgov.net\/#website\"},\"primaryImageOfPage\":{\"@id\":\"https:\/\/president-ksgov.net\/presidentja-jahjaga-bisedoi-me-shefat-e-grupeve-parlamentare-te-partive-politike-te-perfaqesuara-ne-kuvendin-e-kosoves\/#primaryimage\"},\"image\":{\"@id\":\"https:\/\/president-ksgov.net\/presidentja-jahjaga-bisedoi-me-shefat-e-grupeve-parlamentare-te-partive-politike-te-perfaqesuara-ne-kuvendin-e-kosoves\/#primaryimage\"},\"thumbnailUrl\":\"https:\/\/president-ksgov.net\/wp-content\/uploads\/17_04_2015_3095862_17_04_2015_Takimet_me_partite_politike_1.jpg\",\"datePublished\":\"2015-04-17T16:43:45+00:00\",\"dateModified\":\"2015-04-17T16:43:45+00:00\",\"author\":{\"@id\":\"https:\/\/president-ksgov.net\/#\/schema\/person\/bb4337a5fb147cb2046d80548172cbee\"},\"description\":\"Predsednica Jahjaga razgovarala sa &#154;efovima parlamentarnih grupa, politi\u010dkih partija, zastupljenih u Skup&#154;tini Kosova - Predsednik Republike Kosovo - DR. VJOSA OSMANI - SADRIU -\",\"breadcrumb\":{\"@id\":\"https:\/\/president-ksgov.net\/presidentja-jahjaga-bisedoi-me-shefat-e-grupeve-parlamentare-te-partive-politike-te-perfaqesuara-ne-kuvendin-e-kosoves\/#breadcrumb\"},\"inLanguage\":\"sr-RS\",\"potentialAction\":[{\"@type\":\"ReadAction\",\"target\":[\"https:\/\/president-ksgov.net\/presidentja-jahjaga-bisedoi-me-shefat-e-grupeve-parlamentare-te-partive-politike-te-perfaqesuara-ne-kuvendin-e-kosoves\/\"]}]},{\"@type\":\"ImageObject\",\"inLanguage\":\"sr-RS\",\"@id\":\"https:\/\/president-ksgov.net\/presidentja-jahjaga-bisedoi-me-shefat-e-grupeve-parlamentare-te-partive-politike-te-perfaqesuara-ne-kuvendin-e-kosoves\/#primaryimage\",\"url\":\"https:\/\/president-ksgov.net\/wp-content\/uploads\/17_04_2015_3095862_17_04_2015_Takimet_me_partite_politike_1.jpg\",\"contentUrl\":\"https:\/\/president-ksgov.net\/wp-content\/uploads\/17_04_2015_3095862_17_04_2015_Takimet_me_partite_politike_1.jpg\",\"width\":1024,\"height\":593},{\"@type\":\"BreadcrumbList\",\"@id\":\"https:\/\/president-ksgov.net\/presidentja-jahjaga-bisedoi-me-shefat-e-grupeve-parlamentare-te-partive-politike-te-perfaqesuara-ne-kuvendin-e-kosoves\/#breadcrumb\",\"itemListElement\":[{\"@type\":\"ListItem\",\"position\":1,\"name\":\"Home\",\"item\":\"https:\/\/president-ksgov.net\/sr\/\"},{\"@type\":\"ListItem\",\"position\":2,\"name\":\"Predsednica Jahjaga razgovarala sa &#154;efovima parlamentarnih grupa, politi\u010dkih partija, zastupljenih u Skup&#154;tini Kosova\"}]},{\"@type\":\"WebSite\",\"@id\":\"https:\/\/president-ksgov.net\/#website\",\"url\":\"https:\/\/president-ksgov.net\/\",\"name\":\"Presidente e Republik\u00ebs s\u00eb Kosov\u00ebs\",\"description\":\"Presidente e Republik\u00ebs s\u00eb Kosov\u00ebs\",\"alternateName\":\"DR. VJOSA OSMANI - SADRIU\",\"potentialAction\":[{\"@type\":\"SearchAction\",\"target\":{\"@type\":\"EntryPoint\",\"urlTemplate\":\"https:\/\/president-ksgov.net\/?s={search_term_string}\"},\"query-input\":{\"@type\":\"PropertyValueSpecification\",\"valueRequired\":true,\"valueName\":\"search_term_string\"}}],\"inLanguage\":\"sr-RS\"},{\"@type\":\"Person\",\"@id\":\"https:\/\/president-ksgov.net\/#\/schema\/person\/bb4337a5fb147cb2046d80548172cbee\",\"name\":\"admin\",\"image\":{\"@type\":\"ImageObject\",\"inLanguage\":\"sr-RS\",\"@id\":\"https:\/\/president-ksgov.net\/#\/schema\/person\/image\/\",\"url\":\"https:\/\/secure.gravatar.com\/avatar\/36156ca0fa3b8d9d25174f146e16beea0cf28f37adf1b9e19b6c9c279a7c9dd3?s=96&d=mm&r=g\",\"contentUrl\":\"https:\/\/secure.gravatar.com\/avatar\/36156ca0fa3b8d9d25174f146e16beea0cf28f37adf1b9e19b6c9c279a7c9dd3?s=96&d=mm&r=g\",\"caption\":\"admin\"},\"sameAs\":[\"https:\/\/president-ksgov.net\"]}]}<\/script>\n<!-- \/ Yoast SEO plugin. -->","yoast_head_json":{"title":"Predsednica Jahjaga razgovarala sa &#154;efovima parlamentarnih grupa, politi\u010dkih partija, zastupljenih u Skup&#154;tini Kosova - Predsednik Republike Kosovo - DR. VJOSA OSMANI - SADRIU","description":"Predsednica Jahjaga razgovarala sa &#154;efovima parlamentarnih grupa, politi\u010dkih partija, zastupljenih u Skup&#154;tini Kosova - Predsednik Republike Kosovo - DR. VJOSA OSMANI - SADRIU -","robots":{"index":"index","follow":"follow","max-snippet":"max-snippet:-1","max-image-preview":"max-image-preview:large","max-video-preview":"max-video-preview:-1"},"canonical":"https:\/\/president-ksgov.net\/presidentja-jahjaga-bisedoi-me-shefat-e-grupeve-parlamentare-te-partive-politike-te-perfaqesuara-ne-kuvendin-e-kosoves\/","og_locale":"sr_RS","og_type":"article","og_title":"Predsednica Jahjaga razgovarala sa &#154;efovima parlamentarnih grupa, politi\u010dkih partija, zastupljenih u Skup&#154;tini Kosova - Predsednik Republike Kosovo - DR. VJOSA OSMANI - SADRIU","og_description":"Predsednica Jahjaga razgovarala sa &#154;efovima parlamentarnih grupa, politi\u010dkih partija, zastupljenih u Skup&#154;tini Kosova - Predsednik Republike Kosovo - DR. VJOSA OSMANI - SADRIU -","og_url":"https:\/\/president-ksgov.net\/presidentja-jahjaga-bisedoi-me-shefat-e-grupeve-parlamentare-te-partive-politike-te-perfaqesuara-ne-kuvendin-e-kosoves\/","og_site_name":"Predsednik Republike Kosovo - DR. VJOSA OSMANI - SADRIU","article_published_time":"2015-04-17T16:43:45+00:00","og_image":[{"width":1024,"height":593,"url":"https:\/\/president-ksgov.net\/wp-content\/uploads\/17_04_2015_3095862_17_04_2015_Takimet_me_partite_politike_1.jpg","type":"image\/jpeg"}],"author":"admin","twitter_card":"summary_large_image","twitter_misc":{"\u041d\u0430\u043f\u0438\u0441\u0430\u043d\u043e \u043e\u0434":"admin","\u041f\u0440\u043e\u0446\u0435\u045a\u0435\u043d\u043e \u0432\u0440\u0435\u043c\u0435 \u0447\u0438\u0442\u0430\u045a\u0430":"2 \u043c\u0438\u043d\u0443\u0442\u0430"},"schema":{"@context":"https:\/\/schema.org","@graph":[{"@type":"WebPage","@id":"https:\/\/president-ksgov.net\/presidentja-jahjaga-bisedoi-me-shefat-e-grupeve-parlamentare-te-partive-politike-te-perfaqesuara-ne-kuvendin-e-kosoves\/","url":"https:\/\/president-ksgov.net\/presidentja-jahjaga-bisedoi-me-shefat-e-grupeve-parlamentare-te-partive-politike-te-perfaqesuara-ne-kuvendin-e-kosoves\/","name":"Predsednica Jahjaga razgovarala sa &#154;efovima parlamentarnih grupa, politi\u010dkih partija, zastupljenih u Skup&#154;tini Kosova - Predsednik Republike Kosovo - DR. VJOSA OSMANI - SADRIU","isPartOf":{"@id":"https:\/\/president-ksgov.net\/#website"},"primaryImageOfPage":{"@id":"https:\/\/president-ksgov.net\/presidentja-jahjaga-bisedoi-me-shefat-e-grupeve-parlamentare-te-partive-politike-te-perfaqesuara-ne-kuvendin-e-kosoves\/#primaryimage"},"image":{"@id":"https:\/\/president-ksgov.net\/presidentja-jahjaga-bisedoi-me-shefat-e-grupeve-parlamentare-te-partive-politike-te-perfaqesuara-ne-kuvendin-e-kosoves\/#primaryimage"},"thumbnailUrl":"https:\/\/president-ksgov.net\/wp-content\/uploads\/17_04_2015_3095862_17_04_2015_Takimet_me_partite_politike_1.jpg","datePublished":"2015-04-17T16:43:45+00:00","dateModified":"2015-04-17T16:43:45+00:00","author":{"@id":"https:\/\/president-ksgov.net\/#\/schema\/person\/bb4337a5fb147cb2046d80548172cbee"},"description":"Predsednica Jahjaga razgovarala sa &#154;efovima parlamentarnih grupa, politi\u010dkih partija, zastupljenih u Skup&#154;tini Kosova - Predsednik Republike Kosovo - DR. VJOSA OSMANI - SADRIU -","breadcrumb":{"@id":"https:\/\/president-ksgov.net\/presidentja-jahjaga-bisedoi-me-shefat-e-grupeve-parlamentare-te-partive-politike-te-perfaqesuara-ne-kuvendin-e-kosoves\/#breadcrumb"},"inLanguage":"sr-RS","potentialAction":[{"@type":"ReadAction","target":["https:\/\/president-ksgov.net\/presidentja-jahjaga-bisedoi-me-shefat-e-grupeve-parlamentare-te-partive-politike-te-perfaqesuara-ne-kuvendin-e-kosoves\/"]}]},{"@type":"ImageObject","inLanguage":"sr-RS","@id":"https:\/\/president-ksgov.net\/presidentja-jahjaga-bisedoi-me-shefat-e-grupeve-parlamentare-te-partive-politike-te-perfaqesuara-ne-kuvendin-e-kosoves\/#primaryimage","url":"https:\/\/president-ksgov.net\/wp-content\/uploads\/17_04_2015_3095862_17_04_2015_Takimet_me_partite_politike_1.jpg","contentUrl":"https:\/\/president-ksgov.net\/wp-content\/uploads\/17_04_2015_3095862_17_04_2015_Takimet_me_partite_politike_1.jpg","width":1024,"height":593},{"@type":"BreadcrumbList","@id":"https:\/\/president-ksgov.net\/presidentja-jahjaga-bisedoi-me-shefat-e-grupeve-parlamentare-te-partive-politike-te-perfaqesuara-ne-kuvendin-e-kosoves\/#breadcrumb","itemListElement":[{"@type":"ListItem","position":1,"name":"Home","item":"https:\/\/president-ksgov.net\/sr\/"},{"@type":"ListItem","position":2,"name":"Predsednica Jahjaga razgovarala sa &#154;efovima parlamentarnih grupa, politi\u010dkih partija, zastupljenih u Skup&#154;tini Kosova"}]},{"@type":"WebSite","@id":"https:\/\/president-ksgov.net\/#website","url":"https:\/\/president-ksgov.net\/","name":"Presidente e Republik\u00ebs s\u00eb Kosov\u00ebs","description":"Presidente e Republik\u00ebs s\u00eb Kosov\u00ebs","alternateName":"DR. VJOSA OSMANI - SADRIU","potentialAction":[{"@type":"SearchAction","target":{"@type":"EntryPoint","urlTemplate":"https:\/\/president-ksgov.net\/?s={search_term_string}"},"query-input":{"@type":"PropertyValueSpecification","valueRequired":true,"valueName":"search_term_string"}}],"inLanguage":"sr-RS"},{"@type":"Person","@id":"https:\/\/president-ksgov.net\/#\/schema\/person\/bb4337a5fb147cb2046d80548172cbee","name":"admin","image":{"@type":"ImageObject","inLanguage":"sr-RS","@id":"https:\/\/president-ksgov.net\/#\/schema\/person\/image\/","url":"https:\/\/secure.gravatar.com\/avatar\/36156ca0fa3b8d9d25174f146e16beea0cf28f37adf1b9e19b6c9c279a7c9dd3?s=96&d=mm&r=g","contentUrl":"https:\/\/secure.gravatar.com\/avatar\/36156ca0fa3b8d9d25174f146e16beea0cf28f37adf1b9e19b6c9c279a7c9dd3?s=96&d=mm&r=g","caption":"admin"},"sameAs":["https:\/\/president-ksgov.net"]}]}},"_links":{"self":[{"href":"https:\/\/president-ksgov.net\/sr\/wp-json\/wp\/v2\/posts\/77403","targetHints":{"allow":["GET"]}}],"collection":[{"href":"https:\/\/president-ksgov.net\/sr\/wp-json\/wp\/v2\/posts"}],"about":[{"href":"https:\/\/president-ksgov.net\/sr\/wp-json\/wp\/v2\/types\/post"}],"author":[{"embeddable":true,"href":"https:\/\/president-ksgov.net\/sr\/wp-json\/wp\/v2\/users\/1"}],"replies":[{"embeddable":true,"href":"https:\/\/president-ksgov.net\/sr\/wp-json\/wp\/v2\/comments?post=77403"}],"version-history":[{"count":0,"href":"https:\/\/president-ksgov.net\/sr\/wp-json\/wp\/v2\/posts\/77403\/revisions"}],"wp:featuredmedia":[{"embeddable":true,"href":"https:\/\/president-ksgov.net\/sr\/wp-json\/wp\/v2\/media\/40758"}],"wp:attachment":[{"href":"https:\/\/president-ksgov.net\/sr\/wp-json\/wp\/v2\/media?parent=77403"}],"wp:term":[{"taxonomy":"category","embeddable":true,"href":"https:\/\/president-ksgov.net\/sr\/wp-json\/wp\/v2\/categories?post=77403"},{"taxonomy":"post_tag","embeddable":true,"href":"https:\/\/president-ksgov.net\/sr\/wp-json\/wp\/v2\/tags?post=77403"}],"curies":[{"name":"wp","href":"https:\/\/api.w.org\/{rel}","templated":true}]}}