{"id":77401,"date":"2015-04-17T18:23:50","date_gmt":"2015-04-17T18:23:50","guid":{"rendered":"https:\/\/dev.president-ksgov.net\/predsednica-jahjaga-docekala-predsednika-medjunarodnog-olimpijskog-komiteta-g-bach\/"},"modified":"2015-04-17T18:23:50","modified_gmt":"2015-04-17T18:23:50","slug":"predsednica-jahjaga-docekala-predsednika-medjunarodnog-olimpijskog-komiteta-g-bach","status":"publish","type":"post","link":"https:\/\/president-ksgov.net\/sr\/predsednica-jahjaga-docekala-predsednika-medjunarodnog-olimpijskog-komiteta-g-bach\/","title":{"rendered":"Predsednica Jahjaga do\u010dekala predsednika Me\u0111unarodnog Olimpijskog komiteta g. Bach"},"content":{"rendered":"<p>Predsednica Republike Kosova, gospo\u0111a Atifete Jahjaga, danas  je do\u010dekala predsednika Me\u0111unarodnog Olimpijskog Komiteta, g. Bach-a, u pratnji visoke delegacije MOK-a, koje je dodelila predsedni\u010dku Medalju za zasluge , za njegov doprinos za kosovski sport, i prijem istog  kao ravnopravnog \u010dlana  u MOK-u.<\/p>\n<p>Predsednica Jahjaga\u00a0 je visoko ocenila anga&#382;ovanje gospodina\u00a0 Bach-a za internacionalizaciju\u00a0 kosovskog sporta\u00a0 i njegovo priznavanje na me\u0111unarodnoj sceni , i ocenila\u00a0 da prijemom Kosova u MOK-u , otvara se perspektiva za omladinu Kosova da\u00a0 dokazuju\u00a0 njihov talenat\u00a0 na me\u0111unarodnoj sceni. Ona je rekla da se Kosovo konsoliduje na me\u0111unarodnoj sceni,\u00a0 to dokazano\u00a0 i njegovim\u00a0 prijemom u porodici Me\u0111unarodnog Olimpijskog Komiteta. <\/p>\n<p>Predsednik MOK-a, gospodin\u00a0 Thomas Bach, izjavio je\u00a0\u00a0\u00a0 da je po\u010da&#353;\u0107en prire\u0111enim do\u010dekom na Kosovu i ocenio ulogu predsednice , i institucija zemlje, u avanziranju\u00a0 kosovskog sporta. On je rekao da prijemom Kosova u MOK, priznata je i celokupna aktivnost Kosovskog Olimpijskog Komiteta, kao i odgovornih institucija, u oblasti sporta.<br \/>\n\u00a0<br \/>\nGospodin\u00a0 Bach je rekao da prijem Kosova u MOK-u poma&#382;e zemlji u njenoj unutra&#353;njoj i spoljnoj konsolidaciji,\u00a0 i ujedinjenju svih\u00a0 ljudi\u00a0 u sportu. <\/p>\n<p>Predsednik MOK-a, dodelio je Predsednici Jahjaga\u00a0 medalju MOK-a, kojom se obele&#382;ava\u00a0 stvaranje\u00a0 Me\u0111unarodnih Olimpijskih igara, i kojom su po\u010da&#353;\u0107eni lideri dr&#382;ava i izvanredne li\u010dnosti. On je pozvao Predsednicu Jahjaga\u00a0 da u\u010destvuje na zvani\u010dnom otvaranju letnjih Olimpijskih igara u Rio De &#381;aneiru u\u00a0 Brazilu, naredne godine.\u00a0 <\/p>\n<p>Na sastanku sa predsednicom Jajaga bili prisutni\u00a0 i predsednik Olimpijskog Komiteta Kosova, g. Besim Hasani, predstavnici ministarstva i Vlade Kosova, kao i predstavnici raznih sportskih saveza Kosova.<\/p>\n","protected":false},"excerpt":{"rendered":"<p>Predsednica Republike Kosova, gospo\u0111a Atifete Jahjaga, danas  je do\u010dekala predsednika Me\u0111unarodnog Olimpijskog Komiteta, g. Bach-a, u pratnji visoke delegacije MOK-a, koje je dodelila predsedni\u010dku Medalju za zasluge , za njegov doprinos za kosovski sport, i prijem istog  kao ravnopravnog \u010dlana  u MOK-u.<\/p>\n","protected":false},"author":1,"featured_media":40729,"comment_status":"open","ping_status":"closed","sticky":false,"template":"","format":"standard","meta":{"_eb_attr":"","footnotes":""},"categories":[101],"tags":[],"class_list":["post-77401","post","type-post","status-publish","format-standard","has-post-thumbnail","hentry","category-vesti"],"yoast_head":"<!-- This site is optimized with the Yoast SEO plugin v23.5 - https:\/\/yoast.com\/wordpress\/plugins\/seo\/ -->\n<title>Predsednica Jahjaga do\u010dekala predsednika Me\u0111unarodnog Olimpijskog komiteta g. Bach - Predsednik Republike Kosovo - DR. VJOSA OSMANI - SADRIU<\/title>\n<meta name=\"description\" content=\"Predsednica Jahjaga do\u010dekala predsednika Me\u0111unarodnog Olimpijskog komiteta g. Bach - Predsednik Republike Kosovo - DR. VJOSA OSMANI - SADRIU -\" \/>\n<meta name=\"robots\" content=\"index, follow, max-snippet:-1, max-image-preview:large, max-video-preview:-1\" \/>\n<link rel=\"canonical\" href=\"https:\/\/president-ksgov.net\/presidentja-jahjaga-priti-kryetarin-e-komitetit-olimpik-nderkombetar-thomas-bach\/\" \/>\n<meta property=\"og:locale\" content=\"sr_RS\" \/>\n<meta property=\"og:type\" content=\"article\" \/>\n<meta property=\"og:title\" content=\"Predsednica Jahjaga do\u010dekala predsednika Me\u0111unarodnog Olimpijskog komiteta g. Bach - Predsednik Republike Kosovo - DR. VJOSA OSMANI - SADRIU\" \/>\n<meta property=\"og:description\" content=\"Predsednica Jahjaga do\u010dekala predsednika Me\u0111unarodnog Olimpijskog komiteta g. Bach - Predsednik Republike Kosovo - DR. VJOSA OSMANI - SADRIU -\" \/>\n<meta property=\"og:url\" content=\"https:\/\/president-ksgov.net\/presidentja-jahjaga-priti-kryetarin-e-komitetit-olimpik-nderkombetar-thomas-bach\/\" \/>\n<meta property=\"og:site_name\" content=\"Predsednik Republike Kosovo - DR. VJOSA OSMANI - SADRIU\" \/>\n<meta property=\"article:published_time\" content=\"2015-04-17T18:23:50+00:00\" \/>\n<meta property=\"og:image\" content=\"https:\/\/president-ksgov.net\/wp-content\/uploads\/17_04_2015_3452112_17_04_2015_Takim_me_1.jpg\" \/>\n\t<meta property=\"og:image:width\" content=\"1024\" \/>\n\t<meta property=\"og:image:height\" content=\"616\" \/>\n\t<meta property=\"og:image:type\" content=\"image\/jpeg\" \/>\n<meta name=\"author\" content=\"admin\" \/>\n<meta name=\"twitter:card\" content=\"summary_large_image\" \/>\n<meta name=\"twitter:label1\" content=\"\u041d\u0430\u043f\u0438\u0441\u0430\u043d\u043e \u043e\u0434\" \/>\n\t<meta name=\"twitter:data1\" content=\"admin\" \/>\n\t<meta name=\"twitter:label2\" content=\"\u041f\u0440\u043e\u0446\u0435\u045a\u0435\u043d\u043e \u0432\u0440\u0435\u043c\u0435 \u0447\u0438\u0442\u0430\u045a\u0430\" \/>\n\t<meta name=\"twitter:data2\" content=\"1 \u043c\u0438\u043d\u0443\u0442\" \/>\n<script type=\"application\/ld+json\" class=\"yoast-schema-graph\">{\"@context\":\"https:\/\/schema.org\",\"@graph\":[{\"@type\":\"WebPage\",\"@id\":\"https:\/\/president-ksgov.net\/presidentja-jahjaga-priti-kryetarin-e-komitetit-olimpik-nderkombetar-thomas-bach\/\",\"url\":\"https:\/\/president-ksgov.net\/presidentja-jahjaga-priti-kryetarin-e-komitetit-olimpik-nderkombetar-thomas-bach\/\",\"name\":\"Predsednica Jahjaga do\u010dekala predsednika Me\u0111unarodnog Olimpijskog komiteta g. Bach - Predsednik Republike Kosovo - DR. VJOSA OSMANI - SADRIU\",\"isPartOf\":{\"@id\":\"https:\/\/president-ksgov.net\/#website\"},\"primaryImageOfPage\":{\"@id\":\"https:\/\/president-ksgov.net\/presidentja-jahjaga-priti-kryetarin-e-komitetit-olimpik-nderkombetar-thomas-bach\/#primaryimage\"},\"image\":{\"@id\":\"https:\/\/president-ksgov.net\/presidentja-jahjaga-priti-kryetarin-e-komitetit-olimpik-nderkombetar-thomas-bach\/#primaryimage\"},\"thumbnailUrl\":\"https:\/\/president-ksgov.net\/wp-content\/uploads\/17_04_2015_3452112_17_04_2015_Takim_me_1.jpg\",\"datePublished\":\"2015-04-17T18:23:50+00:00\",\"dateModified\":\"2015-04-17T18:23:50+00:00\",\"author\":{\"@id\":\"https:\/\/president-ksgov.net\/#\/schema\/person\/bb4337a5fb147cb2046d80548172cbee\"},\"description\":\"Predsednica Jahjaga do\u010dekala predsednika Me\u0111unarodnog Olimpijskog komiteta g. Bach - Predsednik Republike Kosovo - DR. VJOSA OSMANI - SADRIU -\",\"breadcrumb\":{\"@id\":\"https:\/\/president-ksgov.net\/presidentja-jahjaga-priti-kryetarin-e-komitetit-olimpik-nderkombetar-thomas-bach\/#breadcrumb\"},\"inLanguage\":\"sr-RS\",\"potentialAction\":[{\"@type\":\"ReadAction\",\"target\":[\"https:\/\/president-ksgov.net\/presidentja-jahjaga-priti-kryetarin-e-komitetit-olimpik-nderkombetar-thomas-bach\/\"]}]},{\"@type\":\"ImageObject\",\"inLanguage\":\"sr-RS\",\"@id\":\"https:\/\/president-ksgov.net\/presidentja-jahjaga-priti-kryetarin-e-komitetit-olimpik-nderkombetar-thomas-bach\/#primaryimage\",\"url\":\"https:\/\/president-ksgov.net\/wp-content\/uploads\/17_04_2015_3452112_17_04_2015_Takim_me_1.jpg\",\"contentUrl\":\"https:\/\/president-ksgov.net\/wp-content\/uploads\/17_04_2015_3452112_17_04_2015_Takim_me_1.jpg\",\"width\":1024,\"height\":616},{\"@type\":\"BreadcrumbList\",\"@id\":\"https:\/\/president-ksgov.net\/presidentja-jahjaga-priti-kryetarin-e-komitetit-olimpik-nderkombetar-thomas-bach\/#breadcrumb\",\"itemListElement\":[{\"@type\":\"ListItem\",\"position\":1,\"name\":\"Home\",\"item\":\"https:\/\/president-ksgov.net\/sr\/\"},{\"@type\":\"ListItem\",\"position\":2,\"name\":\"Predsednica Jahjaga do\u010dekala predsednika Me\u0111unarodnog Olimpijskog komiteta g. Bach\"}]},{\"@type\":\"WebSite\",\"@id\":\"https:\/\/president-ksgov.net\/#website\",\"url\":\"https:\/\/president-ksgov.net\/\",\"name\":\"Presidente e Republik\u00ebs s\u00eb Kosov\u00ebs\",\"description\":\"Presidente e Republik\u00ebs s\u00eb Kosov\u00ebs\",\"alternateName\":\"DR. VJOSA OSMANI - SADRIU\",\"potentialAction\":[{\"@type\":\"SearchAction\",\"target\":{\"@type\":\"EntryPoint\",\"urlTemplate\":\"https:\/\/president-ksgov.net\/?s={search_term_string}\"},\"query-input\":{\"@type\":\"PropertyValueSpecification\",\"valueRequired\":true,\"valueName\":\"search_term_string\"}}],\"inLanguage\":\"sr-RS\"},{\"@type\":\"Person\",\"@id\":\"https:\/\/president-ksgov.net\/#\/schema\/person\/bb4337a5fb147cb2046d80548172cbee\",\"name\":\"admin\",\"image\":{\"@type\":\"ImageObject\",\"inLanguage\":\"sr-RS\",\"@id\":\"https:\/\/president-ksgov.net\/#\/schema\/person\/image\/\",\"url\":\"https:\/\/secure.gravatar.com\/avatar\/36156ca0fa3b8d9d25174f146e16beea0cf28f37adf1b9e19b6c9c279a7c9dd3?s=96&d=mm&r=g\",\"contentUrl\":\"https:\/\/secure.gravatar.com\/avatar\/36156ca0fa3b8d9d25174f146e16beea0cf28f37adf1b9e19b6c9c279a7c9dd3?s=96&d=mm&r=g\",\"caption\":\"admin\"},\"sameAs\":[\"https:\/\/president-ksgov.net\"]}]}<\/script>\n<!-- \/ Yoast SEO plugin. -->","yoast_head_json":{"title":"Predsednica Jahjaga do\u010dekala predsednika Me\u0111unarodnog Olimpijskog komiteta g. Bach - Predsednik Republike Kosovo - DR. VJOSA OSMANI - SADRIU","description":"Predsednica Jahjaga do\u010dekala predsednika Me\u0111unarodnog Olimpijskog komiteta g. Bach - Predsednik Republike Kosovo - DR. VJOSA OSMANI - SADRIU -","robots":{"index":"index","follow":"follow","max-snippet":"max-snippet:-1","max-image-preview":"max-image-preview:large","max-video-preview":"max-video-preview:-1"},"canonical":"https:\/\/president-ksgov.net\/presidentja-jahjaga-priti-kryetarin-e-komitetit-olimpik-nderkombetar-thomas-bach\/","og_locale":"sr_RS","og_type":"article","og_title":"Predsednica Jahjaga do\u010dekala predsednika Me\u0111unarodnog Olimpijskog komiteta g. Bach - Predsednik Republike Kosovo - DR. VJOSA OSMANI - SADRIU","og_description":"Predsednica Jahjaga do\u010dekala predsednika Me\u0111unarodnog Olimpijskog komiteta g. Bach - Predsednik Republike Kosovo - DR. VJOSA OSMANI - SADRIU -","og_url":"https:\/\/president-ksgov.net\/presidentja-jahjaga-priti-kryetarin-e-komitetit-olimpik-nderkombetar-thomas-bach\/","og_site_name":"Predsednik Republike Kosovo - DR. VJOSA OSMANI - SADRIU","article_published_time":"2015-04-17T18:23:50+00:00","og_image":[{"width":1024,"height":616,"url":"https:\/\/president-ksgov.net\/wp-content\/uploads\/17_04_2015_3452112_17_04_2015_Takim_me_1.jpg","type":"image\/jpeg"}],"author":"admin","twitter_card":"summary_large_image","twitter_misc":{"\u041d\u0430\u043f\u0438\u0441\u0430\u043d\u043e \u043e\u0434":"admin","\u041f\u0440\u043e\u0446\u0435\u045a\u0435\u043d\u043e \u0432\u0440\u0435\u043c\u0435 \u0447\u0438\u0442\u0430\u045a\u0430":"1 \u043c\u0438\u043d\u0443\u0442"},"schema":{"@context":"https:\/\/schema.org","@graph":[{"@type":"WebPage","@id":"https:\/\/president-ksgov.net\/presidentja-jahjaga-priti-kryetarin-e-komitetit-olimpik-nderkombetar-thomas-bach\/","url":"https:\/\/president-ksgov.net\/presidentja-jahjaga-priti-kryetarin-e-komitetit-olimpik-nderkombetar-thomas-bach\/","name":"Predsednica Jahjaga do\u010dekala predsednika Me\u0111unarodnog Olimpijskog komiteta g. Bach - Predsednik Republike Kosovo - DR. VJOSA OSMANI - SADRIU","isPartOf":{"@id":"https:\/\/president-ksgov.net\/#website"},"primaryImageOfPage":{"@id":"https:\/\/president-ksgov.net\/presidentja-jahjaga-priti-kryetarin-e-komitetit-olimpik-nderkombetar-thomas-bach\/#primaryimage"},"image":{"@id":"https:\/\/president-ksgov.net\/presidentja-jahjaga-priti-kryetarin-e-komitetit-olimpik-nderkombetar-thomas-bach\/#primaryimage"},"thumbnailUrl":"https:\/\/president-ksgov.net\/wp-content\/uploads\/17_04_2015_3452112_17_04_2015_Takim_me_1.jpg","datePublished":"2015-04-17T18:23:50+00:00","dateModified":"2015-04-17T18:23:50+00:00","author":{"@id":"https:\/\/president-ksgov.net\/#\/schema\/person\/bb4337a5fb147cb2046d80548172cbee"},"description":"Predsednica Jahjaga do\u010dekala predsednika Me\u0111unarodnog Olimpijskog komiteta g. Bach - Predsednik Republike Kosovo - DR. VJOSA OSMANI - SADRIU -","breadcrumb":{"@id":"https:\/\/president-ksgov.net\/presidentja-jahjaga-priti-kryetarin-e-komitetit-olimpik-nderkombetar-thomas-bach\/#breadcrumb"},"inLanguage":"sr-RS","potentialAction":[{"@type":"ReadAction","target":["https:\/\/president-ksgov.net\/presidentja-jahjaga-priti-kryetarin-e-komitetit-olimpik-nderkombetar-thomas-bach\/"]}]},{"@type":"ImageObject","inLanguage":"sr-RS","@id":"https:\/\/president-ksgov.net\/presidentja-jahjaga-priti-kryetarin-e-komitetit-olimpik-nderkombetar-thomas-bach\/#primaryimage","url":"https:\/\/president-ksgov.net\/wp-content\/uploads\/17_04_2015_3452112_17_04_2015_Takim_me_1.jpg","contentUrl":"https:\/\/president-ksgov.net\/wp-content\/uploads\/17_04_2015_3452112_17_04_2015_Takim_me_1.jpg","width":1024,"height":616},{"@type":"BreadcrumbList","@id":"https:\/\/president-ksgov.net\/presidentja-jahjaga-priti-kryetarin-e-komitetit-olimpik-nderkombetar-thomas-bach\/#breadcrumb","itemListElement":[{"@type":"ListItem","position":1,"name":"Home","item":"https:\/\/president-ksgov.net\/sr\/"},{"@type":"ListItem","position":2,"name":"Predsednica Jahjaga do\u010dekala predsednika Me\u0111unarodnog Olimpijskog komiteta g. Bach"}]},{"@type":"WebSite","@id":"https:\/\/president-ksgov.net\/#website","url":"https:\/\/president-ksgov.net\/","name":"Presidente e Republik\u00ebs s\u00eb Kosov\u00ebs","description":"Presidente e Republik\u00ebs s\u00eb Kosov\u00ebs","alternateName":"DR. VJOSA OSMANI - SADRIU","potentialAction":[{"@type":"SearchAction","target":{"@type":"EntryPoint","urlTemplate":"https:\/\/president-ksgov.net\/?s={search_term_string}"},"query-input":{"@type":"PropertyValueSpecification","valueRequired":true,"valueName":"search_term_string"}}],"inLanguage":"sr-RS"},{"@type":"Person","@id":"https:\/\/president-ksgov.net\/#\/schema\/person\/bb4337a5fb147cb2046d80548172cbee","name":"admin","image":{"@type":"ImageObject","inLanguage":"sr-RS","@id":"https:\/\/president-ksgov.net\/#\/schema\/person\/image\/","url":"https:\/\/secure.gravatar.com\/avatar\/36156ca0fa3b8d9d25174f146e16beea0cf28f37adf1b9e19b6c9c279a7c9dd3?s=96&d=mm&r=g","contentUrl":"https:\/\/secure.gravatar.com\/avatar\/36156ca0fa3b8d9d25174f146e16beea0cf28f37adf1b9e19b6c9c279a7c9dd3?s=96&d=mm&r=g","caption":"admin"},"sameAs":["https:\/\/president-ksgov.net"]}]}},"_links":{"self":[{"href":"https:\/\/president-ksgov.net\/sr\/wp-json\/wp\/v2\/posts\/77401","targetHints":{"allow":["GET"]}}],"collection":[{"href":"https:\/\/president-ksgov.net\/sr\/wp-json\/wp\/v2\/posts"}],"about":[{"href":"https:\/\/president-ksgov.net\/sr\/wp-json\/wp\/v2\/types\/post"}],"author":[{"embeddable":true,"href":"https:\/\/president-ksgov.net\/sr\/wp-json\/wp\/v2\/users\/1"}],"replies":[{"embeddable":true,"href":"https:\/\/president-ksgov.net\/sr\/wp-json\/wp\/v2\/comments?post=77401"}],"version-history":[{"count":0,"href":"https:\/\/president-ksgov.net\/sr\/wp-json\/wp\/v2\/posts\/77401\/revisions"}],"wp:featuredmedia":[{"embeddable":true,"href":"https:\/\/president-ksgov.net\/sr\/wp-json\/wp\/v2\/media\/40729"}],"wp:attachment":[{"href":"https:\/\/president-ksgov.net\/sr\/wp-json\/wp\/v2\/media?parent=77401"}],"wp:term":[{"taxonomy":"category","embeddable":true,"href":"https:\/\/president-ksgov.net\/sr\/wp-json\/wp\/v2\/categories?post=77401"},{"taxonomy":"post_tag","embeddable":true,"href":"https:\/\/president-ksgov.net\/sr\/wp-json\/wp\/v2\/tags?post=77401"}],"curies":[{"name":"wp","href":"https:\/\/api.w.org\/{rel}","templated":true}]}}