{"id":77398,"date":"2015-04-20T14:06:41","date_gmt":"2015-04-20T14:06:41","guid":{"rendered":"https:\/\/dev.president-ksgov.net\/govor-predsednice-jahjaga-na-otvaranje-konferencije-da-li-sam-ravnopravna-u-kosovskom-drutvu\/"},"modified":"2023-03-08T09:02:24","modified_gmt":"2023-03-08T09:02:24","slug":"govor-predsednice-jahjaga-na-otvaranje-konferencije-da-li-sam-ravnopravna-u-kosovskom-drutvu","status":"publish","type":"post","link":"https:\/\/president-ksgov.net\/sr\/govor-predsednice-jahjaga-na-otvaranje-konferencije-da-li-sam-ravnopravna-u-kosovskom-drutvu\/","title":{"rendered":"Govor Predsednice Jahjaga na otvaranje Konferencije &#132;Da li sam ravnopravna u kosovskom dru&#154;tvu&#147;"},"content":{"rendered":"<p>Zadovoljstvo je da u\u010destvujem ovde, zajedno sa vama, na lansiranju konferencije &#8220;Da li sam ravnopravna u kosovskom dru&#353;tvu&#8220;, koja ima za cilj da iznosi na videlo brojne problematike sa kojima se &#382;ene suo\u010davaju svakog dana u njihovom &#382;ivotu, dovodiv&#353;i nas da i mi razmi&#353;ljamo oko uloge &#382;ena u dru&#353;tvu, o realizaciji njenih prava kao i o o\u010dekivanjima celog dru&#353;tva o njenoj ulozi.<\/p>\n<p>Po&#353;tovani predstavnici institucija Republike Kosova,<br \/>\nPo&#353;tovani zamenik ministra \u00c7elaj,<br \/>\nPo&#353;tovana predstavnica Evropskog Parlamenta, gospo\u0111o Lunacek,<br \/>\nPo&#353;tovani &#353;efe USAID-a,<br \/>\nI posebno Vi, drage prijateljice.<\/p>\n<p>Zadovoljstvo je da u\u010destvujem ovde, zajedno sa vama, na lansiranju konferencije &#8220;Da li sam ravnopravna u kosovskom dru&#353;tvu&#8220;, koja ima za cilj da iznosi na videlo brojne problematike sa kojima se &#382;ene suo\u010davaju svakog dana u njihovom &#382;ivotu, dovodiv&#353;i nas da i mi razmi&#353;ljamo oko uloge &#382;ena u dru&#353;tvu, o realizaciji njenih prava kao i o o\u010dekivanjima celog dru&#353;tva o njenoj ulozi. <\/p>\n<p>Ali ono &#353;to cenim vi&#353;e zna\u010dajnim jeste da pitanje ove konferencije postavlja nas ispred odgovornosti da sami sebe pitamo da li \u010dinimo dovoljno da bismo garantovali ravnopravna prava za &#382;ene i devojke u na&#353;em dru&#353;tvu.<\/p>\n<p>Bez ustru\u010davanja tvrdim da NE, mi ne \u010dinimo koliko je potrebno. &#381;ene i devojke jo&#353; nemaju ravnopravan tretman u dru&#353;tvu. Istina je, izgradili smo jednu avanziranu zakonsku infrastrukturu, ali imamo jo&#353; puno &#353;ta uraditi kao institucije i kao dru&#353;tvo, da to o&#382;ivimo u praksi i, nakon toga, i jedino tada mo&#382;emo da ka&#382;emo Da, &#382;ene i devojke su ravnopravne u na&#353;em dru&#353;tvu. <\/p>\n<p>Na svakom polo&#382;aju kojeg sam obavila, smatrala sam u\u010de&#353;\u0107e &#382;ena i ja\u010danje njene centralne uloge za avanziranje dru&#353;tva. Smatrala sam to ne samo kao ispunjenje prava koja proizilaze iz zakona i Ustava zemlje, ili ispunjavanja jednog moralnog prava. Nego u\u010de&#353;\u0107e &#382;ena sam smatrala kao klju\u010d za sveobuhvatno avanziranje dru&#353;tva.<\/p>\n<p>Vi ste me \u010desto \u010duli kako ka&#382;em da investiranje u &#382;eni nije samo investicija u pojedinca, nego je investiranje u deci, porodici i u dru&#353;tvu, i da je investicija u celokupnom progresu na&#353;e dr&#382;ave. <\/p>\n<p>Bila sam svedok zna\u010dajnih promena &#353;to je u\u010de&#353;\u0107e &#382;ena donelo i u sektorima koji su tradicionalno bili rezervisani za mu&#353;karce, kao u sektoru bezbednosti, politike, ekonomije, medija i brojnih drugih.<\/p>\n<p>Iznad svega videla sam i zna\u010dajnu ulogu koju su &#382;ene odigrale za vreme rata, u izgradnji mira, u obnovi dru&#353;tva i u izgradnji na&#353;e dr&#382;ave.Njena uloga bola je sastavni deo svih ovih procesa kroz koje smo pro&#353;li. <\/p>\n<p>Videla sam i nastavljam da gledam promenu i progres &#353;to donosi u\u010de&#353;\u0107e &#382;ena i devojaka, uvek ve\u0107a i vi&#353;a, u svakoj oblasti &#382;ivota, promena koja me podsti\u010de da svakog dana nastavim da radim sve vi&#353;e i vi&#353;e, nepokolebljivom posve\u0107eno&#353;\u0107u da bi garantovala potpuno ispunjavanje njihovih prava i njihovo ravnopravno u\u010de&#353;\u0107e u na&#353;em dru&#353;tvu. <\/p>\n<p>Putovanje jedne &#382;ene ka ispunjavanju ravnopravnih prava nije lako. Barijere koje dolaze od o\u010dekivanja porodice, zajednice i celog dru&#353;tva o ulozi &#382;ena u istoj su brojna, i to mi najbolje znamo. <\/p>\n<p>Koliko god smo identifikovali iste, neke od njih su pitanja koja \u0107e biti tretirana i na ovoj konferenciji, nismo u\u010dinili dovoljno da ih upoznamo, da ih izazivamo, da bismo eliminisali ove prepreke. <\/p>\n<p>Da budemo jasni, ove barijere ne osporavaju samo avanziranje &#382;ena i ograni\u010davaju ulogu koju \u0107e ona odigrati u dru&#353;tvu. Ove barijere, istovremeno, osporavaju i ritam na&#353;eg sveukupnog avanziranja te ograni\u010davaju i progres celog dru&#353;tva.<\/p>\n<p>Stoga, inicijative kao ova dana&#353;nja, su vi&#353;e nego potrebne, da bi se istakle na povr&#353;ini brojne barijere i izazovi sa kojima se suo\u010davaju &#382;ene, kako u privatnom &#382;ivotu, tako\u0111e i u onom javnom, da bi ljudi, &#382;ene i mu&#353;karci, predstavnici raznih sektora dru&#353;tva, prepoznaju ih i da zajedno se anga&#382;ujemo za nestanak istih.<\/p>\n<p>\u010cestitam organizatorima ove Konferencije, uz izra&#382;avanje ube\u0111enja da \u0107e ovaj projekat uspeti da okuplja oko sebe jo&#353; vi&#353;e simpatizera, da bi vodili napred potrebne promene koje \u0107e garantovati po&#353;tovanje ravnopravnih prava za &#382;ene i devojke. <\/p>\n<p>Drage prijateljice,<\/p>\n<p>Bila sam i ostajem \u010dvrsto privr&#382;ena za stvaranje institucionalnih mehanizama, zakonskih i dru&#353;tvenih, koji smatraju garantovanje ispunjenja prava &#382;ena i devojaka, kao neospornim. Stoga, ne samo kao individualno re&#353;enje, nego kao obaveza, gra\u0111anska i institucionalna.<\/p>\n<p>Stoga, predvo\u0111ena ovim nadahnu\u0107em, u Oktobru mesecu 2012 godine, po prvi put na ovom delu regiona, organizovali smo zajedno sa brojnim partnerima, organizovali smo Globalni Samit &#382;ena, podr&#382;ani od brojnih saveznika, Ambasada SAD-a i USAID-a, iz kojeg su proiza&#353;li Principi Pri&#353;tine, &#353;to potvr\u0111uje garantovanje sigurnosti &#382;ena, njenim u\u010de&#353;\u0107em na stolovima odlu\u010divanja, na lokalnom i centralnom nivou, sa njenim u\u010de&#353;\u0107em na tr&#382;i&#353;tu rada, njenim pristupom u imovini i ispunjavanju prava na nasle\u0111e, s pravom na &#353;kolovanje i profesionalno avanziranje i, iznad svega, s pravom na zakonskom priznavanju, institucionalno i dru&#353;tveno, ratnog zlo\u010dina seksualnog zlostavljanja, primenjeno nad stotine hiljada &#382;ena, nad na&#353;im majkama, na&#353;im \u0107erkama, nad na&#353;im sestrama. <\/p>\n<p>Bili su to Principi koji su pretvoreni u putokazu anga&#382;ovanja i moje posve\u0107enosti za ja\u010danje uloge &#382;ena u dru&#353;tvu, i u izgradnji tesne saradnje sa institucijama i predstavnicima raznih sektora.<\/p>\n<p>Po&#353;to vam mogu re\u0107i, s punim ube\u0111enjem, da promena u polo&#382;aju &#382;ena \u0107e do\u0107i uz razvijanje jedne otvorene institucionalne i dru&#353;tvene debate, uz zajedni\u010dke izgradnje sistema vrednosti, gde ispunjavanje i garantovanje ravnopravnih prava &#382;ena i devojaka, pretvara se na integralnom delu svake dru&#353;tvene \u0107elije.<\/p>\n<p>Ne u\u010destvovanje ili slabo u\u010de&#353;\u0107e &#382;ena je prisutno u svakoj oblasti &#382;ivota, uo\u010davamo svakog dana. &#381;ene se suo\u010davaju sa izazovima u raznim oblastima &#382;ivota, koji stvaraju lan\u010dani efekat u spremnosti ili njene nespremnosti da bi tra&#382;ile sopstvena prava.<\/p>\n<p>Razlozi ovakve realnosti su raznovrsne, ali ono &#353;to karakteri&#353;e sve to je razlog da su sva bespravno nametnuta nad &#382;enama i devojkama od porodice, zajednice, dru&#353;tva i nedostatka potrebnih institucionalnih mehanizama.<\/p>\n<p>Negiranje prava &#382;ena nije privatno pitanje, nasilje u porodici na polnoj osnovi nije privatno pitanje, seksualno nasilje kao ratno sredstvo primenjeno nad stotine hiljade &#382;ena nije privatno pitanje, nego je pitanje &#353;to se mi moramo organizovati kao dru&#353;tvo za potrebno adresiranje istih. <\/p>\n<p>Svima nam pripada da ka&#382;njavamo i spre\u010davamo nasilje primenjeno nad &#382;enom, kao \u010dlanovi dru&#353;tva i kao institucije, uz pru&#382;anje potrebnih mehanizama za ka&#382;njavanje \u010dinioca zlodela i da bi se rehabilitovale &#382;rtve, uz pomo\u0107 medija i za rasvetljavanje i ka&#382;njavanje takvih zlo\u010dina.<\/p>\n<p>Zlo\u010dini nad polnim osnovama nisu zlo\u010dini manjeg zna\u010daja, stoga moramo ih tretirati sa ozbiljno&#353;\u0107u i snagom &#353;to predvi\u0111a i Zakon.<\/p>\n<p>Drage prijateljice,<\/p>\n<p>Mi, kao dru&#353;tvo, napravili smo zna\u010dajne korake u avanziranju uloge &#382;ena u dru&#353;tvu, ali ovaj progres ostaje i dalje nizak, posebno, kada se vra\u0107amo i pogledamo brojke koje dolaze sa u\u010de&#353;\u0107a &#382;ena na tr&#382;i&#353;tu rada, u\u010de&#353;\u0107a u obrazovanju, u politici, pristup u zdravstvenim i pravnim uslugama.<\/p>\n<p>Ali, na suprot toga, mi iz dana u dan postajemo svesni prema realnosti avanziranja uloge &#382;ena, kao polovine dru&#353;tva, povezano je sa sveukupnim avanziranjem dru&#353;tva &#353;to se odnosi na svakog gra\u0111ana bez razlike.<\/p>\n<p>Tako\u0111e postajemo vi&#353;e svesni da na&#353;i saveznici u uspostavljanje reda i zakona, u borbi protiv negativnih pojava dru&#353;tva kao korupcija, treba da budu upravo &#382;ene, koje su dokazivale da su manje korumpirana, kao i da su vi&#353;e odgovorne prema du&#382;nostima &#353;to one preuzimaju na sebe da obavljaju, \u010dinjenice koje su zasnovane i na raznim, lokalnim i me\u0111unarodnim, istra&#382;ivanjima. <\/p>\n<p>Danas smo vi&#353;e otvoreniji da bi diskutovali o temama koje su se,doskora, smatrane kao tabu teme, o seksualnom nasilju tokom rata, kao sredstvo rata, zlo\u010din koji izvr&#353;en na mizeran na\u010din nad na&#353;im dru&#353;tvom, nad na&#353;im sestrama.<\/p>\n<p>Stoga, ube\u0111ena sam da zajedno, kao dru&#353;tvo i institucije, posve\u0107eni i predvo\u0111eni od najvi&#353;ih principa za po&#353;tovanje ravnopravnih ljudskih prava, nezavisno od polne pripadnosti, me \u0107emo izgraditi potrebne institucionalne, zakonske i dru&#353;tvene mehanizme, koji \u0107e garantovati za&#353;titu i ispunjavanje prava &#382;ena i devojaka u na&#353;em dru&#353;tvu.<\/p>\n<p>I to nije to lako, mi to znamo najbolje, nije nemogu\u0107e jer i to znamo, ali zajedno \u0107emo uspeti. <\/p>\n<p>Uvek ste imale u meni sna&#382;nu podr&#353;ku i sna&#382;nu saveznicu u promociji i avanziranju uloge &#382;ena u svakoj \u0107eliji na&#353;eg dru&#353;tva, jer u\u010de&#353;\u0107e ne mo&#382;e se potvrditi samo za odlu\u010duju\u0107im stolom na lokalnom ili centralnom nivou, ne samo njenim u\u010de&#353;\u0107em na tr&#382;i&#353;te rada, ne samo njenim u\u010de&#353;\u0107em na imovinu i nasle\u0111u, ne samo na pristupu pravdi, &#353;to je bio jedan neophodan pristup do sada, ali na pravo na &#353;kolovanje. Jer, vi najbolje znate jer i dalje u dana&#353;njim statistikama koje postoje na Kosovu, &#382;ena je ta koja se i dalje okvalifikuje na najvi&#353;em stepenu analfabetizma u zemlji. To mora de se menja i to mi moramo da promenim, jer na&#353;e dru&#353;tvo, kao svako avanzirano dru&#353;tvo sveta, ima potrebu za transformaciju, i najbr&#382;a i najbolja transformacija jeste onaj preko investiranja u &#382;eni, i zato sam odlu\u010dila da u narednim danima , obrati\u0107u se Vladi Kosova sa mojim zahtevom da stvorim jedan poseban fond za edukaciju i &#353;kolovanje devojaka i &#382;ena. <\/p>\n<p>Hvala Vam i puno uspeha<\/p>\n","protected":false},"excerpt":{"rendered":"<p>Zadovoljstvo je da u\u010destvujem ovde, zajedno sa vama, na lansiranju konferencije &#8220;Da li sam ravnopravna u kosovskom dru&#353;tvu&#8220;, koja ima za cilj da iznosi na videlo brojne problematike sa kojima se &#382;ene suo\u010davaju svakog dana u njihovom &#382;ivotu, dovodiv&#353;i nas da i mi razmi&#353;ljamo oko uloge &#382;ena u dru&#353;tvu, o realizaciji njenih prava kao i o o\u010dekivanjima celog dru&#353;tva o njenoj ulozi.<\/p>\n","protected":false},"author":1,"featured_media":40684,"comment_status":"open","ping_status":"closed","sticky":false,"template":"","format":"standard","meta":{"_eb_attr":"","footnotes":""},"categories":[106],"tags":[],"class_list":["post-77398","post","type-post","status-publish","format-standard","has-post-thumbnail","hentry","category-govori"],"yoast_head":"<!-- This site is optimized with the Yoast SEO plugin v23.5 - https:\/\/yoast.com\/wordpress\/plugins\/seo\/ -->\n<title>Govor Predsednice Jahjaga na otvaranje Konferencije &#132;Da li sam ravnopravna u kosovskom dru&#154;tvu&#147; - Predsednik Republike Kosovo - DR. VJOSA OSMANI - SADRIU<\/title>\n<meta name=\"description\" content=\"Govor Predsednice Jahjaga na otvaranje Konferencije &#132;Da li sam ravnopravna u kosovskom dru&#154;tvu&#147; - Predsednik Republike Kosovo - DR. VJOSA OSMANI - SADRIU -\" \/>\n<meta name=\"robots\" content=\"index, follow, max-snippet:-1, max-image-preview:large, max-video-preview:-1\" \/>\n<link rel=\"canonical\" href=\"https:\/\/president-ksgov.net\/fjala-e-presidentes-jahjaga-ne-hapjen-e-konferences-a-jam-e-barabarte-ne-shoqerine-kosovare\/\" \/>\n<meta property=\"og:locale\" content=\"sr_RS\" \/>\n<meta property=\"og:type\" content=\"article\" \/>\n<meta property=\"og:title\" content=\"Govor Predsednice Jahjaga na otvaranje Konferencije &#132;Da li sam ravnopravna u kosovskom dru&#154;tvu&#147; - Predsednik Republike Kosovo - DR. VJOSA OSMANI - SADRIU\" \/>\n<meta property=\"og:description\" content=\"Govor Predsednice Jahjaga na otvaranje Konferencije &#132;Da li sam ravnopravna u kosovskom dru&#154;tvu&#147; - Predsednik Republike Kosovo - DR. VJOSA OSMANI - SADRIU -\" \/>\n<meta property=\"og:url\" content=\"https:\/\/president-ksgov.net\/fjala-e-presidentes-jahjaga-ne-hapjen-e-konferences-a-jam-e-barabarte-ne-shoqerine-kosovare\/\" \/>\n<meta property=\"og:site_name\" content=\"Predsednik Republike Kosovo - DR. VJOSA OSMANI - SADRIU\" \/>\n<meta property=\"article:published_time\" content=\"2015-04-20T14:06:41+00:00\" \/>\n<meta property=\"article:modified_time\" content=\"2023-03-08T09:02:24+00:00\" \/>\n<meta property=\"og:image\" content=\"https:\/\/president-ksgov.net\/wp-content\/uploads\/20_04_2015_9762591_Konfernca_0_200415_.jpg\" \/>\n\t<meta property=\"og:image:width\" content=\"768\" \/>\n\t<meta property=\"og:image:height\" content=\"898\" \/>\n\t<meta property=\"og:image:type\" content=\"image\/jpeg\" \/>\n<meta name=\"author\" content=\"admin\" \/>\n<meta name=\"twitter:card\" content=\"summary_large_image\" \/>\n<meta name=\"twitter:label1\" content=\"\u041d\u0430\u043f\u0438\u0441\u0430\u043d\u043e \u043e\u0434\" \/>\n\t<meta name=\"twitter:data1\" content=\"admin\" \/>\n\t<meta name=\"twitter:label2\" content=\"\u041f\u0440\u043e\u0446\u0435\u045a\u0435\u043d\u043e \u0432\u0440\u0435\u043c\u0435 \u0447\u0438\u0442\u0430\u045a\u0430\" \/>\n\t<meta name=\"twitter:data2\" content=\"8 \u043c\u0438\u043d\u0443\u0442\u0430\" \/>\n<script type=\"application\/ld+json\" class=\"yoast-schema-graph\">{\"@context\":\"https:\/\/schema.org\",\"@graph\":[{\"@type\":\"WebPage\",\"@id\":\"https:\/\/president-ksgov.net\/fjala-e-presidentes-jahjaga-ne-hapjen-e-konferences-a-jam-e-barabarte-ne-shoqerine-kosovare\/\",\"url\":\"https:\/\/president-ksgov.net\/fjala-e-presidentes-jahjaga-ne-hapjen-e-konferences-a-jam-e-barabarte-ne-shoqerine-kosovare\/\",\"name\":\"Govor Predsednice Jahjaga na otvaranje Konferencije &#132;Da li sam ravnopravna u kosovskom dru&#154;tvu&#147; - Predsednik Republike Kosovo - DR. VJOSA OSMANI - SADRIU\",\"isPartOf\":{\"@id\":\"https:\/\/president-ksgov.net\/#website\"},\"primaryImageOfPage\":{\"@id\":\"https:\/\/president-ksgov.net\/fjala-e-presidentes-jahjaga-ne-hapjen-e-konferences-a-jam-e-barabarte-ne-shoqerine-kosovare\/#primaryimage\"},\"image\":{\"@id\":\"https:\/\/president-ksgov.net\/fjala-e-presidentes-jahjaga-ne-hapjen-e-konferences-a-jam-e-barabarte-ne-shoqerine-kosovare\/#primaryimage\"},\"thumbnailUrl\":\"https:\/\/president-ksgov.net\/wp-content\/uploads\/20_04_2015_9762591_Konfernca_0_200415_.jpg\",\"datePublished\":\"2015-04-20T14:06:41+00:00\",\"dateModified\":\"2023-03-08T09:02:24+00:00\",\"author\":{\"@id\":\"https:\/\/president-ksgov.net\/#\/schema\/person\/bb4337a5fb147cb2046d80548172cbee\"},\"description\":\"Govor Predsednice Jahjaga na otvaranje Konferencije &#132;Da li sam ravnopravna u kosovskom dru&#154;tvu&#147; - Predsednik Republike Kosovo - DR. VJOSA OSMANI - SADRIU -\",\"breadcrumb\":{\"@id\":\"https:\/\/president-ksgov.net\/fjala-e-presidentes-jahjaga-ne-hapjen-e-konferences-a-jam-e-barabarte-ne-shoqerine-kosovare\/#breadcrumb\"},\"inLanguage\":\"sr-RS\",\"potentialAction\":[{\"@type\":\"ReadAction\",\"target\":[\"https:\/\/president-ksgov.net\/fjala-e-presidentes-jahjaga-ne-hapjen-e-konferences-a-jam-e-barabarte-ne-shoqerine-kosovare\/\"]}]},{\"@type\":\"ImageObject\",\"inLanguage\":\"sr-RS\",\"@id\":\"https:\/\/president-ksgov.net\/fjala-e-presidentes-jahjaga-ne-hapjen-e-konferences-a-jam-e-barabarte-ne-shoqerine-kosovare\/#primaryimage\",\"url\":\"https:\/\/president-ksgov.net\/wp-content\/uploads\/20_04_2015_9762591_Konfernca_0_200415_.jpg\",\"contentUrl\":\"https:\/\/president-ksgov.net\/wp-content\/uploads\/20_04_2015_9762591_Konfernca_0_200415_.jpg\",\"width\":768,\"height\":898},{\"@type\":\"BreadcrumbList\",\"@id\":\"https:\/\/president-ksgov.net\/fjala-e-presidentes-jahjaga-ne-hapjen-e-konferences-a-jam-e-barabarte-ne-shoqerine-kosovare\/#breadcrumb\",\"itemListElement\":[{\"@type\":\"ListItem\",\"position\":1,\"name\":\"Home\",\"item\":\"https:\/\/president-ksgov.net\/sr\/\"},{\"@type\":\"ListItem\",\"position\":2,\"name\":\"Govor Predsednice Jahjaga na otvaranje Konferencije &#132;Da li sam ravnopravna u kosovskom dru&#154;tvu&#147;\"}]},{\"@type\":\"WebSite\",\"@id\":\"https:\/\/president-ksgov.net\/#website\",\"url\":\"https:\/\/president-ksgov.net\/\",\"name\":\"Presidente e Republik\u00ebs s\u00eb Kosov\u00ebs\",\"description\":\"Presidente e Republik\u00ebs s\u00eb Kosov\u00ebs\",\"alternateName\":\"DR. VJOSA OSMANI - SADRIU\",\"potentialAction\":[{\"@type\":\"SearchAction\",\"target\":{\"@type\":\"EntryPoint\",\"urlTemplate\":\"https:\/\/president-ksgov.net\/?s={search_term_string}\"},\"query-input\":{\"@type\":\"PropertyValueSpecification\",\"valueRequired\":true,\"valueName\":\"search_term_string\"}}],\"inLanguage\":\"sr-RS\"},{\"@type\":\"Person\",\"@id\":\"https:\/\/president-ksgov.net\/#\/schema\/person\/bb4337a5fb147cb2046d80548172cbee\",\"name\":\"admin\",\"image\":{\"@type\":\"ImageObject\",\"inLanguage\":\"sr-RS\",\"@id\":\"https:\/\/president-ksgov.net\/#\/schema\/person\/image\/\",\"url\":\"https:\/\/secure.gravatar.com\/avatar\/36156ca0fa3b8d9d25174f146e16beea0cf28f37adf1b9e19b6c9c279a7c9dd3?s=96&d=mm&r=g\",\"contentUrl\":\"https:\/\/secure.gravatar.com\/avatar\/36156ca0fa3b8d9d25174f146e16beea0cf28f37adf1b9e19b6c9c279a7c9dd3?s=96&d=mm&r=g\",\"caption\":\"admin\"},\"sameAs\":[\"https:\/\/president-ksgov.net\"]}]}<\/script>\n<!-- \/ Yoast SEO plugin. -->","yoast_head_json":{"title":"Govor Predsednice Jahjaga na otvaranje Konferencije &#132;Da li sam ravnopravna u kosovskom dru&#154;tvu&#147; - Predsednik Republike Kosovo - DR. VJOSA OSMANI - SADRIU","description":"Govor Predsednice Jahjaga na otvaranje Konferencije &#132;Da li sam ravnopravna u kosovskom dru&#154;tvu&#147; - Predsednik Republike Kosovo - DR. VJOSA OSMANI - SADRIU -","robots":{"index":"index","follow":"follow","max-snippet":"max-snippet:-1","max-image-preview":"max-image-preview:large","max-video-preview":"max-video-preview:-1"},"canonical":"https:\/\/president-ksgov.net\/fjala-e-presidentes-jahjaga-ne-hapjen-e-konferences-a-jam-e-barabarte-ne-shoqerine-kosovare\/","og_locale":"sr_RS","og_type":"article","og_title":"Govor Predsednice Jahjaga na otvaranje Konferencije &#132;Da li sam ravnopravna u kosovskom dru&#154;tvu&#147; - Predsednik Republike Kosovo - DR. VJOSA OSMANI - SADRIU","og_description":"Govor Predsednice Jahjaga na otvaranje Konferencije &#132;Da li sam ravnopravna u kosovskom dru&#154;tvu&#147; - Predsednik Republike Kosovo - DR. VJOSA OSMANI - SADRIU -","og_url":"https:\/\/president-ksgov.net\/fjala-e-presidentes-jahjaga-ne-hapjen-e-konferences-a-jam-e-barabarte-ne-shoqerine-kosovare\/","og_site_name":"Predsednik Republike Kosovo - DR. VJOSA OSMANI - SADRIU","article_published_time":"2015-04-20T14:06:41+00:00","article_modified_time":"2023-03-08T09:02:24+00:00","og_image":[{"width":768,"height":898,"url":"https:\/\/president-ksgov.net\/wp-content\/uploads\/20_04_2015_9762591_Konfernca_0_200415_.jpg","type":"image\/jpeg"}],"author":"admin","twitter_card":"summary_large_image","twitter_misc":{"\u041d\u0430\u043f\u0438\u0441\u0430\u043d\u043e \u043e\u0434":"admin","\u041f\u0440\u043e\u0446\u0435\u045a\u0435\u043d\u043e \u0432\u0440\u0435\u043c\u0435 \u0447\u0438\u0442\u0430\u045a\u0430":"8 \u043c\u0438\u043d\u0443\u0442\u0430"},"schema":{"@context":"https:\/\/schema.org","@graph":[{"@type":"WebPage","@id":"https:\/\/president-ksgov.net\/fjala-e-presidentes-jahjaga-ne-hapjen-e-konferences-a-jam-e-barabarte-ne-shoqerine-kosovare\/","url":"https:\/\/president-ksgov.net\/fjala-e-presidentes-jahjaga-ne-hapjen-e-konferences-a-jam-e-barabarte-ne-shoqerine-kosovare\/","name":"Govor Predsednice Jahjaga na otvaranje Konferencije &#132;Da li sam ravnopravna u kosovskom dru&#154;tvu&#147; - Predsednik Republike Kosovo - DR. VJOSA OSMANI - SADRIU","isPartOf":{"@id":"https:\/\/president-ksgov.net\/#website"},"primaryImageOfPage":{"@id":"https:\/\/president-ksgov.net\/fjala-e-presidentes-jahjaga-ne-hapjen-e-konferences-a-jam-e-barabarte-ne-shoqerine-kosovare\/#primaryimage"},"image":{"@id":"https:\/\/president-ksgov.net\/fjala-e-presidentes-jahjaga-ne-hapjen-e-konferences-a-jam-e-barabarte-ne-shoqerine-kosovare\/#primaryimage"},"thumbnailUrl":"https:\/\/president-ksgov.net\/wp-content\/uploads\/20_04_2015_9762591_Konfernca_0_200415_.jpg","datePublished":"2015-04-20T14:06:41+00:00","dateModified":"2023-03-08T09:02:24+00:00","author":{"@id":"https:\/\/president-ksgov.net\/#\/schema\/person\/bb4337a5fb147cb2046d80548172cbee"},"description":"Govor Predsednice Jahjaga na otvaranje Konferencije &#132;Da li sam ravnopravna u kosovskom dru&#154;tvu&#147; - Predsednik Republike Kosovo - DR. VJOSA OSMANI - SADRIU -","breadcrumb":{"@id":"https:\/\/president-ksgov.net\/fjala-e-presidentes-jahjaga-ne-hapjen-e-konferences-a-jam-e-barabarte-ne-shoqerine-kosovare\/#breadcrumb"},"inLanguage":"sr-RS","potentialAction":[{"@type":"ReadAction","target":["https:\/\/president-ksgov.net\/fjala-e-presidentes-jahjaga-ne-hapjen-e-konferences-a-jam-e-barabarte-ne-shoqerine-kosovare\/"]}]},{"@type":"ImageObject","inLanguage":"sr-RS","@id":"https:\/\/president-ksgov.net\/fjala-e-presidentes-jahjaga-ne-hapjen-e-konferences-a-jam-e-barabarte-ne-shoqerine-kosovare\/#primaryimage","url":"https:\/\/president-ksgov.net\/wp-content\/uploads\/20_04_2015_9762591_Konfernca_0_200415_.jpg","contentUrl":"https:\/\/president-ksgov.net\/wp-content\/uploads\/20_04_2015_9762591_Konfernca_0_200415_.jpg","width":768,"height":898},{"@type":"BreadcrumbList","@id":"https:\/\/president-ksgov.net\/fjala-e-presidentes-jahjaga-ne-hapjen-e-konferences-a-jam-e-barabarte-ne-shoqerine-kosovare\/#breadcrumb","itemListElement":[{"@type":"ListItem","position":1,"name":"Home","item":"https:\/\/president-ksgov.net\/sr\/"},{"@type":"ListItem","position":2,"name":"Govor Predsednice Jahjaga na otvaranje Konferencije &#132;Da li sam ravnopravna u kosovskom dru&#154;tvu&#147;"}]},{"@type":"WebSite","@id":"https:\/\/president-ksgov.net\/#website","url":"https:\/\/president-ksgov.net\/","name":"Presidente e Republik\u00ebs s\u00eb Kosov\u00ebs","description":"Presidente e Republik\u00ebs s\u00eb Kosov\u00ebs","alternateName":"DR. VJOSA OSMANI - SADRIU","potentialAction":[{"@type":"SearchAction","target":{"@type":"EntryPoint","urlTemplate":"https:\/\/president-ksgov.net\/?s={search_term_string}"},"query-input":{"@type":"PropertyValueSpecification","valueRequired":true,"valueName":"search_term_string"}}],"inLanguage":"sr-RS"},{"@type":"Person","@id":"https:\/\/president-ksgov.net\/#\/schema\/person\/bb4337a5fb147cb2046d80548172cbee","name":"admin","image":{"@type":"ImageObject","inLanguage":"sr-RS","@id":"https:\/\/president-ksgov.net\/#\/schema\/person\/image\/","url":"https:\/\/secure.gravatar.com\/avatar\/36156ca0fa3b8d9d25174f146e16beea0cf28f37adf1b9e19b6c9c279a7c9dd3?s=96&d=mm&r=g","contentUrl":"https:\/\/secure.gravatar.com\/avatar\/36156ca0fa3b8d9d25174f146e16beea0cf28f37adf1b9e19b6c9c279a7c9dd3?s=96&d=mm&r=g","caption":"admin"},"sameAs":["https:\/\/president-ksgov.net"]}]}},"_links":{"self":[{"href":"https:\/\/president-ksgov.net\/sr\/wp-json\/wp\/v2\/posts\/77398","targetHints":{"allow":["GET"]}}],"collection":[{"href":"https:\/\/president-ksgov.net\/sr\/wp-json\/wp\/v2\/posts"}],"about":[{"href":"https:\/\/president-ksgov.net\/sr\/wp-json\/wp\/v2\/types\/post"}],"author":[{"embeddable":true,"href":"https:\/\/president-ksgov.net\/sr\/wp-json\/wp\/v2\/users\/1"}],"replies":[{"embeddable":true,"href":"https:\/\/president-ksgov.net\/sr\/wp-json\/wp\/v2\/comments?post=77398"}],"version-history":[{"count":1,"href":"https:\/\/president-ksgov.net\/sr\/wp-json\/wp\/v2\/posts\/77398\/revisions"}],"predecessor-version":[{"id":81632,"href":"https:\/\/president-ksgov.net\/sr\/wp-json\/wp\/v2\/posts\/77398\/revisions\/81632"}],"wp:featuredmedia":[{"embeddable":true,"href":"https:\/\/president-ksgov.net\/sr\/wp-json\/wp\/v2\/media\/40684"}],"wp:attachment":[{"href":"https:\/\/president-ksgov.net\/sr\/wp-json\/wp\/v2\/media?parent=77398"}],"wp:term":[{"taxonomy":"category","embeddable":true,"href":"https:\/\/president-ksgov.net\/sr\/wp-json\/wp\/v2\/categories?post=77398"},{"taxonomy":"post_tag","embeddable":true,"href":"https:\/\/president-ksgov.net\/sr\/wp-json\/wp\/v2\/tags?post=77398"}],"curies":[{"name":"wp","href":"https:\/\/api.w.org\/{rel}","templated":true}]}}