{"id":77381,"date":"2015-05-04T10:28:06","date_gmt":"2015-05-04T10:28:06","guid":{"rendered":"https:\/\/dev.president-ksgov.net\/govor-predsednice-jahjage-na-sastanku-nacionalnog-saveta-za-evropske-integracije\/"},"modified":"2023-03-08T09:02:24","modified_gmt":"2023-03-08T09:02:24","slug":"govor-predsednice-jahjage-na-sastanku-nacionalnog-saveta-za-evropske-integracije","status":"publish","type":"post","link":"https:\/\/president-ksgov.net\/sr\/govor-predsednice-jahjage-na-sastanku-nacionalnog-saveta-za-evropske-integracije\/","title":{"rendered":"Govor predsednice Jahjage na sastanku Nacionalnog saveta za evropske integracije"},"content":{"rendered":"<p>Po&#353;tovani predsedni\u010de Skup&#353;tine, Veseli<br \/>\nPo&#353;tovani premijeru, Mustafa<br \/>\nPo&#353;tovani ministri, <\/p>\n<p>Ostali izvr&#353;ni predstavnici parlamentarnih komisija i sudstva,<br \/>\nPredstavnici civilnog dru&#353;tva,<br \/>\nPredstavni\u010de Evropske unije, gospodine Zhbogar,<br \/>\nPo&#353;tovane dame i gospodo,<\/p>\n<p>Zadovoljstvo mi je da se pod okriljem Nacionalnog saveta za evropske integracije, ovoga puta sastajemo kako bismo diskutovali o napretku u ispunjenju\u00a0 preostalih kriterijuma koji su nam postavljeni od strane Evropske komisije kao glavni zahtev za omogu\u0107avanje slobodnog kretanja, bez viza, gra\u0111ana Republike Kosova, u ve\u0107inu evropskih dr&#382;ava. <\/p>\n<p>Ovaj &#353;iroki sastanak, za cilj ima objektivnu ocenu ovog putokaza kriterijuma za liberalizaciju viza i poslednji je u nizu ograni\u010denih sastanaka koje sam odr&#382;ala sa \u010delnicima institucija, odnosno sa ministrima za vezu tokom poslednjih meseci, kako bismo koordinirali na&#353;e postupke\u00a0 i kako bismo pogurali ovaj proces, koji je veoma bitan za Kosovo. <\/p>\n<p>U poslednjoj smo fazi ispunjenja kriterijuma Evropske komisije i ocenjujem da je ispunjenje ovih kriterijuma sada pitanje na&#353;e politi\u010dke volje kako bismo zaklju\u010dili ovaj proces. Preostali zahtevi koji su pred nama u potpunosti zavise od nas i postoji op&#353;ta saglasnost da na kraju ovog meseca, dakle do kraja maja, budemo u stanju da predamo izve&#353;taj i da pozovemo Komisiju da oceni ispunjenje standarda, sa uverenjem o jednoj pozitivnoj oceni, koja \u0107e tokom ove godine otvoriti put procesu liberalizacije slede\u0107e godine. S toga, Vas danas pozivam da iskoristite ovaj zajedni\u010dki sastanak kako bismo pojasnili i prevazi&#353;li svaku institucionalnu ili zakonsku prepreku, koja bi nam omogu\u0107ila ispunjenje svih kriterijuma zahtevanih od strane Evropske komisije. <\/p>\n<p>Po&#353;tovani prisutni, <\/p>\n<p>U ovoj polovini godine smo imali razli\u010dite izazove i tenzije koje moramo shvatiti kao poziv da produbimo reforme u Republici Kosovo i kako bismo otvorili put ekonomskoj perspektivi za na&#353;e gra\u0111ane.<br \/>\nU prvim mesecima ove godine, kao institucije i kao dru&#353;tvo, suo\u010dili smo se sa te&#353;kim scenama ilegalne migracije gra\u0111ana po evropskim dr&#382;avama. Iz poslednjih operacija mehanizama reda i sigurnosti, postalo je jasno da su gra\u0111ani postali &#382;rtve organizovanih kriminalnih mre&#382;a, koje se prostiru od Kosova i Srbije pa sve do Slova\u010dke i Austrije. Bez sumnje, olak&#353;anje kretanja Albanaca u susednu dr&#382;avu Srbiju i nemarnost srpskih vlasti da kontroli&#353;u granice dr&#382;ava Schengen-a bili su faktori koji su doprineli ovom migracionom talasu. Ali, ono &#353;to nama preostaje, kao institucionalnim predstavnicima Kosova, jeste da ih hitno re&#353;imo nezadovoljstva na&#353;ih gra\u0111ana, takozvanog izaziva\u010dkog faktora ovog fenomena. Tih dana sam posetila sela i gradove, sastajala sam se sa &#382;enama i mu&#353;karcima koji su &#382;rtvovali ceo &#382;ivot za Kosovo. Mi moramo povratiti njihovo poverenje u izgradnju dr&#382;ave Kosova. <\/p>\n<p>Sa aspekta ispunjenja obaveza Kosova, institucionalna reakcija kako bi se zaustavila ilegalna migracija, je bila brza i kao rezultat ne o\u010dekujem da \u0107e se ova bolna epizoda uticati negativno na proces liberalizacije viza. <\/p>\n<p>Ali, nedostatak u uspostavljanju reda i zakona i stvaranje pravne dr&#382;ave bi\u0107e odre\u0111uju\u0107i faktor za brzinu kojom \u0107e Kosovo otvoriti put stranim investicijama u zemlji, koje su toliko potrebne za stvaranje radnih mesta i za kora\u010danje prema Evropskoj uniji, kako bismo ostvarili na&#353;u viziju koja nas ujedinjuje.<br \/>\nKorpucionim praksama moramo staviti ta\u010dku, jer one poljuljavaju poverenje na&#353;ih gra\u0111ana i uni&#353;tavaju njihovu nadu da u\u010dine Kosovo dr&#382;avom perspektive i prosperiteta, sa odr&#382;ivim konceptom koju na&#353;i gra\u0111ani &#382;ele da zovu stalnim domom.<br \/>\n\u00a0<br \/>\nI na kraju, budu\u0107i da se Savet podudara sa manifestacijama o slobodi &#353;tampe, ovoj vitalnoj vezi za razvoj demokratije, &#382;elim da ohrabrim novinare Kosova da te&#382;e slobodnim i nezavisnim medijima, jer jedan bezuticajni medij, politi\u010dki je bitan za razvoj dru&#353;tva i za napredak dr&#382;ave.\u00a0\u00a0 <\/p>\n<p>Svaki uticaj na njega, svaki pritisak ili nasilje nad njim je ugro&#382;avanje slobodne dru&#353;tva uop&#353;te i poku&#353;aj da se ugu&#353;i slobodno mi&#353;ljenje. Slobodan razvoj &#353;tampe \u0107e nam pomo\u0107i i u\u010dvrsti\u0107e na&#353;u demokratiju, daju\u0107i smisao na&#353;im poku&#353;ajima\u00a0 u ispunjenju standarda ka izgradnji pravne i razvijene dr&#382;ave, spremne da bude ravnopravni deo dr&#382;ava Evropske unije.\u00a0<\/p>\n","protected":false},"excerpt":{"rendered":"<p>Po&#353;tovani predsedni\u010de Skup&#353;tine, Veseli<br \/>\nPo&#353;tovani premijeru, Mustafa<br \/>\nPo&#353;tovani ministri, <\/p>\n<p>Ostali izvr&#353;ni predstavnici parlamentarnih komisija i sudstva,<br \/>\nPredstavnici civilnog dru&#353;tva,<br \/>\nPredstavni\u010de Evropske unije, gospodine Zhbogar,<br \/>\nPo&#353;tovane dame i gospodo,<\/p>\n","protected":false},"author":1,"featured_media":40484,"comment_status":"open","ping_status":"closed","sticky":false,"template":"","format":"standard","meta":{"_eb_attr":"","footnotes":""},"categories":[106],"tags":[],"class_list":["post-77381","post","type-post","status-publish","format-standard","has-post-thumbnail","hentry","category-govori"],"yoast_head":"<!-- This site is optimized with the Yoast SEO plugin v23.5 - https:\/\/yoast.com\/wordpress\/plugins\/seo\/ -->\n<title>Govor predsednice Jahjage na sastanku Nacionalnog saveta za evropske integracije - Predsednik Republike Kosovo - DR. VJOSA OSMANI - SADRIU<\/title>\n<meta name=\"description\" content=\"Govor predsednice Jahjage na sastanku Nacionalnog saveta za evropske integracije - Predsednik Republike Kosovo - DR. VJOSA OSMANI - SADRIU -\" \/>\n<meta name=\"robots\" content=\"index, follow, max-snippet:-1, max-image-preview:large, max-video-preview:-1\" \/>\n<link rel=\"canonical\" href=\"https:\/\/president-ksgov.net\/fjalimi-i-presidentes-jahjaga-ne-takimin-e-keshillit-kombetar-per-integrime-evropiane\/\" \/>\n<meta property=\"og:locale\" content=\"sr_RS\" \/>\n<meta property=\"og:type\" content=\"article\" \/>\n<meta property=\"og:title\" content=\"Govor predsednice Jahjage na sastanku Nacionalnog saveta za evropske integracije - Predsednik Republike Kosovo - DR. VJOSA OSMANI - SADRIU\" \/>\n<meta property=\"og:description\" content=\"Govor predsednice Jahjage na sastanku Nacionalnog saveta za evropske integracije - Predsednik Republike Kosovo - DR. VJOSA OSMANI - SADRIU -\" \/>\n<meta property=\"og:url\" content=\"https:\/\/president-ksgov.net\/fjalimi-i-presidentes-jahjaga-ne-takimin-e-keshillit-kombetar-per-integrime-evropiane\/\" \/>\n<meta property=\"og:site_name\" content=\"Predsednik Republike Kosovo - DR. VJOSA OSMANI - SADRIU\" \/>\n<meta property=\"article:published_time\" content=\"2015-05-04T10:28:06+00:00\" \/>\n<meta property=\"article:modified_time\" content=\"2023-03-08T09:02:24+00:00\" \/>\n<meta property=\"og:image\" content=\"https:\/\/president-ksgov.net\/wp-content\/uploads\/04_05_2015_3911734_04_05_2015_Takimi_Keshilli_Kombetar_per_Integrime_Evropiane_0__Copy_.jpg\" \/>\n\t<meta property=\"og:image:width\" content=\"850\" \/>\n\t<meta property=\"og:image:height\" content=\"483\" \/>\n\t<meta property=\"og:image:type\" content=\"image\/jpeg\" \/>\n<meta name=\"author\" content=\"admin\" \/>\n<meta name=\"twitter:card\" content=\"summary_large_image\" \/>\n<meta name=\"twitter:label1\" content=\"\u041d\u0430\u043f\u0438\u0441\u0430\u043d\u043e \u043e\u0434\" \/>\n\t<meta name=\"twitter:data1\" content=\"admin\" \/>\n\t<meta name=\"twitter:label2\" content=\"\u041f\u0440\u043e\u0446\u0435\u045a\u0435\u043d\u043e \u0432\u0440\u0435\u043c\u0435 \u0447\u0438\u0442\u0430\u045a\u0430\" \/>\n\t<meta name=\"twitter:data2\" content=\"3 \u043c\u0438\u043d\u0443\u0442\u0430\" \/>\n<script type=\"application\/ld+json\" class=\"yoast-schema-graph\">{\"@context\":\"https:\/\/schema.org\",\"@graph\":[{\"@type\":\"WebPage\",\"@id\":\"https:\/\/president-ksgov.net\/fjalimi-i-presidentes-jahjaga-ne-takimin-e-keshillit-kombetar-per-integrime-evropiane\/\",\"url\":\"https:\/\/president-ksgov.net\/fjalimi-i-presidentes-jahjaga-ne-takimin-e-keshillit-kombetar-per-integrime-evropiane\/\",\"name\":\"Govor predsednice Jahjage na sastanku Nacionalnog saveta za evropske integracije - Predsednik Republike Kosovo - DR. VJOSA OSMANI - SADRIU\",\"isPartOf\":{\"@id\":\"https:\/\/president-ksgov.net\/#website\"},\"primaryImageOfPage\":{\"@id\":\"https:\/\/president-ksgov.net\/fjalimi-i-presidentes-jahjaga-ne-takimin-e-keshillit-kombetar-per-integrime-evropiane\/#primaryimage\"},\"image\":{\"@id\":\"https:\/\/president-ksgov.net\/fjalimi-i-presidentes-jahjaga-ne-takimin-e-keshillit-kombetar-per-integrime-evropiane\/#primaryimage\"},\"thumbnailUrl\":\"https:\/\/president-ksgov.net\/wp-content\/uploads\/04_05_2015_3911734_04_05_2015_Takimi_Keshilli_Kombetar_per_Integrime_Evropiane_0__Copy_.jpg\",\"datePublished\":\"2015-05-04T10:28:06+00:00\",\"dateModified\":\"2023-03-08T09:02:24+00:00\",\"author\":{\"@id\":\"https:\/\/president-ksgov.net\/#\/schema\/person\/bb4337a5fb147cb2046d80548172cbee\"},\"description\":\"Govor predsednice Jahjage na sastanku Nacionalnog saveta za evropske integracije - Predsednik Republike Kosovo - DR. VJOSA OSMANI - SADRIU -\",\"breadcrumb\":{\"@id\":\"https:\/\/president-ksgov.net\/fjalimi-i-presidentes-jahjaga-ne-takimin-e-keshillit-kombetar-per-integrime-evropiane\/#breadcrumb\"},\"inLanguage\":\"sr-RS\",\"potentialAction\":[{\"@type\":\"ReadAction\",\"target\":[\"https:\/\/president-ksgov.net\/fjalimi-i-presidentes-jahjaga-ne-takimin-e-keshillit-kombetar-per-integrime-evropiane\/\"]}]},{\"@type\":\"ImageObject\",\"inLanguage\":\"sr-RS\",\"@id\":\"https:\/\/president-ksgov.net\/fjalimi-i-presidentes-jahjaga-ne-takimin-e-keshillit-kombetar-per-integrime-evropiane\/#primaryimage\",\"url\":\"https:\/\/president-ksgov.net\/wp-content\/uploads\/04_05_2015_3911734_04_05_2015_Takimi_Keshilli_Kombetar_per_Integrime_Evropiane_0__Copy_.jpg\",\"contentUrl\":\"https:\/\/president-ksgov.net\/wp-content\/uploads\/04_05_2015_3911734_04_05_2015_Takimi_Keshilli_Kombetar_per_Integrime_Evropiane_0__Copy_.jpg\",\"width\":850,\"height\":483},{\"@type\":\"BreadcrumbList\",\"@id\":\"https:\/\/president-ksgov.net\/fjalimi-i-presidentes-jahjaga-ne-takimin-e-keshillit-kombetar-per-integrime-evropiane\/#breadcrumb\",\"itemListElement\":[{\"@type\":\"ListItem\",\"position\":1,\"name\":\"Home\",\"item\":\"https:\/\/president-ksgov.net\/sr\/\"},{\"@type\":\"ListItem\",\"position\":2,\"name\":\"Govor predsednice Jahjage na sastanku Nacionalnog saveta za evropske integracije\"}]},{\"@type\":\"WebSite\",\"@id\":\"https:\/\/president-ksgov.net\/#website\",\"url\":\"https:\/\/president-ksgov.net\/\",\"name\":\"Presidente e Republik\u00ebs s\u00eb Kosov\u00ebs\",\"description\":\"Presidente e Republik\u00ebs s\u00eb Kosov\u00ebs\",\"alternateName\":\"DR. VJOSA OSMANI - SADRIU\",\"potentialAction\":[{\"@type\":\"SearchAction\",\"target\":{\"@type\":\"EntryPoint\",\"urlTemplate\":\"https:\/\/president-ksgov.net\/?s={search_term_string}\"},\"query-input\":{\"@type\":\"PropertyValueSpecification\",\"valueRequired\":true,\"valueName\":\"search_term_string\"}}],\"inLanguage\":\"sr-RS\"},{\"@type\":\"Person\",\"@id\":\"https:\/\/president-ksgov.net\/#\/schema\/person\/bb4337a5fb147cb2046d80548172cbee\",\"name\":\"admin\",\"image\":{\"@type\":\"ImageObject\",\"inLanguage\":\"sr-RS\",\"@id\":\"https:\/\/president-ksgov.net\/#\/schema\/person\/image\/\",\"url\":\"https:\/\/secure.gravatar.com\/avatar\/36156ca0fa3b8d9d25174f146e16beea0cf28f37adf1b9e19b6c9c279a7c9dd3?s=96&d=mm&r=g\",\"contentUrl\":\"https:\/\/secure.gravatar.com\/avatar\/36156ca0fa3b8d9d25174f146e16beea0cf28f37adf1b9e19b6c9c279a7c9dd3?s=96&d=mm&r=g\",\"caption\":\"admin\"},\"sameAs\":[\"https:\/\/president-ksgov.net\"]}]}<\/script>\n<!-- \/ Yoast SEO plugin. -->","yoast_head_json":{"title":"Govor predsednice Jahjage na sastanku Nacionalnog saveta za evropske integracije - Predsednik Republike Kosovo - DR. VJOSA OSMANI - SADRIU","description":"Govor predsednice Jahjage na sastanku Nacionalnog saveta za evropske integracije - Predsednik Republike Kosovo - DR. VJOSA OSMANI - SADRIU -","robots":{"index":"index","follow":"follow","max-snippet":"max-snippet:-1","max-image-preview":"max-image-preview:large","max-video-preview":"max-video-preview:-1"},"canonical":"https:\/\/president-ksgov.net\/fjalimi-i-presidentes-jahjaga-ne-takimin-e-keshillit-kombetar-per-integrime-evropiane\/","og_locale":"sr_RS","og_type":"article","og_title":"Govor predsednice Jahjage na sastanku Nacionalnog saveta za evropske integracije - Predsednik Republike Kosovo - DR. VJOSA OSMANI - SADRIU","og_description":"Govor predsednice Jahjage na sastanku Nacionalnog saveta za evropske integracije - Predsednik Republike Kosovo - DR. VJOSA OSMANI - SADRIU -","og_url":"https:\/\/president-ksgov.net\/fjalimi-i-presidentes-jahjaga-ne-takimin-e-keshillit-kombetar-per-integrime-evropiane\/","og_site_name":"Predsednik Republike Kosovo - DR. VJOSA OSMANI - SADRIU","article_published_time":"2015-05-04T10:28:06+00:00","article_modified_time":"2023-03-08T09:02:24+00:00","og_image":[{"width":850,"height":483,"url":"https:\/\/president-ksgov.net\/wp-content\/uploads\/04_05_2015_3911734_04_05_2015_Takimi_Keshilli_Kombetar_per_Integrime_Evropiane_0__Copy_.jpg","type":"image\/jpeg"}],"author":"admin","twitter_card":"summary_large_image","twitter_misc":{"\u041d\u0430\u043f\u0438\u0441\u0430\u043d\u043e \u043e\u0434":"admin","\u041f\u0440\u043e\u0446\u0435\u045a\u0435\u043d\u043e \u0432\u0440\u0435\u043c\u0435 \u0447\u0438\u0442\u0430\u045a\u0430":"3 \u043c\u0438\u043d\u0443\u0442\u0430"},"schema":{"@context":"https:\/\/schema.org","@graph":[{"@type":"WebPage","@id":"https:\/\/president-ksgov.net\/fjalimi-i-presidentes-jahjaga-ne-takimin-e-keshillit-kombetar-per-integrime-evropiane\/","url":"https:\/\/president-ksgov.net\/fjalimi-i-presidentes-jahjaga-ne-takimin-e-keshillit-kombetar-per-integrime-evropiane\/","name":"Govor predsednice Jahjage na sastanku Nacionalnog saveta za evropske integracije - Predsednik Republike Kosovo - DR. VJOSA OSMANI - SADRIU","isPartOf":{"@id":"https:\/\/president-ksgov.net\/#website"},"primaryImageOfPage":{"@id":"https:\/\/president-ksgov.net\/fjalimi-i-presidentes-jahjaga-ne-takimin-e-keshillit-kombetar-per-integrime-evropiane\/#primaryimage"},"image":{"@id":"https:\/\/president-ksgov.net\/fjalimi-i-presidentes-jahjaga-ne-takimin-e-keshillit-kombetar-per-integrime-evropiane\/#primaryimage"},"thumbnailUrl":"https:\/\/president-ksgov.net\/wp-content\/uploads\/04_05_2015_3911734_04_05_2015_Takimi_Keshilli_Kombetar_per_Integrime_Evropiane_0__Copy_.jpg","datePublished":"2015-05-04T10:28:06+00:00","dateModified":"2023-03-08T09:02:24+00:00","author":{"@id":"https:\/\/president-ksgov.net\/#\/schema\/person\/bb4337a5fb147cb2046d80548172cbee"},"description":"Govor predsednice Jahjage na sastanku Nacionalnog saveta za evropske integracije - Predsednik Republike Kosovo - DR. VJOSA OSMANI - SADRIU -","breadcrumb":{"@id":"https:\/\/president-ksgov.net\/fjalimi-i-presidentes-jahjaga-ne-takimin-e-keshillit-kombetar-per-integrime-evropiane\/#breadcrumb"},"inLanguage":"sr-RS","potentialAction":[{"@type":"ReadAction","target":["https:\/\/president-ksgov.net\/fjalimi-i-presidentes-jahjaga-ne-takimin-e-keshillit-kombetar-per-integrime-evropiane\/"]}]},{"@type":"ImageObject","inLanguage":"sr-RS","@id":"https:\/\/president-ksgov.net\/fjalimi-i-presidentes-jahjaga-ne-takimin-e-keshillit-kombetar-per-integrime-evropiane\/#primaryimage","url":"https:\/\/president-ksgov.net\/wp-content\/uploads\/04_05_2015_3911734_04_05_2015_Takimi_Keshilli_Kombetar_per_Integrime_Evropiane_0__Copy_.jpg","contentUrl":"https:\/\/president-ksgov.net\/wp-content\/uploads\/04_05_2015_3911734_04_05_2015_Takimi_Keshilli_Kombetar_per_Integrime_Evropiane_0__Copy_.jpg","width":850,"height":483},{"@type":"BreadcrumbList","@id":"https:\/\/president-ksgov.net\/fjalimi-i-presidentes-jahjaga-ne-takimin-e-keshillit-kombetar-per-integrime-evropiane\/#breadcrumb","itemListElement":[{"@type":"ListItem","position":1,"name":"Home","item":"https:\/\/president-ksgov.net\/sr\/"},{"@type":"ListItem","position":2,"name":"Govor predsednice Jahjage na sastanku Nacionalnog saveta za evropske integracije"}]},{"@type":"WebSite","@id":"https:\/\/president-ksgov.net\/#website","url":"https:\/\/president-ksgov.net\/","name":"Presidente e Republik\u00ebs s\u00eb Kosov\u00ebs","description":"Presidente e Republik\u00ebs s\u00eb Kosov\u00ebs","alternateName":"DR. VJOSA OSMANI - SADRIU","potentialAction":[{"@type":"SearchAction","target":{"@type":"EntryPoint","urlTemplate":"https:\/\/president-ksgov.net\/?s={search_term_string}"},"query-input":{"@type":"PropertyValueSpecification","valueRequired":true,"valueName":"search_term_string"}}],"inLanguage":"sr-RS"},{"@type":"Person","@id":"https:\/\/president-ksgov.net\/#\/schema\/person\/bb4337a5fb147cb2046d80548172cbee","name":"admin","image":{"@type":"ImageObject","inLanguage":"sr-RS","@id":"https:\/\/president-ksgov.net\/#\/schema\/person\/image\/","url":"https:\/\/secure.gravatar.com\/avatar\/36156ca0fa3b8d9d25174f146e16beea0cf28f37adf1b9e19b6c9c279a7c9dd3?s=96&d=mm&r=g","contentUrl":"https:\/\/secure.gravatar.com\/avatar\/36156ca0fa3b8d9d25174f146e16beea0cf28f37adf1b9e19b6c9c279a7c9dd3?s=96&d=mm&r=g","caption":"admin"},"sameAs":["https:\/\/president-ksgov.net"]}]}},"_links":{"self":[{"href":"https:\/\/president-ksgov.net\/sr\/wp-json\/wp\/v2\/posts\/77381","targetHints":{"allow":["GET"]}}],"collection":[{"href":"https:\/\/president-ksgov.net\/sr\/wp-json\/wp\/v2\/posts"}],"about":[{"href":"https:\/\/president-ksgov.net\/sr\/wp-json\/wp\/v2\/types\/post"}],"author":[{"embeddable":true,"href":"https:\/\/president-ksgov.net\/sr\/wp-json\/wp\/v2\/users\/1"}],"replies":[{"embeddable":true,"href":"https:\/\/president-ksgov.net\/sr\/wp-json\/wp\/v2\/comments?post=77381"}],"version-history":[{"count":1,"href":"https:\/\/president-ksgov.net\/sr\/wp-json\/wp\/v2\/posts\/77381\/revisions"}],"predecessor-version":[{"id":81631,"href":"https:\/\/president-ksgov.net\/sr\/wp-json\/wp\/v2\/posts\/77381\/revisions\/81631"}],"wp:featuredmedia":[{"embeddable":true,"href":"https:\/\/president-ksgov.net\/sr\/wp-json\/wp\/v2\/media\/40484"}],"wp:attachment":[{"href":"https:\/\/president-ksgov.net\/sr\/wp-json\/wp\/v2\/media?parent=77381"}],"wp:term":[{"taxonomy":"category","embeddable":true,"href":"https:\/\/president-ksgov.net\/sr\/wp-json\/wp\/v2\/categories?post=77381"},{"taxonomy":"post_tag","embeddable":true,"href":"https:\/\/president-ksgov.net\/sr\/wp-json\/wp\/v2\/tags?post=77381"}],"curies":[{"name":"wp","href":"https:\/\/api.w.org\/{rel}","templated":true}]}}