{"id":77377,"date":"2015-05-06T19:39:33","date_gmt":"2015-05-06T19:39:33","guid":{"rendered":"https:\/\/dev.president-ksgov.net\/govor-predsednice-jahjage-na-zvanicnom-otvaranju-paviljona-republike-kosova-na-bijenalu-u-veneciji-2\/"},"modified":"2015-05-06T19:39:33","modified_gmt":"2015-05-06T19:39:33","slug":"govor-predsednice-jahjage-na-zvanicnom-otvaranju-paviljona-republike-kosova-na-bijenalu-u-veneciji-2","status":"publish","type":"post","link":"https:\/\/president-ksgov.net\/sr\/govor-predsednice-jahjage-na-zvanicnom-otvaranju-paviljona-republike-kosova-na-bijenalu-u-veneciji-2\/","title":{"rendered":"Govor predsednice Jahjage na zvani\u010dnom otvaranju Paviljona Republike Kosova na Bijenalu u Veneciji"},"content":{"rendered":"<p>Predsednica Republike Kosova, gospo\u0111a Atifete Jahjaga u\u010destvovala je danas na zvani\u010dnom otvaranju Paviljona Republike Kosova na Bijenalu u Veneciji.<\/p>\n<p>Na otvaranju Paviljona Kosova bili su prisutni i predsednik Bijenala u Veneciji, Paolo Baratta. Predsednica je tako\u0111e posetila Paviljone drugih dr&#382;ava u\u010desnica, uklju\u010duju\u0107i Albaniju, Sloveniju i Vatikan. <\/p>\n<p>U jednom odr&#382;anom govoru, povodom ovoga, predsednica Jahjaga je rekla: <\/p>\n<p>Po&#353;tovane dame i gospodo, <\/p>\n<p>Imam to zadovoljstvo da ove godine zvani\u010dno otvorim Paviljon Republike Kosova na Venecijanskom Bijenalu i da stojim rame uz rame sa na&#353;om predstavnicom, umetnicom Flaka Haliti i pored ljubitelja umetnosti kako bih podelila ovaj poseban trenutak ponosa. <\/p>\n<p>Prisustvo Republike Kosova na Venecijanskom Bijenalu, u najbitnijoj svetskoj umetni\u010dkoj organizaciji, jednako sa drugim dr&#382;avama, je dokaz o na&#353;im dostignu\u0107ima na ja\u010danju na&#353;e me\u0111unarodne subjektivnosti. Kao bismo stigli do ove faze izgradnje na&#353;e dr&#382;ave\u00a0 i kao bismo prepravili sliku o na&#353;em prisustvu u me\u0111unarodnoj areni, uloga kulture ostaje bitna. <\/p>\n<p>Na&#353;e prisustvo na Bijenalu je testament rada, posve\u0107enosti i uspeha na&#353;ih umetnika. To je podstrek za umetnike Kosova, koji prodiru izvan granica Kosova kako bi podelili svoju pri\u010du, kako bi odrazili te&#353;ko, ali nesvakida&#353;nje iskustvo, pre&#382;ivljavanja i nadanja. Kako bismo dodali glas na&#353;im kolektivnim poku&#353;ajima da tuma\u010dimo i izvu\u010demo zna\u010denje fenomena okolo i kao bismo izazvali na&#353;a opa&#382;anja o realnostima koje nas okru&#382;uju. Sva ova iskustva su pred nama, dok gledamo rad Flake, Speculating on the Blue, jedno provokativno tretiranje mogu\u0107nosti i ograni\u010denja. Posebno je zadovoljstvo\u00a0 kada se Republika Kosovo, njihova dr&#382;ava, nalazi pored u trenutku njihove karijere. <\/p>\n<p>Flaka danas hoda putem koji je postavio Petrit Halilaj, jedan drugi kosovski umetnik koji je predstavljao Kosovo na Bijenalu po prvi put, pro&#353;le godine. <\/p>\n<p>Flaka je dostojanstven predstavnik 60 posto populacije Kosova i kao &#382;ena danas predstavlja i polovinu populacije koja njenim dodatnim prisustvom oboga\u0107uje na&#353;u javnu sferu i doprinosi unapre\u0111enju na&#353;ih zajedni\u010dkih vrednosti. <\/p>\n<p>Po&#353;tovani prisutni, <\/p>\n<p>Nakon jednog velikog posla svih gra\u0111ana Kosova, mobilizovanih da budu ambasadori njihove dr&#382;ave, vrata su po\u010dela svuda da se otvaraju za Kosovo. Danas smo zajedno sa drugima u Veneciji u razgovoru za definisanje, izazivanje i promenu na&#353;e zajedni\u010dke stvarnosti. Prisutni smo, veoma smo prisutni. <\/p>\n<p>Hvala vam!<br \/>\n\u00a0<\/p>\n","protected":false},"excerpt":{"rendered":"<p>Predsednica Republike Kosova, gospo\u0111a Atifete Jahjaga u\u010destvovala je danas na zvani\u010dnom otvaranju Paviljona Republike Kosova na Bijenalu u Veneciji.<\/p>\n","protected":false},"author":1,"featured_media":40414,"comment_status":"open","ping_status":"closed","sticky":false,"template":"","format":"standard","meta":{"_eb_attr":"","footnotes":""},"categories":[101],"tags":[],"class_list":["post-77377","post","type-post","status-publish","format-standard","has-post-thumbnail","hentry","category-vesti"],"yoast_head":"<!-- This site is optimized with the Yoast SEO plugin v23.5 - https:\/\/yoast.com\/wordpress\/plugins\/seo\/ -->\n<title>Govor predsednice Jahjage na zvani\u010dnom otvaranju Paviljona Republike Kosova na Bijenalu u Veneciji - Predsednik Republike Kosovo - DR. VJOSA OSMANI - SADRIU<\/title>\n<meta name=\"description\" content=\"Govor predsednice Jahjage na zvani\u010dnom otvaranju Paviljona Republike Kosova na Bijenalu u Veneciji - Predsednik Republike Kosovo - DR. VJOSA OSMANI - SADRIU -\" \/>\n<meta name=\"robots\" content=\"index, follow, max-snippet:-1, max-image-preview:large, max-video-preview:-1\" \/>\n<link rel=\"canonical\" href=\"https:\/\/president-ksgov.net\/fjalimi-i-presidentes-jahjaga-ne-hapjen-zyrtare-te-pavionit-te-republikes-se-kosoves-ne-bienalen-e-venedikut-2\/\" \/>\n<meta property=\"og:locale\" content=\"sr_RS\" \/>\n<meta property=\"og:type\" content=\"article\" \/>\n<meta property=\"og:title\" content=\"Govor predsednice Jahjage na zvani\u010dnom otvaranju Paviljona Republike Kosova na Bijenalu u Veneciji - Predsednik Republike Kosovo - DR. VJOSA OSMANI - SADRIU\" \/>\n<meta property=\"og:description\" content=\"Govor predsednice Jahjage na zvani\u010dnom otvaranju Paviljona Republike Kosova na Bijenalu u Veneciji - Predsednik Republike Kosovo - DR. VJOSA OSMANI - SADRIU -\" \/>\n<meta property=\"og:url\" content=\"https:\/\/president-ksgov.net\/fjalimi-i-presidentes-jahjaga-ne-hapjen-zyrtare-te-pavionit-te-republikes-se-kosoves-ne-bienalen-e-venedikut-2\/\" \/>\n<meta property=\"og:site_name\" content=\"Predsednik Republike Kosovo - DR. VJOSA OSMANI - SADRIU\" \/>\n<meta property=\"article:published_time\" content=\"2015-05-06T19:39:33+00:00\" \/>\n<meta property=\"og:image\" content=\"https:\/\/president-ksgov.net\/wp-content\/uploads\/06_05_2015_5563601_pavione__1____.jpg\" \/>\n\t<meta property=\"og:image:width\" content=\"850\" \/>\n\t<meta property=\"og:image:height\" content=\"597\" \/>\n\t<meta property=\"og:image:type\" content=\"image\/jpeg\" \/>\n<meta name=\"author\" content=\"admin\" \/>\n<meta name=\"twitter:card\" content=\"summary_large_image\" \/>\n<meta name=\"twitter:label1\" content=\"\u041d\u0430\u043f\u0438\u0441\u0430\u043d\u043e \u043e\u0434\" \/>\n\t<meta name=\"twitter:data1\" content=\"admin\" \/>\n\t<meta name=\"twitter:label2\" content=\"\u041f\u0440\u043e\u0446\u0435\u045a\u0435\u043d\u043e \u0432\u0440\u0435\u043c\u0435 \u0447\u0438\u0442\u0430\u045a\u0430\" \/>\n\t<meta name=\"twitter:data2\" content=\"2 \u043c\u0438\u043d\u0443\u0442\u0430\" \/>\n<script type=\"application\/ld+json\" class=\"yoast-schema-graph\">{\"@context\":\"https:\/\/schema.org\",\"@graph\":[{\"@type\":\"WebPage\",\"@id\":\"https:\/\/president-ksgov.net\/fjalimi-i-presidentes-jahjaga-ne-hapjen-zyrtare-te-pavionit-te-republikes-se-kosoves-ne-bienalen-e-venedikut-2\/\",\"url\":\"https:\/\/president-ksgov.net\/fjalimi-i-presidentes-jahjaga-ne-hapjen-zyrtare-te-pavionit-te-republikes-se-kosoves-ne-bienalen-e-venedikut-2\/\",\"name\":\"Govor predsednice Jahjage na zvani\u010dnom otvaranju Paviljona Republike Kosova na Bijenalu u Veneciji - Predsednik Republike Kosovo - DR. VJOSA OSMANI - SADRIU\",\"isPartOf\":{\"@id\":\"https:\/\/president-ksgov.net\/#website\"},\"primaryImageOfPage\":{\"@id\":\"https:\/\/president-ksgov.net\/fjalimi-i-presidentes-jahjaga-ne-hapjen-zyrtare-te-pavionit-te-republikes-se-kosoves-ne-bienalen-e-venedikut-2\/#primaryimage\"},\"image\":{\"@id\":\"https:\/\/president-ksgov.net\/fjalimi-i-presidentes-jahjaga-ne-hapjen-zyrtare-te-pavionit-te-republikes-se-kosoves-ne-bienalen-e-venedikut-2\/#primaryimage\"},\"thumbnailUrl\":\"https:\/\/president-ksgov.net\/wp-content\/uploads\/06_05_2015_5563601_pavione__1____.jpg\",\"datePublished\":\"2015-05-06T19:39:33+00:00\",\"dateModified\":\"2015-05-06T19:39:33+00:00\",\"author\":{\"@id\":\"https:\/\/president-ksgov.net\/#\/schema\/person\/bb4337a5fb147cb2046d80548172cbee\"},\"description\":\"Govor predsednice Jahjage na zvani\u010dnom otvaranju Paviljona Republike Kosova na Bijenalu u Veneciji - Predsednik Republike Kosovo - DR. VJOSA OSMANI - SADRIU -\",\"breadcrumb\":{\"@id\":\"https:\/\/president-ksgov.net\/fjalimi-i-presidentes-jahjaga-ne-hapjen-zyrtare-te-pavionit-te-republikes-se-kosoves-ne-bienalen-e-venedikut-2\/#breadcrumb\"},\"inLanguage\":\"sr-RS\",\"potentialAction\":[{\"@type\":\"ReadAction\",\"target\":[\"https:\/\/president-ksgov.net\/fjalimi-i-presidentes-jahjaga-ne-hapjen-zyrtare-te-pavionit-te-republikes-se-kosoves-ne-bienalen-e-venedikut-2\/\"]}]},{\"@type\":\"ImageObject\",\"inLanguage\":\"sr-RS\",\"@id\":\"https:\/\/president-ksgov.net\/fjalimi-i-presidentes-jahjaga-ne-hapjen-zyrtare-te-pavionit-te-republikes-se-kosoves-ne-bienalen-e-venedikut-2\/#primaryimage\",\"url\":\"https:\/\/president-ksgov.net\/wp-content\/uploads\/06_05_2015_5563601_pavione__1____.jpg\",\"contentUrl\":\"https:\/\/president-ksgov.net\/wp-content\/uploads\/06_05_2015_5563601_pavione__1____.jpg\",\"width\":850,\"height\":597},{\"@type\":\"BreadcrumbList\",\"@id\":\"https:\/\/president-ksgov.net\/fjalimi-i-presidentes-jahjaga-ne-hapjen-zyrtare-te-pavionit-te-republikes-se-kosoves-ne-bienalen-e-venedikut-2\/#breadcrumb\",\"itemListElement\":[{\"@type\":\"ListItem\",\"position\":1,\"name\":\"Home\",\"item\":\"https:\/\/president-ksgov.net\/sr\/\"},{\"@type\":\"ListItem\",\"position\":2,\"name\":\"Govor predsednice Jahjage na zvani\u010dnom otvaranju Paviljona Republike Kosova na Bijenalu u Veneciji\"}]},{\"@type\":\"WebSite\",\"@id\":\"https:\/\/president-ksgov.net\/#website\",\"url\":\"https:\/\/president-ksgov.net\/\",\"name\":\"Presidente e Republik\u00ebs s\u00eb Kosov\u00ebs\",\"description\":\"Presidente e Republik\u00ebs s\u00eb Kosov\u00ebs\",\"alternateName\":\"DR. VJOSA OSMANI - SADRIU\",\"potentialAction\":[{\"@type\":\"SearchAction\",\"target\":{\"@type\":\"EntryPoint\",\"urlTemplate\":\"https:\/\/president-ksgov.net\/?s={search_term_string}\"},\"query-input\":{\"@type\":\"PropertyValueSpecification\",\"valueRequired\":true,\"valueName\":\"search_term_string\"}}],\"inLanguage\":\"sr-RS\"},{\"@type\":\"Person\",\"@id\":\"https:\/\/president-ksgov.net\/#\/schema\/person\/bb4337a5fb147cb2046d80548172cbee\",\"name\":\"admin\",\"image\":{\"@type\":\"ImageObject\",\"inLanguage\":\"sr-RS\",\"@id\":\"https:\/\/president-ksgov.net\/#\/schema\/person\/image\/\",\"url\":\"https:\/\/secure.gravatar.com\/avatar\/36156ca0fa3b8d9d25174f146e16beea0cf28f37adf1b9e19b6c9c279a7c9dd3?s=96&d=mm&r=g\",\"contentUrl\":\"https:\/\/secure.gravatar.com\/avatar\/36156ca0fa3b8d9d25174f146e16beea0cf28f37adf1b9e19b6c9c279a7c9dd3?s=96&d=mm&r=g\",\"caption\":\"admin\"},\"sameAs\":[\"https:\/\/president-ksgov.net\"]}]}<\/script>\n<!-- \/ Yoast SEO plugin. -->","yoast_head_json":{"title":"Govor predsednice Jahjage na zvani\u010dnom otvaranju Paviljona Republike Kosova na Bijenalu u Veneciji - Predsednik Republike Kosovo - DR. VJOSA OSMANI - SADRIU","description":"Govor predsednice Jahjage na zvani\u010dnom otvaranju Paviljona Republike Kosova na Bijenalu u Veneciji - Predsednik Republike Kosovo - DR. VJOSA OSMANI - SADRIU -","robots":{"index":"index","follow":"follow","max-snippet":"max-snippet:-1","max-image-preview":"max-image-preview:large","max-video-preview":"max-video-preview:-1"},"canonical":"https:\/\/president-ksgov.net\/fjalimi-i-presidentes-jahjaga-ne-hapjen-zyrtare-te-pavionit-te-republikes-se-kosoves-ne-bienalen-e-venedikut-2\/","og_locale":"sr_RS","og_type":"article","og_title":"Govor predsednice Jahjage na zvani\u010dnom otvaranju Paviljona Republike Kosova na Bijenalu u Veneciji - Predsednik Republike Kosovo - DR. VJOSA OSMANI - SADRIU","og_description":"Govor predsednice Jahjage na zvani\u010dnom otvaranju Paviljona Republike Kosova na Bijenalu u Veneciji - Predsednik Republike Kosovo - DR. VJOSA OSMANI - SADRIU -","og_url":"https:\/\/president-ksgov.net\/fjalimi-i-presidentes-jahjaga-ne-hapjen-zyrtare-te-pavionit-te-republikes-se-kosoves-ne-bienalen-e-venedikut-2\/","og_site_name":"Predsednik Republike Kosovo - DR. VJOSA OSMANI - SADRIU","article_published_time":"2015-05-06T19:39:33+00:00","og_image":[{"width":850,"height":597,"url":"https:\/\/president-ksgov.net\/wp-content\/uploads\/06_05_2015_5563601_pavione__1____.jpg","type":"image\/jpeg"}],"author":"admin","twitter_card":"summary_large_image","twitter_misc":{"\u041d\u0430\u043f\u0438\u0441\u0430\u043d\u043e \u043e\u0434":"admin","\u041f\u0440\u043e\u0446\u0435\u045a\u0435\u043d\u043e \u0432\u0440\u0435\u043c\u0435 \u0447\u0438\u0442\u0430\u045a\u0430":"2 \u043c\u0438\u043d\u0443\u0442\u0430"},"schema":{"@context":"https:\/\/schema.org","@graph":[{"@type":"WebPage","@id":"https:\/\/president-ksgov.net\/fjalimi-i-presidentes-jahjaga-ne-hapjen-zyrtare-te-pavionit-te-republikes-se-kosoves-ne-bienalen-e-venedikut-2\/","url":"https:\/\/president-ksgov.net\/fjalimi-i-presidentes-jahjaga-ne-hapjen-zyrtare-te-pavionit-te-republikes-se-kosoves-ne-bienalen-e-venedikut-2\/","name":"Govor predsednice Jahjage na zvani\u010dnom otvaranju Paviljona Republike Kosova na Bijenalu u Veneciji - Predsednik Republike Kosovo - DR. VJOSA OSMANI - SADRIU","isPartOf":{"@id":"https:\/\/president-ksgov.net\/#website"},"primaryImageOfPage":{"@id":"https:\/\/president-ksgov.net\/fjalimi-i-presidentes-jahjaga-ne-hapjen-zyrtare-te-pavionit-te-republikes-se-kosoves-ne-bienalen-e-venedikut-2\/#primaryimage"},"image":{"@id":"https:\/\/president-ksgov.net\/fjalimi-i-presidentes-jahjaga-ne-hapjen-zyrtare-te-pavionit-te-republikes-se-kosoves-ne-bienalen-e-venedikut-2\/#primaryimage"},"thumbnailUrl":"https:\/\/president-ksgov.net\/wp-content\/uploads\/06_05_2015_5563601_pavione__1____.jpg","datePublished":"2015-05-06T19:39:33+00:00","dateModified":"2015-05-06T19:39:33+00:00","author":{"@id":"https:\/\/president-ksgov.net\/#\/schema\/person\/bb4337a5fb147cb2046d80548172cbee"},"description":"Govor predsednice Jahjage na zvani\u010dnom otvaranju Paviljona Republike Kosova na Bijenalu u Veneciji - Predsednik Republike Kosovo - DR. VJOSA OSMANI - SADRIU -","breadcrumb":{"@id":"https:\/\/president-ksgov.net\/fjalimi-i-presidentes-jahjaga-ne-hapjen-zyrtare-te-pavionit-te-republikes-se-kosoves-ne-bienalen-e-venedikut-2\/#breadcrumb"},"inLanguage":"sr-RS","potentialAction":[{"@type":"ReadAction","target":["https:\/\/president-ksgov.net\/fjalimi-i-presidentes-jahjaga-ne-hapjen-zyrtare-te-pavionit-te-republikes-se-kosoves-ne-bienalen-e-venedikut-2\/"]}]},{"@type":"ImageObject","inLanguage":"sr-RS","@id":"https:\/\/president-ksgov.net\/fjalimi-i-presidentes-jahjaga-ne-hapjen-zyrtare-te-pavionit-te-republikes-se-kosoves-ne-bienalen-e-venedikut-2\/#primaryimage","url":"https:\/\/president-ksgov.net\/wp-content\/uploads\/06_05_2015_5563601_pavione__1____.jpg","contentUrl":"https:\/\/president-ksgov.net\/wp-content\/uploads\/06_05_2015_5563601_pavione__1____.jpg","width":850,"height":597},{"@type":"BreadcrumbList","@id":"https:\/\/president-ksgov.net\/fjalimi-i-presidentes-jahjaga-ne-hapjen-zyrtare-te-pavionit-te-republikes-se-kosoves-ne-bienalen-e-venedikut-2\/#breadcrumb","itemListElement":[{"@type":"ListItem","position":1,"name":"Home","item":"https:\/\/president-ksgov.net\/sr\/"},{"@type":"ListItem","position":2,"name":"Govor predsednice Jahjage na zvani\u010dnom otvaranju Paviljona Republike Kosova na Bijenalu u Veneciji"}]},{"@type":"WebSite","@id":"https:\/\/president-ksgov.net\/#website","url":"https:\/\/president-ksgov.net\/","name":"Presidente e Republik\u00ebs s\u00eb Kosov\u00ebs","description":"Presidente e Republik\u00ebs s\u00eb Kosov\u00ebs","alternateName":"DR. VJOSA OSMANI - SADRIU","potentialAction":[{"@type":"SearchAction","target":{"@type":"EntryPoint","urlTemplate":"https:\/\/president-ksgov.net\/?s={search_term_string}"},"query-input":{"@type":"PropertyValueSpecification","valueRequired":true,"valueName":"search_term_string"}}],"inLanguage":"sr-RS"},{"@type":"Person","@id":"https:\/\/president-ksgov.net\/#\/schema\/person\/bb4337a5fb147cb2046d80548172cbee","name":"admin","image":{"@type":"ImageObject","inLanguage":"sr-RS","@id":"https:\/\/president-ksgov.net\/#\/schema\/person\/image\/","url":"https:\/\/secure.gravatar.com\/avatar\/36156ca0fa3b8d9d25174f146e16beea0cf28f37adf1b9e19b6c9c279a7c9dd3?s=96&d=mm&r=g","contentUrl":"https:\/\/secure.gravatar.com\/avatar\/36156ca0fa3b8d9d25174f146e16beea0cf28f37adf1b9e19b6c9c279a7c9dd3?s=96&d=mm&r=g","caption":"admin"},"sameAs":["https:\/\/president-ksgov.net"]}]}},"_links":{"self":[{"href":"https:\/\/president-ksgov.net\/sr\/wp-json\/wp\/v2\/posts\/77377","targetHints":{"allow":["GET"]}}],"collection":[{"href":"https:\/\/president-ksgov.net\/sr\/wp-json\/wp\/v2\/posts"}],"about":[{"href":"https:\/\/president-ksgov.net\/sr\/wp-json\/wp\/v2\/types\/post"}],"author":[{"embeddable":true,"href":"https:\/\/president-ksgov.net\/sr\/wp-json\/wp\/v2\/users\/1"}],"replies":[{"embeddable":true,"href":"https:\/\/president-ksgov.net\/sr\/wp-json\/wp\/v2\/comments?post=77377"}],"version-history":[{"count":0,"href":"https:\/\/president-ksgov.net\/sr\/wp-json\/wp\/v2\/posts\/77377\/revisions"}],"wp:featuredmedia":[{"embeddable":true,"href":"https:\/\/president-ksgov.net\/sr\/wp-json\/wp\/v2\/media\/40414"}],"wp:attachment":[{"href":"https:\/\/president-ksgov.net\/sr\/wp-json\/wp\/v2\/media?parent=77377"}],"wp:term":[{"taxonomy":"category","embeddable":true,"href":"https:\/\/president-ksgov.net\/sr\/wp-json\/wp\/v2\/categories?post=77377"},{"taxonomy":"post_tag","embeddable":true,"href":"https:\/\/president-ksgov.net\/sr\/wp-json\/wp\/v2\/tags?post=77377"}],"curies":[{"name":"wp","href":"https:\/\/api.w.org\/{rel}","templated":true}]}}