{"id":77375,"date":"2015-05-08T14:29:35","date_gmt":"2015-05-08T14:29:35","guid":{"rendered":"https:\/\/dev.president-ksgov.net\/predsednica-jahjaga-je-docekala-umetnicu-alketa-xhafa-mripa-i-prducentkinju-anna-di-lellio\/"},"modified":"2015-05-08T14:29:35","modified_gmt":"2015-05-08T14:29:35","slug":"predsednica-jahjaga-je-docekala-umetnicu-alketa-xhafa-mripa-i-prducentkinju-anna-di-lellio","status":"publish","type":"post","link":"https:\/\/president-ksgov.net\/sr\/predsednica-jahjaga-je-docekala-umetnicu-alketa-xhafa-mripa-i-prducentkinju-anna-di-lellio\/","title":{"rendered":"Predsednica Jahjaga je do\u010dekala umetnicu Alketa Xhafa-Mripa i prducentkinju Anna Di Lellio"},"content":{"rendered":"<p>Predsednica Republike Kosova, gospo\u0111a Atifete Jahjaga, je na sastanku do\u010dekala umetnicu Alketa Xhafa-Mripa i prducentkinju Anna Di Lellio, kako bi pokrenula umetni\u010dku izlo&#382;bu &#8220;Mislim na tebe&#8221;, koja se posve\u0107uje &#382;enama &#382;rtvama seksualnog nasilja tokom rata.<\/p>\n<p>Predsednica Jahjaga je \u010destitala umetnici Xhafa-Mripa na ovoj inicijativi koja te&#382;i da pove\u0107a dru&#353;tvenu svest o &#382;rtvama seksualnog nasilja tokom rata.<br \/>\n\u00a0<br \/>\nPredsednica Jahjaga je poklonila prvu haljinu, koja \u0107e zapo\u010deti nacionalnu kampanju, nagla&#353;avaju\u0107i da ovim umetni\u010dkim postupkom izra&#382;avamo na&#353;u solidarnost kao dru&#353;tvo i velikodu&#353;nu podr&#353;ku na&#353;im heroinama, &#382;enama &#382;rtvama seksualnog nasilja tokom rata. <\/p>\n<p>Ona je rekla da je ovaj postupak poruka za ceo svet o nevinosti ovih &#382;rtava, da sramota nije njihova, ve\u0107 kriminalaca koji su izvr&#353;ili ova bezdu&#353;na dela. Ona je rekla, da ovakve inicijative, koje za cilj\u00a0 imaju da priznaju &#382;rtvu svakog gra\u0111ana Kosova, doprinose gra\u0111enju na&#353;e nove istorije kao dr&#382;ave.<br \/>\n\u00a0<br \/>\nPredsednica Jahjaga je izrazila ube\u0111enje da \u0107e celo dru&#353;tvo podr&#382;ati realizovanje ovog umetni\u010dkog dela, solidari&#353;u\u0107i se sa &#382;rtvama seksualnog nasilja tokom rata.<br \/>\n\u00a0<br \/>\nUmetnica Alketa Xhafa-Mripa se zahvalila predsednici Jahjagi na velikodu&#353;noj podr&#353;ci, nagla&#353;avaju\u0107i da ovom izlo&#382;bom ima za cilj da portretizuje nevinost &#382;ena koje su bile &#382;rtve i koje sada imaju potrebu za priznanjem i podr&#353;kom \u010ditavog dru&#353;tva.\u00a0\u00a0\u00a0<br \/>\n\u00a0<br \/>\nIzlo&#382;ba \u0107e biti realizovana, postavljanjem hiljade haljina i suknji &#382;ena na ofingere na terenu Pri&#353;tinskog stadiona. Suknje i haljine \u0107e se sakupljati po \u010ditavoj zemlji na doga\u0111ajima organizovanim uz podr&#353;ku nevladinih organizacija. Svaka poklonjena suknja i haljina postaje deo izlo&#382;be.<br \/>\n\u00a0<br \/>\nOva izlo&#382;ba je deo kampanje savesti koja je organizovana od strane Nacionalnog saveta za pre&#382;ivele seksualnog nasilja tokom rata.\u00a0<\/p>\n","protected":false},"excerpt":{"rendered":"<p>Predsednica Republike Kosova, gospo\u0111a Atifete Jahjaga, je na sastanku do\u010dekala umetnicu Alketa Xhafa-Mripa i prducentkinju Anna Di Lellio, kako bi pokrenula umetni\u010dku izlo&#382;bu &#8220;Mislim na tebe&#8221;, koja se posve\u0107uje &#382;enama &#382;rtvama seksualnog nasilja tokom rata.<\/p>\n","protected":false},"author":1,"featured_media":40385,"comment_status":"open","ping_status":"closed","sticky":false,"template":"","format":"standard","meta":{"_eb_attr":"","footnotes":""},"categories":[101],"tags":[],"class_list":["post-77375","post","type-post","status-publish","format-standard","has-post-thumbnail","hentry","category-vesti"],"yoast_head":"<!-- This site is optimized with the Yoast SEO plugin v23.5 - https:\/\/yoast.com\/wordpress\/plugins\/seo\/ -->\n<title>Predsednica Jahjaga je do\u010dekala umetnicu Alketa Xhafa-Mripa i prducentkinju Anna Di Lellio - Predsednik Republike Kosovo - DR. VJOSA OSMANI - SADRIU<\/title>\n<meta name=\"description\" content=\"Predsednica Jahjaga je do\u010dekala umetnicu Alketa Xhafa-Mripa i prducentkinju Anna Di Lellio - Predsednik Republike Kosovo - DR. VJOSA OSMANI - SADRIU -\" \/>\n<meta name=\"robots\" content=\"index, follow, max-snippet:-1, max-image-preview:large, max-video-preview:-1\" \/>\n<link rel=\"canonical\" href=\"https:\/\/president-ksgov.net\/presidentja-jahjaga-priti-artisten-alketa-xhafa-mripa-dhe-producenten-anna-di-lellio\/\" \/>\n<meta property=\"og:locale\" content=\"sr_RS\" \/>\n<meta property=\"og:type\" content=\"article\" \/>\n<meta property=\"og:title\" content=\"Predsednica Jahjaga je do\u010dekala umetnicu Alketa Xhafa-Mripa i prducentkinju Anna Di Lellio - Predsednik Republike Kosovo - DR. VJOSA OSMANI - SADRIU\" \/>\n<meta property=\"og:description\" content=\"Predsednica Jahjaga je do\u010dekala umetnicu Alketa Xhafa-Mripa i prducentkinju Anna Di Lellio - Predsednik Republike Kosovo - DR. VJOSA OSMANI - SADRIU -\" \/>\n<meta property=\"og:url\" content=\"https:\/\/president-ksgov.net\/presidentja-jahjaga-priti-artisten-alketa-xhafa-mripa-dhe-producenten-anna-di-lellio\/\" \/>\n<meta property=\"og:site_name\" content=\"Predsednik Republike Kosovo - DR. VJOSA OSMANI - SADRIU\" \/>\n<meta property=\"article:published_time\" content=\"2015-05-08T14:29:35+00:00\" \/>\n<meta property=\"og:image\" content=\"https:\/\/president-ksgov.net\/wp-content\/uploads\/08_05_2015_5672150_08_05_2015_Takim_me_1-scaled.jpg\" \/>\n\t<meta property=\"og:image:width\" content=\"2560\" \/>\n\t<meta property=\"og:image:height\" content=\"1722\" \/>\n\t<meta property=\"og:image:type\" content=\"image\/jpeg\" \/>\n<meta name=\"author\" content=\"admin\" \/>\n<meta name=\"twitter:card\" content=\"summary_large_image\" \/>\n<meta name=\"twitter:label1\" content=\"\u041d\u0430\u043f\u0438\u0441\u0430\u043d\u043e \u043e\u0434\" \/>\n\t<meta name=\"twitter:data1\" content=\"admin\" \/>\n\t<meta name=\"twitter:label2\" content=\"\u041f\u0440\u043e\u0446\u0435\u045a\u0435\u043d\u043e \u0432\u0440\u0435\u043c\u0435 \u0447\u0438\u0442\u0430\u045a\u0430\" \/>\n\t<meta name=\"twitter:data2\" content=\"1 \u043c\u0438\u043d\u0443\u0442\" \/>\n<script type=\"application\/ld+json\" class=\"yoast-schema-graph\">{\"@context\":\"https:\/\/schema.org\",\"@graph\":[{\"@type\":\"WebPage\",\"@id\":\"https:\/\/president-ksgov.net\/presidentja-jahjaga-priti-artisten-alketa-xhafa-mripa-dhe-producenten-anna-di-lellio\/\",\"url\":\"https:\/\/president-ksgov.net\/presidentja-jahjaga-priti-artisten-alketa-xhafa-mripa-dhe-producenten-anna-di-lellio\/\",\"name\":\"Predsednica Jahjaga je do\u010dekala umetnicu Alketa Xhafa-Mripa i prducentkinju Anna Di Lellio - Predsednik Republike Kosovo - DR. VJOSA OSMANI - SADRIU\",\"isPartOf\":{\"@id\":\"https:\/\/president-ksgov.net\/#website\"},\"primaryImageOfPage\":{\"@id\":\"https:\/\/president-ksgov.net\/presidentja-jahjaga-priti-artisten-alketa-xhafa-mripa-dhe-producenten-anna-di-lellio\/#primaryimage\"},\"image\":{\"@id\":\"https:\/\/president-ksgov.net\/presidentja-jahjaga-priti-artisten-alketa-xhafa-mripa-dhe-producenten-anna-di-lellio\/#primaryimage\"},\"thumbnailUrl\":\"https:\/\/president-ksgov.net\/wp-content\/uploads\/08_05_2015_5672150_08_05_2015_Takim_me_1-scaled.jpg\",\"datePublished\":\"2015-05-08T14:29:35+00:00\",\"dateModified\":\"2015-05-08T14:29:35+00:00\",\"author\":{\"@id\":\"https:\/\/president-ksgov.net\/#\/schema\/person\/bb4337a5fb147cb2046d80548172cbee\"},\"description\":\"Predsednica Jahjaga je do\u010dekala umetnicu Alketa Xhafa-Mripa i prducentkinju Anna Di Lellio - Predsednik Republike Kosovo - DR. VJOSA OSMANI - SADRIU -\",\"breadcrumb\":{\"@id\":\"https:\/\/president-ksgov.net\/presidentja-jahjaga-priti-artisten-alketa-xhafa-mripa-dhe-producenten-anna-di-lellio\/#breadcrumb\"},\"inLanguage\":\"sr-RS\",\"potentialAction\":[{\"@type\":\"ReadAction\",\"target\":[\"https:\/\/president-ksgov.net\/presidentja-jahjaga-priti-artisten-alketa-xhafa-mripa-dhe-producenten-anna-di-lellio\/\"]}]},{\"@type\":\"ImageObject\",\"inLanguage\":\"sr-RS\",\"@id\":\"https:\/\/president-ksgov.net\/presidentja-jahjaga-priti-artisten-alketa-xhafa-mripa-dhe-producenten-anna-di-lellio\/#primaryimage\",\"url\":\"https:\/\/president-ksgov.net\/wp-content\/uploads\/08_05_2015_5672150_08_05_2015_Takim_me_1-scaled.jpg\",\"contentUrl\":\"https:\/\/president-ksgov.net\/wp-content\/uploads\/08_05_2015_5672150_08_05_2015_Takim_me_1-scaled.jpg\",\"width\":2560,\"height\":1722},{\"@type\":\"BreadcrumbList\",\"@id\":\"https:\/\/president-ksgov.net\/presidentja-jahjaga-priti-artisten-alketa-xhafa-mripa-dhe-producenten-anna-di-lellio\/#breadcrumb\",\"itemListElement\":[{\"@type\":\"ListItem\",\"position\":1,\"name\":\"Home\",\"item\":\"https:\/\/president-ksgov.net\/sr\/\"},{\"@type\":\"ListItem\",\"position\":2,\"name\":\"Predsednica Jahjaga je do\u010dekala umetnicu Alketa Xhafa-Mripa i prducentkinju Anna Di Lellio\"}]},{\"@type\":\"WebSite\",\"@id\":\"https:\/\/president-ksgov.net\/#website\",\"url\":\"https:\/\/president-ksgov.net\/\",\"name\":\"Presidente e Republik\u00ebs s\u00eb Kosov\u00ebs\",\"description\":\"Presidente e Republik\u00ebs s\u00eb Kosov\u00ebs\",\"alternateName\":\"DR. VJOSA OSMANI - SADRIU\",\"potentialAction\":[{\"@type\":\"SearchAction\",\"target\":{\"@type\":\"EntryPoint\",\"urlTemplate\":\"https:\/\/president-ksgov.net\/?s={search_term_string}\"},\"query-input\":{\"@type\":\"PropertyValueSpecification\",\"valueRequired\":true,\"valueName\":\"search_term_string\"}}],\"inLanguage\":\"sr-RS\"},{\"@type\":\"Person\",\"@id\":\"https:\/\/president-ksgov.net\/#\/schema\/person\/bb4337a5fb147cb2046d80548172cbee\",\"name\":\"admin\",\"image\":{\"@type\":\"ImageObject\",\"inLanguage\":\"sr-RS\",\"@id\":\"https:\/\/president-ksgov.net\/#\/schema\/person\/image\/\",\"url\":\"https:\/\/secure.gravatar.com\/avatar\/36156ca0fa3b8d9d25174f146e16beea0cf28f37adf1b9e19b6c9c279a7c9dd3?s=96&d=mm&r=g\",\"contentUrl\":\"https:\/\/secure.gravatar.com\/avatar\/36156ca0fa3b8d9d25174f146e16beea0cf28f37adf1b9e19b6c9c279a7c9dd3?s=96&d=mm&r=g\",\"caption\":\"admin\"},\"sameAs\":[\"https:\/\/president-ksgov.net\"]}]}<\/script>\n<!-- \/ Yoast SEO plugin. -->","yoast_head_json":{"title":"Predsednica Jahjaga je do\u010dekala umetnicu Alketa Xhafa-Mripa i prducentkinju Anna Di Lellio - Predsednik Republike Kosovo - DR. VJOSA OSMANI - SADRIU","description":"Predsednica Jahjaga je do\u010dekala umetnicu Alketa Xhafa-Mripa i prducentkinju Anna Di Lellio - Predsednik Republike Kosovo - DR. VJOSA OSMANI - SADRIU -","robots":{"index":"index","follow":"follow","max-snippet":"max-snippet:-1","max-image-preview":"max-image-preview:large","max-video-preview":"max-video-preview:-1"},"canonical":"https:\/\/president-ksgov.net\/presidentja-jahjaga-priti-artisten-alketa-xhafa-mripa-dhe-producenten-anna-di-lellio\/","og_locale":"sr_RS","og_type":"article","og_title":"Predsednica Jahjaga je do\u010dekala umetnicu Alketa Xhafa-Mripa i prducentkinju Anna Di Lellio - Predsednik Republike Kosovo - DR. VJOSA OSMANI - SADRIU","og_description":"Predsednica Jahjaga je do\u010dekala umetnicu Alketa Xhafa-Mripa i prducentkinju Anna Di Lellio - Predsednik Republike Kosovo - DR. VJOSA OSMANI - SADRIU -","og_url":"https:\/\/president-ksgov.net\/presidentja-jahjaga-priti-artisten-alketa-xhafa-mripa-dhe-producenten-anna-di-lellio\/","og_site_name":"Predsednik Republike Kosovo - DR. VJOSA OSMANI - SADRIU","article_published_time":"2015-05-08T14:29:35+00:00","og_image":[{"width":2560,"height":1722,"url":"https:\/\/president-ksgov.net\/wp-content\/uploads\/08_05_2015_5672150_08_05_2015_Takim_me_1-scaled.jpg","type":"image\/jpeg"}],"author":"admin","twitter_card":"summary_large_image","twitter_misc":{"\u041d\u0430\u043f\u0438\u0441\u0430\u043d\u043e \u043e\u0434":"admin","\u041f\u0440\u043e\u0446\u0435\u045a\u0435\u043d\u043e \u0432\u0440\u0435\u043c\u0435 \u0447\u0438\u0442\u0430\u045a\u0430":"1 \u043c\u0438\u043d\u0443\u0442"},"schema":{"@context":"https:\/\/schema.org","@graph":[{"@type":"WebPage","@id":"https:\/\/president-ksgov.net\/presidentja-jahjaga-priti-artisten-alketa-xhafa-mripa-dhe-producenten-anna-di-lellio\/","url":"https:\/\/president-ksgov.net\/presidentja-jahjaga-priti-artisten-alketa-xhafa-mripa-dhe-producenten-anna-di-lellio\/","name":"Predsednica Jahjaga je do\u010dekala umetnicu Alketa Xhafa-Mripa i prducentkinju Anna Di Lellio - Predsednik Republike Kosovo - DR. VJOSA OSMANI - SADRIU","isPartOf":{"@id":"https:\/\/president-ksgov.net\/#website"},"primaryImageOfPage":{"@id":"https:\/\/president-ksgov.net\/presidentja-jahjaga-priti-artisten-alketa-xhafa-mripa-dhe-producenten-anna-di-lellio\/#primaryimage"},"image":{"@id":"https:\/\/president-ksgov.net\/presidentja-jahjaga-priti-artisten-alketa-xhafa-mripa-dhe-producenten-anna-di-lellio\/#primaryimage"},"thumbnailUrl":"https:\/\/president-ksgov.net\/wp-content\/uploads\/08_05_2015_5672150_08_05_2015_Takim_me_1-scaled.jpg","datePublished":"2015-05-08T14:29:35+00:00","dateModified":"2015-05-08T14:29:35+00:00","author":{"@id":"https:\/\/president-ksgov.net\/#\/schema\/person\/bb4337a5fb147cb2046d80548172cbee"},"description":"Predsednica Jahjaga je do\u010dekala umetnicu Alketa Xhafa-Mripa i prducentkinju Anna Di Lellio - Predsednik Republike Kosovo - DR. VJOSA OSMANI - SADRIU -","breadcrumb":{"@id":"https:\/\/president-ksgov.net\/presidentja-jahjaga-priti-artisten-alketa-xhafa-mripa-dhe-producenten-anna-di-lellio\/#breadcrumb"},"inLanguage":"sr-RS","potentialAction":[{"@type":"ReadAction","target":["https:\/\/president-ksgov.net\/presidentja-jahjaga-priti-artisten-alketa-xhafa-mripa-dhe-producenten-anna-di-lellio\/"]}]},{"@type":"ImageObject","inLanguage":"sr-RS","@id":"https:\/\/president-ksgov.net\/presidentja-jahjaga-priti-artisten-alketa-xhafa-mripa-dhe-producenten-anna-di-lellio\/#primaryimage","url":"https:\/\/president-ksgov.net\/wp-content\/uploads\/08_05_2015_5672150_08_05_2015_Takim_me_1-scaled.jpg","contentUrl":"https:\/\/president-ksgov.net\/wp-content\/uploads\/08_05_2015_5672150_08_05_2015_Takim_me_1-scaled.jpg","width":2560,"height":1722},{"@type":"BreadcrumbList","@id":"https:\/\/president-ksgov.net\/presidentja-jahjaga-priti-artisten-alketa-xhafa-mripa-dhe-producenten-anna-di-lellio\/#breadcrumb","itemListElement":[{"@type":"ListItem","position":1,"name":"Home","item":"https:\/\/president-ksgov.net\/sr\/"},{"@type":"ListItem","position":2,"name":"Predsednica Jahjaga je do\u010dekala umetnicu Alketa Xhafa-Mripa i prducentkinju Anna Di Lellio"}]},{"@type":"WebSite","@id":"https:\/\/president-ksgov.net\/#website","url":"https:\/\/president-ksgov.net\/","name":"Presidente e Republik\u00ebs s\u00eb Kosov\u00ebs","description":"Presidente e Republik\u00ebs s\u00eb Kosov\u00ebs","alternateName":"DR. VJOSA OSMANI - SADRIU","potentialAction":[{"@type":"SearchAction","target":{"@type":"EntryPoint","urlTemplate":"https:\/\/president-ksgov.net\/?s={search_term_string}"},"query-input":{"@type":"PropertyValueSpecification","valueRequired":true,"valueName":"search_term_string"}}],"inLanguage":"sr-RS"},{"@type":"Person","@id":"https:\/\/president-ksgov.net\/#\/schema\/person\/bb4337a5fb147cb2046d80548172cbee","name":"admin","image":{"@type":"ImageObject","inLanguage":"sr-RS","@id":"https:\/\/president-ksgov.net\/#\/schema\/person\/image\/","url":"https:\/\/secure.gravatar.com\/avatar\/36156ca0fa3b8d9d25174f146e16beea0cf28f37adf1b9e19b6c9c279a7c9dd3?s=96&d=mm&r=g","contentUrl":"https:\/\/secure.gravatar.com\/avatar\/36156ca0fa3b8d9d25174f146e16beea0cf28f37adf1b9e19b6c9c279a7c9dd3?s=96&d=mm&r=g","caption":"admin"},"sameAs":["https:\/\/president-ksgov.net"]}]}},"_links":{"self":[{"href":"https:\/\/president-ksgov.net\/sr\/wp-json\/wp\/v2\/posts\/77375","targetHints":{"allow":["GET"]}}],"collection":[{"href":"https:\/\/president-ksgov.net\/sr\/wp-json\/wp\/v2\/posts"}],"about":[{"href":"https:\/\/president-ksgov.net\/sr\/wp-json\/wp\/v2\/types\/post"}],"author":[{"embeddable":true,"href":"https:\/\/president-ksgov.net\/sr\/wp-json\/wp\/v2\/users\/1"}],"replies":[{"embeddable":true,"href":"https:\/\/president-ksgov.net\/sr\/wp-json\/wp\/v2\/comments?post=77375"}],"version-history":[{"count":0,"href":"https:\/\/president-ksgov.net\/sr\/wp-json\/wp\/v2\/posts\/77375\/revisions"}],"wp:featuredmedia":[{"embeddable":true,"href":"https:\/\/president-ksgov.net\/sr\/wp-json\/wp\/v2\/media\/40385"}],"wp:attachment":[{"href":"https:\/\/president-ksgov.net\/sr\/wp-json\/wp\/v2\/media?parent=77375"}],"wp:term":[{"taxonomy":"category","embeddable":true,"href":"https:\/\/president-ksgov.net\/sr\/wp-json\/wp\/v2\/categories?post=77375"},{"taxonomy":"post_tag","embeddable":true,"href":"https:\/\/president-ksgov.net\/sr\/wp-json\/wp\/v2\/tags?post=77375"}],"curies":[{"name":"wp","href":"https:\/\/api.w.org\/{rel}","templated":true}]}}