{"id":77252,"date":"2015-08-20T15:43:05","date_gmt":"2015-08-20T15:43:05","guid":{"rendered":"https:\/\/dev.president-ksgov.net\/predsednica-jahjaga-docekala-je-delegaciju-kongresmena-kongresa-sad-a\/"},"modified":"2015-08-20T15:43:05","modified_gmt":"2015-08-20T15:43:05","slug":"predsednica-jahjaga-docekala-je-delegaciju-kongresmena-kongresa-sad-a","status":"publish","type":"post","link":"https:\/\/president-ksgov.net\/sr\/predsednica-jahjaga-docekala-je-delegaciju-kongresmena-kongresa-sad-a\/","title":{"rendered":"Predsednica Jahjaga do\u010dekala je delegaciju kongresmena Kongresa SAD-a"},"content":{"rendered":"<p>Predsednica Republike Kosova, gospo\u0111a Atifete Jahjaga, do\u010dekala je danas na sastanku delegaciju kongresmena Kongresa SAD-a, gospodina Vern Buchanan, gospodina David Price, gospodina Adrian Smith, gospo\u0111u Dina Titus i gospo\u0111u Susan Davis, sa kojima je razgovarala o aktuelnim de&#353;avanjima na Kosovu kao i o mogu\u0107nostima ekonomskog razvoja zemlje.<\/p>\n<p>Predsednica Jahjaga je naglasila bitnost partnerstva Kosova i SAD-a i ameri\u010dko anga&#382;ovanje za stabilnost i mir ne samo na Kosovu, ve\u0107 i u celom regionu Jugoisto\u010dne Evrope. Ona je rekla da nastavak ameri\u010dkog prisustva, putem anga&#382;ovanja mirovnih snaga NATO-a, ima veliki zna\u010daj za sigurnost i mir u celom regionu i da je ona garant stabilnosti. Ona je naglasila da Kosovo danas ima potrebu za daljim ja\u010danjem partnerstva sa SAD-om, kako bi uspeh u demokratskim procesima, u kojima se trenutno nalazi, bio zagarantovan.<\/p>\n<p>Predsednica Jahjaga je naglasila da je Kosovo postiglo da se konsoliduje na me\u0111unarodnoj sceni i da tra&#382;i svoje mesto u me\u0111unarodnim organizacijama, uklju\u010duju\u0107i i OUN i EU. Ona je rekla da je Kosovo faktor stabilnosti i dobrog susedstva i da je pokazalo njegovu posve\u0107enost da &#382;ivi u miru sa svim njegovim susedima, uklju\u010duju\u0107i i Srbiju, sa kojom se trenutno nalazi u procesu dijaloga za normalizaciju odnosa. Ona je tako\u0111e naglasila bitnost o ostavljanju otvorenom evropsku perspektivu Kosova i celog regiona, &#353;to \u0107e pomo\u0107i svim zemljama Jugoisto\u010dne Evrope\u00a0 u privo\u0111enju kraju reformi u dru&#353;tvu, o\u010duvanju stvorenog trenutka dobrih odnosa i spre\u010di\u0107e uticaje od strane tre\u0107e stranke. <\/p>\n<p>Predsednica Jahjaga je rekla da Kosovo ja\u010da vladavinu zakona i reda i postaje sna&#382;an doprinosilac na polju globalne sigurnosti, kao bitan me\u0111unarodni partner u borbi protiv ekstremizma i radikalizma i da zemlja nikada ne\u0107e postati sigurno skloni&#353;te za ekstremiste. Predsednica Jahjaga je govorila i o &#382;rtvama seksualnog nasilja tokom rata i o poku&#353;ajima, da se nakon 15 godina od zavr&#353;etka rata, &#382;rtve ovog nasilja rehabilituju i reintegri&#353;u u dru&#353;tvo. <\/p>\n<p>\u010clanovi delegacije kongresmena Kongresa SAD-a ocenili su velika postignu\u0107a Kosova i naglasili su podr&#353;ku SAD-a procesima u kojima se zemlja nalazi. Oni su rekli da su tokom posete videli velike ljudske\u00a0 kapacitete i prirodne resurse za ekonomski razvoj zemlje, koji \u0107e omogu\u0107iti otvaranje radnih mesta za mlade sa Kosova. \u010clanovi delegacije su naglasili bitnost ja\u010danja partnerstva SAD-a sa Kosovom i tra&#382;enja na\u010dina &#353;to prisnije ekonomske saradnje, uz mogu\u0107nost investicija.<\/p>\n","protected":false},"excerpt":{"rendered":"<p>Predsednica Republike Kosova, gospo\u0111a Atifete Jahjaga, do\u010dekala je danas na sastanku delegaciju kongresmena Kongresa SAD-a, gospodina Vern Buchanan, gospodina David Price, gospodina Adrian Smith, gospo\u0111u Dina Titus i gospo\u0111u Susan Davis, sa kojima je razgovarala o aktuelnim de&#353;avanjima na Kosovu kao i o mogu\u0107nostima ekonomskog razvoja zemlje.<\/p>\n","protected":false},"author":1,"featured_media":38950,"comment_status":"open","ping_status":"closed","sticky":false,"template":"","format":"standard","meta":{"_eb_attr":"","footnotes":""},"categories":[101],"tags":[],"class_list":["post-77252","post","type-post","status-publish","format-standard","has-post-thumbnail","hentry","category-vesti"],"yoast_head":"<!-- This site is optimized with the Yoast SEO plugin v23.5 - https:\/\/yoast.com\/wordpress\/plugins\/seo\/ -->\n<title>Predsednica Jahjaga do\u010dekala je delegaciju kongresmena Kongresa SAD-a - Predsednik Republike Kosovo - DR. VJOSA OSMANI - SADRIU<\/title>\n<meta name=\"description\" content=\"Predsednica Jahjaga do\u010dekala je delegaciju kongresmena Kongresa SAD-a - Predsednik Republike Kosovo - DR. VJOSA OSMANI - SADRIU -\" \/>\n<meta name=\"robots\" content=\"index, follow, max-snippet:-1, max-image-preview:large, max-video-preview:-1\" \/>\n<link rel=\"canonical\" href=\"https:\/\/president-ksgov.net\/presidentja-jahjaga-priti-nje-delegacion-te-kongresisteve-te-kongresit-te-shba-se\/\" \/>\n<meta property=\"og:locale\" content=\"sr_RS\" \/>\n<meta property=\"og:type\" content=\"article\" \/>\n<meta property=\"og:title\" content=\"Predsednica Jahjaga do\u010dekala je delegaciju kongresmena Kongresa SAD-a - Predsednik Republike Kosovo - DR. VJOSA OSMANI - SADRIU\" \/>\n<meta property=\"og:description\" content=\"Predsednica Jahjaga do\u010dekala je delegaciju kongresmena Kongresa SAD-a - Predsednik Republike Kosovo - DR. VJOSA OSMANI - SADRIU -\" \/>\n<meta property=\"og:url\" content=\"https:\/\/president-ksgov.net\/presidentja-jahjaga-priti-nje-delegacion-te-kongresisteve-te-kongresit-te-shba-se\/\" \/>\n<meta property=\"og:site_name\" content=\"Predsednik Republike Kosovo - DR. VJOSA OSMANI - SADRIU\" \/>\n<meta property=\"article:published_time\" content=\"2015-08-20T15:43:05+00:00\" \/>\n<meta property=\"og:image\" content=\"https:\/\/president-ksgov.net\/wp-content\/uploads\/20_08_2015_7091312_20_08_2015_Takim_me__kongresiste_amerikane_1.jpg\" \/>\n\t<meta property=\"og:image:width\" content=\"1024\" \/>\n\t<meta property=\"og:image:height\" content=\"748\" \/>\n\t<meta property=\"og:image:type\" content=\"image\/jpeg\" \/>\n<meta name=\"author\" content=\"admin\" \/>\n<meta name=\"twitter:card\" content=\"summary_large_image\" \/>\n<meta name=\"twitter:label1\" content=\"\u041d\u0430\u043f\u0438\u0441\u0430\u043d\u043e \u043e\u0434\" \/>\n\t<meta name=\"twitter:data1\" content=\"admin\" \/>\n\t<meta name=\"twitter:label2\" content=\"\u041f\u0440\u043e\u0446\u0435\u045a\u0435\u043d\u043e \u0432\u0440\u0435\u043c\u0435 \u0447\u0438\u0442\u0430\u045a\u0430\" \/>\n\t<meta name=\"twitter:data2\" content=\"2 \u043c\u0438\u043d\u0443\u0442\u0430\" \/>\n<script type=\"application\/ld+json\" class=\"yoast-schema-graph\">{\"@context\":\"https:\/\/schema.org\",\"@graph\":[{\"@type\":\"WebPage\",\"@id\":\"https:\/\/president-ksgov.net\/presidentja-jahjaga-priti-nje-delegacion-te-kongresisteve-te-kongresit-te-shba-se\/\",\"url\":\"https:\/\/president-ksgov.net\/presidentja-jahjaga-priti-nje-delegacion-te-kongresisteve-te-kongresit-te-shba-se\/\",\"name\":\"Predsednica Jahjaga do\u010dekala je delegaciju kongresmena Kongresa SAD-a - Predsednik Republike Kosovo - DR. VJOSA OSMANI - SADRIU\",\"isPartOf\":{\"@id\":\"https:\/\/president-ksgov.net\/#website\"},\"primaryImageOfPage\":{\"@id\":\"https:\/\/president-ksgov.net\/presidentja-jahjaga-priti-nje-delegacion-te-kongresisteve-te-kongresit-te-shba-se\/#primaryimage\"},\"image\":{\"@id\":\"https:\/\/president-ksgov.net\/presidentja-jahjaga-priti-nje-delegacion-te-kongresisteve-te-kongresit-te-shba-se\/#primaryimage\"},\"thumbnailUrl\":\"https:\/\/president-ksgov.net\/wp-content\/uploads\/20_08_2015_7091312_20_08_2015_Takim_me__kongresiste_amerikane_1.jpg\",\"datePublished\":\"2015-08-20T15:43:05+00:00\",\"dateModified\":\"2015-08-20T15:43:05+00:00\",\"author\":{\"@id\":\"https:\/\/president-ksgov.net\/#\/schema\/person\/bb4337a5fb147cb2046d80548172cbee\"},\"description\":\"Predsednica Jahjaga do\u010dekala je delegaciju kongresmena Kongresa SAD-a - Predsednik Republike Kosovo - DR. VJOSA OSMANI - SADRIU -\",\"breadcrumb\":{\"@id\":\"https:\/\/president-ksgov.net\/presidentja-jahjaga-priti-nje-delegacion-te-kongresisteve-te-kongresit-te-shba-se\/#breadcrumb\"},\"inLanguage\":\"sr-RS\",\"potentialAction\":[{\"@type\":\"ReadAction\",\"target\":[\"https:\/\/president-ksgov.net\/presidentja-jahjaga-priti-nje-delegacion-te-kongresisteve-te-kongresit-te-shba-se\/\"]}]},{\"@type\":\"ImageObject\",\"inLanguage\":\"sr-RS\",\"@id\":\"https:\/\/president-ksgov.net\/presidentja-jahjaga-priti-nje-delegacion-te-kongresisteve-te-kongresit-te-shba-se\/#primaryimage\",\"url\":\"https:\/\/president-ksgov.net\/wp-content\/uploads\/20_08_2015_7091312_20_08_2015_Takim_me__kongresiste_amerikane_1.jpg\",\"contentUrl\":\"https:\/\/president-ksgov.net\/wp-content\/uploads\/20_08_2015_7091312_20_08_2015_Takim_me__kongresiste_amerikane_1.jpg\",\"width\":1024,\"height\":748},{\"@type\":\"BreadcrumbList\",\"@id\":\"https:\/\/president-ksgov.net\/presidentja-jahjaga-priti-nje-delegacion-te-kongresisteve-te-kongresit-te-shba-se\/#breadcrumb\",\"itemListElement\":[{\"@type\":\"ListItem\",\"position\":1,\"name\":\"Home\",\"item\":\"https:\/\/president-ksgov.net\/sr\/\"},{\"@type\":\"ListItem\",\"position\":2,\"name\":\"Predsednica Jahjaga do\u010dekala je delegaciju kongresmena Kongresa SAD-a\"}]},{\"@type\":\"WebSite\",\"@id\":\"https:\/\/president-ksgov.net\/#website\",\"url\":\"https:\/\/president-ksgov.net\/\",\"name\":\"Presidente e Republik\u00ebs s\u00eb Kosov\u00ebs\",\"description\":\"Presidente e Republik\u00ebs s\u00eb Kosov\u00ebs\",\"alternateName\":\"DR. VJOSA OSMANI - SADRIU\",\"potentialAction\":[{\"@type\":\"SearchAction\",\"target\":{\"@type\":\"EntryPoint\",\"urlTemplate\":\"https:\/\/president-ksgov.net\/?s={search_term_string}\"},\"query-input\":{\"@type\":\"PropertyValueSpecification\",\"valueRequired\":true,\"valueName\":\"search_term_string\"}}],\"inLanguage\":\"sr-RS\"},{\"@type\":\"Person\",\"@id\":\"https:\/\/president-ksgov.net\/#\/schema\/person\/bb4337a5fb147cb2046d80548172cbee\",\"name\":\"admin\",\"image\":{\"@type\":\"ImageObject\",\"inLanguage\":\"sr-RS\",\"@id\":\"https:\/\/president-ksgov.net\/#\/schema\/person\/image\/\",\"url\":\"https:\/\/secure.gravatar.com\/avatar\/36156ca0fa3b8d9d25174f146e16beea0cf28f37adf1b9e19b6c9c279a7c9dd3?s=96&d=mm&r=g\",\"contentUrl\":\"https:\/\/secure.gravatar.com\/avatar\/36156ca0fa3b8d9d25174f146e16beea0cf28f37adf1b9e19b6c9c279a7c9dd3?s=96&d=mm&r=g\",\"caption\":\"admin\"},\"sameAs\":[\"https:\/\/president-ksgov.net\"]}]}<\/script>\n<!-- \/ Yoast SEO plugin. -->","yoast_head_json":{"title":"Predsednica Jahjaga do\u010dekala je delegaciju kongresmena Kongresa SAD-a - Predsednik Republike Kosovo - DR. VJOSA OSMANI - SADRIU","description":"Predsednica Jahjaga do\u010dekala je delegaciju kongresmena Kongresa SAD-a - Predsednik Republike Kosovo - DR. VJOSA OSMANI - SADRIU -","robots":{"index":"index","follow":"follow","max-snippet":"max-snippet:-1","max-image-preview":"max-image-preview:large","max-video-preview":"max-video-preview:-1"},"canonical":"https:\/\/president-ksgov.net\/presidentja-jahjaga-priti-nje-delegacion-te-kongresisteve-te-kongresit-te-shba-se\/","og_locale":"sr_RS","og_type":"article","og_title":"Predsednica Jahjaga do\u010dekala je delegaciju kongresmena Kongresa SAD-a - Predsednik Republike Kosovo - DR. VJOSA OSMANI - SADRIU","og_description":"Predsednica Jahjaga do\u010dekala je delegaciju kongresmena Kongresa SAD-a - Predsednik Republike Kosovo - DR. VJOSA OSMANI - SADRIU -","og_url":"https:\/\/president-ksgov.net\/presidentja-jahjaga-priti-nje-delegacion-te-kongresisteve-te-kongresit-te-shba-se\/","og_site_name":"Predsednik Republike Kosovo - DR. VJOSA OSMANI - SADRIU","article_published_time":"2015-08-20T15:43:05+00:00","og_image":[{"width":1024,"height":748,"url":"https:\/\/president-ksgov.net\/wp-content\/uploads\/20_08_2015_7091312_20_08_2015_Takim_me__kongresiste_amerikane_1.jpg","type":"image\/jpeg"}],"author":"admin","twitter_card":"summary_large_image","twitter_misc":{"\u041d\u0430\u043f\u0438\u0441\u0430\u043d\u043e \u043e\u0434":"admin","\u041f\u0440\u043e\u0446\u0435\u045a\u0435\u043d\u043e \u0432\u0440\u0435\u043c\u0435 \u0447\u0438\u0442\u0430\u045a\u0430":"2 \u043c\u0438\u043d\u0443\u0442\u0430"},"schema":{"@context":"https:\/\/schema.org","@graph":[{"@type":"WebPage","@id":"https:\/\/president-ksgov.net\/presidentja-jahjaga-priti-nje-delegacion-te-kongresisteve-te-kongresit-te-shba-se\/","url":"https:\/\/president-ksgov.net\/presidentja-jahjaga-priti-nje-delegacion-te-kongresisteve-te-kongresit-te-shba-se\/","name":"Predsednica Jahjaga do\u010dekala je delegaciju kongresmena Kongresa SAD-a - Predsednik Republike Kosovo - DR. VJOSA OSMANI - SADRIU","isPartOf":{"@id":"https:\/\/president-ksgov.net\/#website"},"primaryImageOfPage":{"@id":"https:\/\/president-ksgov.net\/presidentja-jahjaga-priti-nje-delegacion-te-kongresisteve-te-kongresit-te-shba-se\/#primaryimage"},"image":{"@id":"https:\/\/president-ksgov.net\/presidentja-jahjaga-priti-nje-delegacion-te-kongresisteve-te-kongresit-te-shba-se\/#primaryimage"},"thumbnailUrl":"https:\/\/president-ksgov.net\/wp-content\/uploads\/20_08_2015_7091312_20_08_2015_Takim_me__kongresiste_amerikane_1.jpg","datePublished":"2015-08-20T15:43:05+00:00","dateModified":"2015-08-20T15:43:05+00:00","author":{"@id":"https:\/\/president-ksgov.net\/#\/schema\/person\/bb4337a5fb147cb2046d80548172cbee"},"description":"Predsednica Jahjaga do\u010dekala je delegaciju kongresmena Kongresa SAD-a - Predsednik Republike Kosovo - DR. VJOSA OSMANI - SADRIU -","breadcrumb":{"@id":"https:\/\/president-ksgov.net\/presidentja-jahjaga-priti-nje-delegacion-te-kongresisteve-te-kongresit-te-shba-se\/#breadcrumb"},"inLanguage":"sr-RS","potentialAction":[{"@type":"ReadAction","target":["https:\/\/president-ksgov.net\/presidentja-jahjaga-priti-nje-delegacion-te-kongresisteve-te-kongresit-te-shba-se\/"]}]},{"@type":"ImageObject","inLanguage":"sr-RS","@id":"https:\/\/president-ksgov.net\/presidentja-jahjaga-priti-nje-delegacion-te-kongresisteve-te-kongresit-te-shba-se\/#primaryimage","url":"https:\/\/president-ksgov.net\/wp-content\/uploads\/20_08_2015_7091312_20_08_2015_Takim_me__kongresiste_amerikane_1.jpg","contentUrl":"https:\/\/president-ksgov.net\/wp-content\/uploads\/20_08_2015_7091312_20_08_2015_Takim_me__kongresiste_amerikane_1.jpg","width":1024,"height":748},{"@type":"BreadcrumbList","@id":"https:\/\/president-ksgov.net\/presidentja-jahjaga-priti-nje-delegacion-te-kongresisteve-te-kongresit-te-shba-se\/#breadcrumb","itemListElement":[{"@type":"ListItem","position":1,"name":"Home","item":"https:\/\/president-ksgov.net\/sr\/"},{"@type":"ListItem","position":2,"name":"Predsednica Jahjaga do\u010dekala je delegaciju kongresmena Kongresa SAD-a"}]},{"@type":"WebSite","@id":"https:\/\/president-ksgov.net\/#website","url":"https:\/\/president-ksgov.net\/","name":"Presidente e Republik\u00ebs s\u00eb Kosov\u00ebs","description":"Presidente e Republik\u00ebs s\u00eb Kosov\u00ebs","alternateName":"DR. VJOSA OSMANI - SADRIU","potentialAction":[{"@type":"SearchAction","target":{"@type":"EntryPoint","urlTemplate":"https:\/\/president-ksgov.net\/?s={search_term_string}"},"query-input":{"@type":"PropertyValueSpecification","valueRequired":true,"valueName":"search_term_string"}}],"inLanguage":"sr-RS"},{"@type":"Person","@id":"https:\/\/president-ksgov.net\/#\/schema\/person\/bb4337a5fb147cb2046d80548172cbee","name":"admin","image":{"@type":"ImageObject","inLanguage":"sr-RS","@id":"https:\/\/president-ksgov.net\/#\/schema\/person\/image\/","url":"https:\/\/secure.gravatar.com\/avatar\/36156ca0fa3b8d9d25174f146e16beea0cf28f37adf1b9e19b6c9c279a7c9dd3?s=96&d=mm&r=g","contentUrl":"https:\/\/secure.gravatar.com\/avatar\/36156ca0fa3b8d9d25174f146e16beea0cf28f37adf1b9e19b6c9c279a7c9dd3?s=96&d=mm&r=g","caption":"admin"},"sameAs":["https:\/\/president-ksgov.net"]}]}},"_links":{"self":[{"href":"https:\/\/president-ksgov.net\/sr\/wp-json\/wp\/v2\/posts\/77252","targetHints":{"allow":["GET"]}}],"collection":[{"href":"https:\/\/president-ksgov.net\/sr\/wp-json\/wp\/v2\/posts"}],"about":[{"href":"https:\/\/president-ksgov.net\/sr\/wp-json\/wp\/v2\/types\/post"}],"author":[{"embeddable":true,"href":"https:\/\/president-ksgov.net\/sr\/wp-json\/wp\/v2\/users\/1"}],"replies":[{"embeddable":true,"href":"https:\/\/president-ksgov.net\/sr\/wp-json\/wp\/v2\/comments?post=77252"}],"version-history":[{"count":0,"href":"https:\/\/president-ksgov.net\/sr\/wp-json\/wp\/v2\/posts\/77252\/revisions"}],"wp:featuredmedia":[{"embeddable":true,"href":"https:\/\/president-ksgov.net\/sr\/wp-json\/wp\/v2\/media\/38950"}],"wp:attachment":[{"href":"https:\/\/president-ksgov.net\/sr\/wp-json\/wp\/v2\/media?parent=77252"}],"wp:term":[{"taxonomy":"category","embeddable":true,"href":"https:\/\/president-ksgov.net\/sr\/wp-json\/wp\/v2\/categories?post=77252"},{"taxonomy":"post_tag","embeddable":true,"href":"https:\/\/president-ksgov.net\/sr\/wp-json\/wp\/v2\/tags?post=77252"}],"curies":[{"name":"wp","href":"https:\/\/api.w.org\/{rel}","templated":true}]}}