{"id":77240,"date":"2015-08-30T16:11:42","date_gmt":"2015-08-30T16:11:42","guid":{"rendered":"https:\/\/dev.president-ksgov.net\/predsednica-jahjaga-ucestvovala-je-na-akademiji-pocasti-figure-akademika-mark-a-krasniqi\/"},"modified":"2015-08-30T16:11:42","modified_gmt":"2015-08-30T16:11:42","slug":"predsednica-jahjaga-ucestvovala-je-na-akademiji-pocasti-figure-akademika-mark-a-krasniqi","status":"publish","type":"post","link":"https:\/\/president-ksgov.net\/sr\/predsednica-jahjaga-ucestvovala-je-na-akademiji-pocasti-figure-akademika-mark-a-krasniqi\/","title":{"rendered":"Predsednica Jahjaga u\u010destvovala je na akademiji po\u010dasti figure akademika, Mark-a Krasniqi"},"content":{"rendered":"<p>Predsednica Republike Kosova, gospo\u0111a Atifete Jahjaga, danas je u\u010destvovala na komemorativnom sastanku na Akademiji nauka i umetnosti Kosova, u \u010dast figure velikog kosovskog akademika, Mark-a Krasniqi.<\/p>\n<p>Predsednica Jahjaga je odala po\u010dast akademiku Mark-u Krasniqi, jednog velikog \u010doveka Kosova i istaknutoj otad&#382;binskoj figuri i izrazila je najiskrenije sau\u010de&#353;\u0107e porodici, saradnicima i kolegama akademika Mark-a Krasniqi. Predsednica Jahjaha visoko ocenjuju\u0107i figuru akademika Mark-a Krasniqi, rekla je da je njegova smrt veliki gubitak za porodicu, gra\u0111ane zemlje i za celo Kosovo uop&#353;te.\u00a0\u00a0\u00a0<\/p>\n","protected":false},"excerpt":{"rendered":"<p>Predsednica Republike Kosova, gospo\u0111a Atifete Jahjaga, danas je u\u010destvovala na komemorativnom sastanku na Akademiji nauka i umetnosti Kosova, u \u010dast figure velikog kosovskog akademika, Mark-a Krasniqi.<\/p>\n","protected":false},"author":1,"featured_media":38770,"comment_status":"open","ping_status":"closed","sticky":false,"template":"","format":"standard","meta":{"_eb_attr":"","footnotes":""},"categories":[101],"tags":[],"class_list":["post-77240","post","type-post","status-publish","format-standard","has-post-thumbnail","hentry","category-vesti"],"yoast_head":"<!-- This site is optimized with the Yoast SEO plugin v23.5 - https:\/\/yoast.com\/wordpress\/plugins\/seo\/ -->\n<title>Predsednica Jahjaga u\u010destvovala je na akademiji po\u010dasti figure akademika, Mark-a Krasniqi - Predsednik Republike Kosovo - DR. VJOSA OSMANI - SADRIU<\/title>\n<meta name=\"description\" content=\"Predsednica Jahjaga u\u010destvovala je na akademiji po\u010dasti figure akademika, Mark-a Krasniqi - Predsednik Republike Kosovo - DR. VJOSA OSMANI - SADRIU -\" \/>\n<meta name=\"robots\" content=\"index, follow, max-snippet:-1, max-image-preview:large, max-video-preview:-1\" \/>\n<link rel=\"canonical\" href=\"https:\/\/president-ksgov.net\/sr\/predsednica-jahjaga-ucestvovala-je-na-akademiji-pocasti-figure-akademika-mark-a-krasniqi\/\" \/>\n<meta property=\"og:locale\" content=\"sr_RS\" \/>\n<meta property=\"og:type\" content=\"article\" \/>\n<meta property=\"og:title\" content=\"Predsednica Jahjaga u\u010destvovala je na akademiji po\u010dasti figure akademika, Mark-a Krasniqi - Predsednik Republike Kosovo - DR. VJOSA OSMANI - SADRIU\" \/>\n<meta property=\"og:description\" content=\"Predsednica Jahjaga u\u010destvovala je na akademiji po\u010dasti figure akademika, Mark-a Krasniqi - Predsednik Republike Kosovo - DR. VJOSA OSMANI - SADRIU -\" \/>\n<meta property=\"og:url\" content=\"https:\/\/president-ksgov.net\/sr\/predsednica-jahjaga-ucestvovala-je-na-akademiji-pocasti-figure-akademika-mark-a-krasniqi\/\" \/>\n<meta property=\"og:site_name\" content=\"Predsednik Republike Kosovo - DR. VJOSA OSMANI - SADRIU\" \/>\n<meta property=\"article:published_time\" content=\"2015-08-30T16:11:42+00:00\" \/>\n<meta property=\"og:image\" content=\"https:\/\/president-ksgov.net\/wp-content\/uploads\/30_08_2015_7202271_30_08_2015_Akademia_per_Mark_Krasniqin_1.jpg\" \/>\n\t<meta property=\"og:image:width\" content=\"1024\" \/>\n\t<meta property=\"og:image:height\" content=\"453\" \/>\n\t<meta property=\"og:image:type\" content=\"image\/jpeg\" \/>\n<meta name=\"author\" content=\"admin\" \/>\n<meta name=\"twitter:card\" content=\"summary_large_image\" \/>\n<meta name=\"twitter:label1\" content=\"\u041d\u0430\u043f\u0438\u0441\u0430\u043d\u043e \u043e\u0434\" \/>\n\t<meta name=\"twitter:data1\" content=\"admin\" \/>\n<script type=\"application\/ld+json\" class=\"yoast-schema-graph\">{\"@context\":\"https:\/\/schema.org\",\"@graph\":[{\"@type\":\"WebPage\",\"@id\":\"https:\/\/president-ksgov.net\/sr\/predsednica-jahjaga-ucestvovala-je-na-akademiji-pocasti-figure-akademika-mark-a-krasniqi\/\",\"url\":\"https:\/\/president-ksgov.net\/sr\/predsednica-jahjaga-ucestvovala-je-na-akademiji-pocasti-figure-akademika-mark-a-krasniqi\/\",\"name\":\"Predsednica Jahjaga u\u010destvovala je na akademiji po\u010dasti figure akademika, Mark-a Krasniqi - Predsednik Republike Kosovo - DR. VJOSA OSMANI - SADRIU\",\"isPartOf\":{\"@id\":\"https:\/\/president-ksgov.net\/#website\"},\"primaryImageOfPage\":{\"@id\":\"https:\/\/president-ksgov.net\/sr\/predsednica-jahjaga-ucestvovala-je-na-akademiji-pocasti-figure-akademika-mark-a-krasniqi\/#primaryimage\"},\"image\":{\"@id\":\"https:\/\/president-ksgov.net\/sr\/predsednica-jahjaga-ucestvovala-je-na-akademiji-pocasti-figure-akademika-mark-a-krasniqi\/#primaryimage\"},\"thumbnailUrl\":\"https:\/\/president-ksgov.net\/wp-content\/uploads\/30_08_2015_7202271_30_08_2015_Akademia_per_Mark_Krasniqin_1.jpg\",\"datePublished\":\"2015-08-30T16:11:42+00:00\",\"dateModified\":\"2015-08-30T16:11:42+00:00\",\"author\":{\"@id\":\"https:\/\/president-ksgov.net\/#\/schema\/person\/bb4337a5fb147cb2046d80548172cbee\"},\"description\":\"Predsednica Jahjaga u\u010destvovala je na akademiji po\u010dasti figure akademika, Mark-a Krasniqi - Predsednik Republike Kosovo - DR. VJOSA OSMANI - SADRIU -\",\"breadcrumb\":{\"@id\":\"https:\/\/president-ksgov.net\/sr\/predsednica-jahjaga-ucestvovala-je-na-akademiji-pocasti-figure-akademika-mark-a-krasniqi\/#breadcrumb\"},\"inLanguage\":\"sr-RS\",\"potentialAction\":[{\"@type\":\"ReadAction\",\"target\":[\"https:\/\/president-ksgov.net\/sr\/predsednica-jahjaga-ucestvovala-je-na-akademiji-pocasti-figure-akademika-mark-a-krasniqi\/\"]}]},{\"@type\":\"ImageObject\",\"inLanguage\":\"sr-RS\",\"@id\":\"https:\/\/president-ksgov.net\/sr\/predsednica-jahjaga-ucestvovala-je-na-akademiji-pocasti-figure-akademika-mark-a-krasniqi\/#primaryimage\",\"url\":\"https:\/\/president-ksgov.net\/wp-content\/uploads\/30_08_2015_7202271_30_08_2015_Akademia_per_Mark_Krasniqin_1.jpg\",\"contentUrl\":\"https:\/\/president-ksgov.net\/wp-content\/uploads\/30_08_2015_7202271_30_08_2015_Akademia_per_Mark_Krasniqin_1.jpg\",\"width\":1024,\"height\":453},{\"@type\":\"BreadcrumbList\",\"@id\":\"https:\/\/president-ksgov.net\/sr\/predsednica-jahjaga-ucestvovala-je-na-akademiji-pocasti-figure-akademika-mark-a-krasniqi\/#breadcrumb\",\"itemListElement\":[{\"@type\":\"ListItem\",\"position\":1,\"name\":\"Home\",\"item\":\"https:\/\/president-ksgov.net\/sr\/\"},{\"@type\":\"ListItem\",\"position\":2,\"name\":\"Predsednica Jahjaga u\u010destvovala je na akademiji po\u010dasti figure akademika, Mark-a Krasniqi\"}]},{\"@type\":\"WebSite\",\"@id\":\"https:\/\/president-ksgov.net\/#website\",\"url\":\"https:\/\/president-ksgov.net\/\",\"name\":\"Presidente e Republik\u00ebs s\u00eb Kosov\u00ebs\",\"description\":\"Presidente e Republik\u00ebs s\u00eb Kosov\u00ebs\",\"alternateName\":\"DR. VJOSA OSMANI - SADRIU\",\"potentialAction\":[{\"@type\":\"SearchAction\",\"target\":{\"@type\":\"EntryPoint\",\"urlTemplate\":\"https:\/\/president-ksgov.net\/?s={search_term_string}\"},\"query-input\":{\"@type\":\"PropertyValueSpecification\",\"valueRequired\":true,\"valueName\":\"search_term_string\"}}],\"inLanguage\":\"sr-RS\"},{\"@type\":\"Person\",\"@id\":\"https:\/\/president-ksgov.net\/#\/schema\/person\/bb4337a5fb147cb2046d80548172cbee\",\"name\":\"admin\",\"image\":{\"@type\":\"ImageObject\",\"inLanguage\":\"sr-RS\",\"@id\":\"https:\/\/president-ksgov.net\/#\/schema\/person\/image\/\",\"url\":\"https:\/\/secure.gravatar.com\/avatar\/36156ca0fa3b8d9d25174f146e16beea0cf28f37adf1b9e19b6c9c279a7c9dd3?s=96&d=mm&r=g\",\"contentUrl\":\"https:\/\/secure.gravatar.com\/avatar\/36156ca0fa3b8d9d25174f146e16beea0cf28f37adf1b9e19b6c9c279a7c9dd3?s=96&d=mm&r=g\",\"caption\":\"admin\"},\"sameAs\":[\"https:\/\/president-ksgov.net\"]}]}<\/script>\n<!-- \/ Yoast SEO plugin. -->","yoast_head_json":{"title":"Predsednica Jahjaga u\u010destvovala je na akademiji po\u010dasti figure akademika, Mark-a Krasniqi - Predsednik Republike Kosovo - DR. VJOSA OSMANI - SADRIU","description":"Predsednica Jahjaga u\u010destvovala je na akademiji po\u010dasti figure akademika, Mark-a Krasniqi - Predsednik Republike Kosovo - DR. VJOSA OSMANI - SADRIU -","robots":{"index":"index","follow":"follow","max-snippet":"max-snippet:-1","max-image-preview":"max-image-preview:large","max-video-preview":"max-video-preview:-1"},"canonical":"https:\/\/president-ksgov.net\/sr\/predsednica-jahjaga-ucestvovala-je-na-akademiji-pocasti-figure-akademika-mark-a-krasniqi\/","og_locale":"sr_RS","og_type":"article","og_title":"Predsednica Jahjaga u\u010destvovala je na akademiji po\u010dasti figure akademika, Mark-a Krasniqi - Predsednik Republike Kosovo - DR. VJOSA OSMANI - SADRIU","og_description":"Predsednica Jahjaga u\u010destvovala je na akademiji po\u010dasti figure akademika, Mark-a Krasniqi - Predsednik Republike Kosovo - DR. VJOSA OSMANI - SADRIU -","og_url":"https:\/\/president-ksgov.net\/sr\/predsednica-jahjaga-ucestvovala-je-na-akademiji-pocasti-figure-akademika-mark-a-krasniqi\/","og_site_name":"Predsednik Republike Kosovo - DR. VJOSA OSMANI - SADRIU","article_published_time":"2015-08-30T16:11:42+00:00","og_image":[{"width":1024,"height":453,"url":"https:\/\/president-ksgov.net\/wp-content\/uploads\/30_08_2015_7202271_30_08_2015_Akademia_per_Mark_Krasniqin_1.jpg","type":"image\/jpeg"}],"author":"admin","twitter_card":"summary_large_image","twitter_misc":{"\u041d\u0430\u043f\u0438\u0441\u0430\u043d\u043e \u043e\u0434":"admin"},"schema":{"@context":"https:\/\/schema.org","@graph":[{"@type":"WebPage","@id":"https:\/\/president-ksgov.net\/sr\/predsednica-jahjaga-ucestvovala-je-na-akademiji-pocasti-figure-akademika-mark-a-krasniqi\/","url":"https:\/\/president-ksgov.net\/sr\/predsednica-jahjaga-ucestvovala-je-na-akademiji-pocasti-figure-akademika-mark-a-krasniqi\/","name":"Predsednica Jahjaga u\u010destvovala je na akademiji po\u010dasti figure akademika, Mark-a Krasniqi - Predsednik Republike Kosovo - DR. VJOSA OSMANI - SADRIU","isPartOf":{"@id":"https:\/\/president-ksgov.net\/#website"},"primaryImageOfPage":{"@id":"https:\/\/president-ksgov.net\/sr\/predsednica-jahjaga-ucestvovala-je-na-akademiji-pocasti-figure-akademika-mark-a-krasniqi\/#primaryimage"},"image":{"@id":"https:\/\/president-ksgov.net\/sr\/predsednica-jahjaga-ucestvovala-je-na-akademiji-pocasti-figure-akademika-mark-a-krasniqi\/#primaryimage"},"thumbnailUrl":"https:\/\/president-ksgov.net\/wp-content\/uploads\/30_08_2015_7202271_30_08_2015_Akademia_per_Mark_Krasniqin_1.jpg","datePublished":"2015-08-30T16:11:42+00:00","dateModified":"2015-08-30T16:11:42+00:00","author":{"@id":"https:\/\/president-ksgov.net\/#\/schema\/person\/bb4337a5fb147cb2046d80548172cbee"},"description":"Predsednica Jahjaga u\u010destvovala je na akademiji po\u010dasti figure akademika, Mark-a Krasniqi - Predsednik Republike Kosovo - DR. VJOSA OSMANI - SADRIU -","breadcrumb":{"@id":"https:\/\/president-ksgov.net\/sr\/predsednica-jahjaga-ucestvovala-je-na-akademiji-pocasti-figure-akademika-mark-a-krasniqi\/#breadcrumb"},"inLanguage":"sr-RS","potentialAction":[{"@type":"ReadAction","target":["https:\/\/president-ksgov.net\/sr\/predsednica-jahjaga-ucestvovala-je-na-akademiji-pocasti-figure-akademika-mark-a-krasniqi\/"]}]},{"@type":"ImageObject","inLanguage":"sr-RS","@id":"https:\/\/president-ksgov.net\/sr\/predsednica-jahjaga-ucestvovala-je-na-akademiji-pocasti-figure-akademika-mark-a-krasniqi\/#primaryimage","url":"https:\/\/president-ksgov.net\/wp-content\/uploads\/30_08_2015_7202271_30_08_2015_Akademia_per_Mark_Krasniqin_1.jpg","contentUrl":"https:\/\/president-ksgov.net\/wp-content\/uploads\/30_08_2015_7202271_30_08_2015_Akademia_per_Mark_Krasniqin_1.jpg","width":1024,"height":453},{"@type":"BreadcrumbList","@id":"https:\/\/president-ksgov.net\/sr\/predsednica-jahjaga-ucestvovala-je-na-akademiji-pocasti-figure-akademika-mark-a-krasniqi\/#breadcrumb","itemListElement":[{"@type":"ListItem","position":1,"name":"Home","item":"https:\/\/president-ksgov.net\/sr\/"},{"@type":"ListItem","position":2,"name":"Predsednica Jahjaga u\u010destvovala je na akademiji po\u010dasti figure akademika, Mark-a Krasniqi"}]},{"@type":"WebSite","@id":"https:\/\/president-ksgov.net\/#website","url":"https:\/\/president-ksgov.net\/","name":"Presidente e Republik\u00ebs s\u00eb Kosov\u00ebs","description":"Presidente e Republik\u00ebs s\u00eb Kosov\u00ebs","alternateName":"DR. VJOSA OSMANI - SADRIU","potentialAction":[{"@type":"SearchAction","target":{"@type":"EntryPoint","urlTemplate":"https:\/\/president-ksgov.net\/?s={search_term_string}"},"query-input":{"@type":"PropertyValueSpecification","valueRequired":true,"valueName":"search_term_string"}}],"inLanguage":"sr-RS"},{"@type":"Person","@id":"https:\/\/president-ksgov.net\/#\/schema\/person\/bb4337a5fb147cb2046d80548172cbee","name":"admin","image":{"@type":"ImageObject","inLanguage":"sr-RS","@id":"https:\/\/president-ksgov.net\/#\/schema\/person\/image\/","url":"https:\/\/secure.gravatar.com\/avatar\/36156ca0fa3b8d9d25174f146e16beea0cf28f37adf1b9e19b6c9c279a7c9dd3?s=96&d=mm&r=g","contentUrl":"https:\/\/secure.gravatar.com\/avatar\/36156ca0fa3b8d9d25174f146e16beea0cf28f37adf1b9e19b6c9c279a7c9dd3?s=96&d=mm&r=g","caption":"admin"},"sameAs":["https:\/\/president-ksgov.net"]}]}},"_links":{"self":[{"href":"https:\/\/president-ksgov.net\/sr\/wp-json\/wp\/v2\/posts\/77240","targetHints":{"allow":["GET"]}}],"collection":[{"href":"https:\/\/president-ksgov.net\/sr\/wp-json\/wp\/v2\/posts"}],"about":[{"href":"https:\/\/president-ksgov.net\/sr\/wp-json\/wp\/v2\/types\/post"}],"author":[{"embeddable":true,"href":"https:\/\/president-ksgov.net\/sr\/wp-json\/wp\/v2\/users\/1"}],"replies":[{"embeddable":true,"href":"https:\/\/president-ksgov.net\/sr\/wp-json\/wp\/v2\/comments?post=77240"}],"version-history":[{"count":0,"href":"https:\/\/president-ksgov.net\/sr\/wp-json\/wp\/v2\/posts\/77240\/revisions"}],"wp:featuredmedia":[{"embeddable":true,"href":"https:\/\/president-ksgov.net\/sr\/wp-json\/wp\/v2\/media\/38770"}],"wp:attachment":[{"href":"https:\/\/president-ksgov.net\/sr\/wp-json\/wp\/v2\/media?parent=77240"}],"wp:term":[{"taxonomy":"category","embeddable":true,"href":"https:\/\/president-ksgov.net\/sr\/wp-json\/wp\/v2\/categories?post=77240"},{"taxonomy":"post_tag","embeddable":true,"href":"https:\/\/president-ksgov.net\/sr\/wp-json\/wp\/v2\/tags?post=77240"}],"curies":[{"name":"wp","href":"https:\/\/api.w.org\/{rel}","templated":true}]}}