{"id":77186,"date":"2015-10-05T20:47:15","date_gmt":"2015-10-05T20:47:15","guid":{"rendered":"https:\/\/dev.president-ksgov.net\/govor-predsednice-jahjaga-na-25-godinjicu-dana-ujedinjenja-nemacke-2\/"},"modified":"2015-10-05T20:47:15","modified_gmt":"2015-10-05T20:47:15","slug":"govor-predsednice-jahjaga-na-25-godinjicu-dana-ujedinjenja-nemacke-2","status":"publish","type":"post","link":"https:\/\/president-ksgov.net\/sr\/govor-predsednice-jahjaga-na-25-godinjicu-dana-ujedinjenja-nemacke-2\/","title":{"rendered":"GOVOR PREDSEDNICE JAHJAGA NA 25. GODI&#138;NJICU DANA UJEDINJENJA NEMA\u010cKE"},"content":{"rendered":"<p>Po&#353;tovani predstavnici institucija Republike Kosova<\/p>\n<p>Po&#353;tovana ambasadorko Viets,<\/p>\n<p>Dame i gospodo,<\/p>\n<p>U ime gra\u0111ana Republike Kosova i u moje li\u010dno ime, dozvolite mi da \u010destitam vama i nema\u010dkom narodu 25. godi&#353;njicu ujedinjena Nema\u010dke.<br \/>\n\u00a0<br \/>\nJo&#353; od 3. oktobra 1990. godne, Nema\u010dka je razorila zidine, sru&#353;ila je ideolo&#353;ke i fizi\u010dke granice. Ujedinila je Evropu oko vrednosti i te&#382;nji slobode, demokratije i prosperiteta.<br \/>\nNadahnula je \u010ditave generacije da okon\u010daju represiju i da se oporave, kako bi o&#382;iveli ideale slobode.<br \/>\n\u00a0<br \/>\nDvadeset i pet godina kasnije, ovo istorijsko ujedinjenje ostaje isto toliko bitno. Danas, vi&#353;e nego ikada treba nam jedna vizija ru&#353;enja granica i razaranja zidova. Mi treba da povratimo ideje i da ujedinimo narode nad principima demokratije i saradnje.<br \/>\n\u00a0<br \/>\nJer na&#353; zajedni\u010dki rad, za jednu ujedinjenu Evropu u miru, nije zavr&#353;en. A ovaj nedovr&#353;eni rad ose\u0107a se na Kosovu, vi&#353;e nego igde.<br \/>\n\u00a0<br \/>\nMi smo veoma ponosni na jednu jaku partnersku vezu i prijateljstvo koje kosovski narod u&#382;iva sa Nema\u010dkom. Mi smo zahvalni na ulozi koju ste vi odigrali u spre\u010davanju genocida na Kosovu, u stabilizaciji Kosova putem prisustva va&#353;e mirovne vojske.<br \/>\n\u00a0<br \/>\nOnda, kada ste otvorili vrata za izbeglice koje be&#382;e od rata i siroma&#353;tva, i sada kada podr&#382;avate institucije Kosova u uspostavljanju temelja stabilne kosovske ekonomije. Postavili smo na&#353;e nade u va&#353;u upornost da Zapadni Balkan ide putem evropske integracije i u va&#353;u viziju da \u0107e ova integracija EU doneti dodatnu vrednost, a regionu dugotrajan mir.<br \/>\n\u00a0<br \/>\nImam u vidu da nas \u010dekaju obaveze\u00a0 koje jo&#353; uvek nisu ispunjene. Ali, mi smo posve\u0107eni tome,\u00a0 da zajedno sa na&#353;im partnerima, sa vama, o&#382;ivimo viziju za Kosovo u kojem vlada zakon, za Kosovo dobrog susedstva, regionalne saradnje i najvi&#353;e kao zemlje sa jasnom perspektivom, u kojoj njegovi gra\u0111ani vide budu\u0107nost.<br \/>\n\u00a0<br \/>\nHvala vam na va&#353;em sna&#382;nom prisustvu na Kosovu,\u00a0 na va&#353;em partnerstvu i prijateljstvu. &#381;iveli!<br \/>\n\u00a0<\/p>\n","protected":false},"excerpt":{"rendered":"<p>Po&#353;tovani predstavnici institucija Republike Kosova<\/p>\n<p>Po&#353;tovana ambasadorko Viets,<\/p>\n<p>Dame i gospodo,<\/p>\n","protected":false},"author":1,"featured_media":38079,"comment_status":"open","ping_status":"closed","sticky":false,"template":"","format":"standard","meta":{"_eb_attr":"","footnotes":""},"categories":[101],"tags":[],"class_list":["post-77186","post","type-post","status-publish","format-standard","has-post-thumbnail","hentry","category-vesti"],"yoast_head":"<!-- This site is optimized with the Yoast SEO plugin v23.5 - https:\/\/yoast.com\/wordpress\/plugins\/seo\/ -->\n<title>GOVOR PREDSEDNICE JAHJAGA NA 25. GODI&#138;NJICU DANA UJEDINJENJA NEMA\u010cKE - Predsednik Republike Kosovo - DR. VJOSA OSMANI - SADRIU<\/title>\n<meta name=\"description\" content=\"GOVOR PREDSEDNICE JAHJAGA NA 25. GODI&#138;NJICU DANA UJEDINJENJA NEMA\u010cKE - Predsednik Republike Kosovo - DR. VJOSA OSMANI - SADRIU -\" \/>\n<meta name=\"robots\" content=\"index, follow, max-snippet:-1, max-image-preview:large, max-video-preview:-1\" \/>\n<link rel=\"canonical\" href=\"https:\/\/president-ksgov.net\/fjalimi-i-presidentes-jahjaga-ne-25-vjetorin-e-dites-se-unitetit-gjerman-2\/\" \/>\n<meta property=\"og:locale\" content=\"sr_RS\" \/>\n<meta property=\"og:type\" content=\"article\" \/>\n<meta property=\"og:title\" content=\"GOVOR PREDSEDNICE JAHJAGA NA 25. GODI&#138;NJICU DANA UJEDINJENJA NEMA\u010cKE - Predsednik Republike Kosovo - DR. VJOSA OSMANI - SADRIU\" \/>\n<meta property=\"og:description\" content=\"GOVOR PREDSEDNICE JAHJAGA NA 25. GODI&#138;NJICU DANA UJEDINJENJA NEMA\u010cKE - Predsednik Republike Kosovo - DR. VJOSA OSMANI - SADRIU -\" \/>\n<meta property=\"og:url\" content=\"https:\/\/president-ksgov.net\/fjalimi-i-presidentes-jahjaga-ne-25-vjetorin-e-dites-se-unitetit-gjerman-2\/\" \/>\n<meta property=\"og:site_name\" content=\"Predsednik Republike Kosovo - DR. VJOSA OSMANI - SADRIU\" \/>\n<meta property=\"article:published_time\" content=\"2015-10-05T20:47:15+00:00\" \/>\n<meta property=\"og:image\" content=\"https:\/\/president-ksgov.net\/wp-content\/uploads\/05_10_2015_3095422_5_tetor_2015_1.jpg\" \/>\n\t<meta property=\"og:image:width\" content=\"1024\" \/>\n\t<meta property=\"og:image:height\" content=\"518\" \/>\n\t<meta property=\"og:image:type\" content=\"image\/jpeg\" \/>\n<meta name=\"author\" content=\"admin\" \/>\n<meta name=\"twitter:card\" content=\"summary_large_image\" \/>\n<meta name=\"twitter:label1\" content=\"\u041d\u0430\u043f\u0438\u0441\u0430\u043d\u043e \u043e\u0434\" \/>\n\t<meta name=\"twitter:data1\" content=\"admin\" \/>\n\t<meta name=\"twitter:label2\" content=\"\u041f\u0440\u043e\u0446\u0435\u045a\u0435\u043d\u043e \u0432\u0440\u0435\u043c\u0435 \u0447\u0438\u0442\u0430\u045a\u0430\" \/>\n\t<meta name=\"twitter:data2\" content=\"2 \u043c\u0438\u043d\u0443\u0442\u0430\" \/>\n<script type=\"application\/ld+json\" class=\"yoast-schema-graph\">{\"@context\":\"https:\/\/schema.org\",\"@graph\":[{\"@type\":\"WebPage\",\"@id\":\"https:\/\/president-ksgov.net\/fjalimi-i-presidentes-jahjaga-ne-25-vjetorin-e-dites-se-unitetit-gjerman-2\/\",\"url\":\"https:\/\/president-ksgov.net\/fjalimi-i-presidentes-jahjaga-ne-25-vjetorin-e-dites-se-unitetit-gjerman-2\/\",\"name\":\"GOVOR PREDSEDNICE JAHJAGA NA 25. GODI&#138;NJICU DANA UJEDINJENJA NEMA\u010cKE - Predsednik Republike Kosovo - DR. VJOSA OSMANI - SADRIU\",\"isPartOf\":{\"@id\":\"https:\/\/president-ksgov.net\/#website\"},\"primaryImageOfPage\":{\"@id\":\"https:\/\/president-ksgov.net\/fjalimi-i-presidentes-jahjaga-ne-25-vjetorin-e-dites-se-unitetit-gjerman-2\/#primaryimage\"},\"image\":{\"@id\":\"https:\/\/president-ksgov.net\/fjalimi-i-presidentes-jahjaga-ne-25-vjetorin-e-dites-se-unitetit-gjerman-2\/#primaryimage\"},\"thumbnailUrl\":\"https:\/\/president-ksgov.net\/wp-content\/uploads\/05_10_2015_3095422_5_tetor_2015_1.jpg\",\"datePublished\":\"2015-10-05T20:47:15+00:00\",\"dateModified\":\"2015-10-05T20:47:15+00:00\",\"author\":{\"@id\":\"https:\/\/president-ksgov.net\/#\/schema\/person\/bb4337a5fb147cb2046d80548172cbee\"},\"description\":\"GOVOR PREDSEDNICE JAHJAGA NA 25. GODI&#138;NJICU DANA UJEDINJENJA NEMA\u010cKE - Predsednik Republike Kosovo - DR. VJOSA OSMANI - SADRIU -\",\"breadcrumb\":{\"@id\":\"https:\/\/president-ksgov.net\/fjalimi-i-presidentes-jahjaga-ne-25-vjetorin-e-dites-se-unitetit-gjerman-2\/#breadcrumb\"},\"inLanguage\":\"sr-RS\",\"potentialAction\":[{\"@type\":\"ReadAction\",\"target\":[\"https:\/\/president-ksgov.net\/fjalimi-i-presidentes-jahjaga-ne-25-vjetorin-e-dites-se-unitetit-gjerman-2\/\"]}]},{\"@type\":\"ImageObject\",\"inLanguage\":\"sr-RS\",\"@id\":\"https:\/\/president-ksgov.net\/fjalimi-i-presidentes-jahjaga-ne-25-vjetorin-e-dites-se-unitetit-gjerman-2\/#primaryimage\",\"url\":\"https:\/\/president-ksgov.net\/wp-content\/uploads\/05_10_2015_3095422_5_tetor_2015_1.jpg\",\"contentUrl\":\"https:\/\/president-ksgov.net\/wp-content\/uploads\/05_10_2015_3095422_5_tetor_2015_1.jpg\",\"width\":1024,\"height\":518},{\"@type\":\"BreadcrumbList\",\"@id\":\"https:\/\/president-ksgov.net\/fjalimi-i-presidentes-jahjaga-ne-25-vjetorin-e-dites-se-unitetit-gjerman-2\/#breadcrumb\",\"itemListElement\":[{\"@type\":\"ListItem\",\"position\":1,\"name\":\"Home\",\"item\":\"https:\/\/president-ksgov.net\/sr\/\"},{\"@type\":\"ListItem\",\"position\":2,\"name\":\"GOVOR PREDSEDNICE JAHJAGA NA 25. GODI&#138;NJICU DANA UJEDINJENJA NEMA\u010cKE\"}]},{\"@type\":\"WebSite\",\"@id\":\"https:\/\/president-ksgov.net\/#website\",\"url\":\"https:\/\/president-ksgov.net\/\",\"name\":\"Presidente e Republik\u00ebs s\u00eb Kosov\u00ebs\",\"description\":\"Presidente e Republik\u00ebs s\u00eb Kosov\u00ebs\",\"alternateName\":\"DR. VJOSA OSMANI - SADRIU\",\"potentialAction\":[{\"@type\":\"SearchAction\",\"target\":{\"@type\":\"EntryPoint\",\"urlTemplate\":\"https:\/\/president-ksgov.net\/?s={search_term_string}\"},\"query-input\":{\"@type\":\"PropertyValueSpecification\",\"valueRequired\":true,\"valueName\":\"search_term_string\"}}],\"inLanguage\":\"sr-RS\"},{\"@type\":\"Person\",\"@id\":\"https:\/\/president-ksgov.net\/#\/schema\/person\/bb4337a5fb147cb2046d80548172cbee\",\"name\":\"admin\",\"image\":{\"@type\":\"ImageObject\",\"inLanguage\":\"sr-RS\",\"@id\":\"https:\/\/president-ksgov.net\/#\/schema\/person\/image\/\",\"url\":\"https:\/\/secure.gravatar.com\/avatar\/36156ca0fa3b8d9d25174f146e16beea0cf28f37adf1b9e19b6c9c279a7c9dd3?s=96&d=mm&r=g\",\"contentUrl\":\"https:\/\/secure.gravatar.com\/avatar\/36156ca0fa3b8d9d25174f146e16beea0cf28f37adf1b9e19b6c9c279a7c9dd3?s=96&d=mm&r=g\",\"caption\":\"admin\"},\"sameAs\":[\"https:\/\/president-ksgov.net\"]}]}<\/script>\n<!-- \/ Yoast SEO plugin. -->","yoast_head_json":{"title":"GOVOR PREDSEDNICE JAHJAGA NA 25. GODI&#138;NJICU DANA UJEDINJENJA NEMA\u010cKE - Predsednik Republike Kosovo - DR. VJOSA OSMANI - SADRIU","description":"GOVOR PREDSEDNICE JAHJAGA NA 25. GODI&#138;NJICU DANA UJEDINJENJA NEMA\u010cKE - Predsednik Republike Kosovo - DR. VJOSA OSMANI - SADRIU -","robots":{"index":"index","follow":"follow","max-snippet":"max-snippet:-1","max-image-preview":"max-image-preview:large","max-video-preview":"max-video-preview:-1"},"canonical":"https:\/\/president-ksgov.net\/fjalimi-i-presidentes-jahjaga-ne-25-vjetorin-e-dites-se-unitetit-gjerman-2\/","og_locale":"sr_RS","og_type":"article","og_title":"GOVOR PREDSEDNICE JAHJAGA NA 25. GODI&#138;NJICU DANA UJEDINJENJA NEMA\u010cKE - Predsednik Republike Kosovo - DR. VJOSA OSMANI - SADRIU","og_description":"GOVOR PREDSEDNICE JAHJAGA NA 25. GODI&#138;NJICU DANA UJEDINJENJA NEMA\u010cKE - Predsednik Republike Kosovo - DR. VJOSA OSMANI - SADRIU -","og_url":"https:\/\/president-ksgov.net\/fjalimi-i-presidentes-jahjaga-ne-25-vjetorin-e-dites-se-unitetit-gjerman-2\/","og_site_name":"Predsednik Republike Kosovo - DR. VJOSA OSMANI - SADRIU","article_published_time":"2015-10-05T20:47:15+00:00","og_image":[{"width":1024,"height":518,"url":"https:\/\/president-ksgov.net\/wp-content\/uploads\/05_10_2015_3095422_5_tetor_2015_1.jpg","type":"image\/jpeg"}],"author":"admin","twitter_card":"summary_large_image","twitter_misc":{"\u041d\u0430\u043f\u0438\u0441\u0430\u043d\u043e \u043e\u0434":"admin","\u041f\u0440\u043e\u0446\u0435\u045a\u0435\u043d\u043e \u0432\u0440\u0435\u043c\u0435 \u0447\u0438\u0442\u0430\u045a\u0430":"2 \u043c\u0438\u043d\u0443\u0442\u0430"},"schema":{"@context":"https:\/\/schema.org","@graph":[{"@type":"WebPage","@id":"https:\/\/president-ksgov.net\/fjalimi-i-presidentes-jahjaga-ne-25-vjetorin-e-dites-se-unitetit-gjerman-2\/","url":"https:\/\/president-ksgov.net\/fjalimi-i-presidentes-jahjaga-ne-25-vjetorin-e-dites-se-unitetit-gjerman-2\/","name":"GOVOR PREDSEDNICE JAHJAGA NA 25. GODI&#138;NJICU DANA UJEDINJENJA NEMA\u010cKE - Predsednik Republike Kosovo - DR. VJOSA OSMANI - SADRIU","isPartOf":{"@id":"https:\/\/president-ksgov.net\/#website"},"primaryImageOfPage":{"@id":"https:\/\/president-ksgov.net\/fjalimi-i-presidentes-jahjaga-ne-25-vjetorin-e-dites-se-unitetit-gjerman-2\/#primaryimage"},"image":{"@id":"https:\/\/president-ksgov.net\/fjalimi-i-presidentes-jahjaga-ne-25-vjetorin-e-dites-se-unitetit-gjerman-2\/#primaryimage"},"thumbnailUrl":"https:\/\/president-ksgov.net\/wp-content\/uploads\/05_10_2015_3095422_5_tetor_2015_1.jpg","datePublished":"2015-10-05T20:47:15+00:00","dateModified":"2015-10-05T20:47:15+00:00","author":{"@id":"https:\/\/president-ksgov.net\/#\/schema\/person\/bb4337a5fb147cb2046d80548172cbee"},"description":"GOVOR PREDSEDNICE JAHJAGA NA 25. GODI&#138;NJICU DANA UJEDINJENJA NEMA\u010cKE - Predsednik Republike Kosovo - DR. VJOSA OSMANI - SADRIU -","breadcrumb":{"@id":"https:\/\/president-ksgov.net\/fjalimi-i-presidentes-jahjaga-ne-25-vjetorin-e-dites-se-unitetit-gjerman-2\/#breadcrumb"},"inLanguage":"sr-RS","potentialAction":[{"@type":"ReadAction","target":["https:\/\/president-ksgov.net\/fjalimi-i-presidentes-jahjaga-ne-25-vjetorin-e-dites-se-unitetit-gjerman-2\/"]}]},{"@type":"ImageObject","inLanguage":"sr-RS","@id":"https:\/\/president-ksgov.net\/fjalimi-i-presidentes-jahjaga-ne-25-vjetorin-e-dites-se-unitetit-gjerman-2\/#primaryimage","url":"https:\/\/president-ksgov.net\/wp-content\/uploads\/05_10_2015_3095422_5_tetor_2015_1.jpg","contentUrl":"https:\/\/president-ksgov.net\/wp-content\/uploads\/05_10_2015_3095422_5_tetor_2015_1.jpg","width":1024,"height":518},{"@type":"BreadcrumbList","@id":"https:\/\/president-ksgov.net\/fjalimi-i-presidentes-jahjaga-ne-25-vjetorin-e-dites-se-unitetit-gjerman-2\/#breadcrumb","itemListElement":[{"@type":"ListItem","position":1,"name":"Home","item":"https:\/\/president-ksgov.net\/sr\/"},{"@type":"ListItem","position":2,"name":"GOVOR PREDSEDNICE JAHJAGA NA 25. GODI&#138;NJICU DANA UJEDINJENJA NEMA\u010cKE"}]},{"@type":"WebSite","@id":"https:\/\/president-ksgov.net\/#website","url":"https:\/\/president-ksgov.net\/","name":"Presidente e Republik\u00ebs s\u00eb Kosov\u00ebs","description":"Presidente e Republik\u00ebs s\u00eb Kosov\u00ebs","alternateName":"DR. VJOSA OSMANI - SADRIU","potentialAction":[{"@type":"SearchAction","target":{"@type":"EntryPoint","urlTemplate":"https:\/\/president-ksgov.net\/?s={search_term_string}"},"query-input":{"@type":"PropertyValueSpecification","valueRequired":true,"valueName":"search_term_string"}}],"inLanguage":"sr-RS"},{"@type":"Person","@id":"https:\/\/president-ksgov.net\/#\/schema\/person\/bb4337a5fb147cb2046d80548172cbee","name":"admin","image":{"@type":"ImageObject","inLanguage":"sr-RS","@id":"https:\/\/president-ksgov.net\/#\/schema\/person\/image\/","url":"https:\/\/secure.gravatar.com\/avatar\/36156ca0fa3b8d9d25174f146e16beea0cf28f37adf1b9e19b6c9c279a7c9dd3?s=96&d=mm&r=g","contentUrl":"https:\/\/secure.gravatar.com\/avatar\/36156ca0fa3b8d9d25174f146e16beea0cf28f37adf1b9e19b6c9c279a7c9dd3?s=96&d=mm&r=g","caption":"admin"},"sameAs":["https:\/\/president-ksgov.net"]}]}},"_links":{"self":[{"href":"https:\/\/president-ksgov.net\/sr\/wp-json\/wp\/v2\/posts\/77186","targetHints":{"allow":["GET"]}}],"collection":[{"href":"https:\/\/president-ksgov.net\/sr\/wp-json\/wp\/v2\/posts"}],"about":[{"href":"https:\/\/president-ksgov.net\/sr\/wp-json\/wp\/v2\/types\/post"}],"author":[{"embeddable":true,"href":"https:\/\/president-ksgov.net\/sr\/wp-json\/wp\/v2\/users\/1"}],"replies":[{"embeddable":true,"href":"https:\/\/president-ksgov.net\/sr\/wp-json\/wp\/v2\/comments?post=77186"}],"version-history":[{"count":0,"href":"https:\/\/president-ksgov.net\/sr\/wp-json\/wp\/v2\/posts\/77186\/revisions"}],"wp:featuredmedia":[{"embeddable":true,"href":"https:\/\/president-ksgov.net\/sr\/wp-json\/wp\/v2\/media\/38079"}],"wp:attachment":[{"href":"https:\/\/president-ksgov.net\/sr\/wp-json\/wp\/v2\/media?parent=77186"}],"wp:term":[{"taxonomy":"category","embeddable":true,"href":"https:\/\/president-ksgov.net\/sr\/wp-json\/wp\/v2\/categories?post=77186"},{"taxonomy":"post_tag","embeddable":true,"href":"https:\/\/president-ksgov.net\/sr\/wp-json\/wp\/v2\/tags?post=77186"}],"curies":[{"name":"wp","href":"https:\/\/api.w.org\/{rel}","templated":true}]}}