{"id":77179,"date":"2015-10-10T17:37:12","date_gmt":"2015-10-10T17:37:12","guid":{"rendered":"https:\/\/dev.president-ksgov.net\/predsednica-atifetejahjaga-izrazila-je-saucece-predsedniku-erdogan-u\/"},"modified":"2015-10-10T17:37:12","modified_gmt":"2015-10-10T17:37:12","slug":"predsednica-atifetejahjaga-izrazila-je-saucece-predsedniku-erdogan-u","status":"publish","type":"post","link":"https:\/\/president-ksgov.net\/sr\/predsednica-atifetejahjaga-izrazila-je-saucece-predsedniku-erdogan-u\/","title":{"rendered":"Predsednica AtifeteJahjaga izrazila je sau\u010de&#154;\u0107e predsedniku Erdo\u011fan-u"},"content":{"rendered":"<p>Predsednica Republike Kosova, gospo\u0111a AtifeteJahjaga poslala je telegram sau\u010de&#353;\u0107a predsedniku Turske, g. RecepTayyipErdo\u011fan-u,povodom dana&#353;njeg teroristi\u010dkog napada u Ankari, u kojem je &#382;ivot izgubilo na desetine ljudi, a na desetine drugih je povre\u0111eno.<\/p>\n<p>U telegramu se ka&#382;e:<\/p>\n<p>Sa dubokim &#382;aljenjem dobila sam vest o u&#382;asnom teroristi\u010dkom napadu koji se danas dogodio u Ankari, koji je za sobom ostavio na desetine mrtvih ljudi i na desetine drugih povre\u0111enih. <\/p>\n<p>U ime kosovskih institucija, njegovih gra\u0111ana i u moje li\u010dno ime, izra&#382;avam Vam iskreno sau\u010de&#353;\u0107e za izgubljene &#382;ivote nedu&#382;nih ljudi, njihovim porodicama i svim gra\u0111anima Republike Turske, kao i brz oporavak svim ranjenima. <\/p>\n<p>Kosovske institucije te&#353;ko osu\u0111uju ovaj teroristi\u010dki akt i stoje uz turski narod u ovim te&#353;kim trenucima za njih. Mi izra&#382;avamo na&#353;u neospornu posve\u0107enost da pobedimo u bici protiv terorizma i ekstremizma, uz na&#353;e nepokolebljive saveznike koji imaju zajedni\u010dki cilj za&#353;tite prava gra\u0111ana i garantovanje njihovog prosperiteta, o\u010duvanja globalne sigurnosti i zajedni\u010dke stabilnosti. <\/p>\n<p>U ovo vreme tuge za va&#353;u zemlju, na&#353;e misli i molitve su uz gra\u0111ane Republike Turske. <\/p>\n<p>Njena ekselencija, narod Kosova, stoji uz Vas. Izra&#382;avam Vam moje najdublje razumevanje. <\/p>\n<p>S po&#353;tovanjem, <\/p>\n<p>AtifeteJahjaga<br \/>\nPredsednica Republike Kosova<\/p>\n","protected":false},"excerpt":{"rendered":"<p>Predsednica Republike Kosova, gospo\u0111a AtifeteJahjaga poslala je telegram sau\u010de&#353;\u0107a predsedniku Turske, g. RecepTayyipErdo\u011fan-u,povodom dana&#353;njeg teroristi\u010dkog napada u Ankari, u kojem je &#382;ivot izgubilo na desetine ljudi, a na desetine drugih je povre\u0111eno.<\/p>\n","protected":false},"author":1,"featured_media":86338,"comment_status":"open","ping_status":"closed","sticky":false,"template":"","format":"standard","meta":{"_eb_attr":"","footnotes":""},"categories":[101],"tags":[],"class_list":["post-77179","post","type-post","status-publish","format-standard","has-post-thumbnail","hentry","category-vesti"],"yoast_head":"<!-- This site is optimized with the Yoast SEO plugin v23.5 - https:\/\/yoast.com\/wordpress\/plugins\/seo\/ -->\n<title>Predsednica AtifeteJahjaga izrazila je sau\u010de&#154;\u0107e predsedniku Erdo\u011fan-u - Predsednik Republike Kosovo - DR. VJOSA OSMANI - SADRIU<\/title>\n<meta name=\"description\" content=\"Predsednica AtifeteJahjaga izrazila je sau\u010de&#154;\u0107e predsedniku Erdo\u011fan-u - Predsednik Republike Kosovo - DR. VJOSA OSMANI - SADRIU -\" \/>\n<meta name=\"robots\" content=\"index, follow, max-snippet:-1, max-image-preview:large, max-video-preview:-1\" \/>\n<link rel=\"canonical\" href=\"https:\/\/president-ksgov.net\/sr\/predsednica-atifetejahjaga-izrazila-je-saucece-predsedniku-erdogan-u\/\" \/>\n<meta property=\"og:locale\" content=\"sr_RS\" \/>\n<meta property=\"og:type\" content=\"article\" \/>\n<meta property=\"og:title\" content=\"Predsednica AtifeteJahjaga izrazila je sau\u010de&#154;\u0107e predsedniku Erdo\u011fan-u - Predsednik Republike Kosovo - DR. VJOSA OSMANI - SADRIU\" \/>\n<meta property=\"og:description\" content=\"Predsednica AtifeteJahjaga izrazila je sau\u010de&#154;\u0107e predsedniku Erdo\u011fan-u - Predsednik Republike Kosovo - DR. VJOSA OSMANI - SADRIU -\" \/>\n<meta property=\"og:url\" content=\"https:\/\/president-ksgov.net\/sr\/predsednica-atifetejahjaga-izrazila-je-saucece-predsedniku-erdogan-u\/\" \/>\n<meta property=\"og:site_name\" content=\"Predsednik Republike Kosovo - DR. VJOSA OSMANI - SADRIU\" \/>\n<meta property=\"article:published_time\" content=\"2015-10-10T17:37:12+00:00\" \/>\n<meta property=\"og:image\" content=\"https:\/\/president-ksgov.net\/wp-content\/uploads\/Zyra-e-Presidentes-Featured-Image1-e1678970937938.png\" \/>\n\t<meta property=\"og:image:width\" content=\"1024\" \/>\n\t<meta property=\"og:image:height\" content=\"716\" \/>\n\t<meta property=\"og:image:type\" content=\"image\/png\" \/>\n<meta name=\"author\" content=\"admin\" \/>\n<meta name=\"twitter:card\" content=\"summary_large_image\" \/>\n<meta name=\"twitter:label1\" content=\"\u041d\u0430\u043f\u0438\u0441\u0430\u043d\u043e \u043e\u0434\" \/>\n\t<meta name=\"twitter:data1\" content=\"admin\" \/>\n\t<meta name=\"twitter:label2\" content=\"\u041f\u0440\u043e\u0446\u0435\u045a\u0435\u043d\u043e \u0432\u0440\u0435\u043c\u0435 \u0447\u0438\u0442\u0430\u045a\u0430\" \/>\n\t<meta name=\"twitter:data2\" content=\"1 \u043c\u0438\u043d\u0443\u0442\" \/>\n<script type=\"application\/ld+json\" class=\"yoast-schema-graph\">{\"@context\":\"https:\/\/schema.org\",\"@graph\":[{\"@type\":\"WebPage\",\"@id\":\"https:\/\/president-ksgov.net\/sr\/predsednica-atifetejahjaga-izrazila-je-saucece-predsedniku-erdogan-u\/\",\"url\":\"https:\/\/president-ksgov.net\/sr\/predsednica-atifetejahjaga-izrazila-je-saucece-predsedniku-erdogan-u\/\",\"name\":\"Predsednica AtifeteJahjaga izrazila je sau\u010de&#154;\u0107e predsedniku Erdo\u011fan-u - Predsednik Republike Kosovo - DR. VJOSA OSMANI - SADRIU\",\"isPartOf\":{\"@id\":\"https:\/\/president-ksgov.net\/#website\"},\"primaryImageOfPage\":{\"@id\":\"https:\/\/president-ksgov.net\/sr\/predsednica-atifetejahjaga-izrazila-je-saucece-predsedniku-erdogan-u\/#primaryimage\"},\"image\":{\"@id\":\"https:\/\/president-ksgov.net\/sr\/predsednica-atifetejahjaga-izrazila-je-saucece-predsedniku-erdogan-u\/#primaryimage\"},\"thumbnailUrl\":\"https:\/\/president-ksgov.net\/wp-content\/uploads\/Zyra-e-Presidentes-Featured-Image1-e1678970937938.png\",\"datePublished\":\"2015-10-10T17:37:12+00:00\",\"dateModified\":\"2015-10-10T17:37:12+00:00\",\"author\":{\"@id\":\"https:\/\/president-ksgov.net\/#\/schema\/person\/bb4337a5fb147cb2046d80548172cbee\"},\"description\":\"Predsednica AtifeteJahjaga izrazila je sau\u010de&#154;\u0107e predsedniku Erdo\u011fan-u - Predsednik Republike Kosovo - DR. VJOSA OSMANI - SADRIU -\",\"breadcrumb\":{\"@id\":\"https:\/\/president-ksgov.net\/sr\/predsednica-atifetejahjaga-izrazila-je-saucece-predsedniku-erdogan-u\/#breadcrumb\"},\"inLanguage\":\"sr-RS\",\"potentialAction\":[{\"@type\":\"ReadAction\",\"target\":[\"https:\/\/president-ksgov.net\/sr\/predsednica-atifetejahjaga-izrazila-je-saucece-predsedniku-erdogan-u\/\"]}]},{\"@type\":\"ImageObject\",\"inLanguage\":\"sr-RS\",\"@id\":\"https:\/\/president-ksgov.net\/sr\/predsednica-atifetejahjaga-izrazila-je-saucece-predsedniku-erdogan-u\/#primaryimage\",\"url\":\"https:\/\/president-ksgov.net\/wp-content\/uploads\/Zyra-e-Presidentes-Featured-Image1-e1678970937938.png\",\"contentUrl\":\"https:\/\/president-ksgov.net\/wp-content\/uploads\/Zyra-e-Presidentes-Featured-Image1-e1678970937938.png\",\"width\":1024,\"height\":716},{\"@type\":\"BreadcrumbList\",\"@id\":\"https:\/\/president-ksgov.net\/sr\/predsednica-atifetejahjaga-izrazila-je-saucece-predsedniku-erdogan-u\/#breadcrumb\",\"itemListElement\":[{\"@type\":\"ListItem\",\"position\":1,\"name\":\"Home\",\"item\":\"https:\/\/president-ksgov.net\/sr\/\"},{\"@type\":\"ListItem\",\"position\":2,\"name\":\"Predsednica AtifeteJahjaga izrazila je sau\u010de&#154;\u0107e predsedniku Erdo\u011fan-u\"}]},{\"@type\":\"WebSite\",\"@id\":\"https:\/\/president-ksgov.net\/#website\",\"url\":\"https:\/\/president-ksgov.net\/\",\"name\":\"Presidente e Republik\u00ebs s\u00eb Kosov\u00ebs\",\"description\":\"Presidente e Republik\u00ebs s\u00eb Kosov\u00ebs\",\"alternateName\":\"DR. VJOSA OSMANI - SADRIU\",\"potentialAction\":[{\"@type\":\"SearchAction\",\"target\":{\"@type\":\"EntryPoint\",\"urlTemplate\":\"https:\/\/president-ksgov.net\/?s={search_term_string}\"},\"query-input\":{\"@type\":\"PropertyValueSpecification\",\"valueRequired\":true,\"valueName\":\"search_term_string\"}}],\"inLanguage\":\"sr-RS\"},{\"@type\":\"Person\",\"@id\":\"https:\/\/president-ksgov.net\/#\/schema\/person\/bb4337a5fb147cb2046d80548172cbee\",\"name\":\"admin\",\"image\":{\"@type\":\"ImageObject\",\"inLanguage\":\"sr-RS\",\"@id\":\"https:\/\/president-ksgov.net\/#\/schema\/person\/image\/\",\"url\":\"https:\/\/secure.gravatar.com\/avatar\/36156ca0fa3b8d9d25174f146e16beea0cf28f37adf1b9e19b6c9c279a7c9dd3?s=96&d=mm&r=g\",\"contentUrl\":\"https:\/\/secure.gravatar.com\/avatar\/36156ca0fa3b8d9d25174f146e16beea0cf28f37adf1b9e19b6c9c279a7c9dd3?s=96&d=mm&r=g\",\"caption\":\"admin\"},\"sameAs\":[\"https:\/\/president-ksgov.net\"]}]}<\/script>\n<!-- \/ Yoast SEO plugin. -->","yoast_head_json":{"title":"Predsednica AtifeteJahjaga izrazila je sau\u010de&#154;\u0107e predsedniku Erdo\u011fan-u - Predsednik Republike Kosovo - DR. VJOSA OSMANI - SADRIU","description":"Predsednica AtifeteJahjaga izrazila je sau\u010de&#154;\u0107e predsedniku Erdo\u011fan-u - Predsednik Republike Kosovo - DR. VJOSA OSMANI - SADRIU -","robots":{"index":"index","follow":"follow","max-snippet":"max-snippet:-1","max-image-preview":"max-image-preview:large","max-video-preview":"max-video-preview:-1"},"canonical":"https:\/\/president-ksgov.net\/sr\/predsednica-atifetejahjaga-izrazila-je-saucece-predsedniku-erdogan-u\/","og_locale":"sr_RS","og_type":"article","og_title":"Predsednica AtifeteJahjaga izrazila je sau\u010de&#154;\u0107e predsedniku Erdo\u011fan-u - Predsednik Republike Kosovo - DR. VJOSA OSMANI - SADRIU","og_description":"Predsednica AtifeteJahjaga izrazila je sau\u010de&#154;\u0107e predsedniku Erdo\u011fan-u - Predsednik Republike Kosovo - DR. VJOSA OSMANI - SADRIU -","og_url":"https:\/\/president-ksgov.net\/sr\/predsednica-atifetejahjaga-izrazila-je-saucece-predsedniku-erdogan-u\/","og_site_name":"Predsednik Republike Kosovo - DR. VJOSA OSMANI - SADRIU","article_published_time":"2015-10-10T17:37:12+00:00","og_image":[{"width":1024,"height":716,"url":"https:\/\/president-ksgov.net\/wp-content\/uploads\/Zyra-e-Presidentes-Featured-Image1-e1678970937938.png","type":"image\/png"}],"author":"admin","twitter_card":"summary_large_image","twitter_misc":{"\u041d\u0430\u043f\u0438\u0441\u0430\u043d\u043e \u043e\u0434":"admin","\u041f\u0440\u043e\u0446\u0435\u045a\u0435\u043d\u043e \u0432\u0440\u0435\u043c\u0435 \u0447\u0438\u0442\u0430\u045a\u0430":"1 \u043c\u0438\u043d\u0443\u0442"},"schema":{"@context":"https:\/\/schema.org","@graph":[{"@type":"WebPage","@id":"https:\/\/president-ksgov.net\/sr\/predsednica-atifetejahjaga-izrazila-je-saucece-predsedniku-erdogan-u\/","url":"https:\/\/president-ksgov.net\/sr\/predsednica-atifetejahjaga-izrazila-je-saucece-predsedniku-erdogan-u\/","name":"Predsednica AtifeteJahjaga izrazila je sau\u010de&#154;\u0107e predsedniku Erdo\u011fan-u - Predsednik Republike Kosovo - DR. VJOSA OSMANI - SADRIU","isPartOf":{"@id":"https:\/\/president-ksgov.net\/#website"},"primaryImageOfPage":{"@id":"https:\/\/president-ksgov.net\/sr\/predsednica-atifetejahjaga-izrazila-je-saucece-predsedniku-erdogan-u\/#primaryimage"},"image":{"@id":"https:\/\/president-ksgov.net\/sr\/predsednica-atifetejahjaga-izrazila-je-saucece-predsedniku-erdogan-u\/#primaryimage"},"thumbnailUrl":"https:\/\/president-ksgov.net\/wp-content\/uploads\/Zyra-e-Presidentes-Featured-Image1-e1678970937938.png","datePublished":"2015-10-10T17:37:12+00:00","dateModified":"2015-10-10T17:37:12+00:00","author":{"@id":"https:\/\/president-ksgov.net\/#\/schema\/person\/bb4337a5fb147cb2046d80548172cbee"},"description":"Predsednica AtifeteJahjaga izrazila je sau\u010de&#154;\u0107e predsedniku Erdo\u011fan-u - Predsednik Republike Kosovo - DR. VJOSA OSMANI - SADRIU -","breadcrumb":{"@id":"https:\/\/president-ksgov.net\/sr\/predsednica-atifetejahjaga-izrazila-je-saucece-predsedniku-erdogan-u\/#breadcrumb"},"inLanguage":"sr-RS","potentialAction":[{"@type":"ReadAction","target":["https:\/\/president-ksgov.net\/sr\/predsednica-atifetejahjaga-izrazila-je-saucece-predsedniku-erdogan-u\/"]}]},{"@type":"ImageObject","inLanguage":"sr-RS","@id":"https:\/\/president-ksgov.net\/sr\/predsednica-atifetejahjaga-izrazila-je-saucece-predsedniku-erdogan-u\/#primaryimage","url":"https:\/\/president-ksgov.net\/wp-content\/uploads\/Zyra-e-Presidentes-Featured-Image1-e1678970937938.png","contentUrl":"https:\/\/president-ksgov.net\/wp-content\/uploads\/Zyra-e-Presidentes-Featured-Image1-e1678970937938.png","width":1024,"height":716},{"@type":"BreadcrumbList","@id":"https:\/\/president-ksgov.net\/sr\/predsednica-atifetejahjaga-izrazila-je-saucece-predsedniku-erdogan-u\/#breadcrumb","itemListElement":[{"@type":"ListItem","position":1,"name":"Home","item":"https:\/\/president-ksgov.net\/sr\/"},{"@type":"ListItem","position":2,"name":"Predsednica AtifeteJahjaga izrazila je sau\u010de&#154;\u0107e predsedniku Erdo\u011fan-u"}]},{"@type":"WebSite","@id":"https:\/\/president-ksgov.net\/#website","url":"https:\/\/president-ksgov.net\/","name":"Presidente e Republik\u00ebs s\u00eb Kosov\u00ebs","description":"Presidente e Republik\u00ebs s\u00eb Kosov\u00ebs","alternateName":"DR. VJOSA OSMANI - SADRIU","potentialAction":[{"@type":"SearchAction","target":{"@type":"EntryPoint","urlTemplate":"https:\/\/president-ksgov.net\/?s={search_term_string}"},"query-input":{"@type":"PropertyValueSpecification","valueRequired":true,"valueName":"search_term_string"}}],"inLanguage":"sr-RS"},{"@type":"Person","@id":"https:\/\/president-ksgov.net\/#\/schema\/person\/bb4337a5fb147cb2046d80548172cbee","name":"admin","image":{"@type":"ImageObject","inLanguage":"sr-RS","@id":"https:\/\/president-ksgov.net\/#\/schema\/person\/image\/","url":"https:\/\/secure.gravatar.com\/avatar\/36156ca0fa3b8d9d25174f146e16beea0cf28f37adf1b9e19b6c9c279a7c9dd3?s=96&d=mm&r=g","contentUrl":"https:\/\/secure.gravatar.com\/avatar\/36156ca0fa3b8d9d25174f146e16beea0cf28f37adf1b9e19b6c9c279a7c9dd3?s=96&d=mm&r=g","caption":"admin"},"sameAs":["https:\/\/president-ksgov.net"]}]}},"_links":{"self":[{"href":"https:\/\/president-ksgov.net\/sr\/wp-json\/wp\/v2\/posts\/77179","targetHints":{"allow":["GET"]}}],"collection":[{"href":"https:\/\/president-ksgov.net\/sr\/wp-json\/wp\/v2\/posts"}],"about":[{"href":"https:\/\/president-ksgov.net\/sr\/wp-json\/wp\/v2\/types\/post"}],"author":[{"embeddable":true,"href":"https:\/\/president-ksgov.net\/sr\/wp-json\/wp\/v2\/users\/1"}],"replies":[{"embeddable":true,"href":"https:\/\/president-ksgov.net\/sr\/wp-json\/wp\/v2\/comments?post=77179"}],"version-history":[{"count":0,"href":"https:\/\/president-ksgov.net\/sr\/wp-json\/wp\/v2\/posts\/77179\/revisions"}],"wp:featuredmedia":[{"embeddable":true,"href":"https:\/\/president-ksgov.net\/sr\/wp-json\/wp\/v2\/media\/86338"}],"wp:attachment":[{"href":"https:\/\/president-ksgov.net\/sr\/wp-json\/wp\/v2\/media?parent=77179"}],"wp:term":[{"taxonomy":"category","embeddable":true,"href":"https:\/\/president-ksgov.net\/sr\/wp-json\/wp\/v2\/categories?post=77179"},{"taxonomy":"post_tag","embeddable":true,"href":"https:\/\/president-ksgov.net\/sr\/wp-json\/wp\/v2\/tags?post=77179"}],"curies":[{"name":"wp","href":"https:\/\/api.w.org\/{rel}","templated":true}]}}