{"id":77169,"date":"2015-10-14T17:47:49","date_gmt":"2015-10-14T17:47:49","guid":{"rendered":"https:\/\/dev.president-ksgov.net\/predsednica-atifete-jahjaga-je-docekala-regionalnog-direktora-medjunarodnog-komiteta-crvenog-krsta-za-evropu-i-centralnu-aziju-laurent-corbaz\/"},"modified":"2015-10-14T17:47:49","modified_gmt":"2015-10-14T17:47:49","slug":"predsednica-atifete-jahjaga-je-docekala-regionalnog-direktora-medjunarodnog-komiteta-crvenog-krsta-za-evropu-i-centralnu-aziju-laurent-corbaz","status":"publish","type":"post","link":"https:\/\/president-ksgov.net\/sr\/predsednica-atifete-jahjaga-je-docekala-regionalnog-direktora-medjunarodnog-komiteta-crvenog-krsta-za-evropu-i-centralnu-aziju-laurent-corbaz\/","title":{"rendered":"Predsednica Atifete Jahjaga je do\u010dekala regionalnog direktora Me\u0111unarodnog komiteta Crvenog krsta za Evropu i Centralnu Aziju, Laurent Corbaz"},"content":{"rendered":"<p>Predsednica Republike Kosova, gospo\u0111a Atifete Jahjaga, do\u010dekala je danas na sastanku regionalnog direktora Me\u0111unarodnog komiteta Crvenog krsta za Evropu u Centralnu Aziju, g. Laurent Corbaz, u pratnji &#353;efa ove misije za Kosovo, g. Agim-a Gashi.<\/p>\n<p>Predsednica Jahjaga se zahvalila gospodinu Corbaz-u na konstantnoj podr&#353;ci koju je Me\u0111unarodni komitet Crvenog krsta pru&#382;ao kosovskim institucijama, a posebno na pomo\u0107i koju je dao Vladinoj komisiji za nestala lica i na ulozi posrednika koju je odigrao u zajedni\u010dkim radnim grupama Kosova i Srbije, kako bi se sudbina nestalih lica obelodanila. Ona je naglasila bitnost koji ima pritisak me\u0111unarodnih institucija nad institucijama Republike Srbije, kako bi oni podelili sa Institucijama Republike Kosova informacije koje imaju o mestu nala&#382;enja tela nestalih lica. <\/p>\n<p>Predsednica Jahjaga je potvrdila anga&#382;ovanje nadle&#382;nih institucija za osvetljenje sudbine svih nestalih lica tokom rata 1998 &#8211; 1999. godine na Kosovu, bez razlike u etni\u010dkoj, polnoj ili verskoj pripadnosti. <\/p>\n<p>Ona je naglasila da sudbina 1 hiljade i 650 gra\u0111anina Kosova , jo&#353; uvek nestalih, ostaje jedna od najte&#382;ih rana rata, s toga je i pozvala sve me\u0111unarodne prijatelje da pove\u0107aju anga&#382;ovanje radi re&#353;enja ovog veoma osetljivog pitanja. <\/p>\n<p>Regionalni direktor Me\u0111unarodnog komiteta Crveni krst za Evropu i Centralnu Aziju, g. Laurent Corbaz obavestio je predsednicu Jahjaga o aktivnostima ovog komiteta na Kosovu, sa naglaskom na ulozi koju ima u osvetljavanju sudbine nestalih lica. <\/p>\n<p>\u00a0<\/p>\n","protected":false},"excerpt":{"rendered":"<p>Predsednica Republike Kosova, gospo\u0111a Atifete Jahjaga, do\u010dekala je danas na sastanku regionalnog direktora Me\u0111unarodnog komiteta Crvenog krsta za Evropu u Centralnu Aziju, g. Laurent Corbaz, u pratnji &#353;efa ove misije za Kosovo, g. Agim-a Gashi.<\/p>\n","protected":false},"author":1,"featured_media":37921,"comment_status":"open","ping_status":"closed","sticky":false,"template":"","format":"standard","meta":{"_eb_attr":"","footnotes":""},"categories":[101],"tags":[],"class_list":["post-77169","post","type-post","status-publish","format-standard","has-post-thumbnail","hentry","category-vesti"],"yoast_head":"<!-- This site is optimized with the Yoast SEO plugin v23.5 - https:\/\/yoast.com\/wordpress\/plugins\/seo\/ -->\n<title>Predsednica Atifete Jahjaga je do\u010dekala regionalnog direktora Me\u0111unarodnog komiteta Crvenog krsta za Evropu i Centralnu Aziju, Laurent Corbaz - Predsednik Republike Kosovo - DR. VJOSA OSMANI - SADRIU<\/title>\n<meta name=\"description\" content=\"Predsednica Atifete Jahjaga je do\u010dekala regionalnog direktora Me\u0111unarodnog komiteta Crvenog krsta za Evropu i Centralnu Aziju, Laurent Corbaz - Predsednik Republike Kosovo - DR. VJOSA OSMANI - SADRIU -\" \/>\n<meta name=\"robots\" content=\"index, follow, max-snippet:-1, max-image-preview:large, max-video-preview:-1\" \/>\n<link rel=\"canonical\" href=\"https:\/\/president-ksgov.net\/presidentja-atifete-jahjaga-priti-drejtorin-rajonal-te-komitetit-nderkombetar-te-kryqit-te-kuq-per-evrope-dhe-azi-qendrore-laurent-corbaz\/\" \/>\n<meta property=\"og:locale\" content=\"sr_RS\" \/>\n<meta property=\"og:type\" content=\"article\" \/>\n<meta property=\"og:title\" content=\"Predsednica Atifete Jahjaga je do\u010dekala regionalnog direktora Me\u0111unarodnog komiteta Crvenog krsta za Evropu i Centralnu Aziju, Laurent Corbaz - Predsednik Republike Kosovo - DR. VJOSA OSMANI - SADRIU\" \/>\n<meta property=\"og:description\" content=\"Predsednica Atifete Jahjaga je do\u010dekala regionalnog direktora Me\u0111unarodnog komiteta Crvenog krsta za Evropu i Centralnu Aziju, Laurent Corbaz - Predsednik Republike Kosovo - DR. VJOSA OSMANI - SADRIU -\" \/>\n<meta property=\"og:url\" content=\"https:\/\/president-ksgov.net\/presidentja-atifete-jahjaga-priti-drejtorin-rajonal-te-komitetit-nderkombetar-te-kryqit-te-kuq-per-evrope-dhe-azi-qendrore-laurent-corbaz\/\" \/>\n<meta property=\"og:site_name\" content=\"Predsednik Republike Kosovo - DR. VJOSA OSMANI - SADRIU\" \/>\n<meta property=\"article:published_time\" content=\"2015-10-14T17:47:49+00:00\" \/>\n<meta property=\"og:image\" content=\"https:\/\/president-ksgov.net\/wp-content\/uploads\/14_10_2015_6051779_14_10_2015_Takim_me_2.jpg\" \/>\n\t<meta property=\"og:image:width\" content=\"1024\" \/>\n\t<meta property=\"og:image:height\" content=\"557\" \/>\n\t<meta property=\"og:image:type\" content=\"image\/jpeg\" \/>\n<meta name=\"author\" content=\"admin\" \/>\n<meta name=\"twitter:card\" content=\"summary_large_image\" \/>\n<meta name=\"twitter:label1\" content=\"\u041d\u0430\u043f\u0438\u0441\u0430\u043d\u043e \u043e\u0434\" \/>\n\t<meta name=\"twitter:data1\" content=\"admin\" \/>\n\t<meta name=\"twitter:label2\" content=\"\u041f\u0440\u043e\u0446\u0435\u045a\u0435\u043d\u043e \u0432\u0440\u0435\u043c\u0435 \u0447\u0438\u0442\u0430\u045a\u0430\" \/>\n\t<meta name=\"twitter:data2\" content=\"1 \u043c\u0438\u043d\u0443\u0442\" \/>\n<script type=\"application\/ld+json\" class=\"yoast-schema-graph\">{\"@context\":\"https:\/\/schema.org\",\"@graph\":[{\"@type\":\"WebPage\",\"@id\":\"https:\/\/president-ksgov.net\/presidentja-atifete-jahjaga-priti-drejtorin-rajonal-te-komitetit-nderkombetar-te-kryqit-te-kuq-per-evrope-dhe-azi-qendrore-laurent-corbaz\/\",\"url\":\"https:\/\/president-ksgov.net\/presidentja-atifete-jahjaga-priti-drejtorin-rajonal-te-komitetit-nderkombetar-te-kryqit-te-kuq-per-evrope-dhe-azi-qendrore-laurent-corbaz\/\",\"name\":\"Predsednica Atifete Jahjaga je do\u010dekala regionalnog direktora Me\u0111unarodnog komiteta Crvenog krsta za Evropu i Centralnu Aziju, Laurent Corbaz - Predsednik Republike Kosovo - DR. VJOSA OSMANI - SADRIU\",\"isPartOf\":{\"@id\":\"https:\/\/president-ksgov.net\/#website\"},\"primaryImageOfPage\":{\"@id\":\"https:\/\/president-ksgov.net\/presidentja-atifete-jahjaga-priti-drejtorin-rajonal-te-komitetit-nderkombetar-te-kryqit-te-kuq-per-evrope-dhe-azi-qendrore-laurent-corbaz\/#primaryimage\"},\"image\":{\"@id\":\"https:\/\/president-ksgov.net\/presidentja-atifete-jahjaga-priti-drejtorin-rajonal-te-komitetit-nderkombetar-te-kryqit-te-kuq-per-evrope-dhe-azi-qendrore-laurent-corbaz\/#primaryimage\"},\"thumbnailUrl\":\"https:\/\/president-ksgov.net\/wp-content\/uploads\/14_10_2015_6051779_14_10_2015_Takim_me_2.jpg\",\"datePublished\":\"2015-10-14T17:47:49+00:00\",\"dateModified\":\"2015-10-14T17:47:49+00:00\",\"author\":{\"@id\":\"https:\/\/president-ksgov.net\/#\/schema\/person\/bb4337a5fb147cb2046d80548172cbee\"},\"description\":\"Predsednica Atifete Jahjaga je do\u010dekala regionalnog direktora Me\u0111unarodnog komiteta Crvenog krsta za Evropu i Centralnu Aziju, Laurent Corbaz - Predsednik Republike Kosovo - DR. VJOSA OSMANI - SADRIU -\",\"breadcrumb\":{\"@id\":\"https:\/\/president-ksgov.net\/presidentja-atifete-jahjaga-priti-drejtorin-rajonal-te-komitetit-nderkombetar-te-kryqit-te-kuq-per-evrope-dhe-azi-qendrore-laurent-corbaz\/#breadcrumb\"},\"inLanguage\":\"sr-RS\",\"potentialAction\":[{\"@type\":\"ReadAction\",\"target\":[\"https:\/\/president-ksgov.net\/presidentja-atifete-jahjaga-priti-drejtorin-rajonal-te-komitetit-nderkombetar-te-kryqit-te-kuq-per-evrope-dhe-azi-qendrore-laurent-corbaz\/\"]}]},{\"@type\":\"ImageObject\",\"inLanguage\":\"sr-RS\",\"@id\":\"https:\/\/president-ksgov.net\/presidentja-atifete-jahjaga-priti-drejtorin-rajonal-te-komitetit-nderkombetar-te-kryqit-te-kuq-per-evrope-dhe-azi-qendrore-laurent-corbaz\/#primaryimage\",\"url\":\"https:\/\/president-ksgov.net\/wp-content\/uploads\/14_10_2015_6051779_14_10_2015_Takim_me_2.jpg\",\"contentUrl\":\"https:\/\/president-ksgov.net\/wp-content\/uploads\/14_10_2015_6051779_14_10_2015_Takim_me_2.jpg\",\"width\":1024,\"height\":557},{\"@type\":\"BreadcrumbList\",\"@id\":\"https:\/\/president-ksgov.net\/presidentja-atifete-jahjaga-priti-drejtorin-rajonal-te-komitetit-nderkombetar-te-kryqit-te-kuq-per-evrope-dhe-azi-qendrore-laurent-corbaz\/#breadcrumb\",\"itemListElement\":[{\"@type\":\"ListItem\",\"position\":1,\"name\":\"Home\",\"item\":\"https:\/\/president-ksgov.net\/sr\/\"},{\"@type\":\"ListItem\",\"position\":2,\"name\":\"Predsednica Atifete Jahjaga je do\u010dekala regionalnog direktora Me\u0111unarodnog komiteta Crvenog krsta za Evropu i Centralnu Aziju, Laurent Corbaz\"}]},{\"@type\":\"WebSite\",\"@id\":\"https:\/\/president-ksgov.net\/#website\",\"url\":\"https:\/\/president-ksgov.net\/\",\"name\":\"Presidente e Republik\u00ebs s\u00eb Kosov\u00ebs\",\"description\":\"Presidente e Republik\u00ebs s\u00eb Kosov\u00ebs\",\"alternateName\":\"DR. VJOSA OSMANI - SADRIU\",\"potentialAction\":[{\"@type\":\"SearchAction\",\"target\":{\"@type\":\"EntryPoint\",\"urlTemplate\":\"https:\/\/president-ksgov.net\/?s={search_term_string}\"},\"query-input\":{\"@type\":\"PropertyValueSpecification\",\"valueRequired\":true,\"valueName\":\"search_term_string\"}}],\"inLanguage\":\"sr-RS\"},{\"@type\":\"Person\",\"@id\":\"https:\/\/president-ksgov.net\/#\/schema\/person\/bb4337a5fb147cb2046d80548172cbee\",\"name\":\"admin\",\"image\":{\"@type\":\"ImageObject\",\"inLanguage\":\"sr-RS\",\"@id\":\"https:\/\/president-ksgov.net\/#\/schema\/person\/image\/\",\"url\":\"https:\/\/secure.gravatar.com\/avatar\/36156ca0fa3b8d9d25174f146e16beea0cf28f37adf1b9e19b6c9c279a7c9dd3?s=96&d=mm&r=g\",\"contentUrl\":\"https:\/\/secure.gravatar.com\/avatar\/36156ca0fa3b8d9d25174f146e16beea0cf28f37adf1b9e19b6c9c279a7c9dd3?s=96&d=mm&r=g\",\"caption\":\"admin\"},\"sameAs\":[\"https:\/\/president-ksgov.net\"]}]}<\/script>\n<!-- \/ Yoast SEO plugin. -->","yoast_head_json":{"title":"Predsednica Atifete Jahjaga je do\u010dekala regionalnog direktora Me\u0111unarodnog komiteta Crvenog krsta za Evropu i Centralnu Aziju, Laurent Corbaz - Predsednik Republike Kosovo - DR. VJOSA OSMANI - SADRIU","description":"Predsednica Atifete Jahjaga je do\u010dekala regionalnog direktora Me\u0111unarodnog komiteta Crvenog krsta za Evropu i Centralnu Aziju, Laurent Corbaz - Predsednik Republike Kosovo - DR. VJOSA OSMANI - SADRIU -","robots":{"index":"index","follow":"follow","max-snippet":"max-snippet:-1","max-image-preview":"max-image-preview:large","max-video-preview":"max-video-preview:-1"},"canonical":"https:\/\/president-ksgov.net\/presidentja-atifete-jahjaga-priti-drejtorin-rajonal-te-komitetit-nderkombetar-te-kryqit-te-kuq-per-evrope-dhe-azi-qendrore-laurent-corbaz\/","og_locale":"sr_RS","og_type":"article","og_title":"Predsednica Atifete Jahjaga je do\u010dekala regionalnog direktora Me\u0111unarodnog komiteta Crvenog krsta za Evropu i Centralnu Aziju, Laurent Corbaz - Predsednik Republike Kosovo - DR. VJOSA OSMANI - SADRIU","og_description":"Predsednica Atifete Jahjaga je do\u010dekala regionalnog direktora Me\u0111unarodnog komiteta Crvenog krsta za Evropu i Centralnu Aziju, Laurent Corbaz - Predsednik Republike Kosovo - DR. VJOSA OSMANI - SADRIU -","og_url":"https:\/\/president-ksgov.net\/presidentja-atifete-jahjaga-priti-drejtorin-rajonal-te-komitetit-nderkombetar-te-kryqit-te-kuq-per-evrope-dhe-azi-qendrore-laurent-corbaz\/","og_site_name":"Predsednik Republike Kosovo - DR. VJOSA OSMANI - SADRIU","article_published_time":"2015-10-14T17:47:49+00:00","og_image":[{"width":1024,"height":557,"url":"https:\/\/president-ksgov.net\/wp-content\/uploads\/14_10_2015_6051779_14_10_2015_Takim_me_2.jpg","type":"image\/jpeg"}],"author":"admin","twitter_card":"summary_large_image","twitter_misc":{"\u041d\u0430\u043f\u0438\u0441\u0430\u043d\u043e \u043e\u0434":"admin","\u041f\u0440\u043e\u0446\u0435\u045a\u0435\u043d\u043e \u0432\u0440\u0435\u043c\u0435 \u0447\u0438\u0442\u0430\u045a\u0430":"1 \u043c\u0438\u043d\u0443\u0442"},"schema":{"@context":"https:\/\/schema.org","@graph":[{"@type":"WebPage","@id":"https:\/\/president-ksgov.net\/presidentja-atifete-jahjaga-priti-drejtorin-rajonal-te-komitetit-nderkombetar-te-kryqit-te-kuq-per-evrope-dhe-azi-qendrore-laurent-corbaz\/","url":"https:\/\/president-ksgov.net\/presidentja-atifete-jahjaga-priti-drejtorin-rajonal-te-komitetit-nderkombetar-te-kryqit-te-kuq-per-evrope-dhe-azi-qendrore-laurent-corbaz\/","name":"Predsednica Atifete Jahjaga je do\u010dekala regionalnog direktora Me\u0111unarodnog komiteta Crvenog krsta za Evropu i Centralnu Aziju, Laurent Corbaz - Predsednik Republike Kosovo - DR. VJOSA OSMANI - SADRIU","isPartOf":{"@id":"https:\/\/president-ksgov.net\/#website"},"primaryImageOfPage":{"@id":"https:\/\/president-ksgov.net\/presidentja-atifete-jahjaga-priti-drejtorin-rajonal-te-komitetit-nderkombetar-te-kryqit-te-kuq-per-evrope-dhe-azi-qendrore-laurent-corbaz\/#primaryimage"},"image":{"@id":"https:\/\/president-ksgov.net\/presidentja-atifete-jahjaga-priti-drejtorin-rajonal-te-komitetit-nderkombetar-te-kryqit-te-kuq-per-evrope-dhe-azi-qendrore-laurent-corbaz\/#primaryimage"},"thumbnailUrl":"https:\/\/president-ksgov.net\/wp-content\/uploads\/14_10_2015_6051779_14_10_2015_Takim_me_2.jpg","datePublished":"2015-10-14T17:47:49+00:00","dateModified":"2015-10-14T17:47:49+00:00","author":{"@id":"https:\/\/president-ksgov.net\/#\/schema\/person\/bb4337a5fb147cb2046d80548172cbee"},"description":"Predsednica Atifete Jahjaga je do\u010dekala regionalnog direktora Me\u0111unarodnog komiteta Crvenog krsta za Evropu i Centralnu Aziju, Laurent Corbaz - Predsednik Republike Kosovo - DR. VJOSA OSMANI - SADRIU -","breadcrumb":{"@id":"https:\/\/president-ksgov.net\/presidentja-atifete-jahjaga-priti-drejtorin-rajonal-te-komitetit-nderkombetar-te-kryqit-te-kuq-per-evrope-dhe-azi-qendrore-laurent-corbaz\/#breadcrumb"},"inLanguage":"sr-RS","potentialAction":[{"@type":"ReadAction","target":["https:\/\/president-ksgov.net\/presidentja-atifete-jahjaga-priti-drejtorin-rajonal-te-komitetit-nderkombetar-te-kryqit-te-kuq-per-evrope-dhe-azi-qendrore-laurent-corbaz\/"]}]},{"@type":"ImageObject","inLanguage":"sr-RS","@id":"https:\/\/president-ksgov.net\/presidentja-atifete-jahjaga-priti-drejtorin-rajonal-te-komitetit-nderkombetar-te-kryqit-te-kuq-per-evrope-dhe-azi-qendrore-laurent-corbaz\/#primaryimage","url":"https:\/\/president-ksgov.net\/wp-content\/uploads\/14_10_2015_6051779_14_10_2015_Takim_me_2.jpg","contentUrl":"https:\/\/president-ksgov.net\/wp-content\/uploads\/14_10_2015_6051779_14_10_2015_Takim_me_2.jpg","width":1024,"height":557},{"@type":"BreadcrumbList","@id":"https:\/\/president-ksgov.net\/presidentja-atifete-jahjaga-priti-drejtorin-rajonal-te-komitetit-nderkombetar-te-kryqit-te-kuq-per-evrope-dhe-azi-qendrore-laurent-corbaz\/#breadcrumb","itemListElement":[{"@type":"ListItem","position":1,"name":"Home","item":"https:\/\/president-ksgov.net\/sr\/"},{"@type":"ListItem","position":2,"name":"Predsednica Atifete Jahjaga je do\u010dekala regionalnog direktora Me\u0111unarodnog komiteta Crvenog krsta za Evropu i Centralnu Aziju, Laurent Corbaz"}]},{"@type":"WebSite","@id":"https:\/\/president-ksgov.net\/#website","url":"https:\/\/president-ksgov.net\/","name":"Presidente e Republik\u00ebs s\u00eb Kosov\u00ebs","description":"Presidente e Republik\u00ebs s\u00eb Kosov\u00ebs","alternateName":"DR. VJOSA OSMANI - SADRIU","potentialAction":[{"@type":"SearchAction","target":{"@type":"EntryPoint","urlTemplate":"https:\/\/president-ksgov.net\/?s={search_term_string}"},"query-input":{"@type":"PropertyValueSpecification","valueRequired":true,"valueName":"search_term_string"}}],"inLanguage":"sr-RS"},{"@type":"Person","@id":"https:\/\/president-ksgov.net\/#\/schema\/person\/bb4337a5fb147cb2046d80548172cbee","name":"admin","image":{"@type":"ImageObject","inLanguage":"sr-RS","@id":"https:\/\/president-ksgov.net\/#\/schema\/person\/image\/","url":"https:\/\/secure.gravatar.com\/avatar\/36156ca0fa3b8d9d25174f146e16beea0cf28f37adf1b9e19b6c9c279a7c9dd3?s=96&d=mm&r=g","contentUrl":"https:\/\/secure.gravatar.com\/avatar\/36156ca0fa3b8d9d25174f146e16beea0cf28f37adf1b9e19b6c9c279a7c9dd3?s=96&d=mm&r=g","caption":"admin"},"sameAs":["https:\/\/president-ksgov.net"]}]}},"_links":{"self":[{"href":"https:\/\/president-ksgov.net\/sr\/wp-json\/wp\/v2\/posts\/77169","targetHints":{"allow":["GET"]}}],"collection":[{"href":"https:\/\/president-ksgov.net\/sr\/wp-json\/wp\/v2\/posts"}],"about":[{"href":"https:\/\/president-ksgov.net\/sr\/wp-json\/wp\/v2\/types\/post"}],"author":[{"embeddable":true,"href":"https:\/\/president-ksgov.net\/sr\/wp-json\/wp\/v2\/users\/1"}],"replies":[{"embeddable":true,"href":"https:\/\/president-ksgov.net\/sr\/wp-json\/wp\/v2\/comments?post=77169"}],"version-history":[{"count":0,"href":"https:\/\/president-ksgov.net\/sr\/wp-json\/wp\/v2\/posts\/77169\/revisions"}],"wp:featuredmedia":[{"embeddable":true,"href":"https:\/\/president-ksgov.net\/sr\/wp-json\/wp\/v2\/media\/37921"}],"wp:attachment":[{"href":"https:\/\/president-ksgov.net\/sr\/wp-json\/wp\/v2\/media?parent=77169"}],"wp:term":[{"taxonomy":"category","embeddable":true,"href":"https:\/\/president-ksgov.net\/sr\/wp-json\/wp\/v2\/categories?post=77169"},{"taxonomy":"post_tag","embeddable":true,"href":"https:\/\/president-ksgov.net\/sr\/wp-json\/wp\/v2\/tags?post=77169"}],"curies":[{"name":"wp","href":"https:\/\/api.w.org\/{rel}","templated":true}]}}