{"id":77158,"date":"2015-10-17T13:59:25","date_gmt":"2015-10-17T13:59:25","guid":{"rendered":"https:\/\/dev.president-ksgov.net\/govor-predsednice-atifete-jahjaga-na-manifestaciji-hodanje-protiv-raka-dojke\/"},"modified":"2023-03-08T09:02:20","modified_gmt":"2023-03-08T09:02:20","slug":"govor-predsednice-atifete-jahjaga-na-manifestaciji-hodanje-protiv-raka-dojke","status":"publish","type":"post","link":"https:\/\/president-ksgov.net\/sr\/govor-predsednice-atifete-jahjaga-na-manifestaciji-hodanje-protiv-raka-dojke\/","title":{"rendered":"Govor Predsednice Atifete Jahjaga na manifestaciji &#147;Hodanje protiv raka dojke&#147;"},"content":{"rendered":"<p>I ove godine smo se okupili kako bismo podigli svest o jednoj od najte&#382;ih bolesti sa kojima se susre\u0107emo, rakom dojke.<\/p>\n<p>Na&#353;a tradicionalna manifestacija &#353;etnja protiv raka dojke, okuplja svake godine sve vise podr&#382;avaoca, kako bi se podigla dru&#353;tvena svest o ovoj bolesti koja poga\u0111a &#382;ene i mu&#353;karce.<br \/>\n\u00a0<br \/>\nBolest raka dojke mo&#382;e da pogodi svakoga od nas, bez obzira na dru&#353;tveni sloj ili etni\u010dku pripadnost, iako je ova jedna od najsmrtonosnijih vrsta raka kod &#382;ena, ova bolest poga\u0111a i mu&#353;karce.<br \/>\n\u00a0<br \/>\nUnapre\u0111enja na polju medicine preobra\u0107uju\u0107i bolest raka dojke u bolest koja je sve vi&#353;e izle\u010diva, koja se mo&#382;e pobediti, ukoliko se rano otkrije.<br \/>\n\u00a0<br \/>\nRana dijagnostifikacija je mogu\u0107nost da se ova bolest le\u010di, mogu\u0107nost za &#382;ivot , s toga svi mi treba da joj posvetimo potrebnu pa&#382;nju.<br \/>\n\u00a0<br \/>\nNa&#353;a draga prijateljica nas je razne&#382;ila mnogo puta sa likovima koje je dovela kod nas, gospo\u0111a Leze Qena, deli njeno dragoceno iskustvo za koje se nadam da \u010dete ga prisvojiti.<br \/>\n\u00a0<br \/>\nGospo\u0111a Leze ka&#382;e da se ona podvrgava redovnim lekarskim kontrolama svake godine, na njen ro\u0111endan. Na ovaj dan, napravite i vi sebi isti poklon.<br \/>\n\u00a0<br \/>\nRedovne lekarske kontrole, samo kontrole i kontrole u specijalizovanim lekarskim uslugama su one koje vam mogu spasiti &#382;ivot. S toga vas pozivam da posvetite potrebnu pa&#382;nju va&#353;em zdravlju,\u00a0 tako &#353;to \u0107e redovne lekarske kontrole postati deo va&#353;eg &#382;ivota.<br \/>\n\u00a0<br \/>\nDrage devojke, nije nikada rano da se brinete o va&#353;em zdravlju. Sestre, drage majke na\u0111ite vremena da se brinete o sebi, kao &#353;to se brinete o svim va&#353;im voljenima, jednom lekarskom kontrolom.<br \/>\n\u00a0<br \/>\nSamo nekoliko dana ranije zajedno sa ministrom zdravlja, posetili smo Onkolo&#353;ku kliniku, videli smo pozitivna pobolj&#353;anja\u00a0 u zdravstvenim uslugama koje se pru&#382;aju gra\u0111anima zemlje i diskutovali smo oko potreba koje jo&#353; treba da pru&#382;amo, &#353;to kvalitetnije usluge u skladu sa potrebama na&#353;ih gra\u0111ana, i poslednjim medicinskim naprecima.<br \/>\n\u00a0<br \/>\n&#381;elim da ponovim, pru&#382;anje zdravstvenih usluga, od strane specijalizovanog lekarskog osoblja sa unapre\u0111enom opremom za dijagnostifikovanje i tretiranje prema najvi&#353;im evropskim i me\u0111unarodnim standardima, ostaje te&#382;nja dr&#382;avnih institucija.<br \/>\n\u00a0<br \/>\nBolest raka dojke je jedna globalna briga, sa kojom se suo\u010davaju i populacije naprednih zemalja, ali njeni smrtonosni ritmovi unaza\u0111uju tehnolo&#353;ke razvoje, uz lekarska otkri\u0107a u isto vreme i uz pove\u0107anje svesti gra\u0111ana o ovoj bolesti.<br \/>\n\u00a0<br \/>\nU na&#353;oj zemlji, sna&#382;an glas podizanja na&#353;e svesti ostaje gospo\u0111a Nafije Latifi\u00a0 i njen Centar za borbu protiv raka dojke. &#381;elim da izrazim posebnu zahvalnost za neumoran rad gospo\u0111e\u00a0 Nafije Latifi,\u00a0 koja godinama za redom podsticala na sveop&#353;te podizanje svesti dru&#353;tva, ostaju\u0107i uporna, tra&#382;e\u0107i od dr&#382;avnih institucija usluge koje se pru&#382;aju gra\u0111anima u \u010ditavoj zemlji.<br \/>\n\u00a0<br \/>\nGospo\u0111o Latifi, volja i va&#353;a odlu\u010dnost da se borite sa ovom bole&#353;\u0107u je jedna inspiracija\u00a0 za sve pogo\u0111ene od ove bolesti raka. &#352;ta vi&#353;e, va&#353;a borba za osve&#353;\u0107ivanjem je postala bitno partnerstvo za \u010ditavo dru&#353;tvo i institucije. Po&#353;tovana prijateljice hvala ti, uvek \u0107e&#353; imati moju nepokolebljivu podr&#353;ku.<br \/>\n\u00a0<br \/>\nDrage prijateljice, dragi prijatelji i porodico,<br \/>\n\u00a0<br \/>\nSuo\u010davanje sa bole&#353;\u0107u raka\u00a0 nije lako, ali vi ne treba da se predate ni u jednom trenutku. Imajte volje i odlu\u010dnost da se borite sa ovom bole&#353;\u0107u, volite &#382;ivot, onako kako vas vole va&#353;a porodica, koja stoji\u010dki stoji uz vas sa nepokolebljivom odlu\u010dno&#353;\u0107u da zajedno prevazi\u0111ete ovu bolest.<br \/>\n\u00a0<br \/>\n&#381;ivot je najsvetliji, posvetite pa&#382;nju va&#353;em zdravlju, idite na redovne lekarske kontrole. Rana dijagnostifikacija je mogu\u0107nost za &#382;ivot.<\/p>\n","protected":false},"excerpt":{"rendered":"<p>I ove godine smo se okupili kako bismo podigli svest o jednoj od najte&#382;ih bolesti sa kojima se susre\u0107emo, rakom dojke.<\/p>\n","protected":false},"author":1,"featured_media":37733,"comment_status":"open","ping_status":"closed","sticky":false,"template":"","format":"standard","meta":{"_eb_attr":"","footnotes":""},"categories":[106],"tags":[],"class_list":["post-77158","post","type-post","status-publish","format-standard","has-post-thumbnail","hentry","category-govori"],"yoast_head":"<!-- This site is optimized with the Yoast SEO plugin v23.5 - https:\/\/yoast.com\/wordpress\/plugins\/seo\/ -->\n<title>Govor Predsednice Atifete Jahjaga na manifestaciji &#147;Hodanje protiv raka dojke&#147; - Predsednik Republike Kosovo - DR. VJOSA OSMANI - SADRIU<\/title>\n<meta name=\"description\" content=\"Govor Predsednice Atifete Jahjaga na manifestaciji &#147;Hodanje protiv raka dojke&#147; - Predsednik Republike Kosovo - DR. VJOSA OSMANI - SADRIU -\" \/>\n<meta name=\"robots\" content=\"index, follow, max-snippet:-1, max-image-preview:large, max-video-preview:-1\" \/>\n<link rel=\"canonical\" href=\"https:\/\/president-ksgov.net\/sr\/govor-predsednice-atifete-jahjaga-na-manifestaciji-hodanje-protiv-raka-dojke\/\" \/>\n<meta property=\"og:locale\" content=\"sr_RS\" \/>\n<meta property=\"og:type\" content=\"article\" \/>\n<meta property=\"og:title\" content=\"Govor Predsednice Atifete Jahjaga na manifestaciji &#147;Hodanje protiv raka dojke&#147; - Predsednik Republike Kosovo - DR. VJOSA OSMANI - SADRIU\" \/>\n<meta property=\"og:description\" content=\"Govor Predsednice Atifete Jahjaga na manifestaciji &#147;Hodanje protiv raka dojke&#147; - Predsednik Republike Kosovo - DR. VJOSA OSMANI - SADRIU -\" \/>\n<meta property=\"og:url\" content=\"https:\/\/president-ksgov.net\/sr\/govor-predsednice-atifete-jahjaga-na-manifestaciji-hodanje-protiv-raka-dojke\/\" \/>\n<meta property=\"og:site_name\" content=\"Predsednik Republike Kosovo - DR. VJOSA OSMANI - SADRIU\" \/>\n<meta property=\"article:published_time\" content=\"2015-10-17T13:59:25+00:00\" \/>\n<meta property=\"article:modified_time\" content=\"2023-03-08T09:02:20+00:00\" \/>\n<meta property=\"og:image\" content=\"https:\/\/president-ksgov.net\/wp-content\/uploads\/19_10_2015_5238890_17_10_2015_Ecja_1.jpg\" \/>\n\t<meta property=\"og:image:width\" content=\"1024\" \/>\n\t<meta property=\"og:image:height\" content=\"368\" \/>\n\t<meta property=\"og:image:type\" content=\"image\/jpeg\" \/>\n<meta name=\"author\" content=\"admin\" \/>\n<meta name=\"twitter:card\" content=\"summary_large_image\" \/>\n<meta name=\"twitter:label1\" content=\"\u041d\u0430\u043f\u0438\u0441\u0430\u043d\u043e \u043e\u0434\" \/>\n\t<meta name=\"twitter:data1\" content=\"admin\" \/>\n\t<meta name=\"twitter:label2\" content=\"\u041f\u0440\u043e\u0446\u0435\u045a\u0435\u043d\u043e \u0432\u0440\u0435\u043c\u0435 \u0447\u0438\u0442\u0430\u045a\u0430\" \/>\n\t<meta name=\"twitter:data2\" content=\"3 \u043c\u0438\u043d\u0443\u0442\u0430\" \/>\n<script type=\"application\/ld+json\" class=\"yoast-schema-graph\">{\"@context\":\"https:\/\/schema.org\",\"@graph\":[{\"@type\":\"WebPage\",\"@id\":\"https:\/\/president-ksgov.net\/sr\/govor-predsednice-atifete-jahjaga-na-manifestaciji-hodanje-protiv-raka-dojke\/\",\"url\":\"https:\/\/president-ksgov.net\/sr\/govor-predsednice-atifete-jahjaga-na-manifestaciji-hodanje-protiv-raka-dojke\/\",\"name\":\"Govor Predsednice Atifete Jahjaga na manifestaciji &#147;Hodanje protiv raka dojke&#147; - Predsednik Republike Kosovo - DR. VJOSA OSMANI - SADRIU\",\"isPartOf\":{\"@id\":\"https:\/\/president-ksgov.net\/#website\"},\"primaryImageOfPage\":{\"@id\":\"https:\/\/president-ksgov.net\/sr\/govor-predsednice-atifete-jahjaga-na-manifestaciji-hodanje-protiv-raka-dojke\/#primaryimage\"},\"image\":{\"@id\":\"https:\/\/president-ksgov.net\/sr\/govor-predsednice-atifete-jahjaga-na-manifestaciji-hodanje-protiv-raka-dojke\/#primaryimage\"},\"thumbnailUrl\":\"https:\/\/president-ksgov.net\/wp-content\/uploads\/19_10_2015_5238890_17_10_2015_Ecja_1.jpg\",\"datePublished\":\"2015-10-17T13:59:25+00:00\",\"dateModified\":\"2023-03-08T09:02:20+00:00\",\"author\":{\"@id\":\"https:\/\/president-ksgov.net\/#\/schema\/person\/bb4337a5fb147cb2046d80548172cbee\"},\"description\":\"Govor Predsednice Atifete Jahjaga na manifestaciji &#147;Hodanje protiv raka dojke&#147; - Predsednik Republike Kosovo - DR. VJOSA OSMANI - SADRIU -\",\"breadcrumb\":{\"@id\":\"https:\/\/president-ksgov.net\/sr\/govor-predsednice-atifete-jahjaga-na-manifestaciji-hodanje-protiv-raka-dojke\/#breadcrumb\"},\"inLanguage\":\"sr-RS\",\"potentialAction\":[{\"@type\":\"ReadAction\",\"target\":[\"https:\/\/president-ksgov.net\/sr\/govor-predsednice-atifete-jahjaga-na-manifestaciji-hodanje-protiv-raka-dojke\/\"]}]},{\"@type\":\"ImageObject\",\"inLanguage\":\"sr-RS\",\"@id\":\"https:\/\/president-ksgov.net\/sr\/govor-predsednice-atifete-jahjaga-na-manifestaciji-hodanje-protiv-raka-dojke\/#primaryimage\",\"url\":\"https:\/\/president-ksgov.net\/wp-content\/uploads\/19_10_2015_5238890_17_10_2015_Ecja_1.jpg\",\"contentUrl\":\"https:\/\/president-ksgov.net\/wp-content\/uploads\/19_10_2015_5238890_17_10_2015_Ecja_1.jpg\",\"width\":1024,\"height\":368},{\"@type\":\"BreadcrumbList\",\"@id\":\"https:\/\/president-ksgov.net\/sr\/govor-predsednice-atifete-jahjaga-na-manifestaciji-hodanje-protiv-raka-dojke\/#breadcrumb\",\"itemListElement\":[{\"@type\":\"ListItem\",\"position\":1,\"name\":\"Home\",\"item\":\"https:\/\/president-ksgov.net\/sr\/\"},{\"@type\":\"ListItem\",\"position\":2,\"name\":\"Govor Predsednice Atifete Jahjaga na manifestaciji &#147;Hodanje protiv raka dojke&#147;\"}]},{\"@type\":\"WebSite\",\"@id\":\"https:\/\/president-ksgov.net\/#website\",\"url\":\"https:\/\/president-ksgov.net\/\",\"name\":\"Presidente e Republik\u00ebs s\u00eb Kosov\u00ebs\",\"description\":\"Presidente e Republik\u00ebs s\u00eb Kosov\u00ebs\",\"alternateName\":\"DR. VJOSA OSMANI - SADRIU\",\"potentialAction\":[{\"@type\":\"SearchAction\",\"target\":{\"@type\":\"EntryPoint\",\"urlTemplate\":\"https:\/\/president-ksgov.net\/?s={search_term_string}\"},\"query-input\":{\"@type\":\"PropertyValueSpecification\",\"valueRequired\":true,\"valueName\":\"search_term_string\"}}],\"inLanguage\":\"sr-RS\"},{\"@type\":\"Person\",\"@id\":\"https:\/\/president-ksgov.net\/#\/schema\/person\/bb4337a5fb147cb2046d80548172cbee\",\"name\":\"admin\",\"image\":{\"@type\":\"ImageObject\",\"inLanguage\":\"sr-RS\",\"@id\":\"https:\/\/president-ksgov.net\/#\/schema\/person\/image\/\",\"url\":\"https:\/\/secure.gravatar.com\/avatar\/36156ca0fa3b8d9d25174f146e16beea0cf28f37adf1b9e19b6c9c279a7c9dd3?s=96&d=mm&r=g\",\"contentUrl\":\"https:\/\/secure.gravatar.com\/avatar\/36156ca0fa3b8d9d25174f146e16beea0cf28f37adf1b9e19b6c9c279a7c9dd3?s=96&d=mm&r=g\",\"caption\":\"admin\"},\"sameAs\":[\"https:\/\/president-ksgov.net\"]}]}<\/script>\n<!-- \/ Yoast SEO plugin. -->","yoast_head_json":{"title":"Govor Predsednice Atifete Jahjaga na manifestaciji &#147;Hodanje protiv raka dojke&#147; - Predsednik Republike Kosovo - DR. VJOSA OSMANI - SADRIU","description":"Govor Predsednice Atifete Jahjaga na manifestaciji &#147;Hodanje protiv raka dojke&#147; - Predsednik Republike Kosovo - DR. VJOSA OSMANI - SADRIU -","robots":{"index":"index","follow":"follow","max-snippet":"max-snippet:-1","max-image-preview":"max-image-preview:large","max-video-preview":"max-video-preview:-1"},"canonical":"https:\/\/president-ksgov.net\/sr\/govor-predsednice-atifete-jahjaga-na-manifestaciji-hodanje-protiv-raka-dojke\/","og_locale":"sr_RS","og_type":"article","og_title":"Govor Predsednice Atifete Jahjaga na manifestaciji &#147;Hodanje protiv raka dojke&#147; - Predsednik Republike Kosovo - DR. VJOSA OSMANI - SADRIU","og_description":"Govor Predsednice Atifete Jahjaga na manifestaciji &#147;Hodanje protiv raka dojke&#147; - Predsednik Republike Kosovo - DR. VJOSA OSMANI - SADRIU -","og_url":"https:\/\/president-ksgov.net\/sr\/govor-predsednice-atifete-jahjaga-na-manifestaciji-hodanje-protiv-raka-dojke\/","og_site_name":"Predsednik Republike Kosovo - DR. VJOSA OSMANI - SADRIU","article_published_time":"2015-10-17T13:59:25+00:00","article_modified_time":"2023-03-08T09:02:20+00:00","og_image":[{"width":1024,"height":368,"url":"https:\/\/president-ksgov.net\/wp-content\/uploads\/19_10_2015_5238890_17_10_2015_Ecja_1.jpg","type":"image\/jpeg"}],"author":"admin","twitter_card":"summary_large_image","twitter_misc":{"\u041d\u0430\u043f\u0438\u0441\u0430\u043d\u043e \u043e\u0434":"admin","\u041f\u0440\u043e\u0446\u0435\u045a\u0435\u043d\u043e \u0432\u0440\u0435\u043c\u0435 \u0447\u0438\u0442\u0430\u045a\u0430":"3 \u043c\u0438\u043d\u0443\u0442\u0430"},"schema":{"@context":"https:\/\/schema.org","@graph":[{"@type":"WebPage","@id":"https:\/\/president-ksgov.net\/sr\/govor-predsednice-atifete-jahjaga-na-manifestaciji-hodanje-protiv-raka-dojke\/","url":"https:\/\/president-ksgov.net\/sr\/govor-predsednice-atifete-jahjaga-na-manifestaciji-hodanje-protiv-raka-dojke\/","name":"Govor Predsednice Atifete Jahjaga na manifestaciji &#147;Hodanje protiv raka dojke&#147; - Predsednik Republike Kosovo - DR. VJOSA OSMANI - SADRIU","isPartOf":{"@id":"https:\/\/president-ksgov.net\/#website"},"primaryImageOfPage":{"@id":"https:\/\/president-ksgov.net\/sr\/govor-predsednice-atifete-jahjaga-na-manifestaciji-hodanje-protiv-raka-dojke\/#primaryimage"},"image":{"@id":"https:\/\/president-ksgov.net\/sr\/govor-predsednice-atifete-jahjaga-na-manifestaciji-hodanje-protiv-raka-dojke\/#primaryimage"},"thumbnailUrl":"https:\/\/president-ksgov.net\/wp-content\/uploads\/19_10_2015_5238890_17_10_2015_Ecja_1.jpg","datePublished":"2015-10-17T13:59:25+00:00","dateModified":"2023-03-08T09:02:20+00:00","author":{"@id":"https:\/\/president-ksgov.net\/#\/schema\/person\/bb4337a5fb147cb2046d80548172cbee"},"description":"Govor Predsednice Atifete Jahjaga na manifestaciji &#147;Hodanje protiv raka dojke&#147; - Predsednik Republike Kosovo - DR. VJOSA OSMANI - SADRIU -","breadcrumb":{"@id":"https:\/\/president-ksgov.net\/sr\/govor-predsednice-atifete-jahjaga-na-manifestaciji-hodanje-protiv-raka-dojke\/#breadcrumb"},"inLanguage":"sr-RS","potentialAction":[{"@type":"ReadAction","target":["https:\/\/president-ksgov.net\/sr\/govor-predsednice-atifete-jahjaga-na-manifestaciji-hodanje-protiv-raka-dojke\/"]}]},{"@type":"ImageObject","inLanguage":"sr-RS","@id":"https:\/\/president-ksgov.net\/sr\/govor-predsednice-atifete-jahjaga-na-manifestaciji-hodanje-protiv-raka-dojke\/#primaryimage","url":"https:\/\/president-ksgov.net\/wp-content\/uploads\/19_10_2015_5238890_17_10_2015_Ecja_1.jpg","contentUrl":"https:\/\/president-ksgov.net\/wp-content\/uploads\/19_10_2015_5238890_17_10_2015_Ecja_1.jpg","width":1024,"height":368},{"@type":"BreadcrumbList","@id":"https:\/\/president-ksgov.net\/sr\/govor-predsednice-atifete-jahjaga-na-manifestaciji-hodanje-protiv-raka-dojke\/#breadcrumb","itemListElement":[{"@type":"ListItem","position":1,"name":"Home","item":"https:\/\/president-ksgov.net\/sr\/"},{"@type":"ListItem","position":2,"name":"Govor Predsednice Atifete Jahjaga na manifestaciji &#147;Hodanje protiv raka dojke&#147;"}]},{"@type":"WebSite","@id":"https:\/\/president-ksgov.net\/#website","url":"https:\/\/president-ksgov.net\/","name":"Presidente e Republik\u00ebs s\u00eb Kosov\u00ebs","description":"Presidente e Republik\u00ebs s\u00eb Kosov\u00ebs","alternateName":"DR. VJOSA OSMANI - SADRIU","potentialAction":[{"@type":"SearchAction","target":{"@type":"EntryPoint","urlTemplate":"https:\/\/president-ksgov.net\/?s={search_term_string}"},"query-input":{"@type":"PropertyValueSpecification","valueRequired":true,"valueName":"search_term_string"}}],"inLanguage":"sr-RS"},{"@type":"Person","@id":"https:\/\/president-ksgov.net\/#\/schema\/person\/bb4337a5fb147cb2046d80548172cbee","name":"admin","image":{"@type":"ImageObject","inLanguage":"sr-RS","@id":"https:\/\/president-ksgov.net\/#\/schema\/person\/image\/","url":"https:\/\/secure.gravatar.com\/avatar\/36156ca0fa3b8d9d25174f146e16beea0cf28f37adf1b9e19b6c9c279a7c9dd3?s=96&d=mm&r=g","contentUrl":"https:\/\/secure.gravatar.com\/avatar\/36156ca0fa3b8d9d25174f146e16beea0cf28f37adf1b9e19b6c9c279a7c9dd3?s=96&d=mm&r=g","caption":"admin"},"sameAs":["https:\/\/president-ksgov.net"]}]}},"_links":{"self":[{"href":"https:\/\/president-ksgov.net\/sr\/wp-json\/wp\/v2\/posts\/77158","targetHints":{"allow":["GET"]}}],"collection":[{"href":"https:\/\/president-ksgov.net\/sr\/wp-json\/wp\/v2\/posts"}],"about":[{"href":"https:\/\/president-ksgov.net\/sr\/wp-json\/wp\/v2\/types\/post"}],"author":[{"embeddable":true,"href":"https:\/\/president-ksgov.net\/sr\/wp-json\/wp\/v2\/users\/1"}],"replies":[{"embeddable":true,"href":"https:\/\/president-ksgov.net\/sr\/wp-json\/wp\/v2\/comments?post=77158"}],"version-history":[{"count":1,"href":"https:\/\/president-ksgov.net\/sr\/wp-json\/wp\/v2\/posts\/77158\/revisions"}],"predecessor-version":[{"id":81602,"href":"https:\/\/president-ksgov.net\/sr\/wp-json\/wp\/v2\/posts\/77158\/revisions\/81602"}],"wp:featuredmedia":[{"embeddable":true,"href":"https:\/\/president-ksgov.net\/sr\/wp-json\/wp\/v2\/media\/37733"}],"wp:attachment":[{"href":"https:\/\/president-ksgov.net\/sr\/wp-json\/wp\/v2\/media?parent=77158"}],"wp:term":[{"taxonomy":"category","embeddable":true,"href":"https:\/\/president-ksgov.net\/sr\/wp-json\/wp\/v2\/categories?post=77158"},{"taxonomy":"post_tag","embeddable":true,"href":"https:\/\/president-ksgov.net\/sr\/wp-json\/wp\/v2\/tags?post=77158"}],"curies":[{"name":"wp","href":"https:\/\/api.w.org\/{rel}","templated":true}]}}