{"id":77157,"date":"2015-10-19T11:30:29","date_gmt":"2015-10-19T11:30:29","guid":{"rendered":"https:\/\/dev.president-ksgov.net\/izjava-predsednice-republike-kosova-3\/"},"modified":"2015-10-19T11:30:29","modified_gmt":"2015-10-19T11:30:29","slug":"izjava-predsednice-republike-kosova-3","status":"publish","type":"post","link":"https:\/\/president-ksgov.net\/sr\/izjava-predsednice-republike-kosova-3\/","title":{"rendered":"Izjava predsednice Republike Kosova"},"content":{"rendered":"<p>Nakon konsultacija sa \u010delnicima institucija, sa premijerom i sa predsednikom Skup&#353;tine, kako bih ih obavestila o mojoj odluci, pozivam na politi\u010dki  dijalog politi\u010dke parlamentarne partije kako bismo  prevazi&#353;li nastalo stanje u zemlji.<\/p>\n<p>Nasilni postupci i diskurs kako u institucijama, tako i van njih, poslednjih dana su neprihvatljivi i rizikuju da povrede demokratski konsenzus u Republici Kosovo.<\/p>\n<p>Moj mandat kao predsednice zemlje jeste da garantujem demokratsko funkcionisanje institucija i da slu&#382;im kao faktor unifikacije, na osnovu toga pozivam parlamentarni politi\u010dki spektar Kosova da prihvati ovaj poziv na dijalog o nesuglasicama poslednjih nedelja.<br \/>\n\u00a0<br \/>\nSada su pozivnice politi\u010dkim subjektima vladine koalicije, kao i opozicionim strankama, poslate u po\u010detku za odvojene sastanke u mojoj kancelariji, i kona\u010dno &#8211; u poverenju &#8211; za zajedni\u010dkim stolom.<br \/>\n\u00a0<br \/>\nNadam se da \u0107e ova moja inicijativa pomo\u0107i da brige tretiramo sa politi\u010dkom zrelo&#353;\u0107u dokazuju\u0107i na&#353;e anga&#382;ovanje da o&#382;ivimo na&#353;u posve\u0107enost za jednu parlamentarnu demokratiju koja ja\u010da institucije, koja ja\u010da poverenje gra\u0111ana u perspektivu zemlje i koja stvara osnovnu saglasnost za na&#353; put napred.<br \/>\n\u00a0<br \/>\nPozivam politi\u010dke partije i njihove predstavnike da odgovore na poziv i da poka&#382;u volju da zajedno prona\u0111emo zajedni\u010dki jezik za izlaz iz ove situacije.<br \/>\n\u00a0<br \/>\nSada je vi&#353;e nego ikada, trenutak da svim gra\u0111anima koji su nam poverili vo\u0111stvo ove dr&#382;ave, da poka&#382;emo da njihova &#382;elja da &#382;ive u miru, da imaju jednu sigurnu budu\u0107nost za njih i za naredne generacije, nije samo obe\u0107anje koje bledi pred prvim izazovom, ve\u0107 vodi\u010d, obaveza, data re\u010d, da \u0107emo na&#353;e nesuglasice, bilo koje prirode, prevazi\u0107i za stolom, razgovaraju\u0107i, pronalaze\u0107i re&#353;enje zajedno i preuzimaju\u0107i odgovornost za njih.<\/p>\n","protected":false},"excerpt":{"rendered":"<p>Nakon konsultacija sa \u010delnicima institucija, sa premijerom i sa predsednikom Skup&#353;tine, kako bih ih obavestila o mojoj odluci, pozivam na politi\u010dki  dijalog politi\u010dke parlamentarne partije kako bismo  prevazi&#353;li nastalo stanje u zemlji.<\/p>\n","protected":false},"author":1,"featured_media":69577,"comment_status":"open","ping_status":"closed","sticky":false,"template":"","format":"standard","meta":{"_eb_attr":"","footnotes":""},"categories":[101],"tags":[],"class_list":["post-77157","post","type-post","status-publish","format-standard","has-post-thumbnail","hentry","category-vesti"],"yoast_head":"<!-- This site is optimized with the Yoast SEO plugin v23.5 - https:\/\/yoast.com\/wordpress\/plugins\/seo\/ -->\n<title>Izjava predsednice Republike Kosova - Predsednik Republike Kosovo - DR. VJOSA OSMANI - SADRIU<\/title>\n<meta name=\"description\" content=\"Izjava predsednice Republike Kosova - Predsednik Republike Kosovo - DR. VJOSA OSMANI - SADRIU -\" \/>\n<meta name=\"robots\" content=\"index, follow, max-snippet:-1, max-image-preview:large, max-video-preview:-1\" \/>\n<link rel=\"canonical\" href=\"https:\/\/president-ksgov.net\/sr\/izjava-predsednice-republike-kosova-3\/\" \/>\n<meta property=\"og:locale\" content=\"sr_RS\" \/>\n<meta property=\"og:type\" content=\"article\" \/>\n<meta property=\"og:title\" content=\"Izjava predsednice Republike Kosova - Predsednik Republike Kosovo - DR. VJOSA OSMANI - SADRIU\" \/>\n<meta property=\"og:description\" content=\"Izjava predsednice Republike Kosova - Predsednik Republike Kosovo - DR. VJOSA OSMANI - SADRIU -\" \/>\n<meta property=\"og:url\" content=\"https:\/\/president-ksgov.net\/sr\/izjava-predsednice-republike-kosova-3\/\" \/>\n<meta property=\"og:site_name\" content=\"Predsednik Republike Kosovo - DR. VJOSA OSMANI - SADRIU\" \/>\n<meta property=\"article:published_time\" content=\"2015-10-19T11:30:29+00:00\" \/>\n<meta property=\"og:image\" content=\"https:\/\/president-ksgov.net\/wp-content\/uploads\/19_10_2015_3568048_19_10_2015_4470175_19_10_2015_Konferenca_per_media_1.jpg\" \/>\n\t<meta property=\"og:image:width\" content=\"888\" \/>\n\t<meta property=\"og:image:height\" content=\"768\" \/>\n\t<meta property=\"og:image:type\" content=\"image\/jpeg\" \/>\n<meta name=\"author\" content=\"admin\" \/>\n<meta name=\"twitter:card\" content=\"summary_large_image\" \/>\n<meta name=\"twitter:label1\" content=\"\u041d\u0430\u043f\u0438\u0441\u0430\u043d\u043e \u043e\u0434\" \/>\n\t<meta name=\"twitter:data1\" content=\"admin\" \/>\n\t<meta name=\"twitter:label2\" content=\"\u041f\u0440\u043e\u0446\u0435\u045a\u0435\u043d\u043e \u0432\u0440\u0435\u043c\u0435 \u0447\u0438\u0442\u0430\u045a\u0430\" \/>\n\t<meta name=\"twitter:data2\" content=\"1 \u043c\u0438\u043d\u0443\u0442\" \/>\n<script type=\"application\/ld+json\" class=\"yoast-schema-graph\">{\"@context\":\"https:\/\/schema.org\",\"@graph\":[{\"@type\":\"WebPage\",\"@id\":\"https:\/\/president-ksgov.net\/sr\/izjava-predsednice-republike-kosova-3\/\",\"url\":\"https:\/\/president-ksgov.net\/sr\/izjava-predsednice-republike-kosova-3\/\",\"name\":\"Izjava predsednice Republike Kosova - Predsednik Republike Kosovo - DR. VJOSA OSMANI - SADRIU\",\"isPartOf\":{\"@id\":\"https:\/\/president-ksgov.net\/#website\"},\"primaryImageOfPage\":{\"@id\":\"https:\/\/president-ksgov.net\/sr\/izjava-predsednice-republike-kosova-3\/#primaryimage\"},\"image\":{\"@id\":\"https:\/\/president-ksgov.net\/sr\/izjava-predsednice-republike-kosova-3\/#primaryimage\"},\"thumbnailUrl\":\"https:\/\/president-ksgov.net\/wp-content\/uploads\/19_10_2015_3568048_19_10_2015_4470175_19_10_2015_Konferenca_per_media_1.jpg\",\"datePublished\":\"2015-10-19T11:30:29+00:00\",\"dateModified\":\"2015-10-19T11:30:29+00:00\",\"author\":{\"@id\":\"https:\/\/president-ksgov.net\/#\/schema\/person\/bb4337a5fb147cb2046d80548172cbee\"},\"description\":\"Izjava predsednice Republike Kosova - Predsednik Republike Kosovo - DR. VJOSA OSMANI - SADRIU -\",\"breadcrumb\":{\"@id\":\"https:\/\/president-ksgov.net\/sr\/izjava-predsednice-republike-kosova-3\/#breadcrumb\"},\"inLanguage\":\"sr-RS\",\"potentialAction\":[{\"@type\":\"ReadAction\",\"target\":[\"https:\/\/president-ksgov.net\/sr\/izjava-predsednice-republike-kosova-3\/\"]}]},{\"@type\":\"ImageObject\",\"inLanguage\":\"sr-RS\",\"@id\":\"https:\/\/president-ksgov.net\/sr\/izjava-predsednice-republike-kosova-3\/#primaryimage\",\"url\":\"https:\/\/president-ksgov.net\/wp-content\/uploads\/19_10_2015_3568048_19_10_2015_4470175_19_10_2015_Konferenca_per_media_1.jpg\",\"contentUrl\":\"https:\/\/president-ksgov.net\/wp-content\/uploads\/19_10_2015_3568048_19_10_2015_4470175_19_10_2015_Konferenca_per_media_1.jpg\",\"width\":888,\"height\":768},{\"@type\":\"BreadcrumbList\",\"@id\":\"https:\/\/president-ksgov.net\/sr\/izjava-predsednice-republike-kosova-3\/#breadcrumb\",\"itemListElement\":[{\"@type\":\"ListItem\",\"position\":1,\"name\":\"Home\",\"item\":\"https:\/\/president-ksgov.net\/sr\/\"},{\"@type\":\"ListItem\",\"position\":2,\"name\":\"Izjava predsednice Republike Kosova\"}]},{\"@type\":\"WebSite\",\"@id\":\"https:\/\/president-ksgov.net\/#website\",\"url\":\"https:\/\/president-ksgov.net\/\",\"name\":\"Presidente e Republik\u00ebs s\u00eb Kosov\u00ebs\",\"description\":\"Presidente e Republik\u00ebs s\u00eb Kosov\u00ebs\",\"alternateName\":\"DR. VJOSA OSMANI - SADRIU\",\"potentialAction\":[{\"@type\":\"SearchAction\",\"target\":{\"@type\":\"EntryPoint\",\"urlTemplate\":\"https:\/\/president-ksgov.net\/?s={search_term_string}\"},\"query-input\":{\"@type\":\"PropertyValueSpecification\",\"valueRequired\":true,\"valueName\":\"search_term_string\"}}],\"inLanguage\":\"sr-RS\"},{\"@type\":\"Person\",\"@id\":\"https:\/\/president-ksgov.net\/#\/schema\/person\/bb4337a5fb147cb2046d80548172cbee\",\"name\":\"admin\",\"image\":{\"@type\":\"ImageObject\",\"inLanguage\":\"sr-RS\",\"@id\":\"https:\/\/president-ksgov.net\/#\/schema\/person\/image\/\",\"url\":\"https:\/\/secure.gravatar.com\/avatar\/36156ca0fa3b8d9d25174f146e16beea0cf28f37adf1b9e19b6c9c279a7c9dd3?s=96&d=mm&r=g\",\"contentUrl\":\"https:\/\/secure.gravatar.com\/avatar\/36156ca0fa3b8d9d25174f146e16beea0cf28f37adf1b9e19b6c9c279a7c9dd3?s=96&d=mm&r=g\",\"caption\":\"admin\"},\"sameAs\":[\"https:\/\/president-ksgov.net\"]}]}<\/script>\n<!-- \/ Yoast SEO plugin. -->","yoast_head_json":{"title":"Izjava predsednice Republike Kosova - Predsednik Republike Kosovo - DR. VJOSA OSMANI - SADRIU","description":"Izjava predsednice Republike Kosova - Predsednik Republike Kosovo - DR. VJOSA OSMANI - SADRIU -","robots":{"index":"index","follow":"follow","max-snippet":"max-snippet:-1","max-image-preview":"max-image-preview:large","max-video-preview":"max-video-preview:-1"},"canonical":"https:\/\/president-ksgov.net\/sr\/izjava-predsednice-republike-kosova-3\/","og_locale":"sr_RS","og_type":"article","og_title":"Izjava predsednice Republike Kosova - Predsednik Republike Kosovo - DR. VJOSA OSMANI - SADRIU","og_description":"Izjava predsednice Republike Kosova - Predsednik Republike Kosovo - DR. VJOSA OSMANI - SADRIU -","og_url":"https:\/\/president-ksgov.net\/sr\/izjava-predsednice-republike-kosova-3\/","og_site_name":"Predsednik Republike Kosovo - DR. VJOSA OSMANI - SADRIU","article_published_time":"2015-10-19T11:30:29+00:00","og_image":[{"width":888,"height":768,"url":"https:\/\/president-ksgov.net\/wp-content\/uploads\/19_10_2015_3568048_19_10_2015_4470175_19_10_2015_Konferenca_per_media_1.jpg","type":"image\/jpeg"}],"author":"admin","twitter_card":"summary_large_image","twitter_misc":{"\u041d\u0430\u043f\u0438\u0441\u0430\u043d\u043e \u043e\u0434":"admin","\u041f\u0440\u043e\u0446\u0435\u045a\u0435\u043d\u043e \u0432\u0440\u0435\u043c\u0435 \u0447\u0438\u0442\u0430\u045a\u0430":"1 \u043c\u0438\u043d\u0443\u0442"},"schema":{"@context":"https:\/\/schema.org","@graph":[{"@type":"WebPage","@id":"https:\/\/president-ksgov.net\/sr\/izjava-predsednice-republike-kosova-3\/","url":"https:\/\/president-ksgov.net\/sr\/izjava-predsednice-republike-kosova-3\/","name":"Izjava predsednice Republike Kosova - Predsednik Republike Kosovo - DR. VJOSA OSMANI - SADRIU","isPartOf":{"@id":"https:\/\/president-ksgov.net\/#website"},"primaryImageOfPage":{"@id":"https:\/\/president-ksgov.net\/sr\/izjava-predsednice-republike-kosova-3\/#primaryimage"},"image":{"@id":"https:\/\/president-ksgov.net\/sr\/izjava-predsednice-republike-kosova-3\/#primaryimage"},"thumbnailUrl":"https:\/\/president-ksgov.net\/wp-content\/uploads\/19_10_2015_3568048_19_10_2015_4470175_19_10_2015_Konferenca_per_media_1.jpg","datePublished":"2015-10-19T11:30:29+00:00","dateModified":"2015-10-19T11:30:29+00:00","author":{"@id":"https:\/\/president-ksgov.net\/#\/schema\/person\/bb4337a5fb147cb2046d80548172cbee"},"description":"Izjava predsednice Republike Kosova - Predsednik Republike Kosovo - DR. VJOSA OSMANI - SADRIU -","breadcrumb":{"@id":"https:\/\/president-ksgov.net\/sr\/izjava-predsednice-republike-kosova-3\/#breadcrumb"},"inLanguage":"sr-RS","potentialAction":[{"@type":"ReadAction","target":["https:\/\/president-ksgov.net\/sr\/izjava-predsednice-republike-kosova-3\/"]}]},{"@type":"ImageObject","inLanguage":"sr-RS","@id":"https:\/\/president-ksgov.net\/sr\/izjava-predsednice-republike-kosova-3\/#primaryimage","url":"https:\/\/president-ksgov.net\/wp-content\/uploads\/19_10_2015_3568048_19_10_2015_4470175_19_10_2015_Konferenca_per_media_1.jpg","contentUrl":"https:\/\/president-ksgov.net\/wp-content\/uploads\/19_10_2015_3568048_19_10_2015_4470175_19_10_2015_Konferenca_per_media_1.jpg","width":888,"height":768},{"@type":"BreadcrumbList","@id":"https:\/\/president-ksgov.net\/sr\/izjava-predsednice-republike-kosova-3\/#breadcrumb","itemListElement":[{"@type":"ListItem","position":1,"name":"Home","item":"https:\/\/president-ksgov.net\/sr\/"},{"@type":"ListItem","position":2,"name":"Izjava predsednice Republike Kosova"}]},{"@type":"WebSite","@id":"https:\/\/president-ksgov.net\/#website","url":"https:\/\/president-ksgov.net\/","name":"Presidente e Republik\u00ebs s\u00eb Kosov\u00ebs","description":"Presidente e Republik\u00ebs s\u00eb Kosov\u00ebs","alternateName":"DR. VJOSA OSMANI - SADRIU","potentialAction":[{"@type":"SearchAction","target":{"@type":"EntryPoint","urlTemplate":"https:\/\/president-ksgov.net\/?s={search_term_string}"},"query-input":{"@type":"PropertyValueSpecification","valueRequired":true,"valueName":"search_term_string"}}],"inLanguage":"sr-RS"},{"@type":"Person","@id":"https:\/\/president-ksgov.net\/#\/schema\/person\/bb4337a5fb147cb2046d80548172cbee","name":"admin","image":{"@type":"ImageObject","inLanguage":"sr-RS","@id":"https:\/\/president-ksgov.net\/#\/schema\/person\/image\/","url":"https:\/\/secure.gravatar.com\/avatar\/36156ca0fa3b8d9d25174f146e16beea0cf28f37adf1b9e19b6c9c279a7c9dd3?s=96&d=mm&r=g","contentUrl":"https:\/\/secure.gravatar.com\/avatar\/36156ca0fa3b8d9d25174f146e16beea0cf28f37adf1b9e19b6c9c279a7c9dd3?s=96&d=mm&r=g","caption":"admin"},"sameAs":["https:\/\/president-ksgov.net"]}]}},"_links":{"self":[{"href":"https:\/\/president-ksgov.net\/sr\/wp-json\/wp\/v2\/posts\/77157","targetHints":{"allow":["GET"]}}],"collection":[{"href":"https:\/\/president-ksgov.net\/sr\/wp-json\/wp\/v2\/posts"}],"about":[{"href":"https:\/\/president-ksgov.net\/sr\/wp-json\/wp\/v2\/types\/post"}],"author":[{"embeddable":true,"href":"https:\/\/president-ksgov.net\/sr\/wp-json\/wp\/v2\/users\/1"}],"replies":[{"embeddable":true,"href":"https:\/\/president-ksgov.net\/sr\/wp-json\/wp\/v2\/comments?post=77157"}],"version-history":[{"count":0,"href":"https:\/\/president-ksgov.net\/sr\/wp-json\/wp\/v2\/posts\/77157\/revisions"}],"wp:featuredmedia":[{"embeddable":true,"href":"https:\/\/president-ksgov.net\/sr\/wp-json\/wp\/v2\/media\/69577"}],"wp:attachment":[{"href":"https:\/\/president-ksgov.net\/sr\/wp-json\/wp\/v2\/media?parent=77157"}],"wp:term":[{"taxonomy":"category","embeddable":true,"href":"https:\/\/president-ksgov.net\/sr\/wp-json\/wp\/v2\/categories?post=77157"},{"taxonomy":"post_tag","embeddable":true,"href":"https:\/\/president-ksgov.net\/sr\/wp-json\/wp\/v2\/tags?post=77157"}],"curies":[{"name":"wp","href":"https:\/\/api.w.org\/{rel}","templated":true}]}}