{"id":77145,"date":"2015-10-26T20:04:21","date_gmt":"2015-10-26T20:04:21","guid":{"rendered":"https:\/\/dev.president-ksgov.net\/govor-predsednice-jahjaga-povodom-nacionalnog-dana-austrije\/"},"modified":"2023-03-08T09:02:20","modified_gmt":"2023-03-08T09:02:20","slug":"govor-predsednice-jahjaga-povodom-nacionalnog-dana-austrije","status":"publish","type":"post","link":"https:\/\/president-ksgov.net\/sr\/govor-predsednice-jahjaga-povodom-nacionalnog-dana-austrije\/","title":{"rendered":"Govor predsednice Jahjaga povodom Nacionalnog dana Austrije"},"content":{"rendered":"<p>Okupili smo se ve\u010deras zajedno kako bismo ozna\u010dili 60. godi&#353;njicu nezavisnosti i deklaraciju stalne neutralnosti Republike Austrije i ujedno ocenjujemo njenu posve\u0107enost miru, sigurnosti i demokratiji kao bitne vrednosti dru&#353;tava bilo gde u svetu. Iznad svega, na ovu godi&#353;njicu stalne neutralnosti, vrednujemo njenu posve\u0107enost u pomo\u0107i u izgradnji razumevanja me\u0111u ljudima i narodima.<\/p>\n<p>Na granici sa Zapadnim Balkanom i bliska sa ovim delom Evrope, Austrija je najbolje shvatila ne samo bolnu istoriju regiona, ve\u0107 i te&#382;nje\u00a0 da se postane neodvojiv deo slobodnih nacija u evropskoj porodici. Austrija je bila uz nas kako bi nam pomogla na na&#353;em putu, ne tako lakom, u izgradnji mira.<\/p>\n<p>Vi ste bili neodvojiv deo nove kosovske istorije, uklju\u010duju\u0107i i okon\u010davanje nasilja rata, u izgradnji jednog druga\u010dijeg Kosova, inkluzivnijeg, vi&#353;e demokratskog, naprednijeg &#8211; jedne dr&#382;ave izgra\u0111ene nad principom pravde. Vi ste bili primer ne samo gostoprimstva, u vreme mira, tokom razgovora o statusu Kosova u te&#382;njama da Kosovo u\u010dinite samostalnim, demokratskim i odgovornim za ja\u010danje i unapre\u0111enje prava svih njegovih gra\u0111ana. <\/p>\n<p>Austrija je neodvojiv deo me\u0111unarodne zajednice, koji deli uspeh novog Kosova zajedno sa njegovim narodom i institucijama. Jedno Kosovo posve\u0107eno tome da postane deo globalne sigurnosne arhitekture, verno op&#353;tim vrednostima za mir i razvoj, doprinosilacincicijativama za pomo\u0107 onima koji danas lutaju ulicama sveta, proterani silom iz njihovih zemalja. <\/p>\n<p>U me\u0111uvremenu, danas testiramo na&#353;u demokratiju, kada izazivamo na&#353; Ustav i ujedno sazrevamo politi\u010dki &#8211; vi ste opet uz nas, kao prijatelji i kao podr&#382;avaoci, ube\u0111eni da se problemi u na&#353;oj tranziciji mogu prevazi\u0107i dijalogom i razumevanjem grade\u0107i mostove saradnje i sna&#382;no rade\u0107i na izgradnji dr&#382;ave pravde, koja izbegava put kao re&#353;enje, ali pru&#382;a re&#353;enje unutar same institucije.<br \/>\nPo&#353;tovani ambasadore Brieger, <\/p>\n<p>Sada, kada treba da budete spremni da napustite Kosovo, nakon toliko godina slu&#382;be ovde, &#382;elim da vam se zahvalim. Da vam ka&#382;em koliko smo po\u010dastvovani bili sa vama, jednim na&#353;im istinskim prijateljem koji je pomogao u o\u010duvanju i ja\u010danju odnosa izme\u0111u na&#353;a dva naroda. Va&#353; rad i posve\u0107enost na ja\u010danju veza izme\u0111u na&#353;e dve zemlje, u\u010dinilo vas najboljim prijateljem gra\u0111ana Kosova. Vi \u0107ete oti\u0107i sa Kosova ubrzo, nekoliko dana nakon zvani\u010dne posete mog prijatelja i prijatelja Kosova, predsednika Austrije, gospodina Fischer-a, ali verujem da \u0107ete zapamtiti i zadr&#382;ati u srcu ovo mesto. Nazdravimo ambasadoru Brieger-u u veri da ovo nije zbogom za njega, jer Kosovo \u0107e ga pamtiti kao njegovog prijatelja gde god da je. <\/p>\n<p>Sre\u0107no i \u010destitam! <\/p>\n<p>\u00a0<\/p>\n","protected":false},"excerpt":{"rendered":"<p>Okupili smo se ve\u010deras zajedno kako bismo ozna\u010dili 60. godi&#353;njicu nezavisnosti i deklaraciju stalne neutralnosti Republike Austrije i ujedno ocenjujemo njenu posve\u0107enost miru, sigurnosti i demokratiji kao bitne vrednosti dru&#353;tava bilo gde u svetu. Iznad svega, na ovu godi&#353;njicu stalne neutralnosti, vrednujemo njenu posve\u0107enost u pomo\u0107i u izgradnji razumevanja me\u0111u ljudima i narodima.<\/p>\n","protected":false},"author":1,"featured_media":37676,"comment_status":"open","ping_status":"closed","sticky":false,"template":"","format":"standard","meta":{"_eb_attr":"","footnotes":""},"categories":[106],"tags":[],"class_list":["post-77145","post","type-post","status-publish","format-standard","has-post-thumbnail","hentry","category-govori"],"yoast_head":"<!-- This site is optimized with the Yoast SEO plugin v23.5 - https:\/\/yoast.com\/wordpress\/plugins\/seo\/ -->\n<title>Govor predsednice Jahjaga povodom Nacionalnog dana Austrije - Predsednik Republike Kosovo - DR. VJOSA OSMANI - SADRIU<\/title>\n<meta name=\"description\" content=\"Govor predsednice Jahjaga povodom Nacionalnog dana Austrije - Predsednik Republike Kosovo - DR. VJOSA OSMANI - SADRIU -\" \/>\n<meta name=\"robots\" content=\"index, follow, max-snippet:-1, max-image-preview:large, max-video-preview:-1\" \/>\n<link rel=\"canonical\" href=\"https:\/\/president-ksgov.net\/fjala-e-presidentes-jahjaga-me-rastin-e-dites-kombetare-te-austrise\/\" \/>\n<meta property=\"og:locale\" content=\"sr_RS\" \/>\n<meta property=\"og:type\" content=\"article\" \/>\n<meta property=\"og:title\" content=\"Govor predsednice Jahjaga povodom Nacionalnog dana Austrije - Predsednik Republike Kosovo - DR. VJOSA OSMANI - SADRIU\" \/>\n<meta property=\"og:description\" content=\"Govor predsednice Jahjaga povodom Nacionalnog dana Austrije - Predsednik Republike Kosovo - DR. VJOSA OSMANI - SADRIU -\" \/>\n<meta property=\"og:url\" content=\"https:\/\/president-ksgov.net\/fjala-e-presidentes-jahjaga-me-rastin-e-dites-kombetare-te-austrise\/\" \/>\n<meta property=\"og:site_name\" content=\"Predsednik Republike Kosovo - DR. VJOSA OSMANI - SADRIU\" \/>\n<meta property=\"article:published_time\" content=\"2015-10-26T20:04:21+00:00\" \/>\n<meta property=\"article:modified_time\" content=\"2023-03-08T09:02:20+00:00\" \/>\n<meta property=\"og:image\" content=\"https:\/\/president-ksgov.net\/wp-content\/uploads\/26_10_2015_7139571_26_10_2015_Fjala_1.jpg\" \/>\n\t<meta property=\"og:image:width\" content=\"1024\" \/>\n\t<meta property=\"og:image:height\" content=\"575\" \/>\n\t<meta property=\"og:image:type\" content=\"image\/jpeg\" \/>\n<meta name=\"author\" content=\"admin\" \/>\n<meta name=\"twitter:card\" content=\"summary_large_image\" \/>\n<meta name=\"twitter:label1\" content=\"\u041d\u0430\u043f\u0438\u0441\u0430\u043d\u043e \u043e\u0434\" \/>\n\t<meta name=\"twitter:data1\" content=\"admin\" \/>\n\t<meta name=\"twitter:label2\" content=\"\u041f\u0440\u043e\u0446\u0435\u045a\u0435\u043d\u043e \u0432\u0440\u0435\u043c\u0435 \u0447\u0438\u0442\u0430\u045a\u0430\" \/>\n\t<meta name=\"twitter:data2\" content=\"2 \u043c\u0438\u043d\u0443\u0442\u0430\" \/>\n<script type=\"application\/ld+json\" class=\"yoast-schema-graph\">{\"@context\":\"https:\/\/schema.org\",\"@graph\":[{\"@type\":\"WebPage\",\"@id\":\"https:\/\/president-ksgov.net\/fjala-e-presidentes-jahjaga-me-rastin-e-dites-kombetare-te-austrise\/\",\"url\":\"https:\/\/president-ksgov.net\/fjala-e-presidentes-jahjaga-me-rastin-e-dites-kombetare-te-austrise\/\",\"name\":\"Govor predsednice Jahjaga povodom Nacionalnog dana Austrije - Predsednik Republike Kosovo - DR. VJOSA OSMANI - SADRIU\",\"isPartOf\":{\"@id\":\"https:\/\/president-ksgov.net\/#website\"},\"primaryImageOfPage\":{\"@id\":\"https:\/\/president-ksgov.net\/fjala-e-presidentes-jahjaga-me-rastin-e-dites-kombetare-te-austrise\/#primaryimage\"},\"image\":{\"@id\":\"https:\/\/president-ksgov.net\/fjala-e-presidentes-jahjaga-me-rastin-e-dites-kombetare-te-austrise\/#primaryimage\"},\"thumbnailUrl\":\"https:\/\/president-ksgov.net\/wp-content\/uploads\/26_10_2015_7139571_26_10_2015_Fjala_1.jpg\",\"datePublished\":\"2015-10-26T20:04:21+00:00\",\"dateModified\":\"2023-03-08T09:02:20+00:00\",\"author\":{\"@id\":\"https:\/\/president-ksgov.net\/#\/schema\/person\/bb4337a5fb147cb2046d80548172cbee\"},\"description\":\"Govor predsednice Jahjaga povodom Nacionalnog dana Austrije - Predsednik Republike Kosovo - DR. VJOSA OSMANI - SADRIU -\",\"breadcrumb\":{\"@id\":\"https:\/\/president-ksgov.net\/fjala-e-presidentes-jahjaga-me-rastin-e-dites-kombetare-te-austrise\/#breadcrumb\"},\"inLanguage\":\"sr-RS\",\"potentialAction\":[{\"@type\":\"ReadAction\",\"target\":[\"https:\/\/president-ksgov.net\/fjala-e-presidentes-jahjaga-me-rastin-e-dites-kombetare-te-austrise\/\"]}]},{\"@type\":\"ImageObject\",\"inLanguage\":\"sr-RS\",\"@id\":\"https:\/\/president-ksgov.net\/fjala-e-presidentes-jahjaga-me-rastin-e-dites-kombetare-te-austrise\/#primaryimage\",\"url\":\"https:\/\/president-ksgov.net\/wp-content\/uploads\/26_10_2015_7139571_26_10_2015_Fjala_1.jpg\",\"contentUrl\":\"https:\/\/president-ksgov.net\/wp-content\/uploads\/26_10_2015_7139571_26_10_2015_Fjala_1.jpg\",\"width\":1024,\"height\":575},{\"@type\":\"BreadcrumbList\",\"@id\":\"https:\/\/president-ksgov.net\/fjala-e-presidentes-jahjaga-me-rastin-e-dites-kombetare-te-austrise\/#breadcrumb\",\"itemListElement\":[{\"@type\":\"ListItem\",\"position\":1,\"name\":\"Home\",\"item\":\"https:\/\/president-ksgov.net\/sr\/\"},{\"@type\":\"ListItem\",\"position\":2,\"name\":\"Govor predsednice Jahjaga povodom Nacionalnog dana Austrije\"}]},{\"@type\":\"WebSite\",\"@id\":\"https:\/\/president-ksgov.net\/#website\",\"url\":\"https:\/\/president-ksgov.net\/\",\"name\":\"Presidente e Republik\u00ebs s\u00eb Kosov\u00ebs\",\"description\":\"Presidente e Republik\u00ebs s\u00eb Kosov\u00ebs\",\"alternateName\":\"DR. VJOSA OSMANI - SADRIU\",\"potentialAction\":[{\"@type\":\"SearchAction\",\"target\":{\"@type\":\"EntryPoint\",\"urlTemplate\":\"https:\/\/president-ksgov.net\/?s={search_term_string}\"},\"query-input\":{\"@type\":\"PropertyValueSpecification\",\"valueRequired\":true,\"valueName\":\"search_term_string\"}}],\"inLanguage\":\"sr-RS\"},{\"@type\":\"Person\",\"@id\":\"https:\/\/president-ksgov.net\/#\/schema\/person\/bb4337a5fb147cb2046d80548172cbee\",\"name\":\"admin\",\"image\":{\"@type\":\"ImageObject\",\"inLanguage\":\"sr-RS\",\"@id\":\"https:\/\/president-ksgov.net\/#\/schema\/person\/image\/\",\"url\":\"https:\/\/secure.gravatar.com\/avatar\/36156ca0fa3b8d9d25174f146e16beea0cf28f37adf1b9e19b6c9c279a7c9dd3?s=96&d=mm&r=g\",\"contentUrl\":\"https:\/\/secure.gravatar.com\/avatar\/36156ca0fa3b8d9d25174f146e16beea0cf28f37adf1b9e19b6c9c279a7c9dd3?s=96&d=mm&r=g\",\"caption\":\"admin\"},\"sameAs\":[\"https:\/\/president-ksgov.net\"]}]}<\/script>\n<!-- \/ Yoast SEO plugin. -->","yoast_head_json":{"title":"Govor predsednice Jahjaga povodom Nacionalnog dana Austrije - Predsednik Republike Kosovo - DR. VJOSA OSMANI - SADRIU","description":"Govor predsednice Jahjaga povodom Nacionalnog dana Austrije - Predsednik Republike Kosovo - DR. VJOSA OSMANI - SADRIU -","robots":{"index":"index","follow":"follow","max-snippet":"max-snippet:-1","max-image-preview":"max-image-preview:large","max-video-preview":"max-video-preview:-1"},"canonical":"https:\/\/president-ksgov.net\/fjala-e-presidentes-jahjaga-me-rastin-e-dites-kombetare-te-austrise\/","og_locale":"sr_RS","og_type":"article","og_title":"Govor predsednice Jahjaga povodom Nacionalnog dana Austrije - Predsednik Republike Kosovo - DR. VJOSA OSMANI - SADRIU","og_description":"Govor predsednice Jahjaga povodom Nacionalnog dana Austrije - Predsednik Republike Kosovo - DR. VJOSA OSMANI - SADRIU -","og_url":"https:\/\/president-ksgov.net\/fjala-e-presidentes-jahjaga-me-rastin-e-dites-kombetare-te-austrise\/","og_site_name":"Predsednik Republike Kosovo - DR. VJOSA OSMANI - SADRIU","article_published_time":"2015-10-26T20:04:21+00:00","article_modified_time":"2023-03-08T09:02:20+00:00","og_image":[{"width":1024,"height":575,"url":"https:\/\/president-ksgov.net\/wp-content\/uploads\/26_10_2015_7139571_26_10_2015_Fjala_1.jpg","type":"image\/jpeg"}],"author":"admin","twitter_card":"summary_large_image","twitter_misc":{"\u041d\u0430\u043f\u0438\u0441\u0430\u043d\u043e \u043e\u0434":"admin","\u041f\u0440\u043e\u0446\u0435\u045a\u0435\u043d\u043e \u0432\u0440\u0435\u043c\u0435 \u0447\u0438\u0442\u0430\u045a\u0430":"2 \u043c\u0438\u043d\u0443\u0442\u0430"},"schema":{"@context":"https:\/\/schema.org","@graph":[{"@type":"WebPage","@id":"https:\/\/president-ksgov.net\/fjala-e-presidentes-jahjaga-me-rastin-e-dites-kombetare-te-austrise\/","url":"https:\/\/president-ksgov.net\/fjala-e-presidentes-jahjaga-me-rastin-e-dites-kombetare-te-austrise\/","name":"Govor predsednice Jahjaga povodom Nacionalnog dana Austrije - Predsednik Republike Kosovo - DR. VJOSA OSMANI - SADRIU","isPartOf":{"@id":"https:\/\/president-ksgov.net\/#website"},"primaryImageOfPage":{"@id":"https:\/\/president-ksgov.net\/fjala-e-presidentes-jahjaga-me-rastin-e-dites-kombetare-te-austrise\/#primaryimage"},"image":{"@id":"https:\/\/president-ksgov.net\/fjala-e-presidentes-jahjaga-me-rastin-e-dites-kombetare-te-austrise\/#primaryimage"},"thumbnailUrl":"https:\/\/president-ksgov.net\/wp-content\/uploads\/26_10_2015_7139571_26_10_2015_Fjala_1.jpg","datePublished":"2015-10-26T20:04:21+00:00","dateModified":"2023-03-08T09:02:20+00:00","author":{"@id":"https:\/\/president-ksgov.net\/#\/schema\/person\/bb4337a5fb147cb2046d80548172cbee"},"description":"Govor predsednice Jahjaga povodom Nacionalnog dana Austrije - Predsednik Republike Kosovo - DR. VJOSA OSMANI - SADRIU -","breadcrumb":{"@id":"https:\/\/president-ksgov.net\/fjala-e-presidentes-jahjaga-me-rastin-e-dites-kombetare-te-austrise\/#breadcrumb"},"inLanguage":"sr-RS","potentialAction":[{"@type":"ReadAction","target":["https:\/\/president-ksgov.net\/fjala-e-presidentes-jahjaga-me-rastin-e-dites-kombetare-te-austrise\/"]}]},{"@type":"ImageObject","inLanguage":"sr-RS","@id":"https:\/\/president-ksgov.net\/fjala-e-presidentes-jahjaga-me-rastin-e-dites-kombetare-te-austrise\/#primaryimage","url":"https:\/\/president-ksgov.net\/wp-content\/uploads\/26_10_2015_7139571_26_10_2015_Fjala_1.jpg","contentUrl":"https:\/\/president-ksgov.net\/wp-content\/uploads\/26_10_2015_7139571_26_10_2015_Fjala_1.jpg","width":1024,"height":575},{"@type":"BreadcrumbList","@id":"https:\/\/president-ksgov.net\/fjala-e-presidentes-jahjaga-me-rastin-e-dites-kombetare-te-austrise\/#breadcrumb","itemListElement":[{"@type":"ListItem","position":1,"name":"Home","item":"https:\/\/president-ksgov.net\/sr\/"},{"@type":"ListItem","position":2,"name":"Govor predsednice Jahjaga povodom Nacionalnog dana Austrije"}]},{"@type":"WebSite","@id":"https:\/\/president-ksgov.net\/#website","url":"https:\/\/president-ksgov.net\/","name":"Presidente e Republik\u00ebs s\u00eb Kosov\u00ebs","description":"Presidente e Republik\u00ebs s\u00eb Kosov\u00ebs","alternateName":"DR. VJOSA OSMANI - SADRIU","potentialAction":[{"@type":"SearchAction","target":{"@type":"EntryPoint","urlTemplate":"https:\/\/president-ksgov.net\/?s={search_term_string}"},"query-input":{"@type":"PropertyValueSpecification","valueRequired":true,"valueName":"search_term_string"}}],"inLanguage":"sr-RS"},{"@type":"Person","@id":"https:\/\/president-ksgov.net\/#\/schema\/person\/bb4337a5fb147cb2046d80548172cbee","name":"admin","image":{"@type":"ImageObject","inLanguage":"sr-RS","@id":"https:\/\/president-ksgov.net\/#\/schema\/person\/image\/","url":"https:\/\/secure.gravatar.com\/avatar\/36156ca0fa3b8d9d25174f146e16beea0cf28f37adf1b9e19b6c9c279a7c9dd3?s=96&d=mm&r=g","contentUrl":"https:\/\/secure.gravatar.com\/avatar\/36156ca0fa3b8d9d25174f146e16beea0cf28f37adf1b9e19b6c9c279a7c9dd3?s=96&d=mm&r=g","caption":"admin"},"sameAs":["https:\/\/president-ksgov.net"]}]}},"_links":{"self":[{"href":"https:\/\/president-ksgov.net\/sr\/wp-json\/wp\/v2\/posts\/77145","targetHints":{"allow":["GET"]}}],"collection":[{"href":"https:\/\/president-ksgov.net\/sr\/wp-json\/wp\/v2\/posts"}],"about":[{"href":"https:\/\/president-ksgov.net\/sr\/wp-json\/wp\/v2\/types\/post"}],"author":[{"embeddable":true,"href":"https:\/\/president-ksgov.net\/sr\/wp-json\/wp\/v2\/users\/1"}],"replies":[{"embeddable":true,"href":"https:\/\/president-ksgov.net\/sr\/wp-json\/wp\/v2\/comments?post=77145"}],"version-history":[{"count":1,"href":"https:\/\/president-ksgov.net\/sr\/wp-json\/wp\/v2\/posts\/77145\/revisions"}],"predecessor-version":[{"id":81601,"href":"https:\/\/president-ksgov.net\/sr\/wp-json\/wp\/v2\/posts\/77145\/revisions\/81601"}],"wp:featuredmedia":[{"embeddable":true,"href":"https:\/\/president-ksgov.net\/sr\/wp-json\/wp\/v2\/media\/37676"}],"wp:attachment":[{"href":"https:\/\/president-ksgov.net\/sr\/wp-json\/wp\/v2\/media?parent=77145"}],"wp:term":[{"taxonomy":"category","embeddable":true,"href":"https:\/\/president-ksgov.net\/sr\/wp-json\/wp\/v2\/categories?post=77145"},{"taxonomy":"post_tag","embeddable":true,"href":"https:\/\/president-ksgov.net\/sr\/wp-json\/wp\/v2\/tags?post=77145"}],"curies":[{"name":"wp","href":"https:\/\/api.w.org\/{rel}","templated":true}]}}