{"id":77141,"date":"2015-10-28T16:10:14","date_gmt":"2015-10-28T16:10:14","guid":{"rendered":"https:\/\/dev.president-ksgov.net\/predsednica-atifete-jahjaga-docekala-je-predsednika-austrije-heinz-fischer-a\/"},"modified":"2015-10-28T16:10:14","modified_gmt":"2015-10-28T16:10:14","slug":"predsednica-atifete-jahjaga-docekala-je-predsednika-austrije-heinz-fischer-a","status":"publish","type":"post","link":"https:\/\/president-ksgov.net\/sr\/predsednica-atifete-jahjaga-docekala-je-predsednika-austrije-heinz-fischer-a\/","title":{"rendered":"Predsednica Atifete Jahjaga do\u010dekala je predsednika Austrije, Heinz Fischer-a"},"content":{"rendered":"<p>Na poziv predsednice Republike Kosova, gospo\u0111e Atifete Jahjaga, danas je na Kosovo, u zvani\u010dnu posetu stigao predsednik Austrije, gospodin Heinz Fischer. Predsednik Fischer je prvi austrijski predsednik koji pose\u0107uje Republiku Kosovo od progla&#353;enja nezavisnosti.<\/p>\n<p>U nastavku prossle\u0111ujemo izjave dvoje predsednika na zajedni\u010dkoj konfereniji za &#353;tampu nakon bilateralnog sastanka. <\/p>\n<p>Predsednica Jahjaga: Imam \u010dast da danas u zvani\u010dnoj poseti do\u010dekam predsednika Austrije, gospodina Fischer-a, prijatelja Kosova i \u010doveka koji je podr&#382;ao na&#353;u zemlju u njenim demokratskim procesima i na putu evro &#8211; atlantskih integracija. <\/p>\n<p>Predsedni\u010de Fischer, va&#353;a poseta Kosovu je najbolji dokaz nastavka prijateljstva izme\u0111u na&#353;e dve dr&#382;ave, koje je izgra\u0111eno uz toliko poverenja i sa toliko ljubavi, kao i uz razumevanje. <\/p>\n<p>Sa predsednikom Fischerom smo imali jedan izvanredno dobar i plodan sastanak. Razgovarali smo o pitanjima od zajedni\u010dkog interesa za obe na&#353;e zemlje, posebno o pitanjima na polju ekonomskog razvoja, ali svakako smo naglasili i bitnost podr&#353;ke procesa kroz koje prolazi \u010ditav region Jugoisto\u010dne Evrope. <\/p>\n<p>Predsedni\u010de Fischer, izra&#382;avam zahvalnost kosovskog naroda na podr&#353;ci koju je Austrija pru&#382;ala Kosovu u svim bitnim periodima; i te&#353;ko vreme, okon\u010davaju\u0107i rat\u00a0 koji je ostavio te&#353;ke posledice za na&#353;e dru&#353;tvo, zatim ponovna izgradnja zemlje i povratak nade kod gra\u0111ana, putem prisustva mirotvornih snaga NATO-a i drugih me\u0111unarodnih misija. Vi ste podr&#382;ali Kosovo i otvaranje jednog novog poglavlja izgradnje dr&#382;ave &#8211; stvaranja jedne inkluzivne zemlje, demokratske, razvijene, sa redom i zakonom. Austrija je zemlja gde su postavljeni temelji dr&#382;avnosti Kosova, gostoprimstva, razgovora o statusu, pod rukovodstvom izaslanika OUN-a.<\/p>\n<p>Austrija je me\u0111u prvim dr&#382;avama koje su priznale nezavisnost Kosova, poma&#382;u\u0107i i u konsolidaciji na&#353;e dr&#382;avnosti. Predsedni\u010de Fischer, nagla&#353;avam izvanredan doprinos svih onih mu&#353;karaca i &#382;ena austrijskog KFOR-a na Kosovu, koji su vi&#353;e od 16 godina pomagali kosovskom narodu, ne samo u o\u010duvanju mira i sigurnosti, nego i u uspostavljanju mostova saradnje. I vi &#8211; predsedni\u010de Fischer &#8211; vi ste \u010dovek koji je bez oklevanja podr&#382;ao ovu misiju. <\/p>\n<p>Istorija odnosa izme\u0111u na&#353;e dve dr&#382;ave je dokaz posve\u0107enosti na&#353;ih naroda slobodi i miru, kao i razumevanju. Mi smi izrazili spremnost za pro&#353;irenje saradnje izme\u0111u na&#353;ih dr&#382;ava, posebno na polju ekonomije i investicija, i duboko smo po\u010dastvovani &#353;to su deo delegacije predsednika Fischer-a i 25 velikih austrijskih investitora.\u00a0 <\/p>\n<p>Kosovo ima velikih resursa i prirodnih i ljudskih i mi stvaramo pogodniju klimu za poslovanje, pru&#382;aju\u0107i sigurnost za sve investitore. Mi &#382;elimo da pro&#353;irimo na&#353;u saradnju i da orijenti&#353;emo tr&#382;i&#353;te prema Evropskoj uniji. <\/p>\n<p>Republika Kosovo, kao i sve ostale zemlje regiona, ima jasnu evropsku perspektivu, i mi marljivo radimo kako bismo ispunili odre\u0111ene standarde i kriterijume koji nas pribli&#382;avaju velikoj evropskoj porodici. Poseta predsednika Fischer-a se dogodila samo jedan dan nakon potpisivanja Sporazuma o stabilizaciji i pridru&#382;ivanju, &#353;to je jedan istorijski korak za Kosovo u odnosima sa EU, koji priprema mesto i put prema u\u010dlanjenju. Mi o\u010dekujemo da zavr&#353;imo proces liberalizacije viza koji \u0107e na&#353;im gra\u0111anima omogu\u0107iti slobodno kretanje u zemljama EU. <\/p>\n<p>Kao jedna nova evropska dr&#382;ava svedo\u010dimo o posve\u0107enosti dobrog susedstva i o\u010duvanju stabilnosti i mira u regionu, kao i re&#353;avanju pitanja dijalogom i sporazumom. Mi smo svedo\u010dili o posve\u0107enosti da budemo neodvojivi i aktivni deo globalne arhitekture sigurnosti, bitan doprinosilac u borbi protiv ekstremizma i radikalizma, kao i podr&#382;avalac me\u0111unarodnih poku&#353;aja da se iza\u0111e u susret nasilno proteranim izbeglicama\u00a0 iz njihove zemlje.<\/p>\n<p>Republika Kosovo danas prolazi kroz bitan period, u kojem testira i unutra&#353;nju demokratiju i politi\u010dku zrelost. Re&#353;enja su unutar sistema i unutar institucija, kao i putem me\u0111usobnog dijaloga u po&#353;tovanju ustavnih i zakonskih principa. Debatom u institucijama izbegavaju se nasilni sukobi i gradi se demokratska i parlamentarna kultura, koje su neophodne kako bi se nastavio proces integracija. <\/p>\n<p>Ja verujem, da \u0107e Kosovo nastaviti da ima ovu podr&#353;ku me\u0111unarodne zajednice, odnosno i dr&#382;ave prijatelja, Austrije, u njegovom putu napred. <\/p>\n<p>I na kraju, slo&#382;ili smo se sa predsednikom Fischer-om, da obe na&#353;e zemlje pro&#353;ire saradnju na zajedni\u010dkim interesnim poljima kao &#353;to su ekonomija, trgovina, kultura, na polju reda i sigurnosti, kao i slobodno kretanje gra\u0111ana izme\u0111u na&#353;e dve zemlje. <\/p>\n<p>Gospodine predsedni\u010de, hvala vam na va&#353;oj poseti i na prijateljstvu izme\u0111u na&#353;a dva naroda. <\/p>\n<p>Predsednik Fischer: Veoma sam sretan &#353;to sam ovde, kao gost predsednice Jahjaga. Vrlo rado sam prihvatio poziv. Sastajali smo se na razli\u010ditim de&#353;avanjima i imali smo veliku saglasnost me\u0111u nama. <\/p>\n<p>Kosovo je jedno bitno pitanje za celu Evropu i principijelno pitanje, da li \u0107emo uspeti da probleme koji su nastali ovde na Kosovu re&#353;imo mirovnim putem. Ovo je bilo te&#353;ko, bilo je bolno, me\u0111utim u\u010dinjen je veliki napredak u tom pravcu. <\/p>\n<p>Mi danas stojimo tamo gde je realnost postojanje jedne nezavisne dr&#382;ave sa imenom Kosovo, koja ima sigurne granice i to je jedna evropska realnost. 111 dr&#382;ava iz celog sveta je priznalo Kosovo, me\u0111utim, put koji Kosovo treba da pre\u0111e, jo&#353; uvek nije zavr&#353;en. Ima jo&#353; mnogo drugih koraka, a neki od njih \u0107e biti te&#382;i. Naravno, i za Srbiju ima ne&#353;to &#353;to je veoma te&#353;ko. <\/p>\n<p>Me\u0111utim, put je u principu prav. Mi &#382;elimo da zajedno kora\u010damo ovim putem i mi &#382;elimo da ovaj put pre\u0111emo u miru. <\/p>\n<p>Danas, ovde mogu da vam srda\u010dno \u010destitam na ju\u010dera&#353;njem potpisivanju Sporazuma o stabilizaciji i pridru&#382;ivanju sa EU-om. Na ovom projektu se radilo puno, ovo nije dato Kosovu kao poklon, ve\u0107 je zavr&#353;eno jako puno posla. Me\u0111utim, uspeli ste. Ovo je jedan bitan korak. Ja sam rekao gospo\u0111i predsednici, koju veoma po&#353;tujem. Za nas je \u010dinjenica, i ja govorim u ime Austrije, ali ovako je i za druge dr&#382;ave EU, za nas je normalno da proces evropskih integracija nije zavr&#353;en, dok ovih &#353;est dr&#382;ava , koje zovemo Zapadni Balkan, ne postanu pravi\u010dne i jednake \u010dlanice Evropske unije. Dakle, da postanu deo mirovnih projekata Evrope.\u00a0 <\/p>\n<p>&#352;to se ti\u010de liberalizacije viza, ovo je naredni korak, koji je na testu. Kosovo je i u tom pravcu zavr&#353;ilo puno poslova i mislim da ve\u0107ina dr&#382;ava EU radi na ovom pitanju i zainteresovane su za okon\u010danje ovog pitanja. Mi danas treba da radimo, da ovaj korak, u bliskoj budu\u0107nosti postane realnost. <\/p>\n<p>Ekonomska saradnja izme\u0111u Kosova i dr&#382;ava Evropske unije, je veoma bitna. Austrija se trudi da pristupi Kosovu na aktivan na\u010din, da aktivira institucije, preduze\u0107a, da ih ohrabri da budu aktivniji i da investiraju u Kosovo. <\/p>\n<p>U okviru na&#353;e posete, mi \u0107emo imati jedan ekonomski forum, gde \u0107e u\u010destvovati oko 25 austrijskih firmi, koje se trude da pro&#353;ire njihove aktivnosti na Kosovu. Ovo pro&#353;irenje \u0107e se dogoditi kada i Kosovo preduzme korake, kao &#353;to su pove\u0107anje sigurnosti, funkcionisanje pravde, kada korupcija u ekonomskim procesima ne bude igrala bitnu ulogu. Sve ovo su bitni elementi za dalje pro&#353;irenje ekonomske saradnje. Dakle, sve strane treba da se trude. <\/p>\n<p>Mi s interesom posmatramo rast i ja\u010danje demokratskog sistema na Kosovu, saradnju izme\u0111u Vlade i opozicije, stvar koja je u svim demokratijama problem, &#353;to mo&#382;e biti ozbiljan problem i gde mogu postojati te&#353;ki trenuci. Me\u0111utim, uz dobru volju, ove pote&#353;ko\u0107e se mogu prevazi\u0107i. Kroz ovo su pro&#353;le i druge demokratske dr&#382;ave. I za Kosovo \u0107e biti dobrog i solidnog demokratskog sistema i jedan dobar zakonski osnov, koji \u0107e slu&#382;iti i za re&#353;avanje problema. <\/p>\n<p>Veoma podr&#382;avamo aktivnosti KFOR-a. Ja \u0107u posetiti kontigent austrijskog KFOR-a i mogu vam re\u0107i da sam ja danas ube\u0111en da \u0107u se sutra po podne vratiti sa dobrim utiscima iz posete i razgovora koji su\u00a0 se ovde odvili. <\/p>\n<p>Pitanja:<br \/>\nRTK: Pitanje za oba predsednika. Gospo\u0111o predsednice, politi\u010dka kriza u zemlji se produbljuje, imaju\u0107i u vidu dijametralno suprotne stavove pozicije i opozicije. U okviru va&#353;eg ustavnog anga&#382;ovanja, imali ste sastanke sa liderima politi\u010dkih stranaka, zatim je diskutovano o mogu\u0107nosti da sporazumi u Briselu budu poslati Ustavnom sudu kako bi se protuma\u010dio sporazum i radi drugih koraka, ali \u010dini se da ova anga&#382;ovanja jo&#353; uvek nisu donela rezultate. I &#353;ta je ostalo na vama da uradite gospo\u0111o predsednice i kako vidite put za prevazila&#382;enje ove nastale situacije? <\/p>\n<p>Predsedni\u010de Ficher, Kosovo prolazi kroz jedan trenutak, koji \u010dini se da nije nimalo lak i suo\u010dava se sa njim po prvi put. Pozicija i opozicija nastavljaju da imaju suprotne stavove o me\u0111unarodnom sporazumu u Briselu, kao i o onom o demarkaciji. &#352;ta mislite, kako se mo&#382;e prevazi\u0107i ova situacija i kako \u0107e, prema vama, uticati, ovo nastalo stanje s gledi&#353;ta evropskih integracija Kosova kada imamo u vidu da je potpisan SSP.\u00a0 <\/p>\n<p>Predsednica Jahjaga: Kao &#353;to znate, pro&#353;le nedelje sam imala odvojene sastanke sa pozicijom i opozicijom, uz trud da se prevazi\u0111e nastalo stanje u Skup&#353;tini Kosova. Na&#382;alost, moj poziv za jedan zajedni\u010dki sastanak sa politi\u010dkim spektrom jo&#353; uvek nije prihva\u0107en od strane opozicije, ali naravno da moj poziv jo&#353; uvek ostaje otvoren i o\u010dekujem da vidim volju i poverenje od strane politi\u010dkih subjekata, kako bismo prevazi&#353;li ovu situaciju u kojoj se nalazimo. Na odvojenim sastancima, koje sam imala sa premijerom zemlje, sa zamenikom premijera, kao i sa liderima opozicije, predlo&#382;ila sam da se u okviru mojih ustavnih nadle&#382;nosti obratim Ustavnom sudu, kako bi se razmotrila podudarnost principa zajednice sa Ustavom Republike Kosova. Ovaj moj predlog je pozdravljen i ja \u0107u se obratiti Ustavnom sudu. <\/p>\n<p>Predsednik Fischer: Ja pa&#382;ljivo posmatram ove teme. Ja sam naravno predsednik Federacije, koji u Austriji ne okleva da odgovori na aktuelna pitanja. Me\u0111utim, u drugim dr&#382;avama, da se izrazim o problemima dr&#382;ave doma\u0107ina, onda treba da budem pa&#382;ljiv i da oklevam. Mogu vam re\u0107i da je sporazum o demarkaciji izme\u0111u Kosova i Crne Gore potpisan u Be\u010du, zajedno sa drugim sporazumom o demarkaciji sa jo&#353; dve dr&#382;ave. <\/p>\n<p>Dobro je &#353;to se dosada&#353;nji nere&#353;eni problemi re&#353;avaju na osnovu pregovora. Dakle, bez me&#353;anja u unutra&#353;nja pitanja Kosova, treba da postoji jedan rezultat, da se te&#382;i pregovorima i da se zatim sprovode od strane obe strane u pregovorima. <\/p>\n<p>Druga ta\u010dka, koju ste vi spomenuli, je naravno Sporazum o srpskoj zajednici. Ja sam prou\u010davao ovu temu, dakle ovde nije re\u010d o tome da imamo neki novi ustavni okvir, ve\u0107 je re\u010d o tome da se ova zajednica, ove op&#353;tine, da imaju pravo da se ujedine i s toga mislim da bi ovo u praksi\u00a0 moglo da funkcioni&#353;e i da bi moglo da funkcioni&#353;e dobro ukoliko u\u010desnici poka&#382;u dobru volju. Me\u0111utim, Parlament u ovoj dr&#382;avi, institucije ove dr&#382;ave treba da donesu ovu odluku\u00a0 i ja imam potpuno poverenje u kapacitete re&#353;avanja koje imaju institucije Kosova. <\/p>\n<p>Elisabeth Hilgarth, iz Austrijske novinske agencije: Kosovo napreduje prema Evropskoj uniji. Potpisan je sporazum SSP i bilo je prevazila&#382;enja situacija sa Beogradom. Me\u0111utim, u Parlamentu jo&#353; uvek ima suzavaca. Da li mislite da je na Kosovu, demokratski proces onakav kakav treba da bude ili, da li se pribli&#382;ava Evropskoj uniji kosovski demokratski postupak? <\/p>\n<p>Gospodine FIscher, ja vas pitam, u ime me\u0111unarodnih novinara, koji su me pitali o situaciji u Austriji, sada, jer je ministar unutra&#353;njih poslova rekao da &#382;eli da postavi ogradu kako bi spre\u010dio priliv izbeglica. Jedna izjava u vezi toga? <\/p>\n<p>Predsednica Jahjaga: Sve me\u0111unarodne obaveze koje je Kosovo preuzelo, ne samo u ovom slu\u010daju, ve\u0107 i u drugim slu\u010dajevima, ispunilo je odgovorno i u potpunosti. Ovo ima veze sa procesom, jer ste se vi pozvali na bacanje suzavca u Skup&#353;tini Kosova. Kao &#353;to je i ranije re\u010deno, postoje izazovi kroz koje Kosovo prolazi. I javno, i na redovnim sastancima nasilje je ka&#382;njivo, to nije forma preno&#353;enja potrebne poruke, ali re&#353;enja su unutar institucionalnog &#382;ivota, unutar institucija Republike Kosova. <\/p>\n<p>I poslednji moji postupci i predlozi da se principi zajednice srpskih op&#353;tina na Kosovu po&#353;alju u Ustavni sud Kosova, jeste institucionalni postupak i sva re&#353;enja su doneta i done\u0107e se unutar institucija Republike Kosova.<\/p>\n<p>Sam ju\u010dera&#353;nji korak potpisivanja Sporazuma o stabilizaciji i pridru&#382;ivanju u Strazburu od strane premijera Republike Kosova, jeste potrebna poruka da Kosovo i njegov narod, i svi njegovi gra\u0111ani su u potrebnom trenutku dobili od strane EU o politici pro&#353;irenja, ne samo za Kosovo, ve\u0107 i za sve zemlje regiona. <\/p>\n<p>Budu\u0107nost Kosova i svih zemalja Zapadnog Balkana jeste prema procesima evro-atlantskih integracija i ni u jednom trenutku ne\u0107emo skrenuti sa ovog cilja i od ove alternative i vizije koja je jedina za nas. <\/p>\n<p>Predsednik Fischer: Austrija je dr&#382;ava koja ima puno iskustva sa izbeglicama, koje su poslednjim decenijama konstantno dolazile nakon Ma\u0111arske revolucije, nakon Pra&#353;kog prole\u0107a, nakon civilnih ratova u Jugoslaviji, posebno nakon rata u Bosni, i tako redom. <\/p>\n<p>Aktuelno, postoji jedan kvantitet izbeglica, koji nikad ranije nismo imali i dakle ove godine, 2015. godine se predvi\u0111a, da je vi&#353;e od 500 hiljada ljudi pre&#353;lo granicu sa Austrijom. Najve\u0107i deo njih ide dalje, u Nema\u010dku, me\u0111utim, i oni koji &#8220;samo prolaze kroz Austriju&#8221; stvaraju velike potrebe u organizaciji i velike probleme u organizaciji i logistici, koje treba re&#353;iti. Dakle, mi ra\u010dunamo da \u0107emo\u00a0 ove godine imati oko 80 hiljada zahteva za azil da odobrimo kako bi im se omogu\u0107io azil u Austriji. A mi, smo se do sada trudili da ovo uradimo u na&#353;im najboljim snagama, me\u0111utim svedo\u010di se da smo dostigli granice na&#353;ih kapaciteta, dakle Federalna Vlada Austrije, ovo mogu da ka&#382;em i sa drugim dr&#382;avama je tako, trudimo se da se pripremimo kako bismo mogli da pristupimo tome. Ka&#382;em da \u0107emo imati puno izbeglica, koje \u0107e prolaziti kroz Austriju, a neke druge \u0107e mo&#382;da ostati u Austriji, kako mo&#382;emo da prevazi\u0111emo ovaj problem na najbolji na\u010din. Do sada, niko nije upoznat sa detaljima oko ovog pitanja, u vezi sa ogradom ili pomo\u0107nim sredstvima, me\u0111utim ovaj problem postoji i kao &#353;to je ranije re\u010deno Federalan Vlada Austrije se trudi da ispuni tehni\u010dke i organizacione uslove i da ih pobolj&#353;a kako bi dalje tretirala mogu\u0107e probleme. Me\u0111utim, posebna pa&#382;nja ili ve\u0107a pa&#382;nja \u0107e biti posve\u0107ena spoljnim granicama EU kako bi se kontrolisale na &#353;to bolji na\u010din i kako bi raspodela izbeglica &#353;to bolje funkcionisala unutar Evrope. Samo ukoliko ova optere\u0107enja podelimo jednako, onda se mogu izneti od strane svih dr&#382;ava.\u00a0<\/p>\n","protected":false},"excerpt":{"rendered":"<p>Na poziv predsednice Republike Kosova, gospo\u0111e Atifete Jahjaga, danas je na Kosovo, u zvani\u010dnu posetu stigao predsednik Austrije, gospodin Heinz Fischer. Predsednik Fischer je prvi austrijski predsednik koji pose\u0107uje Republiku Kosovo od progla&#353;enja nezavisnosti.<\/p>\n","protected":false},"author":1,"featured_media":37636,"comment_status":"open","ping_status":"closed","sticky":false,"template":"","format":"standard","meta":{"_eb_attr":"","footnotes":""},"categories":[101],"tags":[],"class_list":["post-77141","post","type-post","status-publish","format-standard","has-post-thumbnail","hentry","category-vesti"],"yoast_head":"<!-- This site is optimized with the Yoast SEO plugin v23.5 - https:\/\/yoast.com\/wordpress\/plugins\/seo\/ -->\n<title>Predsednica Atifete Jahjaga do\u010dekala je predsednika Austrije, Heinz Fischer-a - Predsednik Republike Kosovo - DR. VJOSA OSMANI - SADRIU<\/title>\n<meta name=\"description\" content=\"Predsednica Atifete Jahjaga do\u010dekala je predsednika Austrije, Heinz Fischer-a - Predsednik Republike Kosovo - DR. VJOSA OSMANI - SADRIU -\" \/>\n<meta name=\"robots\" content=\"index, follow, max-snippet:-1, max-image-preview:large, max-video-preview:-1\" \/>\n<link rel=\"canonical\" href=\"https:\/\/president-ksgov.net\/sr\/predsednica-atifete-jahjaga-docekala-je-predsednika-austrije-heinz-fischer-a\/\" \/>\n<meta property=\"og:locale\" content=\"sr_RS\" \/>\n<meta property=\"og:type\" content=\"article\" \/>\n<meta property=\"og:title\" content=\"Predsednica Atifete Jahjaga do\u010dekala je predsednika Austrije, Heinz Fischer-a - Predsednik Republike Kosovo - DR. VJOSA OSMANI - SADRIU\" \/>\n<meta property=\"og:description\" content=\"Predsednica Atifete Jahjaga do\u010dekala je predsednika Austrije, Heinz Fischer-a - Predsednik Republike Kosovo - DR. VJOSA OSMANI - SADRIU -\" \/>\n<meta property=\"og:url\" content=\"https:\/\/president-ksgov.net\/sr\/predsednica-atifete-jahjaga-docekala-je-predsednika-austrije-heinz-fischer-a\/\" \/>\n<meta property=\"og:site_name\" content=\"Predsednik Republike Kosovo - DR. VJOSA OSMANI - SADRIU\" \/>\n<meta property=\"article:published_time\" content=\"2015-10-28T16:10:14+00:00\" \/>\n<meta property=\"og:image\" content=\"https:\/\/president-ksgov.net\/wp-content\/uploads\/28_10_2015_4306649_Presidenti_Austriak_1.jpg\" \/>\n\t<meta property=\"og:image:width\" content=\"1024\" \/>\n\t<meta property=\"og:image:height\" content=\"644\" \/>\n\t<meta property=\"og:image:type\" content=\"image\/jpeg\" \/>\n<meta name=\"author\" content=\"admin\" \/>\n<meta name=\"twitter:card\" content=\"summary_large_image\" \/>\n<meta name=\"twitter:label1\" content=\"\u041d\u0430\u043f\u0438\u0441\u0430\u043d\u043e \u043e\u0434\" \/>\n\t<meta name=\"twitter:data1\" content=\"admin\" \/>\n\t<meta name=\"twitter:label2\" content=\"\u041f\u0440\u043e\u0446\u0435\u045a\u0435\u043d\u043e \u0432\u0440\u0435\u043c\u0435 \u0447\u0438\u0442\u0430\u045a\u0430\" \/>\n\t<meta name=\"twitter:data2\" content=\"13 \u043c\u0438\u043d\u0443\u0442\u0430\" \/>\n<script type=\"application\/ld+json\" class=\"yoast-schema-graph\">{\"@context\":\"https:\/\/schema.org\",\"@graph\":[{\"@type\":\"WebPage\",\"@id\":\"https:\/\/president-ksgov.net\/sr\/predsednica-atifete-jahjaga-docekala-je-predsednika-austrije-heinz-fischer-a\/\",\"url\":\"https:\/\/president-ksgov.net\/sr\/predsednica-atifete-jahjaga-docekala-je-predsednika-austrije-heinz-fischer-a\/\",\"name\":\"Predsednica Atifete Jahjaga do\u010dekala je predsednika Austrije, Heinz Fischer-a - Predsednik Republike Kosovo - DR. VJOSA OSMANI - SADRIU\",\"isPartOf\":{\"@id\":\"https:\/\/president-ksgov.net\/#website\"},\"primaryImageOfPage\":{\"@id\":\"https:\/\/president-ksgov.net\/sr\/predsednica-atifete-jahjaga-docekala-je-predsednika-austrije-heinz-fischer-a\/#primaryimage\"},\"image\":{\"@id\":\"https:\/\/president-ksgov.net\/sr\/predsednica-atifete-jahjaga-docekala-je-predsednika-austrije-heinz-fischer-a\/#primaryimage\"},\"thumbnailUrl\":\"https:\/\/president-ksgov.net\/wp-content\/uploads\/28_10_2015_4306649_Presidenti_Austriak_1.jpg\",\"datePublished\":\"2015-10-28T16:10:14+00:00\",\"dateModified\":\"2015-10-28T16:10:14+00:00\",\"author\":{\"@id\":\"https:\/\/president-ksgov.net\/#\/schema\/person\/bb4337a5fb147cb2046d80548172cbee\"},\"description\":\"Predsednica Atifete Jahjaga do\u010dekala je predsednika Austrije, Heinz Fischer-a - Predsednik Republike Kosovo - DR. VJOSA OSMANI - SADRIU -\",\"breadcrumb\":{\"@id\":\"https:\/\/president-ksgov.net\/sr\/predsednica-atifete-jahjaga-docekala-je-predsednika-austrije-heinz-fischer-a\/#breadcrumb\"},\"inLanguage\":\"sr-RS\",\"potentialAction\":[{\"@type\":\"ReadAction\",\"target\":[\"https:\/\/president-ksgov.net\/sr\/predsednica-atifete-jahjaga-docekala-je-predsednika-austrije-heinz-fischer-a\/\"]}]},{\"@type\":\"ImageObject\",\"inLanguage\":\"sr-RS\",\"@id\":\"https:\/\/president-ksgov.net\/sr\/predsednica-atifete-jahjaga-docekala-je-predsednika-austrije-heinz-fischer-a\/#primaryimage\",\"url\":\"https:\/\/president-ksgov.net\/wp-content\/uploads\/28_10_2015_4306649_Presidenti_Austriak_1.jpg\",\"contentUrl\":\"https:\/\/president-ksgov.net\/wp-content\/uploads\/28_10_2015_4306649_Presidenti_Austriak_1.jpg\",\"width\":1024,\"height\":644},{\"@type\":\"BreadcrumbList\",\"@id\":\"https:\/\/president-ksgov.net\/sr\/predsednica-atifete-jahjaga-docekala-je-predsednika-austrije-heinz-fischer-a\/#breadcrumb\",\"itemListElement\":[{\"@type\":\"ListItem\",\"position\":1,\"name\":\"Home\",\"item\":\"https:\/\/president-ksgov.net\/sr\/\"},{\"@type\":\"ListItem\",\"position\":2,\"name\":\"Predsednica Atifete Jahjaga do\u010dekala je predsednika Austrije, Heinz Fischer-a\"}]},{\"@type\":\"WebSite\",\"@id\":\"https:\/\/president-ksgov.net\/#website\",\"url\":\"https:\/\/president-ksgov.net\/\",\"name\":\"Presidente e Republik\u00ebs s\u00eb Kosov\u00ebs\",\"description\":\"Presidente e Republik\u00ebs s\u00eb Kosov\u00ebs\",\"alternateName\":\"DR. VJOSA OSMANI - SADRIU\",\"potentialAction\":[{\"@type\":\"SearchAction\",\"target\":{\"@type\":\"EntryPoint\",\"urlTemplate\":\"https:\/\/president-ksgov.net\/?s={search_term_string}\"},\"query-input\":{\"@type\":\"PropertyValueSpecification\",\"valueRequired\":true,\"valueName\":\"search_term_string\"}}],\"inLanguage\":\"sr-RS\"},{\"@type\":\"Person\",\"@id\":\"https:\/\/president-ksgov.net\/#\/schema\/person\/bb4337a5fb147cb2046d80548172cbee\",\"name\":\"admin\",\"image\":{\"@type\":\"ImageObject\",\"inLanguage\":\"sr-RS\",\"@id\":\"https:\/\/president-ksgov.net\/#\/schema\/person\/image\/\",\"url\":\"https:\/\/secure.gravatar.com\/avatar\/36156ca0fa3b8d9d25174f146e16beea0cf28f37adf1b9e19b6c9c279a7c9dd3?s=96&d=mm&r=g\",\"contentUrl\":\"https:\/\/secure.gravatar.com\/avatar\/36156ca0fa3b8d9d25174f146e16beea0cf28f37adf1b9e19b6c9c279a7c9dd3?s=96&d=mm&r=g\",\"caption\":\"admin\"},\"sameAs\":[\"https:\/\/president-ksgov.net\"]}]}<\/script>\n<!-- \/ Yoast SEO plugin. -->","yoast_head_json":{"title":"Predsednica Atifete Jahjaga do\u010dekala je predsednika Austrije, Heinz Fischer-a - Predsednik Republike Kosovo - DR. VJOSA OSMANI - SADRIU","description":"Predsednica Atifete Jahjaga do\u010dekala je predsednika Austrije, Heinz Fischer-a - Predsednik Republike Kosovo - DR. VJOSA OSMANI - SADRIU -","robots":{"index":"index","follow":"follow","max-snippet":"max-snippet:-1","max-image-preview":"max-image-preview:large","max-video-preview":"max-video-preview:-1"},"canonical":"https:\/\/president-ksgov.net\/sr\/predsednica-atifete-jahjaga-docekala-je-predsednika-austrije-heinz-fischer-a\/","og_locale":"sr_RS","og_type":"article","og_title":"Predsednica Atifete Jahjaga do\u010dekala je predsednika Austrije, Heinz Fischer-a - Predsednik Republike Kosovo - DR. VJOSA OSMANI - SADRIU","og_description":"Predsednica Atifete Jahjaga do\u010dekala je predsednika Austrije, Heinz Fischer-a - Predsednik Republike Kosovo - DR. VJOSA OSMANI - SADRIU -","og_url":"https:\/\/president-ksgov.net\/sr\/predsednica-atifete-jahjaga-docekala-je-predsednika-austrije-heinz-fischer-a\/","og_site_name":"Predsednik Republike Kosovo - DR. VJOSA OSMANI - SADRIU","article_published_time":"2015-10-28T16:10:14+00:00","og_image":[{"width":1024,"height":644,"url":"https:\/\/president-ksgov.net\/wp-content\/uploads\/28_10_2015_4306649_Presidenti_Austriak_1.jpg","type":"image\/jpeg"}],"author":"admin","twitter_card":"summary_large_image","twitter_misc":{"\u041d\u0430\u043f\u0438\u0441\u0430\u043d\u043e \u043e\u0434":"admin","\u041f\u0440\u043e\u0446\u0435\u045a\u0435\u043d\u043e \u0432\u0440\u0435\u043c\u0435 \u0447\u0438\u0442\u0430\u045a\u0430":"13 \u043c\u0438\u043d\u0443\u0442\u0430"},"schema":{"@context":"https:\/\/schema.org","@graph":[{"@type":"WebPage","@id":"https:\/\/president-ksgov.net\/sr\/predsednica-atifete-jahjaga-docekala-je-predsednika-austrije-heinz-fischer-a\/","url":"https:\/\/president-ksgov.net\/sr\/predsednica-atifete-jahjaga-docekala-je-predsednika-austrije-heinz-fischer-a\/","name":"Predsednica Atifete Jahjaga do\u010dekala je predsednika Austrije, Heinz Fischer-a - Predsednik Republike Kosovo - DR. VJOSA OSMANI - SADRIU","isPartOf":{"@id":"https:\/\/president-ksgov.net\/#website"},"primaryImageOfPage":{"@id":"https:\/\/president-ksgov.net\/sr\/predsednica-atifete-jahjaga-docekala-je-predsednika-austrije-heinz-fischer-a\/#primaryimage"},"image":{"@id":"https:\/\/president-ksgov.net\/sr\/predsednica-atifete-jahjaga-docekala-je-predsednika-austrije-heinz-fischer-a\/#primaryimage"},"thumbnailUrl":"https:\/\/president-ksgov.net\/wp-content\/uploads\/28_10_2015_4306649_Presidenti_Austriak_1.jpg","datePublished":"2015-10-28T16:10:14+00:00","dateModified":"2015-10-28T16:10:14+00:00","author":{"@id":"https:\/\/president-ksgov.net\/#\/schema\/person\/bb4337a5fb147cb2046d80548172cbee"},"description":"Predsednica Atifete Jahjaga do\u010dekala je predsednika Austrije, Heinz Fischer-a - Predsednik Republike Kosovo - DR. VJOSA OSMANI - SADRIU -","breadcrumb":{"@id":"https:\/\/president-ksgov.net\/sr\/predsednica-atifete-jahjaga-docekala-je-predsednika-austrije-heinz-fischer-a\/#breadcrumb"},"inLanguage":"sr-RS","potentialAction":[{"@type":"ReadAction","target":["https:\/\/president-ksgov.net\/sr\/predsednica-atifete-jahjaga-docekala-je-predsednika-austrije-heinz-fischer-a\/"]}]},{"@type":"ImageObject","inLanguage":"sr-RS","@id":"https:\/\/president-ksgov.net\/sr\/predsednica-atifete-jahjaga-docekala-je-predsednika-austrije-heinz-fischer-a\/#primaryimage","url":"https:\/\/president-ksgov.net\/wp-content\/uploads\/28_10_2015_4306649_Presidenti_Austriak_1.jpg","contentUrl":"https:\/\/president-ksgov.net\/wp-content\/uploads\/28_10_2015_4306649_Presidenti_Austriak_1.jpg","width":1024,"height":644},{"@type":"BreadcrumbList","@id":"https:\/\/president-ksgov.net\/sr\/predsednica-atifete-jahjaga-docekala-je-predsednika-austrije-heinz-fischer-a\/#breadcrumb","itemListElement":[{"@type":"ListItem","position":1,"name":"Home","item":"https:\/\/president-ksgov.net\/sr\/"},{"@type":"ListItem","position":2,"name":"Predsednica Atifete Jahjaga do\u010dekala je predsednika Austrije, Heinz Fischer-a"}]},{"@type":"WebSite","@id":"https:\/\/president-ksgov.net\/#website","url":"https:\/\/president-ksgov.net\/","name":"Presidente e Republik\u00ebs s\u00eb Kosov\u00ebs","description":"Presidente e Republik\u00ebs s\u00eb Kosov\u00ebs","alternateName":"DR. VJOSA OSMANI - SADRIU","potentialAction":[{"@type":"SearchAction","target":{"@type":"EntryPoint","urlTemplate":"https:\/\/president-ksgov.net\/?s={search_term_string}"},"query-input":{"@type":"PropertyValueSpecification","valueRequired":true,"valueName":"search_term_string"}}],"inLanguage":"sr-RS"},{"@type":"Person","@id":"https:\/\/president-ksgov.net\/#\/schema\/person\/bb4337a5fb147cb2046d80548172cbee","name":"admin","image":{"@type":"ImageObject","inLanguage":"sr-RS","@id":"https:\/\/president-ksgov.net\/#\/schema\/person\/image\/","url":"https:\/\/secure.gravatar.com\/avatar\/36156ca0fa3b8d9d25174f146e16beea0cf28f37adf1b9e19b6c9c279a7c9dd3?s=96&d=mm&r=g","contentUrl":"https:\/\/secure.gravatar.com\/avatar\/36156ca0fa3b8d9d25174f146e16beea0cf28f37adf1b9e19b6c9c279a7c9dd3?s=96&d=mm&r=g","caption":"admin"},"sameAs":["https:\/\/president-ksgov.net"]}]}},"_links":{"self":[{"href":"https:\/\/president-ksgov.net\/sr\/wp-json\/wp\/v2\/posts\/77141","targetHints":{"allow":["GET"]}}],"collection":[{"href":"https:\/\/president-ksgov.net\/sr\/wp-json\/wp\/v2\/posts"}],"about":[{"href":"https:\/\/president-ksgov.net\/sr\/wp-json\/wp\/v2\/types\/post"}],"author":[{"embeddable":true,"href":"https:\/\/president-ksgov.net\/sr\/wp-json\/wp\/v2\/users\/1"}],"replies":[{"embeddable":true,"href":"https:\/\/president-ksgov.net\/sr\/wp-json\/wp\/v2\/comments?post=77141"}],"version-history":[{"count":0,"href":"https:\/\/president-ksgov.net\/sr\/wp-json\/wp\/v2\/posts\/77141\/revisions"}],"wp:featuredmedia":[{"embeddable":true,"href":"https:\/\/president-ksgov.net\/sr\/wp-json\/wp\/v2\/media\/37636"}],"wp:attachment":[{"href":"https:\/\/president-ksgov.net\/sr\/wp-json\/wp\/v2\/media?parent=77141"}],"wp:term":[{"taxonomy":"category","embeddable":true,"href":"https:\/\/president-ksgov.net\/sr\/wp-json\/wp\/v2\/categories?post=77141"},{"taxonomy":"post_tag","embeddable":true,"href":"https:\/\/president-ksgov.net\/sr\/wp-json\/wp\/v2\/tags?post=77141"}],"curies":[{"name":"wp","href":"https:\/\/api.w.org\/{rel}","templated":true}]}}