{"id":77139,"date":"2015-10-29T13:32:29","date_gmt":"2015-10-29T13:32:29","guid":{"rendered":"https:\/\/dev.president-ksgov.net\/govor-predsednice-jahjaga-na-kosovsko-austrijskom-ekonomskom-forumu\/"},"modified":"2023-03-08T09:02:19","modified_gmt":"2023-03-08T09:02:19","slug":"govor-predsednice-jahjaga-na-kosovsko-austrijskom-ekonomskom-forumu","status":"publish","type":"post","link":"https:\/\/president-ksgov.net\/sr\/govor-predsednice-jahjaga-na-kosovsko-austrijskom-ekonomskom-forumu\/","title":{"rendered":"Govor predsednice Jahjaga na Kosovsko-austrijskom ekonomskom forumu"},"content":{"rendered":"<p>Ovu nedelju mo&#382;emo nazvati nedeljom ja\u010danja kosovsko-austrijskih odnosa. U ponedeljak sam u\u010destvovala na proslavi obele&#382;avanja 60. godi&#353;njice nezavisnosti i deklaracije stalne neutralnosti Austrije. Ju\u010de i danas sam odr&#382;ala intenzivne sastanke sa Njegovom ekselencijom, predsednikom Fischer-om, na kojima smo ocenili posve\u0107enost na&#353;e dve dr&#382;ave miru, demokratiji i stabilnosti u regionu. Iznad svega, razgovarali smo o bilateralnim odnosima i pove\u0107anju ekonomske, investicione i trgovinske saradnje izme\u0111u na&#353;ih dr&#382;ava. Sada sam sre\u0107na &#353;to zajedno sa vama, \u010dinimo druge korake na konkretizovanju na&#353;ih odnosa stimuli&#353;u\u0107i saradnju u privatnom sektoru i pove\u0107anje austrijskih investicija na Kosovu. Kosovo je relativno nova destinacija za strane investitore. Nasuprot tome, moja zemlja pru&#382;a mnogo mogu\u0107nosti za investicije i sve povoljniju poslovnu klimu.<\/p>\n<p>Po&#353;tovani g. predsedni\u010de Fischer,<br \/>\nAmbasadore Brieger,<br \/>\nAmbasadore Ukelli,<br \/>\nPredsedavaju\u0107i EKK-a, g. G\u00ebrxhaliu<br \/>\nZameni\u010de predsedavaju\u0107eg Ekonomske komore Austrije,<br \/>\nPo&#353;tovani biznismeni,<br \/>\nDame i gospodo, <\/p>\n<p>Ovu nedelju mo&#382;emo nazvati nedeljom ja\u010danja kosovsko-austrijskih odnosa. U ponedeljak sam u\u010destvovala na proslavi obele&#382;avanja 60. godi&#353;njice nezavisnosti i deklaracije stalne neutralnosti Austrije. Ju\u010de i danas sam odr&#382;ala intenzivne sastanke sa Njegovom ekselencijom, predsednikom Fischer-om, na kojima smo ocenili posve\u0107enost na&#353;e dve dr&#382;ave miru, demokratiji i stabilnosti u regionu. Iznad svega, razgovarali smo o bilateralnim odnosima i pove\u0107anju ekonomske, investicione i trgovinske saradnje izme\u0111u na&#353;ih dr&#382;ava. Sada sam sre\u0107na &#353;to zajedno sa vama, \u010dinimo druge korake na konkretizovanju na&#353;ih odnosa stimuli&#353;u\u0107i saradnju u privatnom sektoru i pove\u0107anje austrijskih investicija na Kosovu. Kosovo je relativno nova destinacija za strane investitore. Nasuprot tome, moja zemlja pru&#382;a mnogo mogu\u0107nosti za investicije i sve povoljniju poslovnu klimu. <\/p>\n<p>Uop&#353;teno, na&#353;a ekonomija je nastavila da raste neprekidno, jo&#353; od progla&#353;enja nezavisnosti. Suo\u010davanje sa efektima tranzicije, globalne ekonomske i finansijske krize sa unutra&#353;njim strukturnim izazovima, danas je na&#353; prioritet. Na&#353;e institucije su posve\u0107ene konstantnim reformama u otklanjanju birokratskih barijera, u vladavini zakona, pobolj&#353;anju infrastrukture i poslovne klime.<\/p>\n<p>Tradicionalno, Austrija je uvek stajala rame uz rame sa te&#382;njama kosovskog naroda o miru, slobodi i napretku. Be\u010d su vrata na&#353;eg regiona prema EU i vrata EU prema regionu. Danas smo sre\u0107ni &#353;to smo postigli da privu\u010demo ozbiljne austrijske investicije, posebno u finansijskom o bezbednosnom sektoru. Prisustvo ovih kompanija na Kosovu donelo je nova iskustva na na&#353;em tr&#382;i&#353;tu i stvorilo je pogodnu infrastrukturu za doma\u0107e poslovanje kao i za strane investitore. <\/p>\n<p>Me\u0111utim, nivo na&#353;e trgovinske saradnje i malo prisustvo austrijskih kompanija na Kosovu pokazuje da je ostalo jo&#353; mnogo neiskori&#353;\u0107enih potencijala. Mi smo svesni o rezervama koje imaju austrijske kompanije za investiranje na Kosovu. Mi smo tako\u0111e svesni, da se jedan broj njih, koje imaju potencijal da investiraju van, aktuelno nalazi u periodu unutra&#353;nje konsolidacije, kao posledice svetske finansijske krize. <\/p>\n<p>Ali, ponekada su upravo ovi trenuci konsolidacije i ponovne orijentacije, oni koji mogu da slu&#382;e kao podsticaj za nove inicijative. Ja sam danas veoma ohrabrena va&#353;im velikim prisustvom ovde. Nadam se da \u0107ete tokom va&#353;eg prisustva imati priliku da razmotrite sve mogu\u0107nosti, ideje, brige i &#353;anse, kako sa va&#353;im doma\u0107im partnerima, tako i sa predstavnicima kosovskih institucijama pre nego &#353;to donesete va&#353;e odluke. Uveravam vas da \u0107e moja vrata uvek biti otvorena za vas i da \u0107e moje anga&#382;ovanje biti maksimalno kako bih olak&#353;ala va&#353;e poku&#353;aje u ostvarivanju investicionih projekata od obostranog interesa na&#353;ih naroda i na&#353;ih zemalja. <\/p>\n<p>Predsedni\u010de Fischer, prijatelju, dozvolite mi da vam izrazim moju sna&#382;nu zahvalnost &#353;to ste u okviru ove posete Kosovu, do&#353;li zajedno da najpoznatijim biznismenima Austrije, kako biste videli mogu\u0107nosti produbljenja saradnje na polju ekonomije i investicija jer jedna stabilna privreda i dobro dobrostanje za na&#353;e gra\u0111ane, jo&#353; vi&#353;e oja\u010dava temelj na&#353;e dr&#382;ave i dobrostanje na&#353;ih gra\u0111ana.<\/p>\n<p>Hvala vam puno!\u00a0<\/p>\n","protected":false},"excerpt":{"rendered":"<p>Ovu nedelju mo&#382;emo nazvati nedeljom ja\u010danja kosovsko-austrijskih odnosa. U ponedeljak sam u\u010destvovala na proslavi obele&#382;avanja 60. godi&#353;njice nezavisnosti i deklaracije stalne neutralnosti Austrije. Ju\u010de i danas sam odr&#382;ala intenzivne sastanke sa Njegovom ekselencijom, predsednikom Fischer-om, na kojima smo ocenili posve\u0107enost na&#353;e dve dr&#382;ave miru, demokratiji i stabilnosti u regionu. Iznad svega, razgovarali smo o bilateralnim odnosima i pove\u0107anju ekonomske, investicione i trgovinske saradnje izme\u0111u na&#353;ih dr&#382;ava. Sada sam sre\u0107na &#353;to zajedno sa vama, \u010dinimo druge korake na konkretizovanju na&#353;ih odnosa stimuli&#353;u\u0107i saradnju u privatnom sektoru i pove\u0107anje austrijskih investicija na Kosovu. Kosovo je relativno nova destinacija za strane investitore. Nasuprot tome, moja zemlja pru&#382;a mnogo mogu\u0107nosti za investicije i sve povoljniju poslovnu klimu.<\/p>\n","protected":false},"author":1,"featured_media":37568,"comment_status":"open","ping_status":"closed","sticky":false,"template":"","format":"standard","meta":{"_eb_attr":"","footnotes":""},"categories":[106],"tags":[],"class_list":["post-77139","post","type-post","status-publish","format-standard","has-post-thumbnail","hentry","category-govori"],"yoast_head":"<!-- This site is optimized with the Yoast SEO plugin v23.5 - https:\/\/yoast.com\/wordpress\/plugins\/seo\/ -->\n<title>Govor predsednice Jahjaga na Kosovsko-austrijskom ekonomskom forumu - Predsednik Republike Kosovo - DR. VJOSA OSMANI - SADRIU<\/title>\n<meta name=\"description\" content=\"Govor predsednice Jahjaga na Kosovsko-austrijskom ekonomskom forumu - Predsednik Republike Kosovo - DR. VJOSA OSMANI - SADRIU -\" \/>\n<meta name=\"robots\" content=\"index, follow, max-snippet:-1, max-image-preview:large, max-video-preview:-1\" \/>\n<link rel=\"canonical\" href=\"https:\/\/president-ksgov.net\/fjala-e-presidentes-jahjaga-ne-forumin-ekonomik-kosovar-austriak\/\" \/>\n<meta property=\"og:locale\" content=\"sr_RS\" \/>\n<meta property=\"og:type\" content=\"article\" \/>\n<meta property=\"og:title\" content=\"Govor predsednice Jahjaga na Kosovsko-austrijskom ekonomskom forumu - Predsednik Republike Kosovo - DR. VJOSA OSMANI - SADRIU\" \/>\n<meta property=\"og:description\" content=\"Govor predsednice Jahjaga na Kosovsko-austrijskom ekonomskom forumu - Predsednik Republike Kosovo - DR. VJOSA OSMANI - SADRIU -\" \/>\n<meta property=\"og:url\" content=\"https:\/\/president-ksgov.net\/fjala-e-presidentes-jahjaga-ne-forumin-ekonomik-kosovar-austriak\/\" \/>\n<meta property=\"og:site_name\" content=\"Predsednik Republike Kosovo - DR. VJOSA OSMANI - SADRIU\" \/>\n<meta property=\"article:published_time\" content=\"2015-10-29T13:32:29+00:00\" \/>\n<meta property=\"article:modified_time\" content=\"2023-03-08T09:02:19+00:00\" \/>\n<meta property=\"og:image\" content=\"https:\/\/president-ksgov.net\/wp-content\/uploads\/29_10_2015_1890369_01_29102015.jpg\" \/>\n\t<meta property=\"og:image:width\" content=\"1000\" \/>\n\t<meta property=\"og:image:height\" content=\"666\" \/>\n\t<meta property=\"og:image:type\" content=\"image\/jpeg\" \/>\n<meta name=\"author\" content=\"admin\" \/>\n<meta name=\"twitter:card\" content=\"summary_large_image\" \/>\n<meta name=\"twitter:label1\" content=\"\u041d\u0430\u043f\u0438\u0441\u0430\u043d\u043e \u043e\u0434\" \/>\n\t<meta name=\"twitter:data1\" content=\"admin\" \/>\n\t<meta name=\"twitter:label2\" content=\"\u041f\u0440\u043e\u0446\u0435\u045a\u0435\u043d\u043e \u0432\u0440\u0435\u043c\u0435 \u0447\u0438\u0442\u0430\u045a\u0430\" \/>\n\t<meta name=\"twitter:data2\" content=\"3 \u043c\u0438\u043d\u0443\u0442\u0430\" \/>\n<script type=\"application\/ld+json\" class=\"yoast-schema-graph\">{\"@context\":\"https:\/\/schema.org\",\"@graph\":[{\"@type\":\"WebPage\",\"@id\":\"https:\/\/president-ksgov.net\/fjala-e-presidentes-jahjaga-ne-forumin-ekonomik-kosovar-austriak\/\",\"url\":\"https:\/\/president-ksgov.net\/fjala-e-presidentes-jahjaga-ne-forumin-ekonomik-kosovar-austriak\/\",\"name\":\"Govor predsednice Jahjaga na Kosovsko-austrijskom ekonomskom forumu - Predsednik Republike Kosovo - DR. VJOSA OSMANI - SADRIU\",\"isPartOf\":{\"@id\":\"https:\/\/president-ksgov.net\/#website\"},\"primaryImageOfPage\":{\"@id\":\"https:\/\/president-ksgov.net\/fjala-e-presidentes-jahjaga-ne-forumin-ekonomik-kosovar-austriak\/#primaryimage\"},\"image\":{\"@id\":\"https:\/\/president-ksgov.net\/fjala-e-presidentes-jahjaga-ne-forumin-ekonomik-kosovar-austriak\/#primaryimage\"},\"thumbnailUrl\":\"https:\/\/president-ksgov.net\/wp-content\/uploads\/29_10_2015_1890369_01_29102015.jpg\",\"datePublished\":\"2015-10-29T13:32:29+00:00\",\"dateModified\":\"2023-03-08T09:02:19+00:00\",\"author\":{\"@id\":\"https:\/\/president-ksgov.net\/#\/schema\/person\/bb4337a5fb147cb2046d80548172cbee\"},\"description\":\"Govor predsednice Jahjaga na Kosovsko-austrijskom ekonomskom forumu - Predsednik Republike Kosovo - DR. VJOSA OSMANI - SADRIU -\",\"breadcrumb\":{\"@id\":\"https:\/\/president-ksgov.net\/fjala-e-presidentes-jahjaga-ne-forumin-ekonomik-kosovar-austriak\/#breadcrumb\"},\"inLanguage\":\"sr-RS\",\"potentialAction\":[{\"@type\":\"ReadAction\",\"target\":[\"https:\/\/president-ksgov.net\/fjala-e-presidentes-jahjaga-ne-forumin-ekonomik-kosovar-austriak\/\"]}]},{\"@type\":\"ImageObject\",\"inLanguage\":\"sr-RS\",\"@id\":\"https:\/\/president-ksgov.net\/fjala-e-presidentes-jahjaga-ne-forumin-ekonomik-kosovar-austriak\/#primaryimage\",\"url\":\"https:\/\/president-ksgov.net\/wp-content\/uploads\/29_10_2015_1890369_01_29102015.jpg\",\"contentUrl\":\"https:\/\/president-ksgov.net\/wp-content\/uploads\/29_10_2015_1890369_01_29102015.jpg\",\"width\":1000,\"height\":666},{\"@type\":\"BreadcrumbList\",\"@id\":\"https:\/\/president-ksgov.net\/fjala-e-presidentes-jahjaga-ne-forumin-ekonomik-kosovar-austriak\/#breadcrumb\",\"itemListElement\":[{\"@type\":\"ListItem\",\"position\":1,\"name\":\"Home\",\"item\":\"https:\/\/president-ksgov.net\/sr\/\"},{\"@type\":\"ListItem\",\"position\":2,\"name\":\"Govor predsednice Jahjaga na Kosovsko-austrijskom ekonomskom forumu\"}]},{\"@type\":\"WebSite\",\"@id\":\"https:\/\/president-ksgov.net\/#website\",\"url\":\"https:\/\/president-ksgov.net\/\",\"name\":\"Presidente e Republik\u00ebs s\u00eb Kosov\u00ebs\",\"description\":\"Presidente e Republik\u00ebs s\u00eb Kosov\u00ebs\",\"alternateName\":\"DR. VJOSA OSMANI - SADRIU\",\"potentialAction\":[{\"@type\":\"SearchAction\",\"target\":{\"@type\":\"EntryPoint\",\"urlTemplate\":\"https:\/\/president-ksgov.net\/?s={search_term_string}\"},\"query-input\":{\"@type\":\"PropertyValueSpecification\",\"valueRequired\":true,\"valueName\":\"search_term_string\"}}],\"inLanguage\":\"sr-RS\"},{\"@type\":\"Person\",\"@id\":\"https:\/\/president-ksgov.net\/#\/schema\/person\/bb4337a5fb147cb2046d80548172cbee\",\"name\":\"admin\",\"image\":{\"@type\":\"ImageObject\",\"inLanguage\":\"sr-RS\",\"@id\":\"https:\/\/president-ksgov.net\/#\/schema\/person\/image\/\",\"url\":\"https:\/\/secure.gravatar.com\/avatar\/36156ca0fa3b8d9d25174f146e16beea0cf28f37adf1b9e19b6c9c279a7c9dd3?s=96&d=mm&r=g\",\"contentUrl\":\"https:\/\/secure.gravatar.com\/avatar\/36156ca0fa3b8d9d25174f146e16beea0cf28f37adf1b9e19b6c9c279a7c9dd3?s=96&d=mm&r=g\",\"caption\":\"admin\"},\"sameAs\":[\"https:\/\/president-ksgov.net\"]}]}<\/script>\n<!-- \/ Yoast SEO plugin. -->","yoast_head_json":{"title":"Govor predsednice Jahjaga na Kosovsko-austrijskom ekonomskom forumu - Predsednik Republike Kosovo - DR. VJOSA OSMANI - SADRIU","description":"Govor predsednice Jahjaga na Kosovsko-austrijskom ekonomskom forumu - Predsednik Republike Kosovo - DR. VJOSA OSMANI - SADRIU -","robots":{"index":"index","follow":"follow","max-snippet":"max-snippet:-1","max-image-preview":"max-image-preview:large","max-video-preview":"max-video-preview:-1"},"canonical":"https:\/\/president-ksgov.net\/fjala-e-presidentes-jahjaga-ne-forumin-ekonomik-kosovar-austriak\/","og_locale":"sr_RS","og_type":"article","og_title":"Govor predsednice Jahjaga na Kosovsko-austrijskom ekonomskom forumu - Predsednik Republike Kosovo - DR. VJOSA OSMANI - SADRIU","og_description":"Govor predsednice Jahjaga na Kosovsko-austrijskom ekonomskom forumu - Predsednik Republike Kosovo - DR. VJOSA OSMANI - SADRIU -","og_url":"https:\/\/president-ksgov.net\/fjala-e-presidentes-jahjaga-ne-forumin-ekonomik-kosovar-austriak\/","og_site_name":"Predsednik Republike Kosovo - DR. VJOSA OSMANI - SADRIU","article_published_time":"2015-10-29T13:32:29+00:00","article_modified_time":"2023-03-08T09:02:19+00:00","og_image":[{"width":1000,"height":666,"url":"https:\/\/president-ksgov.net\/wp-content\/uploads\/29_10_2015_1890369_01_29102015.jpg","type":"image\/jpeg"}],"author":"admin","twitter_card":"summary_large_image","twitter_misc":{"\u041d\u0430\u043f\u0438\u0441\u0430\u043d\u043e \u043e\u0434":"admin","\u041f\u0440\u043e\u0446\u0435\u045a\u0435\u043d\u043e \u0432\u0440\u0435\u043c\u0435 \u0447\u0438\u0442\u0430\u045a\u0430":"3 \u043c\u0438\u043d\u0443\u0442\u0430"},"schema":{"@context":"https:\/\/schema.org","@graph":[{"@type":"WebPage","@id":"https:\/\/president-ksgov.net\/fjala-e-presidentes-jahjaga-ne-forumin-ekonomik-kosovar-austriak\/","url":"https:\/\/president-ksgov.net\/fjala-e-presidentes-jahjaga-ne-forumin-ekonomik-kosovar-austriak\/","name":"Govor predsednice Jahjaga na Kosovsko-austrijskom ekonomskom forumu - Predsednik Republike Kosovo - DR. VJOSA OSMANI - SADRIU","isPartOf":{"@id":"https:\/\/president-ksgov.net\/#website"},"primaryImageOfPage":{"@id":"https:\/\/president-ksgov.net\/fjala-e-presidentes-jahjaga-ne-forumin-ekonomik-kosovar-austriak\/#primaryimage"},"image":{"@id":"https:\/\/president-ksgov.net\/fjala-e-presidentes-jahjaga-ne-forumin-ekonomik-kosovar-austriak\/#primaryimage"},"thumbnailUrl":"https:\/\/president-ksgov.net\/wp-content\/uploads\/29_10_2015_1890369_01_29102015.jpg","datePublished":"2015-10-29T13:32:29+00:00","dateModified":"2023-03-08T09:02:19+00:00","author":{"@id":"https:\/\/president-ksgov.net\/#\/schema\/person\/bb4337a5fb147cb2046d80548172cbee"},"description":"Govor predsednice Jahjaga na Kosovsko-austrijskom ekonomskom forumu - Predsednik Republike Kosovo - DR. VJOSA OSMANI - SADRIU -","breadcrumb":{"@id":"https:\/\/president-ksgov.net\/fjala-e-presidentes-jahjaga-ne-forumin-ekonomik-kosovar-austriak\/#breadcrumb"},"inLanguage":"sr-RS","potentialAction":[{"@type":"ReadAction","target":["https:\/\/president-ksgov.net\/fjala-e-presidentes-jahjaga-ne-forumin-ekonomik-kosovar-austriak\/"]}]},{"@type":"ImageObject","inLanguage":"sr-RS","@id":"https:\/\/president-ksgov.net\/fjala-e-presidentes-jahjaga-ne-forumin-ekonomik-kosovar-austriak\/#primaryimage","url":"https:\/\/president-ksgov.net\/wp-content\/uploads\/29_10_2015_1890369_01_29102015.jpg","contentUrl":"https:\/\/president-ksgov.net\/wp-content\/uploads\/29_10_2015_1890369_01_29102015.jpg","width":1000,"height":666},{"@type":"BreadcrumbList","@id":"https:\/\/president-ksgov.net\/fjala-e-presidentes-jahjaga-ne-forumin-ekonomik-kosovar-austriak\/#breadcrumb","itemListElement":[{"@type":"ListItem","position":1,"name":"Home","item":"https:\/\/president-ksgov.net\/sr\/"},{"@type":"ListItem","position":2,"name":"Govor predsednice Jahjaga na Kosovsko-austrijskom ekonomskom forumu"}]},{"@type":"WebSite","@id":"https:\/\/president-ksgov.net\/#website","url":"https:\/\/president-ksgov.net\/","name":"Presidente e Republik\u00ebs s\u00eb Kosov\u00ebs","description":"Presidente e Republik\u00ebs s\u00eb Kosov\u00ebs","alternateName":"DR. VJOSA OSMANI - SADRIU","potentialAction":[{"@type":"SearchAction","target":{"@type":"EntryPoint","urlTemplate":"https:\/\/president-ksgov.net\/?s={search_term_string}"},"query-input":{"@type":"PropertyValueSpecification","valueRequired":true,"valueName":"search_term_string"}}],"inLanguage":"sr-RS"},{"@type":"Person","@id":"https:\/\/president-ksgov.net\/#\/schema\/person\/bb4337a5fb147cb2046d80548172cbee","name":"admin","image":{"@type":"ImageObject","inLanguage":"sr-RS","@id":"https:\/\/president-ksgov.net\/#\/schema\/person\/image\/","url":"https:\/\/secure.gravatar.com\/avatar\/36156ca0fa3b8d9d25174f146e16beea0cf28f37adf1b9e19b6c9c279a7c9dd3?s=96&d=mm&r=g","contentUrl":"https:\/\/secure.gravatar.com\/avatar\/36156ca0fa3b8d9d25174f146e16beea0cf28f37adf1b9e19b6c9c279a7c9dd3?s=96&d=mm&r=g","caption":"admin"},"sameAs":["https:\/\/president-ksgov.net"]}]}},"_links":{"self":[{"href":"https:\/\/president-ksgov.net\/sr\/wp-json\/wp\/v2\/posts\/77139","targetHints":{"allow":["GET"]}}],"collection":[{"href":"https:\/\/president-ksgov.net\/sr\/wp-json\/wp\/v2\/posts"}],"about":[{"href":"https:\/\/president-ksgov.net\/sr\/wp-json\/wp\/v2\/types\/post"}],"author":[{"embeddable":true,"href":"https:\/\/president-ksgov.net\/sr\/wp-json\/wp\/v2\/users\/1"}],"replies":[{"embeddable":true,"href":"https:\/\/president-ksgov.net\/sr\/wp-json\/wp\/v2\/comments?post=77139"}],"version-history":[{"count":1,"href":"https:\/\/president-ksgov.net\/sr\/wp-json\/wp\/v2\/posts\/77139\/revisions"}],"predecessor-version":[{"id":81600,"href":"https:\/\/president-ksgov.net\/sr\/wp-json\/wp\/v2\/posts\/77139\/revisions\/81600"}],"wp:featuredmedia":[{"embeddable":true,"href":"https:\/\/president-ksgov.net\/sr\/wp-json\/wp\/v2\/media\/37568"}],"wp:attachment":[{"href":"https:\/\/president-ksgov.net\/sr\/wp-json\/wp\/v2\/media?parent=77139"}],"wp:term":[{"taxonomy":"category","embeddable":true,"href":"https:\/\/president-ksgov.net\/sr\/wp-json\/wp\/v2\/categories?post=77139"},{"taxonomy":"post_tag","embeddable":true,"href":"https:\/\/president-ksgov.net\/sr\/wp-json\/wp\/v2\/tags?post=77139"}],"curies":[{"name":"wp","href":"https:\/\/api.w.org\/{rel}","templated":true}]}}