{"id":77135,"date":"2015-11-02T12:51:24","date_gmt":"2015-11-02T12:51:24","guid":{"rendered":"https:\/\/dev.president-ksgov.net\/izjava-predsednice-jahjaga-povodom-ratifikacije-sporazuma-o-stabilnosti-i-pridruivanju\/"},"modified":"2015-11-02T12:51:24","modified_gmt":"2015-11-02T12:51:24","slug":"izjava-predsednice-jahjaga-povodom-ratifikacije-sporazuma-o-stabilnosti-i-pridruivanju","status":"publish","type":"post","link":"https:\/\/president-ksgov.net\/sr\/izjava-predsednice-jahjaga-povodom-ratifikacije-sporazuma-o-stabilnosti-i-pridruivanju\/","title":{"rendered":"Izjava predsednice Jahjaga povodom ratifikacije Sporazuma o stabilnosti i pridru&#158;ivanju"},"content":{"rendered":"<p>Bila mi je \u010dast i privilegija, da danas budem svedok ratifikacije Sporazuma o stabilizaciji i pridru&#382;ivanju izme\u0111u Kosove i Evropske unije, ovog bitnog trenutka za Kosovo i za njegovu evropsku budu\u0107nost.<\/p>\n<p>Danas smo se ujedinili, nezavisno od na&#353;ih razlika u politi\u010dkoj orijentaciji, odgovorni za istorijsku te&#382;inu ovog trenutka. Zajedno smo napravili ovaj vitalni korak za gra\u0111ane Republike Kosova, za ja\u010danje evropske perspektive na&#353;e dr&#382;ave i zapo\u010deli smo nepovratni put kako bismo Kosovo u\u010dinili \u010dlanicom Evropske unije. <\/p>\n<p>Ovo putovanje i dalje ostaje puno po&#382;rtvovanja i mi treba da budemo svesni duge liste prioriteta koji nas \u010dekaju kako bismo Republiku Kosovo u\u010dinili kandidatom za u\u010dlanjenje u Evropsku uniju.\u00a0 Mi jo&#353; uvek konsolidujemo dr&#382;avnost Kosova, jo&#353; uvek ja\u010damo na&#353; suverenitet, jo&#353; uvek se suo\u010davamo sa izazovima tranzicije koji se najvi&#353;e vide u nedostatku vladavine reda i zakona, u na&#353;em obrazovnom sistemu, kao i u onom zdravstvenom. <\/p>\n<p>Iznad sna&#382;ne simbolike proevropske orijentacije, ratifikacija SSP-a treba da se vidi kao po\u010detak jedne institucionalne i dru&#353;tvene posve\u0107enosti dubokim reformama, koje \u0107e oja\u010dati na&#353;u unutra&#353;nju demokratiju i pobolj&#353;ati nivo vladavine i standard &#382;ivota za svakog gra\u0111anina. <\/p>\n<p>Ovaj dan nam se nekada \u010dinio nezamislivim i nedosti&#382;nim. Ovaj dan je do&#353;ao. Ovaj dan je za novu generaciju Republike Kosova, za sve mogu\u0107nosti koje \u0107e se njima pru&#382;iti kako bi imali sigurnu budu\u0107nost. Ova ratifikacija je za sve one roditelje koji su se \u010desto ose\u0107ali nesigurnim kada je budu\u0107nost njihove dese u pitanju u ovim godinama tranzicije i izgradnje dr&#382;ave. Zajedno, uz puno &#382;rtvovanja i uz puno truda, posti&#382;emo sve, jedno po jedno.<br \/>\n\u00a0<\/p>\n","protected":false},"excerpt":{"rendered":"<p>Bila mi je \u010dast i privilegija, da danas budem svedok ratifikacije Sporazuma o stabilizaciji i pridru&#382;ivanju izme\u0111u Kosove i Evropske unije, ovog bitnog trenutka za Kosovo i za njegovu evropsku budu\u0107nost.<\/p>\n","protected":false},"author":1,"featured_media":37516,"comment_status":"open","ping_status":"closed","sticky":false,"template":"","format":"standard","meta":{"_eb_attr":"","footnotes":""},"categories":[101],"tags":[],"class_list":["post-77135","post","type-post","status-publish","format-standard","has-post-thumbnail","hentry","category-vesti"],"yoast_head":"<!-- This site is optimized with the Yoast SEO plugin v23.5 - https:\/\/yoast.com\/wordpress\/plugins\/seo\/ -->\n<title>Izjava predsednice Jahjaga povodom ratifikacije Sporazuma o stabilnosti i pridru&#158;ivanju - Predsednik Republike Kosovo - DR. VJOSA OSMANI - SADRIU<\/title>\n<meta name=\"description\" content=\"Izjava predsednice Jahjaga povodom ratifikacije Sporazuma o stabilnosti i pridru&#158;ivanju - Predsednik Republike Kosovo - DR. VJOSA OSMANI - SADRIU -\" \/>\n<meta name=\"robots\" content=\"index, follow, max-snippet:-1, max-image-preview:large, max-video-preview:-1\" \/>\n<link rel=\"canonical\" href=\"https:\/\/president-ksgov.net\/deklarate-e-presidentes-jahjaga-me-rastin-e-ratifikimit-te-marreveshjes-se-stabilizim-asociimit-ne-kuvendin-e-kosoves\/\" \/>\n<meta property=\"og:locale\" content=\"sr_RS\" \/>\n<meta property=\"og:type\" content=\"article\" \/>\n<meta property=\"og:title\" content=\"Izjava predsednice Jahjaga povodom ratifikacije Sporazuma o stabilnosti i pridru&#158;ivanju - Predsednik Republike Kosovo - DR. VJOSA OSMANI - SADRIU\" \/>\n<meta property=\"og:description\" content=\"Izjava predsednice Jahjaga povodom ratifikacije Sporazuma o stabilnosti i pridru&#158;ivanju - Predsednik Republike Kosovo - DR. VJOSA OSMANI - SADRIU -\" \/>\n<meta property=\"og:url\" content=\"https:\/\/president-ksgov.net\/deklarate-e-presidentes-jahjaga-me-rastin-e-ratifikimit-te-marreveshjes-se-stabilizim-asociimit-ne-kuvendin-e-kosoves\/\" \/>\n<meta property=\"og:site_name\" content=\"Predsednik Republike Kosovo - DR. VJOSA OSMANI - SADRIU\" \/>\n<meta property=\"article:published_time\" content=\"2015-11-02T12:51:24+00:00\" \/>\n<meta property=\"og:image\" content=\"https:\/\/president-ksgov.net\/wp-content\/uploads\/02_11_2015_3311250_02_11_2015_Kuvend_1.jpg\" \/>\n\t<meta property=\"og:image:width\" content=\"1024\" \/>\n\t<meta property=\"og:image:height\" content=\"572\" \/>\n\t<meta property=\"og:image:type\" content=\"image\/jpeg\" \/>\n<meta name=\"author\" content=\"admin\" \/>\n<meta name=\"twitter:card\" content=\"summary_large_image\" \/>\n<meta name=\"twitter:label1\" content=\"\u041d\u0430\u043f\u0438\u0441\u0430\u043d\u043e \u043e\u0434\" \/>\n\t<meta name=\"twitter:data1\" content=\"admin\" \/>\n\t<meta name=\"twitter:label2\" content=\"\u041f\u0440\u043e\u0446\u0435\u045a\u0435\u043d\u043e \u0432\u0440\u0435\u043c\u0435 \u0447\u0438\u0442\u0430\u045a\u0430\" \/>\n\t<meta name=\"twitter:data2\" content=\"1 \u043c\u0438\u043d\u0443\u0442\" \/>\n<script type=\"application\/ld+json\" class=\"yoast-schema-graph\">{\"@context\":\"https:\/\/schema.org\",\"@graph\":[{\"@type\":\"WebPage\",\"@id\":\"https:\/\/president-ksgov.net\/deklarate-e-presidentes-jahjaga-me-rastin-e-ratifikimit-te-marreveshjes-se-stabilizim-asociimit-ne-kuvendin-e-kosoves\/\",\"url\":\"https:\/\/president-ksgov.net\/deklarate-e-presidentes-jahjaga-me-rastin-e-ratifikimit-te-marreveshjes-se-stabilizim-asociimit-ne-kuvendin-e-kosoves\/\",\"name\":\"Izjava predsednice Jahjaga povodom ratifikacije Sporazuma o stabilnosti i pridru&#158;ivanju - Predsednik Republike Kosovo - DR. VJOSA OSMANI - SADRIU\",\"isPartOf\":{\"@id\":\"https:\/\/president-ksgov.net\/#website\"},\"primaryImageOfPage\":{\"@id\":\"https:\/\/president-ksgov.net\/deklarate-e-presidentes-jahjaga-me-rastin-e-ratifikimit-te-marreveshjes-se-stabilizim-asociimit-ne-kuvendin-e-kosoves\/#primaryimage\"},\"image\":{\"@id\":\"https:\/\/president-ksgov.net\/deklarate-e-presidentes-jahjaga-me-rastin-e-ratifikimit-te-marreveshjes-se-stabilizim-asociimit-ne-kuvendin-e-kosoves\/#primaryimage\"},\"thumbnailUrl\":\"https:\/\/president-ksgov.net\/wp-content\/uploads\/02_11_2015_3311250_02_11_2015_Kuvend_1.jpg\",\"datePublished\":\"2015-11-02T12:51:24+00:00\",\"dateModified\":\"2015-11-02T12:51:24+00:00\",\"author\":{\"@id\":\"https:\/\/president-ksgov.net\/#\/schema\/person\/bb4337a5fb147cb2046d80548172cbee\"},\"description\":\"Izjava predsednice Jahjaga povodom ratifikacije Sporazuma o stabilnosti i pridru&#158;ivanju - Predsednik Republike Kosovo - DR. VJOSA OSMANI - SADRIU -\",\"breadcrumb\":{\"@id\":\"https:\/\/president-ksgov.net\/deklarate-e-presidentes-jahjaga-me-rastin-e-ratifikimit-te-marreveshjes-se-stabilizim-asociimit-ne-kuvendin-e-kosoves\/#breadcrumb\"},\"inLanguage\":\"sr-RS\",\"potentialAction\":[{\"@type\":\"ReadAction\",\"target\":[\"https:\/\/president-ksgov.net\/deklarate-e-presidentes-jahjaga-me-rastin-e-ratifikimit-te-marreveshjes-se-stabilizim-asociimit-ne-kuvendin-e-kosoves\/\"]}]},{\"@type\":\"ImageObject\",\"inLanguage\":\"sr-RS\",\"@id\":\"https:\/\/president-ksgov.net\/deklarate-e-presidentes-jahjaga-me-rastin-e-ratifikimit-te-marreveshjes-se-stabilizim-asociimit-ne-kuvendin-e-kosoves\/#primaryimage\",\"url\":\"https:\/\/president-ksgov.net\/wp-content\/uploads\/02_11_2015_3311250_02_11_2015_Kuvend_1.jpg\",\"contentUrl\":\"https:\/\/president-ksgov.net\/wp-content\/uploads\/02_11_2015_3311250_02_11_2015_Kuvend_1.jpg\",\"width\":1024,\"height\":572},{\"@type\":\"BreadcrumbList\",\"@id\":\"https:\/\/president-ksgov.net\/deklarate-e-presidentes-jahjaga-me-rastin-e-ratifikimit-te-marreveshjes-se-stabilizim-asociimit-ne-kuvendin-e-kosoves\/#breadcrumb\",\"itemListElement\":[{\"@type\":\"ListItem\",\"position\":1,\"name\":\"Home\",\"item\":\"https:\/\/president-ksgov.net\/sr\/\"},{\"@type\":\"ListItem\",\"position\":2,\"name\":\"Izjava predsednice Jahjaga povodom ratifikacije Sporazuma o stabilnosti i pridru&#158;ivanju\"}]},{\"@type\":\"WebSite\",\"@id\":\"https:\/\/president-ksgov.net\/#website\",\"url\":\"https:\/\/president-ksgov.net\/\",\"name\":\"Presidente e Republik\u00ebs s\u00eb Kosov\u00ebs\",\"description\":\"Presidente e Republik\u00ebs s\u00eb Kosov\u00ebs\",\"alternateName\":\"DR. VJOSA OSMANI - SADRIU\",\"potentialAction\":[{\"@type\":\"SearchAction\",\"target\":{\"@type\":\"EntryPoint\",\"urlTemplate\":\"https:\/\/president-ksgov.net\/?s={search_term_string}\"},\"query-input\":{\"@type\":\"PropertyValueSpecification\",\"valueRequired\":true,\"valueName\":\"search_term_string\"}}],\"inLanguage\":\"sr-RS\"},{\"@type\":\"Person\",\"@id\":\"https:\/\/president-ksgov.net\/#\/schema\/person\/bb4337a5fb147cb2046d80548172cbee\",\"name\":\"admin\",\"image\":{\"@type\":\"ImageObject\",\"inLanguage\":\"sr-RS\",\"@id\":\"https:\/\/president-ksgov.net\/#\/schema\/person\/image\/\",\"url\":\"https:\/\/secure.gravatar.com\/avatar\/36156ca0fa3b8d9d25174f146e16beea0cf28f37adf1b9e19b6c9c279a7c9dd3?s=96&d=mm&r=g\",\"contentUrl\":\"https:\/\/secure.gravatar.com\/avatar\/36156ca0fa3b8d9d25174f146e16beea0cf28f37adf1b9e19b6c9c279a7c9dd3?s=96&d=mm&r=g\",\"caption\":\"admin\"},\"sameAs\":[\"https:\/\/president-ksgov.net\"]}]}<\/script>\n<!-- \/ Yoast SEO plugin. -->","yoast_head_json":{"title":"Izjava predsednice Jahjaga povodom ratifikacije Sporazuma o stabilnosti i pridru&#158;ivanju - Predsednik Republike Kosovo - DR. VJOSA OSMANI - SADRIU","description":"Izjava predsednice Jahjaga povodom ratifikacije Sporazuma o stabilnosti i pridru&#158;ivanju - Predsednik Republike Kosovo - DR. VJOSA OSMANI - SADRIU -","robots":{"index":"index","follow":"follow","max-snippet":"max-snippet:-1","max-image-preview":"max-image-preview:large","max-video-preview":"max-video-preview:-1"},"canonical":"https:\/\/president-ksgov.net\/deklarate-e-presidentes-jahjaga-me-rastin-e-ratifikimit-te-marreveshjes-se-stabilizim-asociimit-ne-kuvendin-e-kosoves\/","og_locale":"sr_RS","og_type":"article","og_title":"Izjava predsednice Jahjaga povodom ratifikacije Sporazuma o stabilnosti i pridru&#158;ivanju - Predsednik Republike Kosovo - DR. VJOSA OSMANI - SADRIU","og_description":"Izjava predsednice Jahjaga povodom ratifikacije Sporazuma o stabilnosti i pridru&#158;ivanju - Predsednik Republike Kosovo - DR. VJOSA OSMANI - SADRIU -","og_url":"https:\/\/president-ksgov.net\/deklarate-e-presidentes-jahjaga-me-rastin-e-ratifikimit-te-marreveshjes-se-stabilizim-asociimit-ne-kuvendin-e-kosoves\/","og_site_name":"Predsednik Republike Kosovo - DR. VJOSA OSMANI - SADRIU","article_published_time":"2015-11-02T12:51:24+00:00","og_image":[{"width":1024,"height":572,"url":"https:\/\/president-ksgov.net\/wp-content\/uploads\/02_11_2015_3311250_02_11_2015_Kuvend_1.jpg","type":"image\/jpeg"}],"author":"admin","twitter_card":"summary_large_image","twitter_misc":{"\u041d\u0430\u043f\u0438\u0441\u0430\u043d\u043e \u043e\u0434":"admin","\u041f\u0440\u043e\u0446\u0435\u045a\u0435\u043d\u043e \u0432\u0440\u0435\u043c\u0435 \u0447\u0438\u0442\u0430\u045a\u0430":"1 \u043c\u0438\u043d\u0443\u0442"},"schema":{"@context":"https:\/\/schema.org","@graph":[{"@type":"WebPage","@id":"https:\/\/president-ksgov.net\/deklarate-e-presidentes-jahjaga-me-rastin-e-ratifikimit-te-marreveshjes-se-stabilizim-asociimit-ne-kuvendin-e-kosoves\/","url":"https:\/\/president-ksgov.net\/deklarate-e-presidentes-jahjaga-me-rastin-e-ratifikimit-te-marreveshjes-se-stabilizim-asociimit-ne-kuvendin-e-kosoves\/","name":"Izjava predsednice Jahjaga povodom ratifikacije Sporazuma o stabilnosti i pridru&#158;ivanju - Predsednik Republike Kosovo - DR. VJOSA OSMANI - SADRIU","isPartOf":{"@id":"https:\/\/president-ksgov.net\/#website"},"primaryImageOfPage":{"@id":"https:\/\/president-ksgov.net\/deklarate-e-presidentes-jahjaga-me-rastin-e-ratifikimit-te-marreveshjes-se-stabilizim-asociimit-ne-kuvendin-e-kosoves\/#primaryimage"},"image":{"@id":"https:\/\/president-ksgov.net\/deklarate-e-presidentes-jahjaga-me-rastin-e-ratifikimit-te-marreveshjes-se-stabilizim-asociimit-ne-kuvendin-e-kosoves\/#primaryimage"},"thumbnailUrl":"https:\/\/president-ksgov.net\/wp-content\/uploads\/02_11_2015_3311250_02_11_2015_Kuvend_1.jpg","datePublished":"2015-11-02T12:51:24+00:00","dateModified":"2015-11-02T12:51:24+00:00","author":{"@id":"https:\/\/president-ksgov.net\/#\/schema\/person\/bb4337a5fb147cb2046d80548172cbee"},"description":"Izjava predsednice Jahjaga povodom ratifikacije Sporazuma o stabilnosti i pridru&#158;ivanju - Predsednik Republike Kosovo - DR. VJOSA OSMANI - SADRIU -","breadcrumb":{"@id":"https:\/\/president-ksgov.net\/deklarate-e-presidentes-jahjaga-me-rastin-e-ratifikimit-te-marreveshjes-se-stabilizim-asociimit-ne-kuvendin-e-kosoves\/#breadcrumb"},"inLanguage":"sr-RS","potentialAction":[{"@type":"ReadAction","target":["https:\/\/president-ksgov.net\/deklarate-e-presidentes-jahjaga-me-rastin-e-ratifikimit-te-marreveshjes-se-stabilizim-asociimit-ne-kuvendin-e-kosoves\/"]}]},{"@type":"ImageObject","inLanguage":"sr-RS","@id":"https:\/\/president-ksgov.net\/deklarate-e-presidentes-jahjaga-me-rastin-e-ratifikimit-te-marreveshjes-se-stabilizim-asociimit-ne-kuvendin-e-kosoves\/#primaryimage","url":"https:\/\/president-ksgov.net\/wp-content\/uploads\/02_11_2015_3311250_02_11_2015_Kuvend_1.jpg","contentUrl":"https:\/\/president-ksgov.net\/wp-content\/uploads\/02_11_2015_3311250_02_11_2015_Kuvend_1.jpg","width":1024,"height":572},{"@type":"BreadcrumbList","@id":"https:\/\/president-ksgov.net\/deklarate-e-presidentes-jahjaga-me-rastin-e-ratifikimit-te-marreveshjes-se-stabilizim-asociimit-ne-kuvendin-e-kosoves\/#breadcrumb","itemListElement":[{"@type":"ListItem","position":1,"name":"Home","item":"https:\/\/president-ksgov.net\/sr\/"},{"@type":"ListItem","position":2,"name":"Izjava predsednice Jahjaga povodom ratifikacije Sporazuma o stabilnosti i pridru&#158;ivanju"}]},{"@type":"WebSite","@id":"https:\/\/president-ksgov.net\/#website","url":"https:\/\/president-ksgov.net\/","name":"Presidente e Republik\u00ebs s\u00eb Kosov\u00ebs","description":"Presidente e Republik\u00ebs s\u00eb Kosov\u00ebs","alternateName":"DR. VJOSA OSMANI - SADRIU","potentialAction":[{"@type":"SearchAction","target":{"@type":"EntryPoint","urlTemplate":"https:\/\/president-ksgov.net\/?s={search_term_string}"},"query-input":{"@type":"PropertyValueSpecification","valueRequired":true,"valueName":"search_term_string"}}],"inLanguage":"sr-RS"},{"@type":"Person","@id":"https:\/\/president-ksgov.net\/#\/schema\/person\/bb4337a5fb147cb2046d80548172cbee","name":"admin","image":{"@type":"ImageObject","inLanguage":"sr-RS","@id":"https:\/\/president-ksgov.net\/#\/schema\/person\/image\/","url":"https:\/\/secure.gravatar.com\/avatar\/36156ca0fa3b8d9d25174f146e16beea0cf28f37adf1b9e19b6c9c279a7c9dd3?s=96&d=mm&r=g","contentUrl":"https:\/\/secure.gravatar.com\/avatar\/36156ca0fa3b8d9d25174f146e16beea0cf28f37adf1b9e19b6c9c279a7c9dd3?s=96&d=mm&r=g","caption":"admin"},"sameAs":["https:\/\/president-ksgov.net"]}]}},"_links":{"self":[{"href":"https:\/\/president-ksgov.net\/sr\/wp-json\/wp\/v2\/posts\/77135","targetHints":{"allow":["GET"]}}],"collection":[{"href":"https:\/\/president-ksgov.net\/sr\/wp-json\/wp\/v2\/posts"}],"about":[{"href":"https:\/\/president-ksgov.net\/sr\/wp-json\/wp\/v2\/types\/post"}],"author":[{"embeddable":true,"href":"https:\/\/president-ksgov.net\/sr\/wp-json\/wp\/v2\/users\/1"}],"replies":[{"embeddable":true,"href":"https:\/\/president-ksgov.net\/sr\/wp-json\/wp\/v2\/comments?post=77135"}],"version-history":[{"count":0,"href":"https:\/\/president-ksgov.net\/sr\/wp-json\/wp\/v2\/posts\/77135\/revisions"}],"wp:featuredmedia":[{"embeddable":true,"href":"https:\/\/president-ksgov.net\/sr\/wp-json\/wp\/v2\/media\/37516"}],"wp:attachment":[{"href":"https:\/\/president-ksgov.net\/sr\/wp-json\/wp\/v2\/media?parent=77135"}],"wp:term":[{"taxonomy":"category","embeddable":true,"href":"https:\/\/president-ksgov.net\/sr\/wp-json\/wp\/v2\/categories?post=77135"},{"taxonomy":"post_tag","embeddable":true,"href":"https:\/\/president-ksgov.net\/sr\/wp-json\/wp\/v2\/tags?post=77135"}],"curies":[{"name":"wp","href":"https:\/\/api.w.org\/{rel}","templated":true}]}}