{"id":77131,"date":"2015-11-04T09:32:17","date_gmt":"2015-11-04T09:32:17","guid":{"rendered":"https:\/\/dev.president-ksgov.net\/govor-predsednice-jahjaga-umarshall-center\/"},"modified":"2023-03-08T09:02:19","modified_gmt":"2023-03-08T09:02:19","slug":"govor-predsednice-jahjaga-umarshall-center","status":"publish","type":"post","link":"https:\/\/president-ksgov.net\/sr\/govor-predsednice-jahjaga-umarshall-center\/","title":{"rendered":"Govor predsednice Jahjaga uMarshall Center"},"content":{"rendered":"<p>Predsednica Republike Kosova, gospo\u0111a Atifete Jahjaga, odr&#382;ala je govor u  Marshall Center, koji u potpunosti prenosimo u nastavku:<\/p>\n<p>Po&#353;tovane dame i gospodo, <\/p>\n<p>Moje je zadovoljstvo da se ponovo vratim u Marshall Center kao biv&#353;a studentkinja ovog centra i kao predsednica Republike Kosova. Dana&#353;nji govor &#382;elim da zapo\u010dnem izra&#382;avaju\u0107i moju zahvalnost ovom centru i vizionarskom lider&#353;ipu na podr&#353;ci tokom decenija i na pomo\u0107i koja je pru&#382;ana u izgradnji temelja na&#353;e nove dr&#382;ave. <\/p>\n<p>Stotine kosovara su pro&#353;li kroz vrata Marshall Center u velikim programima investiranja u budu\u0107nost Kosova ja\u010daju\u0107i ljudske kapacitete. <\/p>\n<p>Danas, veliki deo glavnim institucija su pune onih koji su diplomirali u va&#353;em centru, daju\u0107i ovako doprinos na&#353;em izvanrednom putovanju u izgradnji dr&#382;ave. <\/p>\n<p>Ovo me dovodi do dana&#353;nje diskusije. U narednih pola sata &#382;elela bih da podelim sa vama ono &#353;to ja smatram klju\u010dnim trenucima\u00a0 vr&#353;enja izgradnje dr&#382;ave na Kosovu. <\/p>\n<p>Ko smo bili i koliko daleko smo dogurali. Kako smo prevazi&#353;li smetnje kako bismo konsolidovalo na&#353;u dr&#382;avnost? Koji su izazovi i u kom pravcu idete? <\/p>\n<p>Za cilj imam da istra&#382;im ova pitanja putem dva glavna procesa, koja su u razvoju na Kosovu &#8211; reforma sigurnosnog sektora i na&#353;e anga&#382;ovanje kako bismo stvorili dugoro\u010dni mir na Kosovu i dalje. <\/p>\n<p>Ovo je jedan ne tako lako zadatak, uveravam vas!<\/p>\n<p>Dozvolite mi da zapo\u010dnem obja&#353;njavaju\u0107i kontekst u kojem smo se nalazili malo pre progla&#353;enja nezavisnosti Kosova, pre 8 godina. Onda, kao zamenica komandanata Policije Kosova, kao i svi moji sugra\u0111ani, nestrpljivo sam \u010dekala da Skup&#353;tina Kosova sve\u010dano izglasa nezavisnost Kosova. <\/p>\n<p>Desetine hiljada gra\u0111ana, prevazi&#353;li su temperature ispod nule kako bi vijorili novu kosovsku zastavu i kako bismo zajedno proslavili stvaranje jedne nove dr&#382;ave. Jedan deo populacije, ta\u010dnije srpska manjina, pla&#353;ila se &#353;ta \u0107e to njima doneti. I jedna grupa ekstremista, koji su ovo mesto unazadili, poku&#353;ali su da ospore nezavisnost Kosova napadaju\u0107i i pale\u0107i grani\u010dne ta\u010dke.<br \/>\nKomplikovana geopoliti\u010dka situacija se tako\u0111e morala uzeti u obzir. Srbija, na&#353; prvi sused, koja je izgubila bilo kakvo moralno i zakonsko pravo pravo nad Kosovom, zbog duge represije i kampanje etni\u010dkog \u010di&#353;\u0107enja, sna&#382;no je osporila nezavisnost Kosova, Rusija i Kina su postupile isto. <\/p>\n<p>Ali, deklaracija nezavisnosti Kosova nije bilo iznena\u0111enje. Temelji nezavisnog Kosova postavljeni su deceniju ranije, vazdu&#353;nim napadima tokom sedamdeset i osam dana rukovo\u0111enih od strane SAD- a i NATO snaga, koje su bombardovale srpske snage koje su bile rukovo\u0111ene kampanjom zbog koje je blizu milion Albanaca proterano iz njihovih ku\u0107a u Albaniju, Makedoniju i Crnu Goru. <\/p>\n<p>Srpski vojni aparat je preduzeo masivne zlo\u010dine, i neke od posledica ovog rata su veoma vidljive i &#382;ive me\u0111u kosovskom populacijom. Mnoge osobe jo&#353; uvek treba da prona\u0111u mir. <\/p>\n<p>Za mene i moju generaciju, koja je do&#382;ivela rat i te&#353;ku tranziciju nakon rata, pitanje zavr&#353;etka rata nije bilo toliko tehni\u010dki definisano kako su ga definisali akademici u celom svetu zasnivaju\u0107i se samo na broju poginulih. <\/p>\n<p>Rat i njegova dinamika, nastavili su da daju oblik tek uspostavljenom miru i na&#353;im &#382;ivotima, i dalje su bili &#382;ivi u nama, uprkos njegovom zvani\u010dnom zavr&#353;etku u junu 1999. godine, zavr&#353;etkom kampanje bombardovanja, koja j3e ujedno bila i prvi rat ovog saveza. <\/p>\n<p>Mi smo bili svedoci njegove eskalacije i nekim faktorima bili smo odgovorni za njegov po\u010detak, mir u kojem smo &#382;iveli, \u010desto je li\u010dio na prestanak paljbe. <\/p>\n<p>Sigurnost nije bila samo funkcionisanje za&#353;tite od strane pedeset hiljada vojnika NATO-a koji su sme&#353;teni na Kosovo. Sigurnost je bila usko povezana sa poverenjem, jasno\u0107om i predvi\u0111anjima. I mi smo bili sre\u0107ni &#353;to smo imali nepokolebljivu podr&#353;ku Sjedinjenih Dr&#382;ava i evropskih saveznika koji su ostali posve\u0107eni pitanju za&#353;tite kosovskog naroda i pomo\u0107i da izgradimo na&#353;e kapacitete. <\/p>\n<p>U zemlji, kosovski gra\u0111ani su u za dve deceniji pro&#353;li kroz tektonske promene &#8211; iz rata u mir, iz diktature u demokratiju, iz kontrolisane ekonomije u kapitalizam i slobodno tr&#382;i&#353;te <\/p>\n<p>Ovo je podrazumevalo ponovni izgradnju fizi\u010dkog razaranja u ratu, nacrt okvira jedne nove politike, izgradnju institucija iz pepela, obuhvataju\u0107i i one sigurnosne, kako bi se sklonio vakuum sigurnosti i potencijal koji je vodio prema haosu.<\/p>\n<p>Tako\u0111e je podrazumevalo antagonizam i nepoverenje me\u0111u etni\u010dkim zajednicama i tenziju izme\u0111u nekada&#353;njih elita i onih tek pristiglih, kao i pritisku da se svako integri&#353;e i smesti u novi sistem. <\/p>\n<p>Me\u0111u ovim prioritetima koji su se takmi\u010dili u jednom podeljenom dru&#353;tvu koje samo &#353;to je iza&#353;lo iz rata i represije, postalo je vi&#353;e nego jasno, da da bi Kosovo prona&#353;lo stabilnost koja je toliko bila politi\u010dki potrebna i da bi izbeglo povra\u0107aj, ono &#353;to je \u010desto bila norma u dru&#353;tvima koja su iza&#353;la iz konflikta, bilo je imperativ da treba da se izgrade politi\u010dke institucije otvorenih vrata. Sveobuhva\u0107enost je trebalo da postane nova norma. <\/p>\n<p>Institucije ne treba da budu samo refleksija njene multietni\u010dke i multikulturalne strukture, ve\u0107 i razvijene tako da se uzme u obzir i kontekst pro&#353;losti Kosova i njegove ambicije za budu\u0107nost. <\/p>\n<p>U pro&#353;losti, gra\u0111ani Kosova su &#382;iveli pod nezamislivom represijom koja je vr&#353;ena od strane srpskog dr&#382;avnog aparata, koji je u sebi isprepletao veoma politizovanu snagu i brutalnu snagu policije, koja je ubijala na osnovu etni\u010dke pripadnosti i njihovih politi\u010dkih ube\u0111enja. <\/p>\n<p>U budu\u0107nosti, kao nezavisna dr&#382;ava, Kosovo \u0107e tra&#382;iti u\u010dlanjenje u Evropsku uniju i u celokupnom njegovom lider&#353;ipu je izrazilo njihovu posve\u0107enostza postizanje preduslova koji su povezani za proces u\u010dlanjenja. <\/p>\n<p>Za jednu celu generaciju koja je odrasla u svetu kakv je Hobbes-ov, punom opasnosti i beskrajnog straha, bilo je va&#382;no da se fokusira na anga&#382;ovanje na vladavini zakona i ponovnom zapo\u010dinjanju procesa stvaranja lokalnih kapaciteta, odnosno snaga Policije Kosova, kao jedan od pravaca izlazne strategije za me\u0111unarodne nadgleda\u010de Kosova i pove\u0107anog stepena nezavisnosti Kosova. <\/p>\n<p>Zbog konteksta, izazov je bio ne samo izgradnja jedne profesionalne policijske snage, ve\u0107 tako\u0111e i izgradnja poverenje gra\u0111ana Kosova u ovu instituciju i njegovu uniformu, koja se povezivala sa strahom i kori&#353;\u0107ena je kao sredstvo represije. <\/p>\n<p>I kada smo zapo\u010deli sa ponovnom izgradnjom kosovskih institucija, mi smo tako\u0111e izgradili i poverenje javnosti u ove institucije. Mi smo znali da mo&#382;emo da osvojimo ovo poverenje samo pru&#382;aju\u0107i sigurnost, najbitniju komponentu koja je bila potrebna gra\u0111anima Kosova kako bi se vratili u normalnost i ponovnu izgradnju njihovih &#382;ivota. <\/p>\n<p>Na ovom bitnom putu, mi smo imali sre\u0107e &#353;to smo pored sebe imali hiljade mu&#353;karaca i &#382;ena pod okriljem Ujedinjenih nacija &#8211; uglavnom iz Sjedinjenih Dr&#382;ava i Evropske unije, ali i iz dalekih zemlja kao &#353;to su Pakistan i Australija &#8211; koje su sa sobom donele na Kosov najbolje prakse izgradnje policijske snage od poverenja koja \u0107e stvoriti potreban prostor za zadobijanje poverenja od strane gra\u0111ana Kosova i da zapo\u010dne izgradnju jedne nove dr&#382;ave, druga\u010dije i inkluzivne. <\/p>\n<p>U prvim mesecima postojanja, mi smo tra&#382;ili da izgradimo poverenje i legitimitet policijskom snagom kao institucijom tretiraju\u0107i i reflektuju\u0107i tri principa koja su garantovala uklju\u010denost prema strukturi i tradiciji Kosova, a kasnije i prema Ustavu 1) politi\u010dkoj slozi 2) multietni\u010dnosti 3)balans rodnog odnosa. <\/p>\n<p>Kao i u mnogim zemljama koje su iza&#353;le iz konflikta, policijska snaga je postala glavna institucija koja je apsorbovala biv&#353;e borce Oslobodila\u010dke vojske Kosova, koja se borila za nezavisnost Kosova, glavni proces koji je obezbedio potrebnu demilitarizaciju gerilske snage i ponovnu integraciju njenih \u010dlanova u gra\u0111anski &#382;ivot. <\/p>\n<p>Ova snaga je tako\u0111e obuhvatila u njenim redovima i biv&#353;e policijske oficire koji su slu&#382;ili jednom sistemu koji je bio rukovo\u0111en od strane socijalisti\u010dke Jugoslavije, koji su imali iskustva i znanje ambijentalnog konteksta, ali koji su morali da nau\u010de najbolje metode policijskog posla. <\/p>\n<p>Nasuprot etni\u010dkim netrpeljivostima koje su postojale me\u0111u glavnim etni\u010dkim grupama na Kosovu, zbog sigurnosti prihvatanja ove snage od strane cele populacije Kosova bio je imperativ da se regrutuju pripadnici manjinskih zajednica i da se zapo\u010dne zajedni\u010dko patroliranje u etni\u010dki pome&#353;anim zonama kako bi se poslala poruka da policijska snaga reflektuje etni\u010dku i kulturnu strukturu Kosova i da se trudi da odr&#382;ava njegovu multietni\u010dnost kao temelj nove dr&#382;ave. <\/p>\n<p>I na kraju, po&#353;to je Policija Kosova bila me\u0111u privim osnovanim institucijama u zemlji, bilo je va&#382;no da se rukovodi primerima regrutuju\u0107i veliki broj &#382;ena u slu&#382;bu. <\/p>\n<p>Anga&#382;ovanje kako bi se stvorio rodni balans u Policiji Kosova ne samo da je slomio neke predrasude u vezi sa tradicionalnom ulogom mu&#353;karaca i &#382;ena, u to vreme jo&#353; uvek jednog patrijarhalnog dru&#353;tva, ali je tako\u0111e pove\u0107alo poverenje u ovu instituciju pokazuju\u0107i &#353;ta zna\u010di izgraditi jednu demokratsku instituciju koja je rukovo\u0111ena izvanredno&#353;\u0107u oficira, a ne tradicijom. <\/p>\n<p>Iz tog razloga, temelji uspe&#353;ne policijske strategije, koja je dala beneficije narodu Kosova i izmenio je Policiju Kosova\u00a0 u jednu od institucija od najvi&#353;e poverenja u zemlji, ugra\u0111ene su izme\u0111u policije i zajednice u potpunosti i razumljivosti da je policija tu da za&#353;titi njihove slobode i da o\u010duva mir. <\/p>\n<p>Mi smo bili rukovo\u0111eni time u sumrak progla&#353;enja nezavisnosti Kosova. Bio je to veliki test za nas i Policija Kosova je dala primer koji su ostali pratili. Postala je jedna od prvih institucija koja je postigla svoju nezavisnost, nakon decenije me\u0111unarodnog nadgledanja. <\/p>\n<p>Danas nema vi&#353;e NATO trupa koje patroliraju Kosovom ili koje odr&#382;avaju kontrolu. Mi smo na sebe preuzeli odgovornost za sigurnost svih na Kosovu i preko politike postepenog dijaloga i anga&#382;ovanja, mi smo povratili vlast na \u010ditavom Kosovu.<br \/>\n\u00a0<br \/>\n\u00a0Ovo ne zna\u010di da nema vi&#353;e izazova, oni postoje i stvarni su, posebno u severnom delu Kosova, gde kriminalisti\u010dke mre&#382;e, finansijski i politi\u010dki podr&#382;ane od strane Beograda, nastavljaju da poni&#353;tavaju vlast legitimnih kosovskih institucija. <\/p>\n<p>Na&#353;a &#353;iroka definicija sigurnosti, imaju\u0107iu vidu istoriju Kosova, njegovu strukturu i ambicije za budu\u0107nost, postale su tako\u0111e na&#353; glavni princip u centru razmatranja sigurnosnog sektora i identifikacije reformi. <\/p>\n<p>U jednom dugom i te&#353;kom anga&#382;ovanju, koje je obuhvatalo i sveop&#353;te razmatranje sektora sigurnosti, pro&#353;le godine u proceni koja je upu\u0107ena na&#353;im potrebama i mogu\u0107nostima, mi smo postigli do odluke da preduzmemo osnivanje Oru&#382;anih snaga Kosova u okviru postepenog postupka, u mnogim fazama, u punom partnerstvu sa NATO-om prema NATO standardima. <\/p>\n<p>U ovoj budu\u0107oj fazu upotpunjavanja oblika jedne suverene dr&#382;ave, odgovorne za svoju sigurnost, na&#353; cilj jeste izgradnja moderne fleksibilne odbrambene snage, koja \u0107e imati vrednost regionalne sigurnosti i koja \u0107e \u010duvati evropski mir. <\/p>\n<p>Na&#353; strate&#353;ki cilj jeste u\u010dlanjenje u NATO i ovaj cilj je podr&#382;an od strane \u010ditavog politi\u010dkog spektra na Kosovu. Mi ne vidimo drugu alternativu i ja sam svesna da se na&#353;e anga&#382;ovanje komplikuje \u010dinjenicom da \u010detiri dr&#382;ave, \u010dlanice NATO-a nas nisu jo&#353; uvek priznale, ali &#382;elim da mislim unapred i da iskoristim ovaj trenutak kako bih izmenila tok istorije Zapadnog Balkana. <\/p>\n<p>Na&#353; odnos je definisan samo od strane KFOR-a, mirotvornih snaga NATO-a na Kosovu. Mi ne &#382;elimo da budemo samo oni koji prihvataju sigurnost, ve\u0107 &#382;elimo da postanemo doprinosilac sigurnosti. <\/p>\n<p>Pored na&#353;ih anga&#382;ovanja da budemo pored, da &#353;titimo i da integri&#353;emo sve zajednice u institucionalni i dru&#353;tveni &#382;ivot, mi smo se anga&#382;ovali na konstruktivan na\u010din sa Republikom Srbijom u jednom me\u0111udr&#382;avnom dijalogom za normalizaciju odnosa izme\u0111u na&#353;e dve dr&#382;ave. <\/p>\n<p>Mi smo na intenzivan na\u010din prihvatili jedno novo poglavlje jedne politike dobrog susedstva, koja promovi&#353;e saradnju i obostrano poverenje- promena u sr&#382;i u jednom regionu koju je bio pogo\u0111en ratovima, ne&#353;to manje pre dve decenije. <\/p>\n<p>Na ovom putovanju mi smo bili rukovo\u0111eni dubokim verovanjem da ne treba da se dozvoli ponavljanje bolne pro&#353;losti i nemerljive patnje koja je nanete gra\u0111anima Kosova kako bismo odredili budu\u0107nost novih generacija, koje ne treba vi&#353;e da gube mogu\u0107nosti i koje su zaslu&#382;ile da &#382;ive u slobodi i prosperitetu. <\/p>\n<p>Dok se radujemo napretku koji je postignut u razgovorima koji je olak&#353;ala EU, &#382;elim da ponovo naglasim potrebu da cela me\u0111unarodna zajednica, posebno EU i Sjedinjene Dr&#382;ave, dr&#382;e Srbiju za odgovornu za sprovo\u0111enje sporazuma i da je sna&#382;no uslove na njenom putu u\u010dlanjenja u EU, ispunjenjem ovih sporazuma. <\/p>\n<p>Iako verujem da \u0107e okon\u010danje dijaloga za normalizaciju odnosa Srbiju dovesti do priznavanja nezavisnosti Kosova &#8211; nepovratna realnost koju je i Srbija shvatila. Postupci Srbije jo&#353; uvek nisu dokazali da se ona pomerila od njene nacionalisti\u010dke pro&#353;losti. <\/p>\n<p>Postoji jedan veliki nedostatak izme\u0111u retorike i postupaka Srbije. To dvoje nisu isti. <\/p>\n<p>Dok je u dijalogu sa Kosovom Srbija pokazala konstruktivno prozapadno anga&#382;ovanje, ona je nastavila da postupcima obezvre\u0111uje suverenost i vlast Kosova, putem konstantnog finansiranja i podr&#382;avanja ilegalnih paralelnih struktura koje ometaju slobodu i postavljaju barijere prema u\u010dlanjenju Kosova u regionalne i me\u0111unarodne organizacije. <\/p>\n<p>Dame i gospodo, <\/p>\n<p>Kao &#353;to su svedo\u010dile poslednje godine, mi se suo\u010davamo sa pretnjama koje uti\u010du na sve i koje doti\u010du temelj na&#353;ih te&#353;ko ste\u010denih sloboda. To su globalni izazovi, nema bitnih razlika izme\u0111u malih i velikih dr&#382;ava. Mi smo svi pogo\u0111eni, po&#353;to smo svi me\u0111usobno zavisni.<br \/>\nKosovo je dokazalo da ozbiljno shvata pitanja njegove sigurnosti, regionalne sigurnosti kao i sigurnosti njegovih saveznika. <\/p>\n<p>Na&#382;alost, na&#353;a zemlja nije ostala imuna na ovaj izazov globalne sigurnosti, ali i mi smo njega izazvali na efikasan na\u010din. U uskoj saradnji sa na&#353;im partnerima, ja sam kooridinirala anga&#382;ovanje na&#353;ih sigurnosnih mehanizama za preduzimanje operacija u \u010ditavoj zemlji protiv podr&#382;avaoca ISIS-a.<br \/>\nAgencije za vladavinu prava su pritvorile 60 kosovskih gra\u0111ana, koji su se u jednom vremenskom periodu pridru&#382;ili ISIS-u i sli\u010dnim gupama kao &#353;to su al-Nusra u Siriji i Iraku u jednoj operaciji koja je bila koordinisana na \u010ditavoj teritoriji zemlje. Sedam imama koji su bili povezani sa direktnim inspirisanjem, podsticajem i regrutacijom gra\u0111ana Kosova kako bi ratovali u Siriji i Iraku, tako\u0111e su uhap&#353;eni. <\/p>\n<p>Mi smo zatvorili NVO za koje se sumnjalo da su funkcionisale kao front organizacionih i finansijskih aspekata teroristi\u010dke regrutacije, kao i jedan broj ilegalnih d&#382;amija, koje su slu&#382;ile kao izvor indotkrinacije i regrutacije. <\/p>\n<p>Mi smo tako\u0111e poja\u010dali i obnovili na&#353;a regionalna globalna partnerstva. Uska i efikasna saradnja izme\u0111u Kosova, Makedonije i Albanije dovela je do hap&#353;enja glavnim figura za koje se veruje da su glavni podr&#382;avaoci regrutacije ISIS-a u regionu. <\/p>\n<p>Na&#353;i postupci u sprovo\u0111enju\u00a0 zakona su pra\u0107eni i zakonskim merama. Na po\u010detku ove godine Skup&#353;tina Kosova je odobrila zakon koji brani u\u010destvovanje u tu\u0111im ratovima, smatraju\u0107i to zlo\u010dinom koji se kazni i sa do 15 godina zatvora. <\/p>\n<p>Kosovski tu&#382;ioci su podigli 30 optu&#382;nica i optu&#382;eni \u0107e biti izvedeni pred pravdu, povodom \u010dega \u0107e se po prvi put borci u tu\u0111im ratovima izvesti pred pravdu i bi\u0107e osu\u0111eni u kosovskim sudovima. <\/p>\n<p>Sjedinjene Ameri\u010dke Dr&#382;ave i na&#353;i evropski saveznici ostaju na&#353;i glavni partneri u borbi protiv ove opasnosti i mi \u0107emo usko raditi kako bismo obezbedili da \u0107emo se boriti protiv ove pretnje na efikasan na\u010din. <\/p>\n<p>Sve ove mere koje smo preduzeli kao i na&#353;a odlu\u010dnost da degradiramo ovu pretnju bile su ozbiljno preusmeravanje. Mi, takore\u0107i mo&#382;emo u potpunosti da smanjimo odla&#382;enje boraca u tu\u0111e ratove i moj cilj je da odr&#382;im ovo kao jedan od najve\u0107ih prioriteta dr&#382;avnih institucija kao i da se osiguramo da ovo ne\u0107e jo&#353; uvek ostati pretnja za Kosovo i njegove saveznike. <\/p>\n<p>Mi smo oja\u010dali na&#353;e regionalne\u00a0 globalne saveze i izgradili smo nove. Na Kosovu smo osnovali jedan model koji treba da slede druge zemlje regiona i dalje. <\/p>\n<p>Preko na&#353;ih postupaka mi smo u\u010dinili jasnim teroristima i onima koji podr&#382;avaju ovo, da Kosovo ne\u0107e biti njihovo skrovi&#353;te. Mo smo i pokazali da stvarno tako mislimo. <\/p>\n<p>Na kraju, dozvolite mi da zavr&#353;im, govore\u0107i da je napredak na Kosovu bio izvanredan. Mi smo svesni da ima jo&#353; mnogo toga da se uradi kako bismo Kosovo izmenili u jednu dr&#382;avu kojoj svi te&#382;imo. <\/p>\n<p>Politi\u010dki, mi smo napravili jedan ogroman korak napred, ali nam treba jo&#353; guranja, kako bismo se osigurali da je investiranje u mir i stabilnost poslednjih 20 godina nepovratno. <\/p>\n<p>Mi ostajemo dru&#353;tvo koje napreduje, ali trena da zadr&#382;imo ovaj momentum. <\/p>\n<p>Aktivno anga&#382;ovanje na&#353;ih saveznika u ovoj budu\u0107oj fazi ostaje bitno za mir i stabilnost na Balkanu. Jo&#353; uvek ima nedovr&#353;enog posla i treba da se osiguramo da \u0107e se uspesi iz proteklih godina nastaviti. <\/p>\n<p>Kosovo je imalo puno prijatelja na ovom uspe&#353;nom putu izgradnje dr&#382;ave. I ovaj na&#353; zajedni\u010dki posao je izmenio tok istorije Balkana.<br \/>\nSamo 15 godina ranije, Kosovo je bilo ratna zona. Danas, Kosov je izvor mira i stabilnosti i to zahvaljuju\u0107i nesalomivoj volji naroda Kosova i na&#353;ih partnera, da &#382;ivimo u miru i demokratiji. <\/p>\n<p>Hvala vam &#353;to ste me danas ovde pozvali i na ovom toplom do\u010deku!<\/p>\n","protected":false},"excerpt":{"rendered":"<p>Predsednica Republike Kosova, gospo\u0111a Atifete Jahjaga, odr&#382;ala je govor u  Marshall Center, koji u potpunosti prenosimo u nastavku:<\/p>\n","protected":false},"author":1,"featured_media":37437,"comment_status":"open","ping_status":"closed","sticky":false,"template":"","format":"standard","meta":{"_eb_attr":"","footnotes":""},"categories":[106],"tags":[],"class_list":["post-77131","post","type-post","status-publish","format-standard","has-post-thumbnail","hentry","category-govori"],"yoast_head":"<!-- This site is optimized with the Yoast SEO plugin v23.5 - https:\/\/yoast.com\/wordpress\/plugins\/seo\/ -->\n<title>Govor predsednice Jahjaga uMarshall Center - Predsednik Republike Kosovo - DR. VJOSA OSMANI - SADRIU<\/title>\n<meta name=\"description\" content=\"Govor predsednice Jahjaga uMarshall Center - Predsednik Republike Kosovo - DR. VJOSA OSMANI - SADRIU -\" \/>\n<meta name=\"robots\" content=\"index, follow, max-snippet:-1, max-image-preview:large, max-video-preview:-1\" \/>\n<link rel=\"canonical\" href=\"https:\/\/president-ksgov.net\/fjalimi-i-presidentes-jahjaga-ne-marshall-center\/\" \/>\n<meta property=\"og:locale\" content=\"sr_RS\" \/>\n<meta property=\"og:type\" content=\"article\" \/>\n<meta property=\"og:title\" content=\"Govor predsednice Jahjaga uMarshall Center - Predsednik Republike Kosovo - DR. VJOSA OSMANI - SADRIU\" \/>\n<meta property=\"og:description\" content=\"Govor predsednice Jahjaga uMarshall Center - Predsednik Republike Kosovo - DR. VJOSA OSMANI - SADRIU -\" \/>\n<meta property=\"og:url\" content=\"https:\/\/president-ksgov.net\/fjalimi-i-presidentes-jahjaga-ne-marshall-center\/\" \/>\n<meta property=\"og:site_name\" content=\"Predsednik Republike Kosovo - DR. VJOSA OSMANI - SADRIU\" \/>\n<meta property=\"article:published_time\" content=\"2015-11-04T09:32:17+00:00\" \/>\n<meta property=\"article:modified_time\" content=\"2023-03-08T09:02:19+00:00\" \/>\n<meta property=\"og:image\" content=\"https:\/\/president-ksgov.net\/wp-content\/uploads\/05_11_2015_794514_4_11_2015_Marshall_1.jpg\" \/>\n\t<meta property=\"og:image:width\" content=\"1024\" \/>\n\t<meta property=\"og:image:height\" content=\"682\" \/>\n\t<meta property=\"og:image:type\" content=\"image\/jpeg\" \/>\n<meta name=\"author\" content=\"admin\" \/>\n<meta name=\"twitter:card\" content=\"summary_large_image\" \/>\n<meta name=\"twitter:label1\" content=\"\u041d\u0430\u043f\u0438\u0441\u0430\u043d\u043e \u043e\u0434\" \/>\n\t<meta name=\"twitter:data1\" content=\"admin\" \/>\n\t<meta name=\"twitter:label2\" content=\"\u041f\u0440\u043e\u0446\u0435\u045a\u0435\u043d\u043e \u0432\u0440\u0435\u043c\u0435 \u0447\u0438\u0442\u0430\u045a\u0430\" \/>\n\t<meta name=\"twitter:data2\" content=\"15 \u043c\u0438\u043d\u0443\u0442\u0430\" \/>\n<script type=\"application\/ld+json\" class=\"yoast-schema-graph\">{\"@context\":\"https:\/\/schema.org\",\"@graph\":[{\"@type\":\"WebPage\",\"@id\":\"https:\/\/president-ksgov.net\/fjalimi-i-presidentes-jahjaga-ne-marshall-center\/\",\"url\":\"https:\/\/president-ksgov.net\/fjalimi-i-presidentes-jahjaga-ne-marshall-center\/\",\"name\":\"Govor predsednice Jahjaga uMarshall Center - Predsednik Republike Kosovo - DR. VJOSA OSMANI - SADRIU\",\"isPartOf\":{\"@id\":\"https:\/\/president-ksgov.net\/#website\"},\"primaryImageOfPage\":{\"@id\":\"https:\/\/president-ksgov.net\/fjalimi-i-presidentes-jahjaga-ne-marshall-center\/#primaryimage\"},\"image\":{\"@id\":\"https:\/\/president-ksgov.net\/fjalimi-i-presidentes-jahjaga-ne-marshall-center\/#primaryimage\"},\"thumbnailUrl\":\"https:\/\/president-ksgov.net\/wp-content\/uploads\/05_11_2015_794514_4_11_2015_Marshall_1.jpg\",\"datePublished\":\"2015-11-04T09:32:17+00:00\",\"dateModified\":\"2023-03-08T09:02:19+00:00\",\"author\":{\"@id\":\"https:\/\/president-ksgov.net\/#\/schema\/person\/bb4337a5fb147cb2046d80548172cbee\"},\"description\":\"Govor predsednice Jahjaga uMarshall Center - Predsednik Republike Kosovo - DR. VJOSA OSMANI - SADRIU -\",\"breadcrumb\":{\"@id\":\"https:\/\/president-ksgov.net\/fjalimi-i-presidentes-jahjaga-ne-marshall-center\/#breadcrumb\"},\"inLanguage\":\"sr-RS\",\"potentialAction\":[{\"@type\":\"ReadAction\",\"target\":[\"https:\/\/president-ksgov.net\/fjalimi-i-presidentes-jahjaga-ne-marshall-center\/\"]}]},{\"@type\":\"ImageObject\",\"inLanguage\":\"sr-RS\",\"@id\":\"https:\/\/president-ksgov.net\/fjalimi-i-presidentes-jahjaga-ne-marshall-center\/#primaryimage\",\"url\":\"https:\/\/president-ksgov.net\/wp-content\/uploads\/05_11_2015_794514_4_11_2015_Marshall_1.jpg\",\"contentUrl\":\"https:\/\/president-ksgov.net\/wp-content\/uploads\/05_11_2015_794514_4_11_2015_Marshall_1.jpg\",\"width\":1024,\"height\":682},{\"@type\":\"BreadcrumbList\",\"@id\":\"https:\/\/president-ksgov.net\/fjalimi-i-presidentes-jahjaga-ne-marshall-center\/#breadcrumb\",\"itemListElement\":[{\"@type\":\"ListItem\",\"position\":1,\"name\":\"Home\",\"item\":\"https:\/\/president-ksgov.net\/sr\/\"},{\"@type\":\"ListItem\",\"position\":2,\"name\":\"Govor predsednice Jahjaga uMarshall Center\"}]},{\"@type\":\"WebSite\",\"@id\":\"https:\/\/president-ksgov.net\/#website\",\"url\":\"https:\/\/president-ksgov.net\/\",\"name\":\"Presidente e Republik\u00ebs s\u00eb Kosov\u00ebs\",\"description\":\"Presidente e Republik\u00ebs s\u00eb Kosov\u00ebs\",\"alternateName\":\"DR. VJOSA OSMANI - SADRIU\",\"potentialAction\":[{\"@type\":\"SearchAction\",\"target\":{\"@type\":\"EntryPoint\",\"urlTemplate\":\"https:\/\/president-ksgov.net\/?s={search_term_string}\"},\"query-input\":{\"@type\":\"PropertyValueSpecification\",\"valueRequired\":true,\"valueName\":\"search_term_string\"}}],\"inLanguage\":\"sr-RS\"},{\"@type\":\"Person\",\"@id\":\"https:\/\/president-ksgov.net\/#\/schema\/person\/bb4337a5fb147cb2046d80548172cbee\",\"name\":\"admin\",\"image\":{\"@type\":\"ImageObject\",\"inLanguage\":\"sr-RS\",\"@id\":\"https:\/\/president-ksgov.net\/#\/schema\/person\/image\/\",\"url\":\"https:\/\/secure.gravatar.com\/avatar\/36156ca0fa3b8d9d25174f146e16beea0cf28f37adf1b9e19b6c9c279a7c9dd3?s=96&d=mm&r=g\",\"contentUrl\":\"https:\/\/secure.gravatar.com\/avatar\/36156ca0fa3b8d9d25174f146e16beea0cf28f37adf1b9e19b6c9c279a7c9dd3?s=96&d=mm&r=g\",\"caption\":\"admin\"},\"sameAs\":[\"https:\/\/president-ksgov.net\"]}]}<\/script>\n<!-- \/ Yoast SEO plugin. -->","yoast_head_json":{"title":"Govor predsednice Jahjaga uMarshall Center - Predsednik Republike Kosovo - DR. VJOSA OSMANI - SADRIU","description":"Govor predsednice Jahjaga uMarshall Center - Predsednik Republike Kosovo - DR. VJOSA OSMANI - SADRIU -","robots":{"index":"index","follow":"follow","max-snippet":"max-snippet:-1","max-image-preview":"max-image-preview:large","max-video-preview":"max-video-preview:-1"},"canonical":"https:\/\/president-ksgov.net\/fjalimi-i-presidentes-jahjaga-ne-marshall-center\/","og_locale":"sr_RS","og_type":"article","og_title":"Govor predsednice Jahjaga uMarshall Center - Predsednik Republike Kosovo - DR. VJOSA OSMANI - SADRIU","og_description":"Govor predsednice Jahjaga uMarshall Center - Predsednik Republike Kosovo - DR. VJOSA OSMANI - SADRIU -","og_url":"https:\/\/president-ksgov.net\/fjalimi-i-presidentes-jahjaga-ne-marshall-center\/","og_site_name":"Predsednik Republike Kosovo - DR. VJOSA OSMANI - SADRIU","article_published_time":"2015-11-04T09:32:17+00:00","article_modified_time":"2023-03-08T09:02:19+00:00","og_image":[{"width":1024,"height":682,"url":"https:\/\/president-ksgov.net\/wp-content\/uploads\/05_11_2015_794514_4_11_2015_Marshall_1.jpg","type":"image\/jpeg"}],"author":"admin","twitter_card":"summary_large_image","twitter_misc":{"\u041d\u0430\u043f\u0438\u0441\u0430\u043d\u043e \u043e\u0434":"admin","\u041f\u0440\u043e\u0446\u0435\u045a\u0435\u043d\u043e \u0432\u0440\u0435\u043c\u0435 \u0447\u0438\u0442\u0430\u045a\u0430":"15 \u043c\u0438\u043d\u0443\u0442\u0430"},"schema":{"@context":"https:\/\/schema.org","@graph":[{"@type":"WebPage","@id":"https:\/\/president-ksgov.net\/fjalimi-i-presidentes-jahjaga-ne-marshall-center\/","url":"https:\/\/president-ksgov.net\/fjalimi-i-presidentes-jahjaga-ne-marshall-center\/","name":"Govor predsednice Jahjaga uMarshall Center - Predsednik Republike Kosovo - DR. VJOSA OSMANI - SADRIU","isPartOf":{"@id":"https:\/\/president-ksgov.net\/#website"},"primaryImageOfPage":{"@id":"https:\/\/president-ksgov.net\/fjalimi-i-presidentes-jahjaga-ne-marshall-center\/#primaryimage"},"image":{"@id":"https:\/\/president-ksgov.net\/fjalimi-i-presidentes-jahjaga-ne-marshall-center\/#primaryimage"},"thumbnailUrl":"https:\/\/president-ksgov.net\/wp-content\/uploads\/05_11_2015_794514_4_11_2015_Marshall_1.jpg","datePublished":"2015-11-04T09:32:17+00:00","dateModified":"2023-03-08T09:02:19+00:00","author":{"@id":"https:\/\/president-ksgov.net\/#\/schema\/person\/bb4337a5fb147cb2046d80548172cbee"},"description":"Govor predsednice Jahjaga uMarshall Center - Predsednik Republike Kosovo - DR. VJOSA OSMANI - SADRIU -","breadcrumb":{"@id":"https:\/\/president-ksgov.net\/fjalimi-i-presidentes-jahjaga-ne-marshall-center\/#breadcrumb"},"inLanguage":"sr-RS","potentialAction":[{"@type":"ReadAction","target":["https:\/\/president-ksgov.net\/fjalimi-i-presidentes-jahjaga-ne-marshall-center\/"]}]},{"@type":"ImageObject","inLanguage":"sr-RS","@id":"https:\/\/president-ksgov.net\/fjalimi-i-presidentes-jahjaga-ne-marshall-center\/#primaryimage","url":"https:\/\/president-ksgov.net\/wp-content\/uploads\/05_11_2015_794514_4_11_2015_Marshall_1.jpg","contentUrl":"https:\/\/president-ksgov.net\/wp-content\/uploads\/05_11_2015_794514_4_11_2015_Marshall_1.jpg","width":1024,"height":682},{"@type":"BreadcrumbList","@id":"https:\/\/president-ksgov.net\/fjalimi-i-presidentes-jahjaga-ne-marshall-center\/#breadcrumb","itemListElement":[{"@type":"ListItem","position":1,"name":"Home","item":"https:\/\/president-ksgov.net\/sr\/"},{"@type":"ListItem","position":2,"name":"Govor predsednice Jahjaga uMarshall Center"}]},{"@type":"WebSite","@id":"https:\/\/president-ksgov.net\/#website","url":"https:\/\/president-ksgov.net\/","name":"Presidente e Republik\u00ebs s\u00eb Kosov\u00ebs","description":"Presidente e Republik\u00ebs s\u00eb Kosov\u00ebs","alternateName":"DR. VJOSA OSMANI - SADRIU","potentialAction":[{"@type":"SearchAction","target":{"@type":"EntryPoint","urlTemplate":"https:\/\/president-ksgov.net\/?s={search_term_string}"},"query-input":{"@type":"PropertyValueSpecification","valueRequired":true,"valueName":"search_term_string"}}],"inLanguage":"sr-RS"},{"@type":"Person","@id":"https:\/\/president-ksgov.net\/#\/schema\/person\/bb4337a5fb147cb2046d80548172cbee","name":"admin","image":{"@type":"ImageObject","inLanguage":"sr-RS","@id":"https:\/\/president-ksgov.net\/#\/schema\/person\/image\/","url":"https:\/\/secure.gravatar.com\/avatar\/36156ca0fa3b8d9d25174f146e16beea0cf28f37adf1b9e19b6c9c279a7c9dd3?s=96&d=mm&r=g","contentUrl":"https:\/\/secure.gravatar.com\/avatar\/36156ca0fa3b8d9d25174f146e16beea0cf28f37adf1b9e19b6c9c279a7c9dd3?s=96&d=mm&r=g","caption":"admin"},"sameAs":["https:\/\/president-ksgov.net"]}]}},"_links":{"self":[{"href":"https:\/\/president-ksgov.net\/sr\/wp-json\/wp\/v2\/posts\/77131","targetHints":{"allow":["GET"]}}],"collection":[{"href":"https:\/\/president-ksgov.net\/sr\/wp-json\/wp\/v2\/posts"}],"about":[{"href":"https:\/\/president-ksgov.net\/sr\/wp-json\/wp\/v2\/types\/post"}],"author":[{"embeddable":true,"href":"https:\/\/president-ksgov.net\/sr\/wp-json\/wp\/v2\/users\/1"}],"replies":[{"embeddable":true,"href":"https:\/\/president-ksgov.net\/sr\/wp-json\/wp\/v2\/comments?post=77131"}],"version-history":[{"count":1,"href":"https:\/\/president-ksgov.net\/sr\/wp-json\/wp\/v2\/posts\/77131\/revisions"}],"predecessor-version":[{"id":81598,"href":"https:\/\/president-ksgov.net\/sr\/wp-json\/wp\/v2\/posts\/77131\/revisions\/81598"}],"wp:featuredmedia":[{"embeddable":true,"href":"https:\/\/president-ksgov.net\/sr\/wp-json\/wp\/v2\/media\/37437"}],"wp:attachment":[{"href":"https:\/\/president-ksgov.net\/sr\/wp-json\/wp\/v2\/media?parent=77131"}],"wp:term":[{"taxonomy":"category","embeddable":true,"href":"https:\/\/president-ksgov.net\/sr\/wp-json\/wp\/v2\/categories?post=77131"},{"taxonomy":"post_tag","embeddable":true,"href":"https:\/\/president-ksgov.net\/sr\/wp-json\/wp\/v2\/tags?post=77131"}],"curies":[{"name":"wp","href":"https:\/\/api.w.org\/{rel}","templated":true}]}}