{"id":77129,"date":"2015-11-06T15:36:26","date_gmt":"2015-11-06T15:36:26","guid":{"rendered":"https:\/\/dev.president-ksgov.net\/predsednica-atifete-jahjaga-docekala-je-komesara-eu-johannes-a-hahn-a\/"},"modified":"2015-11-06T15:36:26","modified_gmt":"2015-11-06T15:36:26","slug":"predsednica-atifete-jahjaga-docekala-je-komesara-eu-johannes-a-hahn-a","status":"publish","type":"post","link":"https:\/\/president-ksgov.net\/sr\/predsednica-atifete-jahjaga-docekala-je-komesara-eu-johannes-a-hahn-a\/","title":{"rendered":"Predsednica Atifete Jahjaga do\u010dekala je komesara EU, Johannes-a Hahn-a"},"content":{"rendered":"<p>Predsednica Republike Kosova, gospo]a Atifete Jahjaga do\u010dekala je evropskog komesara za evropske politike susedstva i pregovora o pro&#353;irenju, gospodina Johannes-a Hahn-a, sa kojim je diskutovala o poslednjim doga\u0111ajima u zemlji, potpisivanju i ratifikaciji Sporazuma o stabilizaciji i pridru&#382;ivanju, dijalogu izme\u0111u Republike Kosova i Republike Srbije, izve&#353;taju o oceni za liberalizaciju viza i o osnivanju Specijalnog suda.<\/p>\n<p>Predsednica Jahjaga je naglasila da je potpisivanje Sporazuma o stabilizaciji i pridru&#382;ivanju dobro do\u010dekano u Republici Kosovo, pogotovu u razvoju ekonomije i autenti\u010dnoj vladavini reda i zakona. Ona je rekla da su kosovske institucije posve\u0107ene tome da ispune njihove obaveze i da tra&#382;e da put Kosova prema Evropskoj uniji bude jednak da putem ostalih zemalja regiona. <\/p>\n<p>Predsednica Jahjaga je tako\u0111e obavestila komesara Hahn-a o ispunjenju kriterijuma za liberalizaciju viza, nagla&#353;avaju\u0107i da kosovske institucije o\u010dekuju da se gra\u0111anima Kosova omogu\u0107i slobodno kretanje u Schengen zoni nakon pozitivne procene na kraju godine. <\/p>\n<p>Pozivaju\u0107i se na poslednje politi\u010dke doga\u0111aje u zemlji, predsednica Jahjaga je obavestila komesara Hahn-a o sastancima sa vladaju\u0107om koalicijom i opozicionim subjektima koji su se odvili sa ciljem prevazila&#382;enja nastale politi\u010dke situacije na Kosovu. Predsednica je tako\u0111e naglasila njenu odluku da se u okviru njenih nadle&#382;nosti obratu Ustavnom sudu kako bi se protuma\u010dila saglasnost principa Zajednice srpskih op&#353;tina sa Ustavom Republike Kosova, kao institucionalnog puta za tretiranje briga. <\/p>\n<p>Predsednica Jahjaga je tako\u0111e diskutovala sa komesarom Hahn-om o dijalogu koji je olak&#353;ala Evropska unija izme\u0111u Republike Kosova i Republike Srbije, nagla&#353;avaju\u0107i da \u0107e uspeh ovog procesa zavisiti od sprovo\u0111enja sporazuma i uslovaljavanja napretka Srbije prema u\u010dlanjenju u EU ukidanjem podr&#353;ke za paralelne i ilegalne strukture iz Beograda. <\/p>\n<p>Predsednica Jahjaga je tako\u0111e izrazila spremnost institucija Republike Kosova da ispune preostale me\u0111unarodne obaveze radi osnivanja Specijalnog suda koji \u0107e tretirati optu&#382;be koje su podignute u izve&#353;taju Evropskog saveta, obuhvataju\u0107i i bilateralne sporazume izme\u0111u Holandije i Kosova za osnivanje ovog suda. <\/p>\n<p>Komesar Hahn je \u010destitao na zabele&#382;enom napretku na Kosovu potpisivanjem SSP-a i izme\u0111u ostalog se zahvalio predsednici Jahjaga na njenoj ulozi u tretiranju ilegalne migracije sa Kosova i zemlje Evropske unije, &#353;to je jedan od glavnih argumenata za pozitivnu odluku za Kosovo u pitanju liberalizacija viza.\u00a0<\/p>\n","protected":false},"excerpt":{"rendered":"<p>Predsednica Republike Kosova, gospo]a Atifete Jahjaga do\u010dekala je evropskog komesara za evropske politike susedstva i pregovora o pro&#353;irenju, gospodina Johannes-a Hahn-a, sa kojim je diskutovala o poslednjim doga\u0111ajima u zemlji, potpisivanju i ratifikaciji Sporazuma o stabilizaciji i pridru&#382;ivanju, dijalogu izme\u0111u Republike Kosova i Republike Srbije, izve&#353;taju o oceni za liberalizaciju viza i o osnivanju Specijalnog suda.<\/p>\n","protected":false},"author":1,"featured_media":37426,"comment_status":"open","ping_status":"closed","sticky":false,"template":"","format":"standard","meta":{"_eb_attr":"","footnotes":""},"categories":[101],"tags":[],"class_list":["post-77129","post","type-post","status-publish","format-standard","has-post-thumbnail","hentry","category-vesti"],"yoast_head":"<!-- This site is optimized with the Yoast SEO plugin v23.5 - https:\/\/yoast.com\/wordpress\/plugins\/seo\/ -->\n<title>Predsednica Atifete Jahjaga do\u010dekala je komesara EU, Johannes-a Hahn-a - Predsednik Republike Kosovo - DR. VJOSA OSMANI - SADRIU<\/title>\n<meta name=\"description\" content=\"Predsednica Atifete Jahjaga do\u010dekala je komesara EU, Johannes-a Hahn-a - Predsednik Republike Kosovo - DR. VJOSA OSMANI - SADRIU -\" \/>\n<meta name=\"robots\" content=\"index, follow, max-snippet:-1, max-image-preview:large, max-video-preview:-1\" \/>\n<link rel=\"canonical\" href=\"https:\/\/president-ksgov.net\/sr\/predsednica-atifete-jahjaga-docekala-je-komesara-eu-johannes-a-hahn-a\/\" \/>\n<meta property=\"og:locale\" content=\"sr_RS\" \/>\n<meta property=\"og:type\" content=\"article\" \/>\n<meta property=\"og:title\" content=\"Predsednica Atifete Jahjaga do\u010dekala je komesara EU, Johannes-a Hahn-a - Predsednik Republike Kosovo - DR. VJOSA OSMANI - SADRIU\" \/>\n<meta property=\"og:description\" content=\"Predsednica Atifete Jahjaga do\u010dekala je komesara EU, Johannes-a Hahn-a - Predsednik Republike Kosovo - DR. VJOSA OSMANI - SADRIU -\" \/>\n<meta property=\"og:url\" content=\"https:\/\/president-ksgov.net\/sr\/predsednica-atifete-jahjaga-docekala-je-komesara-eu-johannes-a-hahn-a\/\" \/>\n<meta property=\"og:site_name\" content=\"Predsednik Republike Kosovo - DR. VJOSA OSMANI - SADRIU\" \/>\n<meta property=\"article:published_time\" content=\"2015-11-06T15:36:26+00:00\" \/>\n<meta property=\"og:image\" content=\"https:\/\/president-ksgov.net\/wp-content\/uploads\/06_11_2015_7027862_IMG_0284-scaled.jpg\" \/>\n\t<meta property=\"og:image:width\" content=\"2560\" \/>\n\t<meta property=\"og:image:height\" content=\"1880\" \/>\n\t<meta property=\"og:image:type\" content=\"image\/jpeg\" \/>\n<meta name=\"author\" content=\"admin\" \/>\n<meta name=\"twitter:card\" content=\"summary_large_image\" \/>\n<meta name=\"twitter:label1\" content=\"\u041d\u0430\u043f\u0438\u0441\u0430\u043d\u043e \u043e\u0434\" \/>\n\t<meta name=\"twitter:data1\" content=\"admin\" \/>\n\t<meta name=\"twitter:label2\" content=\"\u041f\u0440\u043e\u0446\u0435\u045a\u0435\u043d\u043e \u0432\u0440\u0435\u043c\u0435 \u0447\u0438\u0442\u0430\u045a\u0430\" \/>\n\t<meta name=\"twitter:data2\" content=\"2 \u043c\u0438\u043d\u0443\u0442\u0430\" \/>\n<script type=\"application\/ld+json\" class=\"yoast-schema-graph\">{\"@context\":\"https:\/\/schema.org\",\"@graph\":[{\"@type\":\"WebPage\",\"@id\":\"https:\/\/president-ksgov.net\/sr\/predsednica-atifete-jahjaga-docekala-je-komesara-eu-johannes-a-hahn-a\/\",\"url\":\"https:\/\/president-ksgov.net\/sr\/predsednica-atifete-jahjaga-docekala-je-komesara-eu-johannes-a-hahn-a\/\",\"name\":\"Predsednica Atifete Jahjaga do\u010dekala je komesara EU, Johannes-a Hahn-a - Predsednik Republike Kosovo - DR. VJOSA OSMANI - SADRIU\",\"isPartOf\":{\"@id\":\"https:\/\/president-ksgov.net\/#website\"},\"primaryImageOfPage\":{\"@id\":\"https:\/\/president-ksgov.net\/sr\/predsednica-atifete-jahjaga-docekala-je-komesara-eu-johannes-a-hahn-a\/#primaryimage\"},\"image\":{\"@id\":\"https:\/\/president-ksgov.net\/sr\/predsednica-atifete-jahjaga-docekala-je-komesara-eu-johannes-a-hahn-a\/#primaryimage\"},\"thumbnailUrl\":\"https:\/\/president-ksgov.net\/wp-content\/uploads\/06_11_2015_7027862_IMG_0284-scaled.jpg\",\"datePublished\":\"2015-11-06T15:36:26+00:00\",\"dateModified\":\"2015-11-06T15:36:26+00:00\",\"author\":{\"@id\":\"https:\/\/president-ksgov.net\/#\/schema\/person\/bb4337a5fb147cb2046d80548172cbee\"},\"description\":\"Predsednica Atifete Jahjaga do\u010dekala je komesara EU, Johannes-a Hahn-a - Predsednik Republike Kosovo - DR. VJOSA OSMANI - SADRIU -\",\"breadcrumb\":{\"@id\":\"https:\/\/president-ksgov.net\/sr\/predsednica-atifete-jahjaga-docekala-je-komesara-eu-johannes-a-hahn-a\/#breadcrumb\"},\"inLanguage\":\"sr-RS\",\"potentialAction\":[{\"@type\":\"ReadAction\",\"target\":[\"https:\/\/president-ksgov.net\/sr\/predsednica-atifete-jahjaga-docekala-je-komesara-eu-johannes-a-hahn-a\/\"]}]},{\"@type\":\"ImageObject\",\"inLanguage\":\"sr-RS\",\"@id\":\"https:\/\/president-ksgov.net\/sr\/predsednica-atifete-jahjaga-docekala-je-komesara-eu-johannes-a-hahn-a\/#primaryimage\",\"url\":\"https:\/\/president-ksgov.net\/wp-content\/uploads\/06_11_2015_7027862_IMG_0284-scaled.jpg\",\"contentUrl\":\"https:\/\/president-ksgov.net\/wp-content\/uploads\/06_11_2015_7027862_IMG_0284-scaled.jpg\",\"width\":2560,\"height\":1880},{\"@type\":\"BreadcrumbList\",\"@id\":\"https:\/\/president-ksgov.net\/sr\/predsednica-atifete-jahjaga-docekala-je-komesara-eu-johannes-a-hahn-a\/#breadcrumb\",\"itemListElement\":[{\"@type\":\"ListItem\",\"position\":1,\"name\":\"Home\",\"item\":\"https:\/\/president-ksgov.net\/sr\/\"},{\"@type\":\"ListItem\",\"position\":2,\"name\":\"Predsednica Atifete Jahjaga do\u010dekala je komesara EU, Johannes-a Hahn-a\"}]},{\"@type\":\"WebSite\",\"@id\":\"https:\/\/president-ksgov.net\/#website\",\"url\":\"https:\/\/president-ksgov.net\/\",\"name\":\"Presidente e Republik\u00ebs s\u00eb Kosov\u00ebs\",\"description\":\"Presidente e Republik\u00ebs s\u00eb Kosov\u00ebs\",\"alternateName\":\"DR. VJOSA OSMANI - SADRIU\",\"potentialAction\":[{\"@type\":\"SearchAction\",\"target\":{\"@type\":\"EntryPoint\",\"urlTemplate\":\"https:\/\/president-ksgov.net\/?s={search_term_string}\"},\"query-input\":{\"@type\":\"PropertyValueSpecification\",\"valueRequired\":true,\"valueName\":\"search_term_string\"}}],\"inLanguage\":\"sr-RS\"},{\"@type\":\"Person\",\"@id\":\"https:\/\/president-ksgov.net\/#\/schema\/person\/bb4337a5fb147cb2046d80548172cbee\",\"name\":\"admin\",\"image\":{\"@type\":\"ImageObject\",\"inLanguage\":\"sr-RS\",\"@id\":\"https:\/\/president-ksgov.net\/#\/schema\/person\/image\/\",\"url\":\"https:\/\/secure.gravatar.com\/avatar\/36156ca0fa3b8d9d25174f146e16beea0cf28f37adf1b9e19b6c9c279a7c9dd3?s=96&d=mm&r=g\",\"contentUrl\":\"https:\/\/secure.gravatar.com\/avatar\/36156ca0fa3b8d9d25174f146e16beea0cf28f37adf1b9e19b6c9c279a7c9dd3?s=96&d=mm&r=g\",\"caption\":\"admin\"},\"sameAs\":[\"https:\/\/president-ksgov.net\"]}]}<\/script>\n<!-- \/ Yoast SEO plugin. -->","yoast_head_json":{"title":"Predsednica Atifete Jahjaga do\u010dekala je komesara EU, Johannes-a Hahn-a - Predsednik Republike Kosovo - DR. VJOSA OSMANI - SADRIU","description":"Predsednica Atifete Jahjaga do\u010dekala je komesara EU, Johannes-a Hahn-a - Predsednik Republike Kosovo - DR. VJOSA OSMANI - SADRIU -","robots":{"index":"index","follow":"follow","max-snippet":"max-snippet:-1","max-image-preview":"max-image-preview:large","max-video-preview":"max-video-preview:-1"},"canonical":"https:\/\/president-ksgov.net\/sr\/predsednica-atifete-jahjaga-docekala-je-komesara-eu-johannes-a-hahn-a\/","og_locale":"sr_RS","og_type":"article","og_title":"Predsednica Atifete Jahjaga do\u010dekala je komesara EU, Johannes-a Hahn-a - Predsednik Republike Kosovo - DR. VJOSA OSMANI - SADRIU","og_description":"Predsednica Atifete Jahjaga do\u010dekala je komesara EU, Johannes-a Hahn-a - Predsednik Republike Kosovo - DR. VJOSA OSMANI - SADRIU -","og_url":"https:\/\/president-ksgov.net\/sr\/predsednica-atifete-jahjaga-docekala-je-komesara-eu-johannes-a-hahn-a\/","og_site_name":"Predsednik Republike Kosovo - DR. VJOSA OSMANI - SADRIU","article_published_time":"2015-11-06T15:36:26+00:00","og_image":[{"width":2560,"height":1880,"url":"https:\/\/president-ksgov.net\/wp-content\/uploads\/06_11_2015_7027862_IMG_0284-scaled.jpg","type":"image\/jpeg"}],"author":"admin","twitter_card":"summary_large_image","twitter_misc":{"\u041d\u0430\u043f\u0438\u0441\u0430\u043d\u043e \u043e\u0434":"admin","\u041f\u0440\u043e\u0446\u0435\u045a\u0435\u043d\u043e \u0432\u0440\u0435\u043c\u0435 \u0447\u0438\u0442\u0430\u045a\u0430":"2 \u043c\u0438\u043d\u0443\u0442\u0430"},"schema":{"@context":"https:\/\/schema.org","@graph":[{"@type":"WebPage","@id":"https:\/\/president-ksgov.net\/sr\/predsednica-atifete-jahjaga-docekala-je-komesara-eu-johannes-a-hahn-a\/","url":"https:\/\/president-ksgov.net\/sr\/predsednica-atifete-jahjaga-docekala-je-komesara-eu-johannes-a-hahn-a\/","name":"Predsednica Atifete Jahjaga do\u010dekala je komesara EU, Johannes-a Hahn-a - Predsednik Republike Kosovo - DR. VJOSA OSMANI - SADRIU","isPartOf":{"@id":"https:\/\/president-ksgov.net\/#website"},"primaryImageOfPage":{"@id":"https:\/\/president-ksgov.net\/sr\/predsednica-atifete-jahjaga-docekala-je-komesara-eu-johannes-a-hahn-a\/#primaryimage"},"image":{"@id":"https:\/\/president-ksgov.net\/sr\/predsednica-atifete-jahjaga-docekala-je-komesara-eu-johannes-a-hahn-a\/#primaryimage"},"thumbnailUrl":"https:\/\/president-ksgov.net\/wp-content\/uploads\/06_11_2015_7027862_IMG_0284-scaled.jpg","datePublished":"2015-11-06T15:36:26+00:00","dateModified":"2015-11-06T15:36:26+00:00","author":{"@id":"https:\/\/president-ksgov.net\/#\/schema\/person\/bb4337a5fb147cb2046d80548172cbee"},"description":"Predsednica Atifete Jahjaga do\u010dekala je komesara EU, Johannes-a Hahn-a - Predsednik Republike Kosovo - DR. VJOSA OSMANI - SADRIU -","breadcrumb":{"@id":"https:\/\/president-ksgov.net\/sr\/predsednica-atifete-jahjaga-docekala-je-komesara-eu-johannes-a-hahn-a\/#breadcrumb"},"inLanguage":"sr-RS","potentialAction":[{"@type":"ReadAction","target":["https:\/\/president-ksgov.net\/sr\/predsednica-atifete-jahjaga-docekala-je-komesara-eu-johannes-a-hahn-a\/"]}]},{"@type":"ImageObject","inLanguage":"sr-RS","@id":"https:\/\/president-ksgov.net\/sr\/predsednica-atifete-jahjaga-docekala-je-komesara-eu-johannes-a-hahn-a\/#primaryimage","url":"https:\/\/president-ksgov.net\/wp-content\/uploads\/06_11_2015_7027862_IMG_0284-scaled.jpg","contentUrl":"https:\/\/president-ksgov.net\/wp-content\/uploads\/06_11_2015_7027862_IMG_0284-scaled.jpg","width":2560,"height":1880},{"@type":"BreadcrumbList","@id":"https:\/\/president-ksgov.net\/sr\/predsednica-atifete-jahjaga-docekala-je-komesara-eu-johannes-a-hahn-a\/#breadcrumb","itemListElement":[{"@type":"ListItem","position":1,"name":"Home","item":"https:\/\/president-ksgov.net\/sr\/"},{"@type":"ListItem","position":2,"name":"Predsednica Atifete Jahjaga do\u010dekala je komesara EU, Johannes-a Hahn-a"}]},{"@type":"WebSite","@id":"https:\/\/president-ksgov.net\/#website","url":"https:\/\/president-ksgov.net\/","name":"Presidente e Republik\u00ebs s\u00eb Kosov\u00ebs","description":"Presidente e Republik\u00ebs s\u00eb Kosov\u00ebs","alternateName":"DR. VJOSA OSMANI - SADRIU","potentialAction":[{"@type":"SearchAction","target":{"@type":"EntryPoint","urlTemplate":"https:\/\/president-ksgov.net\/?s={search_term_string}"},"query-input":{"@type":"PropertyValueSpecification","valueRequired":true,"valueName":"search_term_string"}}],"inLanguage":"sr-RS"},{"@type":"Person","@id":"https:\/\/president-ksgov.net\/#\/schema\/person\/bb4337a5fb147cb2046d80548172cbee","name":"admin","image":{"@type":"ImageObject","inLanguage":"sr-RS","@id":"https:\/\/president-ksgov.net\/#\/schema\/person\/image\/","url":"https:\/\/secure.gravatar.com\/avatar\/36156ca0fa3b8d9d25174f146e16beea0cf28f37adf1b9e19b6c9c279a7c9dd3?s=96&d=mm&r=g","contentUrl":"https:\/\/secure.gravatar.com\/avatar\/36156ca0fa3b8d9d25174f146e16beea0cf28f37adf1b9e19b6c9c279a7c9dd3?s=96&d=mm&r=g","caption":"admin"},"sameAs":["https:\/\/president-ksgov.net"]}]}},"_links":{"self":[{"href":"https:\/\/president-ksgov.net\/sr\/wp-json\/wp\/v2\/posts\/77129","targetHints":{"allow":["GET"]}}],"collection":[{"href":"https:\/\/president-ksgov.net\/sr\/wp-json\/wp\/v2\/posts"}],"about":[{"href":"https:\/\/president-ksgov.net\/sr\/wp-json\/wp\/v2\/types\/post"}],"author":[{"embeddable":true,"href":"https:\/\/president-ksgov.net\/sr\/wp-json\/wp\/v2\/users\/1"}],"replies":[{"embeddable":true,"href":"https:\/\/president-ksgov.net\/sr\/wp-json\/wp\/v2\/comments?post=77129"}],"version-history":[{"count":0,"href":"https:\/\/president-ksgov.net\/sr\/wp-json\/wp\/v2\/posts\/77129\/revisions"}],"wp:featuredmedia":[{"embeddable":true,"href":"https:\/\/president-ksgov.net\/sr\/wp-json\/wp\/v2\/media\/37426"}],"wp:attachment":[{"href":"https:\/\/president-ksgov.net\/sr\/wp-json\/wp\/v2\/media?parent=77129"}],"wp:term":[{"taxonomy":"category","embeddable":true,"href":"https:\/\/president-ksgov.net\/sr\/wp-json\/wp\/v2\/categories?post=77129"},{"taxonomy":"post_tag","embeddable":true,"href":"https:\/\/president-ksgov.net\/sr\/wp-json\/wp\/v2\/tags?post=77129"}],"curies":[{"name":"wp","href":"https:\/\/api.w.org\/{rel}","templated":true}]}}