{"id":77122,"date":"2015-11-13T16:28:05","date_gmt":"2015-11-13T16:28:05","guid":{"rendered":"https:\/\/dev.president-ksgov.net\/presidentja-atifete-jahjaga-mbajti-fjalim-n-kshillin-e-ikagos-pr-shtje-globale\/"},"modified":"2015-11-13T16:28:05","modified_gmt":"2015-11-13T16:28:05","slug":"presidentja-atifete-jahjaga-mbajti-fjalim-n-kshillin-e-ikagos-pr-shtje-globale","status":"publish","type":"post","link":"https:\/\/president-ksgov.net\/sr\/presidentja-atifete-jahjaga-mbajti-fjalim-n-kshillin-e-ikagos-pr-shtje-globale\/","title":{"rendered":"Presidentja Atifete Jahjaga mbajti fjalim n&euml; K&euml;shillin e &Ccedil;ikagos p&euml;r &Ccedil;&euml;shtje Globale"},"content":{"rendered":"","protected":false},"excerpt":{"rendered":"","protected":false},"author":1,"featured_media":37362,"comment_status":"open","ping_status":"closed","sticky":false,"template":"","format":"standard","meta":{"_eb_attr":"","footnotes":""},"categories":[101],"tags":[],"class_list":["post-77122","post","type-post","status-publish","format-standard","has-post-thumbnail","hentry","category-vesti"],"yoast_head":"<!-- This site is optimized with the Yoast SEO plugin v23.5 - https:\/\/yoast.com\/wordpress\/plugins\/seo\/ -->\n<title>Presidentja Atifete Jahjaga mbajti fjalim n&euml; K&euml;shillin e &Ccedil;ikagos p&euml;r &Ccedil;&euml;shtje Globale - Predsednik Republike Kosovo - DR. VJOSA OSMANI - SADRIU<\/title>\n<meta name=\"description\" content=\"Presidentja Atifete Jahjaga mbajti fjalim n&euml; K&euml;shillin e &Ccedil;ikagos p&euml;r &Ccedil;&euml;shtje Globale - Predsednik Republike Kosovo - DR. VJOSA OSMANI - SADRIU -\" \/>\n<meta name=\"robots\" content=\"index, follow, max-snippet:-1, max-image-preview:large, max-video-preview:-1\" \/>\n<link rel=\"canonical\" href=\"https:\/\/president-ksgov.net\/sr\/presidentja-atifete-jahjaga-mbajti-fjalim-n-kshillin-e-ikagos-pr-shtje-globale\/\" \/>\n<meta property=\"og:locale\" content=\"sr_RS\" \/>\n<meta property=\"og:type\" content=\"article\" \/>\n<meta property=\"og:title\" content=\"Presidentja Atifete Jahjaga mbajti fjalim n&euml; K&euml;shillin e &Ccedil;ikagos p&euml;r &Ccedil;&euml;shtje Globale - Predsednik Republike Kosovo - DR. VJOSA OSMANI - SADRIU\" \/>\n<meta property=\"og:description\" content=\"Presidentja Atifete Jahjaga mbajti fjalim n&euml; K&euml;shillin e &Ccedil;ikagos p&euml;r &Ccedil;&euml;shtje Globale - Predsednik Republike Kosovo - DR. VJOSA OSMANI - SADRIU -\" \/>\n<meta property=\"og:url\" content=\"https:\/\/president-ksgov.net\/sr\/presidentja-atifete-jahjaga-mbajti-fjalim-n-kshillin-e-ikagos-pr-shtje-globale\/\" \/>\n<meta property=\"og:site_name\" content=\"Predsednik Republike Kosovo - DR. VJOSA OSMANI - SADRIU\" \/>\n<meta property=\"article:published_time\" content=\"2015-11-13T16:28:05+00:00\" \/>\n<meta property=\"og:image\" content=\"https:\/\/president-ksgov.net\/wp-content\/uploads\/13_11_2015_851522_6F7A9150-scaled.jpg\" \/>\n\t<meta property=\"og:image:width\" content=\"2560\" \/>\n\t<meta property=\"og:image:height\" content=\"1650\" \/>\n\t<meta property=\"og:image:type\" content=\"image\/jpeg\" \/>\n<meta name=\"author\" content=\"admin\" \/>\n<meta name=\"twitter:card\" content=\"summary_large_image\" \/>\n<meta name=\"twitter:label1\" content=\"\u041d\u0430\u043f\u0438\u0441\u0430\u043d\u043e \u043e\u0434\" \/>\n\t<meta name=\"twitter:data1\" content=\"admin\" \/>\n<script type=\"application\/ld+json\" class=\"yoast-schema-graph\">{\"@context\":\"https:\/\/schema.org\",\"@graph\":[{\"@type\":\"WebPage\",\"@id\":\"https:\/\/president-ksgov.net\/sr\/presidentja-atifete-jahjaga-mbajti-fjalim-n-kshillin-e-ikagos-pr-shtje-globale\/\",\"url\":\"https:\/\/president-ksgov.net\/sr\/presidentja-atifete-jahjaga-mbajti-fjalim-n-kshillin-e-ikagos-pr-shtje-globale\/\",\"name\":\"Presidentja Atifete Jahjaga mbajti fjalim n&euml; K&euml;shillin e &Ccedil;ikagos p&euml;r &Ccedil;&euml;shtje Globale - Predsednik Republike Kosovo - DR. VJOSA OSMANI - SADRIU\",\"isPartOf\":{\"@id\":\"https:\/\/president-ksgov.net\/#website\"},\"primaryImageOfPage\":{\"@id\":\"https:\/\/president-ksgov.net\/sr\/presidentja-atifete-jahjaga-mbajti-fjalim-n-kshillin-e-ikagos-pr-shtje-globale\/#primaryimage\"},\"image\":{\"@id\":\"https:\/\/president-ksgov.net\/sr\/presidentja-atifete-jahjaga-mbajti-fjalim-n-kshillin-e-ikagos-pr-shtje-globale\/#primaryimage\"},\"thumbnailUrl\":\"https:\/\/president-ksgov.net\/wp-content\/uploads\/13_11_2015_851522_6F7A9150-scaled.jpg\",\"datePublished\":\"2015-11-13T16:28:05+00:00\",\"dateModified\":\"2015-11-13T16:28:05+00:00\",\"author\":{\"@id\":\"https:\/\/president-ksgov.net\/#\/schema\/person\/bb4337a5fb147cb2046d80548172cbee\"},\"description\":\"Presidentja Atifete Jahjaga mbajti fjalim n&euml; K&euml;shillin e &Ccedil;ikagos p&euml;r &Ccedil;&euml;shtje Globale - Predsednik Republike Kosovo - DR. VJOSA OSMANI - SADRIU -\",\"breadcrumb\":{\"@id\":\"https:\/\/president-ksgov.net\/sr\/presidentja-atifete-jahjaga-mbajti-fjalim-n-kshillin-e-ikagos-pr-shtje-globale\/#breadcrumb\"},\"inLanguage\":\"sr-RS\",\"potentialAction\":[{\"@type\":\"ReadAction\",\"target\":[\"https:\/\/president-ksgov.net\/sr\/presidentja-atifete-jahjaga-mbajti-fjalim-n-kshillin-e-ikagos-pr-shtje-globale\/\"]}]},{\"@type\":\"ImageObject\",\"inLanguage\":\"sr-RS\",\"@id\":\"https:\/\/president-ksgov.net\/sr\/presidentja-atifete-jahjaga-mbajti-fjalim-n-kshillin-e-ikagos-pr-shtje-globale\/#primaryimage\",\"url\":\"https:\/\/president-ksgov.net\/wp-content\/uploads\/13_11_2015_851522_6F7A9150-scaled.jpg\",\"contentUrl\":\"https:\/\/president-ksgov.net\/wp-content\/uploads\/13_11_2015_851522_6F7A9150-scaled.jpg\",\"width\":2560,\"height\":1650},{\"@type\":\"BreadcrumbList\",\"@id\":\"https:\/\/president-ksgov.net\/sr\/presidentja-atifete-jahjaga-mbajti-fjalim-n-kshillin-e-ikagos-pr-shtje-globale\/#breadcrumb\",\"itemListElement\":[{\"@type\":\"ListItem\",\"position\":1,\"name\":\"Home\",\"item\":\"https:\/\/president-ksgov.net\/sr\/\"},{\"@type\":\"ListItem\",\"position\":2,\"name\":\"Presidentja Atifete Jahjaga mbajti fjalim n&euml; K&euml;shillin e &Ccedil;ikagos p&euml;r &Ccedil;&euml;shtje Globale\"}]},{\"@type\":\"WebSite\",\"@id\":\"https:\/\/president-ksgov.net\/#website\",\"url\":\"https:\/\/president-ksgov.net\/\",\"name\":\"Presidente e Republik\u00ebs s\u00eb Kosov\u00ebs\",\"description\":\"Presidente e Republik\u00ebs s\u00eb Kosov\u00ebs\",\"alternateName\":\"DR. VJOSA OSMANI - SADRIU\",\"potentialAction\":[{\"@type\":\"SearchAction\",\"target\":{\"@type\":\"EntryPoint\",\"urlTemplate\":\"https:\/\/president-ksgov.net\/?s={search_term_string}\"},\"query-input\":{\"@type\":\"PropertyValueSpecification\",\"valueRequired\":true,\"valueName\":\"search_term_string\"}}],\"inLanguage\":\"sr-RS\"},{\"@type\":\"Person\",\"@id\":\"https:\/\/president-ksgov.net\/#\/schema\/person\/bb4337a5fb147cb2046d80548172cbee\",\"name\":\"admin\",\"image\":{\"@type\":\"ImageObject\",\"inLanguage\":\"sr-RS\",\"@id\":\"https:\/\/president-ksgov.net\/#\/schema\/person\/image\/\",\"url\":\"https:\/\/secure.gravatar.com\/avatar\/36156ca0fa3b8d9d25174f146e16beea0cf28f37adf1b9e19b6c9c279a7c9dd3?s=96&d=mm&r=g\",\"contentUrl\":\"https:\/\/secure.gravatar.com\/avatar\/36156ca0fa3b8d9d25174f146e16beea0cf28f37adf1b9e19b6c9c279a7c9dd3?s=96&d=mm&r=g\",\"caption\":\"admin\"},\"sameAs\":[\"https:\/\/president-ksgov.net\"]}]}<\/script>\n<!-- \/ Yoast SEO plugin. -->","yoast_head_json":{"title":"Presidentja Atifete Jahjaga mbajti fjalim n&euml; K&euml;shillin e &Ccedil;ikagos p&euml;r &Ccedil;&euml;shtje Globale - Predsednik Republike Kosovo - DR. VJOSA OSMANI - SADRIU","description":"Presidentja Atifete Jahjaga mbajti fjalim n&euml; K&euml;shillin e &Ccedil;ikagos p&euml;r &Ccedil;&euml;shtje Globale - Predsednik Republike Kosovo - DR. VJOSA OSMANI - SADRIU -","robots":{"index":"index","follow":"follow","max-snippet":"max-snippet:-1","max-image-preview":"max-image-preview:large","max-video-preview":"max-video-preview:-1"},"canonical":"https:\/\/president-ksgov.net\/sr\/presidentja-atifete-jahjaga-mbajti-fjalim-n-kshillin-e-ikagos-pr-shtje-globale\/","og_locale":"sr_RS","og_type":"article","og_title":"Presidentja Atifete Jahjaga mbajti fjalim n&euml; K&euml;shillin e &Ccedil;ikagos p&euml;r &Ccedil;&euml;shtje Globale - Predsednik Republike Kosovo - DR. VJOSA OSMANI - SADRIU","og_description":"Presidentja Atifete Jahjaga mbajti fjalim n&euml; K&euml;shillin e &Ccedil;ikagos p&euml;r &Ccedil;&euml;shtje Globale - Predsednik Republike Kosovo - DR. VJOSA OSMANI - SADRIU -","og_url":"https:\/\/president-ksgov.net\/sr\/presidentja-atifete-jahjaga-mbajti-fjalim-n-kshillin-e-ikagos-pr-shtje-globale\/","og_site_name":"Predsednik Republike Kosovo - DR. VJOSA OSMANI - SADRIU","article_published_time":"2015-11-13T16:28:05+00:00","og_image":[{"width":2560,"height":1650,"url":"https:\/\/president-ksgov.net\/wp-content\/uploads\/13_11_2015_851522_6F7A9150-scaled.jpg","type":"image\/jpeg"}],"author":"admin","twitter_card":"summary_large_image","twitter_misc":{"\u041d\u0430\u043f\u0438\u0441\u0430\u043d\u043e \u043e\u0434":"admin"},"schema":{"@context":"https:\/\/schema.org","@graph":[{"@type":"WebPage","@id":"https:\/\/president-ksgov.net\/sr\/presidentja-atifete-jahjaga-mbajti-fjalim-n-kshillin-e-ikagos-pr-shtje-globale\/","url":"https:\/\/president-ksgov.net\/sr\/presidentja-atifete-jahjaga-mbajti-fjalim-n-kshillin-e-ikagos-pr-shtje-globale\/","name":"Presidentja Atifete Jahjaga mbajti fjalim n&euml; K&euml;shillin e &Ccedil;ikagos p&euml;r &Ccedil;&euml;shtje Globale - Predsednik Republike Kosovo - DR. VJOSA OSMANI - SADRIU","isPartOf":{"@id":"https:\/\/president-ksgov.net\/#website"},"primaryImageOfPage":{"@id":"https:\/\/president-ksgov.net\/sr\/presidentja-atifete-jahjaga-mbajti-fjalim-n-kshillin-e-ikagos-pr-shtje-globale\/#primaryimage"},"image":{"@id":"https:\/\/president-ksgov.net\/sr\/presidentja-atifete-jahjaga-mbajti-fjalim-n-kshillin-e-ikagos-pr-shtje-globale\/#primaryimage"},"thumbnailUrl":"https:\/\/president-ksgov.net\/wp-content\/uploads\/13_11_2015_851522_6F7A9150-scaled.jpg","datePublished":"2015-11-13T16:28:05+00:00","dateModified":"2015-11-13T16:28:05+00:00","author":{"@id":"https:\/\/president-ksgov.net\/#\/schema\/person\/bb4337a5fb147cb2046d80548172cbee"},"description":"Presidentja Atifete Jahjaga mbajti fjalim n&euml; K&euml;shillin e &Ccedil;ikagos p&euml;r &Ccedil;&euml;shtje Globale - Predsednik Republike Kosovo - DR. VJOSA OSMANI - SADRIU -","breadcrumb":{"@id":"https:\/\/president-ksgov.net\/sr\/presidentja-atifete-jahjaga-mbajti-fjalim-n-kshillin-e-ikagos-pr-shtje-globale\/#breadcrumb"},"inLanguage":"sr-RS","potentialAction":[{"@type":"ReadAction","target":["https:\/\/president-ksgov.net\/sr\/presidentja-atifete-jahjaga-mbajti-fjalim-n-kshillin-e-ikagos-pr-shtje-globale\/"]}]},{"@type":"ImageObject","inLanguage":"sr-RS","@id":"https:\/\/president-ksgov.net\/sr\/presidentja-atifete-jahjaga-mbajti-fjalim-n-kshillin-e-ikagos-pr-shtje-globale\/#primaryimage","url":"https:\/\/president-ksgov.net\/wp-content\/uploads\/13_11_2015_851522_6F7A9150-scaled.jpg","contentUrl":"https:\/\/president-ksgov.net\/wp-content\/uploads\/13_11_2015_851522_6F7A9150-scaled.jpg","width":2560,"height":1650},{"@type":"BreadcrumbList","@id":"https:\/\/president-ksgov.net\/sr\/presidentja-atifete-jahjaga-mbajti-fjalim-n-kshillin-e-ikagos-pr-shtje-globale\/#breadcrumb","itemListElement":[{"@type":"ListItem","position":1,"name":"Home","item":"https:\/\/president-ksgov.net\/sr\/"},{"@type":"ListItem","position":2,"name":"Presidentja Atifete Jahjaga mbajti fjalim n&euml; K&euml;shillin e &Ccedil;ikagos p&euml;r &Ccedil;&euml;shtje Globale"}]},{"@type":"WebSite","@id":"https:\/\/president-ksgov.net\/#website","url":"https:\/\/president-ksgov.net\/","name":"Presidente e Republik\u00ebs s\u00eb Kosov\u00ebs","description":"Presidente e Republik\u00ebs s\u00eb Kosov\u00ebs","alternateName":"DR. VJOSA OSMANI - SADRIU","potentialAction":[{"@type":"SearchAction","target":{"@type":"EntryPoint","urlTemplate":"https:\/\/president-ksgov.net\/?s={search_term_string}"},"query-input":{"@type":"PropertyValueSpecification","valueRequired":true,"valueName":"search_term_string"}}],"inLanguage":"sr-RS"},{"@type":"Person","@id":"https:\/\/president-ksgov.net\/#\/schema\/person\/bb4337a5fb147cb2046d80548172cbee","name":"admin","image":{"@type":"ImageObject","inLanguage":"sr-RS","@id":"https:\/\/president-ksgov.net\/#\/schema\/person\/image\/","url":"https:\/\/secure.gravatar.com\/avatar\/36156ca0fa3b8d9d25174f146e16beea0cf28f37adf1b9e19b6c9c279a7c9dd3?s=96&d=mm&r=g","contentUrl":"https:\/\/secure.gravatar.com\/avatar\/36156ca0fa3b8d9d25174f146e16beea0cf28f37adf1b9e19b6c9c279a7c9dd3?s=96&d=mm&r=g","caption":"admin"},"sameAs":["https:\/\/president-ksgov.net"]}]}},"_links":{"self":[{"href":"https:\/\/president-ksgov.net\/sr\/wp-json\/wp\/v2\/posts\/77122","targetHints":{"allow":["GET"]}}],"collection":[{"href":"https:\/\/president-ksgov.net\/sr\/wp-json\/wp\/v2\/posts"}],"about":[{"href":"https:\/\/president-ksgov.net\/sr\/wp-json\/wp\/v2\/types\/post"}],"author":[{"embeddable":true,"href":"https:\/\/president-ksgov.net\/sr\/wp-json\/wp\/v2\/users\/1"}],"replies":[{"embeddable":true,"href":"https:\/\/president-ksgov.net\/sr\/wp-json\/wp\/v2\/comments?post=77122"}],"version-history":[{"count":0,"href":"https:\/\/president-ksgov.net\/sr\/wp-json\/wp\/v2\/posts\/77122\/revisions"}],"wp:featuredmedia":[{"embeddable":true,"href":"https:\/\/president-ksgov.net\/sr\/wp-json\/wp\/v2\/media\/37362"}],"wp:attachment":[{"href":"https:\/\/president-ksgov.net\/sr\/wp-json\/wp\/v2\/media?parent=77122"}],"wp:term":[{"taxonomy":"category","embeddable":true,"href":"https:\/\/president-ksgov.net\/sr\/wp-json\/wp\/v2\/categories?post=77122"},{"taxonomy":"post_tag","embeddable":true,"href":"https:\/\/president-ksgov.net\/sr\/wp-json\/wp\/v2\/tags?post=77122"}],"curies":[{"name":"wp","href":"https:\/\/api.w.org\/{rel}","templated":true}]}}