{"id":77116,"date":"2015-11-17T15:42:13","date_gmt":"2015-11-17T15:42:13","guid":{"rendered":"https:\/\/dev.president-ksgov.net\/predsednica-atifete-jahjaga-docekala-je-kralja-haemitske-kraljevine-jordan-abdullah-ii-ibn-al-hussein\/"},"modified":"2015-11-17T15:42:13","modified_gmt":"2015-11-17T15:42:13","slug":"predsednica-atifete-jahjaga-docekala-je-kralja-haemitske-kraljevine-jordan-abdullah-ii-ibn-al-hussein","status":"publish","type":"post","link":"https:\/\/president-ksgov.net\/sr\/predsednica-atifete-jahjaga-docekala-je-kralja-haemitske-kraljevine-jordan-abdullah-ii-ibn-al-hussein\/","title":{"rendered":"Predsednica Atifete Jahjaga do\u010dekala je kralja Ha&#154;emitske Kraljevine Jordan, Abdullah II Ibn Al Hussein"},"content":{"rendered":"<p>Predsednica Republike Kosova, gospo\u0111a Atifete Jahjaga, do\u010dekala je danas na sastanku kralja Ha&#353;emitske Kraljevine Jordan, Abdullah II Ibn Hussein, koji je u zvani\u010dnoj dr&#382;avnoj poseti na&#353;oj zemlji, na poziv predsednice Jahjaga<\/p>\n<p>Nakon dr&#382;avne ceremonije do\u010deka, koja je organizovana na trgu &#8222;Ibrahim Rugova&#8220;, predsednica Jahjaga je sa kraljem Abdullah II dala izjavu za medije, koje vam prenosimo u nastavku:<br \/>\n\u00a0<br \/>\nPredsednica Jahjaga: Imam posebnu \u010dast da vam po&#382;elim dobrodo&#353;licu u Republiku Kosovo. \u010cast je &#353;to vas danas imamo ovde i &#353;to imam mogu\u0107nost da vam se li\u010dno i na Kosovu zahvalim na podr&#353;ci i partnerstvu koje ste pru&#382;ali Kosovu u konsolidaciji dr&#382;avnosti, u stvaranju novih prijateljstva i identifikovanju zajedni\u010dkih polja, kako bismo produbili bilateralnu saradnju.<br \/>\n\u00a0<br \/>\nVa&#353;e veli\u010danstvo, put kosova prema miru i nezavisnosti bio je dug. Mi smo imali jednu bolnu pro&#353;lost, ali tako\u0111e imamo lepu i pri\u010du koja nadahnjuje o tome kako smo se ujedinili da stvorimo na&#353;u dr&#382;avu, kako bismo sami pisali na&#353;u pri\u010du.<br \/>\n\u00a0<br \/>\nKada smo se po prvi put sreli, pre nekoliko godina, sa mnom ste podelili va&#353;a se\u0107anja o Kosovu, tada jednoj zemlju koja je bila razorena ratom. Va&#353;a dr&#382;ava je posvetila trupe kako bi se oja\u010dao mir na Kosovu. Verovali ste u na&#353;u obnovu i na&#353;u viziju u stvaranje jedne nezavisne dr&#382;ave, budu\u0107i da ste bili jedna od prvih dr&#382;ava koja je priznala dr&#382;avnost Kosova. Uvek \u0107emo vam biti zahvalni.<br \/>\n\u00a0<br \/>\nDanas smo ponosni kao nova dr&#382;ava, kao jedno dru&#353;tvo koje se ponovo gradi, koje je posve\u0107eno unapre\u0111enju na&#353;ih vrednosti slobode i demokratije, mira i tolerancije. Ovo su vrednosti koje mi &#382;elimo da promovi&#353;emo, a Jordan vidimo kao na&#353;eg saveznika.<br \/>\n\u00a0<br \/>\nKao predsednica Kosova ja sam u&#382;asnuta brutalnim teroristi\u010dkim napadima u Parizu i o&#382;alo&#353;\u0107ena sam gubitkom toliko puno nevinih &#382;ivota. Svi smo pogo\u0111eni, jer ovo nije bio samo napad na Pariz. Ovo je bio napad na svaku od mirotvornih dr&#382;ava u svetu. Ovo je bio napad na vrednosti i slobode koje su fundamentalne za \u010dove\u010danstvo i fundamentalne za dru&#353;tvo koje ja predstavljam.<br \/>\n\u00a0<br \/>\nPora&#382;avanje ovih teroristi\u010dkih mre&#382;a je izazov sa kojim treba da se suo\u010di svako od nas. Va&#382;no je da ovom pitanju posvetimo potrebnu pa&#382;nju i resurse kako bismo je uni&#353;tili. Kako bismo je kona\u010dno unizili.<br \/>\n\u00a0<br \/>\nKosovo \u0107e nastaviti da dokazuje svoje opredeljenje ovde. Ne\u0107emo biti skloni&#353;te, kao ni tranzitni put ovim elementima i nastavi\u0107emo da radimo sa na&#353;im partnerima i me\u0111unarodnim organizacijama za sigurnost, kako bismo tretirali ovo pitanje.<br \/>\n\u00a0<br \/>\nVa&#353;e veli\u010danstvo,<br \/>\nKao &#353;to sam i na na&#353;em zajedni\u010dkom sastanku navela, Kosovo je na pravednoj strani istorije. Mi \u0107emo sa\u010duvati ove vrednosti i onda kada se slobodama, koje smo osvojili uz mnogo muke, preti od strane mra\u010dnih sila, mi \u0107emo ostati ujedinjeni kako bismo njih za&#353;titili.<br \/>\n\u00a0<br \/>\nJo&#353; jedno, Va&#353;e veli\u010danstvo, moj po&#353;tovani prijatelju, dobro do&#353;li u Republiku Kosovo!<br \/>\n\u00a0<br \/>\nKralj Abdullah II: Gospo\u0111o predsednice. Hvala vam na va&#353;im toplim re\u010dima, za mene je zadovoljstvo, kao i za moju delegaciju da ponovo budem na Kosovu i da vidimo promene koje je ova zemlja na\u010dinila. Ponosan sam &#353;to sam svedok dostignu\u0107a koje ste vi i va&#353; narod postigli u jednom veoma kratkom vremenskom periodu. Tako\u0111e je moje zadovoljstvo da budem u ovoj zemlju koja igra veoma bitnu ulogu za stabilnost u regionu. Mnogi od nas, u \u010ditavom svetu, \u0107emo nastaviti da podr&#382;avamo Kosovo\u00a0 i pravdu za budu\u0107nost njegovog naroda i bitnu ulogu koju nastavlja da igra.<br \/>\n\u00a0<br \/>\nUvek mo&#382;ete ra\u010dunati na moju podr&#353;ku i podr&#353;ku moje zemlje.<br \/>\n\u00a0<br \/>\nTako\u0111e je bitno da je ovo jedna zemlja u Evropi sa ve\u0107inom muslimanskog stanovni&#353;tva, u periodu kada su Evropa i islam napadnuti od strane terorista. Kosovo reflektuje najbolje vrednosti tolerancije i koegzistencije i te dve vrednosti su one koje treba da gradimo i da promovi&#353;emo kako bismo se suo\u010dili sa varvarizmom koji se pro&#353;le nedelje dogodio u Parizu.<br \/>\n\u00a0U&#382;asni napadi u Parizu govore o tome da u&#382;as terorizma mo&#382;e napasti gde god i kad god Grupe ID predstavljaju sebe na dnevnom osnovu kao nezakonito divlja&#353;tvo religije, koje je ogoljeno od humanizma i koje ne po&#353;tuje nikakve zakone i granice.<br \/>\n\u00a0<br \/>\nKao &#353;to sam rekao i Njenoj ekselenciji, mi smo malo pred Tre\u0107im svetskim ratom protiv \u010dove\u010danstva. To nas ujedinjuje sve, i ovo je rat, kao &#353;to sam \u010desto to govorio, unutar islama i, na&#382;alost preko 100 hiljada muslimana je ubijeno samo poslednje dve godine od strane ID i ovo ne obuhvata u&#382;ase koji su izvr&#353;eni od strane sli\u010dnih grupa u Africi i Aziji.<br \/>\n\u00a0<br \/>\nIz tog razloga treba da reagujemo veoma brzo, i na sveobuhvatan na\u010din, kako bismo se suo\u010dili i kako bismo odgovorili na pretnje koje su povezane, u regionu, u Africi, u Aziji ili u Evropi. Mi vidimo va&#353;u zemlju kao jednog od glavnih partnera, za jedan zajedni\u010dki odgovor na ekstremisti\u010dke pretnje koje izazivaju ceo svet i ponosni smo na na&#353;e odnose , kao &#353;to smo to naglasili, i verujem da je ovo odnos koji \u0107e nastaviti da ja\u010da u narednim godinama. Diskutova\u0107emo o tome danas, kako da na&#353;e narode pribli&#382;imo i kako da oja\u010damo veze izme\u0111u na&#353;a dva naroda i vidim jednu svetlu budu\u0107nost za na&#353;a dva naroda. Imam zadovoljstvo &#353;to sam danas opet ovde i da u&#382;ivam u do\u010deku koji mi je ukazala gospo\u0111a predsednica, njen kabinet i va&#353; narod, gospo\u0111o predsednice.<\/p>\n","protected":false},"excerpt":{"rendered":"<p>Predsednica Republike Kosova, gospo\u0111a Atifete Jahjaga, do\u010dekala je danas na sastanku kralja Ha&#353;emitske Kraljevine Jordan, Abdullah II Ibn Hussein, koji je u zvani\u010dnoj dr&#382;avnoj poseti na&#353;oj zemlji, na poziv predsednice Jahjaga<\/p>\n","protected":false},"author":1,"featured_media":37288,"comment_status":"open","ping_status":"closed","sticky":false,"template":"","format":"standard","meta":{"_eb_attr":"","footnotes":""},"categories":[101],"tags":[],"class_list":["post-77116","post","type-post","status-publish","format-standard","has-post-thumbnail","hentry","category-vesti"],"yoast_head":"<!-- This site is optimized with the Yoast SEO plugin v23.5 - https:\/\/yoast.com\/wordpress\/plugins\/seo\/ -->\n<title>Predsednica Atifete Jahjaga do\u010dekala je kralja Ha&#154;emitske Kraljevine Jordan, Abdullah II Ibn Al Hussein - Predsednik Republike Kosovo - DR. VJOSA OSMANI - SADRIU<\/title>\n<meta name=\"description\" content=\"Predsednica Atifete Jahjaga do\u010dekala je kralja Ha&#154;emitske Kraljevine Jordan, Abdullah II Ibn Al Hussein - Predsednik Republike Kosovo - DR. VJOSA OSMANI - SADRIU -\" \/>\n<meta name=\"robots\" content=\"index, follow, max-snippet:-1, max-image-preview:large, max-video-preview:-1\" \/>\n<link rel=\"canonical\" href=\"https:\/\/president-ksgov.net\/sr\/predsednica-atifete-jahjaga-docekala-je-kralja-haemitske-kraljevine-jordan-abdullah-ii-ibn-al-hussein\/\" \/>\n<meta property=\"og:locale\" content=\"sr_RS\" \/>\n<meta property=\"og:type\" content=\"article\" \/>\n<meta property=\"og:title\" content=\"Predsednica Atifete Jahjaga do\u010dekala je kralja Ha&#154;emitske Kraljevine Jordan, Abdullah II Ibn Al Hussein - Predsednik Republike Kosovo - DR. VJOSA OSMANI - SADRIU\" \/>\n<meta property=\"og:description\" content=\"Predsednica Atifete Jahjaga do\u010dekala je kralja Ha&#154;emitske Kraljevine Jordan, Abdullah II Ibn Al Hussein - Predsednik Republike Kosovo - DR. VJOSA OSMANI - SADRIU -\" \/>\n<meta property=\"og:url\" content=\"https:\/\/president-ksgov.net\/sr\/predsednica-atifete-jahjaga-docekala-je-kralja-haemitske-kraljevine-jordan-abdullah-ii-ibn-al-hussein\/\" \/>\n<meta property=\"og:site_name\" content=\"Predsednik Republike Kosovo - DR. VJOSA OSMANI - SADRIU\" \/>\n<meta property=\"article:published_time\" content=\"2015-11-17T15:42:13+00:00\" \/>\n<meta property=\"og:image\" content=\"https:\/\/president-ksgov.net\/wp-content\/uploads\/17_11_2015_5296549_1.jpg\" \/>\n\t<meta property=\"og:image:width\" content=\"1024\" \/>\n\t<meta property=\"og:image:height\" content=\"723\" \/>\n\t<meta property=\"og:image:type\" content=\"image\/jpeg\" \/>\n<meta name=\"author\" content=\"admin\" \/>\n<meta name=\"twitter:card\" content=\"summary_large_image\" \/>\n<meta name=\"twitter:label1\" content=\"\u041d\u0430\u043f\u0438\u0441\u0430\u043d\u043e \u043e\u0434\" \/>\n\t<meta name=\"twitter:data1\" content=\"admin\" \/>\n\t<meta name=\"twitter:label2\" content=\"\u041f\u0440\u043e\u0446\u0435\u045a\u0435\u043d\u043e \u0432\u0440\u0435\u043c\u0435 \u0447\u0438\u0442\u0430\u045a\u0430\" \/>\n\t<meta name=\"twitter:data2\" content=\"5 \u043c\u0438\u043d\u0443\u0442\u0430\" \/>\n<script type=\"application\/ld+json\" class=\"yoast-schema-graph\">{\"@context\":\"https:\/\/schema.org\",\"@graph\":[{\"@type\":\"WebPage\",\"@id\":\"https:\/\/president-ksgov.net\/sr\/predsednica-atifete-jahjaga-docekala-je-kralja-haemitske-kraljevine-jordan-abdullah-ii-ibn-al-hussein\/\",\"url\":\"https:\/\/president-ksgov.net\/sr\/predsednica-atifete-jahjaga-docekala-je-kralja-haemitske-kraljevine-jordan-abdullah-ii-ibn-al-hussein\/\",\"name\":\"Predsednica Atifete Jahjaga do\u010dekala je kralja Ha&#154;emitske Kraljevine Jordan, Abdullah II Ibn Al Hussein - Predsednik Republike Kosovo - DR. VJOSA OSMANI - SADRIU\",\"isPartOf\":{\"@id\":\"https:\/\/president-ksgov.net\/#website\"},\"primaryImageOfPage\":{\"@id\":\"https:\/\/president-ksgov.net\/sr\/predsednica-atifete-jahjaga-docekala-je-kralja-haemitske-kraljevine-jordan-abdullah-ii-ibn-al-hussein\/#primaryimage\"},\"image\":{\"@id\":\"https:\/\/president-ksgov.net\/sr\/predsednica-atifete-jahjaga-docekala-je-kralja-haemitske-kraljevine-jordan-abdullah-ii-ibn-al-hussein\/#primaryimage\"},\"thumbnailUrl\":\"https:\/\/president-ksgov.net\/wp-content\/uploads\/17_11_2015_5296549_1.jpg\",\"datePublished\":\"2015-11-17T15:42:13+00:00\",\"dateModified\":\"2015-11-17T15:42:13+00:00\",\"author\":{\"@id\":\"https:\/\/president-ksgov.net\/#\/schema\/person\/bb4337a5fb147cb2046d80548172cbee\"},\"description\":\"Predsednica Atifete Jahjaga do\u010dekala je kralja Ha&#154;emitske Kraljevine Jordan, Abdullah II Ibn Al Hussein - Predsednik Republike Kosovo - DR. VJOSA OSMANI - SADRIU -\",\"breadcrumb\":{\"@id\":\"https:\/\/president-ksgov.net\/sr\/predsednica-atifete-jahjaga-docekala-je-kralja-haemitske-kraljevine-jordan-abdullah-ii-ibn-al-hussein\/#breadcrumb\"},\"inLanguage\":\"sr-RS\",\"potentialAction\":[{\"@type\":\"ReadAction\",\"target\":[\"https:\/\/president-ksgov.net\/sr\/predsednica-atifete-jahjaga-docekala-je-kralja-haemitske-kraljevine-jordan-abdullah-ii-ibn-al-hussein\/\"]}]},{\"@type\":\"ImageObject\",\"inLanguage\":\"sr-RS\",\"@id\":\"https:\/\/president-ksgov.net\/sr\/predsednica-atifete-jahjaga-docekala-je-kralja-haemitske-kraljevine-jordan-abdullah-ii-ibn-al-hussein\/#primaryimage\",\"url\":\"https:\/\/president-ksgov.net\/wp-content\/uploads\/17_11_2015_5296549_1.jpg\",\"contentUrl\":\"https:\/\/president-ksgov.net\/wp-content\/uploads\/17_11_2015_5296549_1.jpg\",\"width\":1024,\"height\":723},{\"@type\":\"BreadcrumbList\",\"@id\":\"https:\/\/president-ksgov.net\/sr\/predsednica-atifete-jahjaga-docekala-je-kralja-haemitske-kraljevine-jordan-abdullah-ii-ibn-al-hussein\/#breadcrumb\",\"itemListElement\":[{\"@type\":\"ListItem\",\"position\":1,\"name\":\"Home\",\"item\":\"https:\/\/president-ksgov.net\/sr\/\"},{\"@type\":\"ListItem\",\"position\":2,\"name\":\"Predsednica Atifete Jahjaga do\u010dekala je kralja Ha&#154;emitske Kraljevine Jordan, Abdullah II Ibn Al Hussein\"}]},{\"@type\":\"WebSite\",\"@id\":\"https:\/\/president-ksgov.net\/#website\",\"url\":\"https:\/\/president-ksgov.net\/\",\"name\":\"Presidente e Republik\u00ebs s\u00eb Kosov\u00ebs\",\"description\":\"Presidente e Republik\u00ebs s\u00eb Kosov\u00ebs\",\"alternateName\":\"DR. VJOSA OSMANI - SADRIU\",\"potentialAction\":[{\"@type\":\"SearchAction\",\"target\":{\"@type\":\"EntryPoint\",\"urlTemplate\":\"https:\/\/president-ksgov.net\/?s={search_term_string}\"},\"query-input\":{\"@type\":\"PropertyValueSpecification\",\"valueRequired\":true,\"valueName\":\"search_term_string\"}}],\"inLanguage\":\"sr-RS\"},{\"@type\":\"Person\",\"@id\":\"https:\/\/president-ksgov.net\/#\/schema\/person\/bb4337a5fb147cb2046d80548172cbee\",\"name\":\"admin\",\"image\":{\"@type\":\"ImageObject\",\"inLanguage\":\"sr-RS\",\"@id\":\"https:\/\/president-ksgov.net\/#\/schema\/person\/image\/\",\"url\":\"https:\/\/secure.gravatar.com\/avatar\/36156ca0fa3b8d9d25174f146e16beea0cf28f37adf1b9e19b6c9c279a7c9dd3?s=96&d=mm&r=g\",\"contentUrl\":\"https:\/\/secure.gravatar.com\/avatar\/36156ca0fa3b8d9d25174f146e16beea0cf28f37adf1b9e19b6c9c279a7c9dd3?s=96&d=mm&r=g\",\"caption\":\"admin\"},\"sameAs\":[\"https:\/\/president-ksgov.net\"]}]}<\/script>\n<!-- \/ Yoast SEO plugin. -->","yoast_head_json":{"title":"Predsednica Atifete Jahjaga do\u010dekala je kralja Ha&#154;emitske Kraljevine Jordan, Abdullah II Ibn Al Hussein - Predsednik Republike Kosovo - DR. VJOSA OSMANI - SADRIU","description":"Predsednica Atifete Jahjaga do\u010dekala je kralja Ha&#154;emitske Kraljevine Jordan, Abdullah II Ibn Al Hussein - Predsednik Republike Kosovo - DR. VJOSA OSMANI - SADRIU -","robots":{"index":"index","follow":"follow","max-snippet":"max-snippet:-1","max-image-preview":"max-image-preview:large","max-video-preview":"max-video-preview:-1"},"canonical":"https:\/\/president-ksgov.net\/sr\/predsednica-atifete-jahjaga-docekala-je-kralja-haemitske-kraljevine-jordan-abdullah-ii-ibn-al-hussein\/","og_locale":"sr_RS","og_type":"article","og_title":"Predsednica Atifete Jahjaga do\u010dekala je kralja Ha&#154;emitske Kraljevine Jordan, Abdullah II Ibn Al Hussein - Predsednik Republike Kosovo - DR. VJOSA OSMANI - SADRIU","og_description":"Predsednica Atifete Jahjaga do\u010dekala je kralja Ha&#154;emitske Kraljevine Jordan, Abdullah II Ibn Al Hussein - Predsednik Republike Kosovo - DR. VJOSA OSMANI - SADRIU -","og_url":"https:\/\/president-ksgov.net\/sr\/predsednica-atifete-jahjaga-docekala-je-kralja-haemitske-kraljevine-jordan-abdullah-ii-ibn-al-hussein\/","og_site_name":"Predsednik Republike Kosovo - DR. VJOSA OSMANI - SADRIU","article_published_time":"2015-11-17T15:42:13+00:00","og_image":[{"width":1024,"height":723,"url":"https:\/\/president-ksgov.net\/wp-content\/uploads\/17_11_2015_5296549_1.jpg","type":"image\/jpeg"}],"author":"admin","twitter_card":"summary_large_image","twitter_misc":{"\u041d\u0430\u043f\u0438\u0441\u0430\u043d\u043e \u043e\u0434":"admin","\u041f\u0440\u043e\u0446\u0435\u045a\u0435\u043d\u043e \u0432\u0440\u0435\u043c\u0435 \u0447\u0438\u0442\u0430\u045a\u0430":"5 \u043c\u0438\u043d\u0443\u0442\u0430"},"schema":{"@context":"https:\/\/schema.org","@graph":[{"@type":"WebPage","@id":"https:\/\/president-ksgov.net\/sr\/predsednica-atifete-jahjaga-docekala-je-kralja-haemitske-kraljevine-jordan-abdullah-ii-ibn-al-hussein\/","url":"https:\/\/president-ksgov.net\/sr\/predsednica-atifete-jahjaga-docekala-je-kralja-haemitske-kraljevine-jordan-abdullah-ii-ibn-al-hussein\/","name":"Predsednica Atifete Jahjaga do\u010dekala je kralja Ha&#154;emitske Kraljevine Jordan, Abdullah II Ibn Al Hussein - Predsednik Republike Kosovo - DR. VJOSA OSMANI - SADRIU","isPartOf":{"@id":"https:\/\/president-ksgov.net\/#website"},"primaryImageOfPage":{"@id":"https:\/\/president-ksgov.net\/sr\/predsednica-atifete-jahjaga-docekala-je-kralja-haemitske-kraljevine-jordan-abdullah-ii-ibn-al-hussein\/#primaryimage"},"image":{"@id":"https:\/\/president-ksgov.net\/sr\/predsednica-atifete-jahjaga-docekala-je-kralja-haemitske-kraljevine-jordan-abdullah-ii-ibn-al-hussein\/#primaryimage"},"thumbnailUrl":"https:\/\/president-ksgov.net\/wp-content\/uploads\/17_11_2015_5296549_1.jpg","datePublished":"2015-11-17T15:42:13+00:00","dateModified":"2015-11-17T15:42:13+00:00","author":{"@id":"https:\/\/president-ksgov.net\/#\/schema\/person\/bb4337a5fb147cb2046d80548172cbee"},"description":"Predsednica Atifete Jahjaga do\u010dekala je kralja Ha&#154;emitske Kraljevine Jordan, Abdullah II Ibn Al Hussein - Predsednik Republike Kosovo - DR. VJOSA OSMANI - SADRIU -","breadcrumb":{"@id":"https:\/\/president-ksgov.net\/sr\/predsednica-atifete-jahjaga-docekala-je-kralja-haemitske-kraljevine-jordan-abdullah-ii-ibn-al-hussein\/#breadcrumb"},"inLanguage":"sr-RS","potentialAction":[{"@type":"ReadAction","target":["https:\/\/president-ksgov.net\/sr\/predsednica-atifete-jahjaga-docekala-je-kralja-haemitske-kraljevine-jordan-abdullah-ii-ibn-al-hussein\/"]}]},{"@type":"ImageObject","inLanguage":"sr-RS","@id":"https:\/\/president-ksgov.net\/sr\/predsednica-atifete-jahjaga-docekala-je-kralja-haemitske-kraljevine-jordan-abdullah-ii-ibn-al-hussein\/#primaryimage","url":"https:\/\/president-ksgov.net\/wp-content\/uploads\/17_11_2015_5296549_1.jpg","contentUrl":"https:\/\/president-ksgov.net\/wp-content\/uploads\/17_11_2015_5296549_1.jpg","width":1024,"height":723},{"@type":"BreadcrumbList","@id":"https:\/\/president-ksgov.net\/sr\/predsednica-atifete-jahjaga-docekala-je-kralja-haemitske-kraljevine-jordan-abdullah-ii-ibn-al-hussein\/#breadcrumb","itemListElement":[{"@type":"ListItem","position":1,"name":"Home","item":"https:\/\/president-ksgov.net\/sr\/"},{"@type":"ListItem","position":2,"name":"Predsednica Atifete Jahjaga do\u010dekala je kralja Ha&#154;emitske Kraljevine Jordan, Abdullah II Ibn Al Hussein"}]},{"@type":"WebSite","@id":"https:\/\/president-ksgov.net\/#website","url":"https:\/\/president-ksgov.net\/","name":"Presidente e Republik\u00ebs s\u00eb Kosov\u00ebs","description":"Presidente e Republik\u00ebs s\u00eb Kosov\u00ebs","alternateName":"DR. VJOSA OSMANI - SADRIU","potentialAction":[{"@type":"SearchAction","target":{"@type":"EntryPoint","urlTemplate":"https:\/\/president-ksgov.net\/?s={search_term_string}"},"query-input":{"@type":"PropertyValueSpecification","valueRequired":true,"valueName":"search_term_string"}}],"inLanguage":"sr-RS"},{"@type":"Person","@id":"https:\/\/president-ksgov.net\/#\/schema\/person\/bb4337a5fb147cb2046d80548172cbee","name":"admin","image":{"@type":"ImageObject","inLanguage":"sr-RS","@id":"https:\/\/president-ksgov.net\/#\/schema\/person\/image\/","url":"https:\/\/secure.gravatar.com\/avatar\/36156ca0fa3b8d9d25174f146e16beea0cf28f37adf1b9e19b6c9c279a7c9dd3?s=96&d=mm&r=g","contentUrl":"https:\/\/secure.gravatar.com\/avatar\/36156ca0fa3b8d9d25174f146e16beea0cf28f37adf1b9e19b6c9c279a7c9dd3?s=96&d=mm&r=g","caption":"admin"},"sameAs":["https:\/\/president-ksgov.net"]}]}},"_links":{"self":[{"href":"https:\/\/president-ksgov.net\/sr\/wp-json\/wp\/v2\/posts\/77116","targetHints":{"allow":["GET"]}}],"collection":[{"href":"https:\/\/president-ksgov.net\/sr\/wp-json\/wp\/v2\/posts"}],"about":[{"href":"https:\/\/president-ksgov.net\/sr\/wp-json\/wp\/v2\/types\/post"}],"author":[{"embeddable":true,"href":"https:\/\/president-ksgov.net\/sr\/wp-json\/wp\/v2\/users\/1"}],"replies":[{"embeddable":true,"href":"https:\/\/president-ksgov.net\/sr\/wp-json\/wp\/v2\/comments?post=77116"}],"version-history":[{"count":0,"href":"https:\/\/president-ksgov.net\/sr\/wp-json\/wp\/v2\/posts\/77116\/revisions"}],"wp:featuredmedia":[{"embeddable":true,"href":"https:\/\/president-ksgov.net\/sr\/wp-json\/wp\/v2\/media\/37288"}],"wp:attachment":[{"href":"https:\/\/president-ksgov.net\/sr\/wp-json\/wp\/v2\/media?parent=77116"}],"wp:term":[{"taxonomy":"category","embeddable":true,"href":"https:\/\/president-ksgov.net\/sr\/wp-json\/wp\/v2\/categories?post=77116"},{"taxonomy":"post_tag","embeddable":true,"href":"https:\/\/president-ksgov.net\/sr\/wp-json\/wp\/v2\/tags?post=77116"}],"curies":[{"name":"wp","href":"https:\/\/api.w.org\/{rel}","templated":true}]}}