{"id":77114,"date":"2015-11-19T14:02:39","date_gmt":"2015-11-19T14:02:39","guid":{"rendered":"https:\/\/dev.president-ksgov.net\/govor-predsednice-jahjaga-na-pokretanju-dogadjaja-o-danu-ena-preduzetnika-wed\/"},"modified":"2023-03-08T09:02:19","modified_gmt":"2023-03-08T09:02:19","slug":"govor-predsednice-jahjaga-na-pokretanju-dogadjaja-o-danu-ena-preduzetnika-wed","status":"publish","type":"post","link":"https:\/\/president-ksgov.net\/sr\/govor-predsednice-jahjaga-na-pokretanju-dogadjaja-o-danu-ena-preduzetnika-wed\/","title":{"rendered":"Govor predsednice Jahjaga na pokretanju doga\u0111aja o danu &#158;ena preduzetnika (WED)"},"content":{"rendered":"<p>Drago mi je &#353;to smo se ponovo okupili kako bismo obele&#382;ili globalni dan &#382;ena preduzetnika donose\u0107i ovaj doga\u0111aj u lep grad, \u0110akovicu, koji je nekada bio industrijski centar Kosova, i koji je imao visok stepen zaposlenosti &#382;ena.<\/p>\n<p>Po&#353;tovana gospo\u0111o Kusari Lila,<br \/>\nPo&#353;tovana gospo\u0111o Kusari Purrini,<br \/>\nPo&#353;tovani ambasadori i predstavnici diplomatskih misija na Kosovu,<br \/>\nPo&#353;tovani gospodine Gnocchi,<br \/>\nPo&#353;tovani direktore UNDP-a na Kosovu, gospodine Russell,<br \/>\nPo&#353;tovane predstavnice preduze\u0107a,<br \/>\nPo&#353;tovani u\u010desnici,<\/p>\n<p>Drago mi je &#353;to smo se ponovo okupili kako bismo obele&#382;ili globalni dan &#382;ena preduzetnika donose\u0107i ovaj doga\u0111aj u lep grad, \u0110akovicu, koji je nekada bio industrijski centar Kosova, i koji je imao visok stepen zaposlenosti &#382;ena. <\/p>\n<p>Ova me\u0111unarodna inicijativa koja se posve\u0107uje bitnosti &#382;ena preduzetnika u sveop&#353;tem ekonomskom razvoju, drugu godinu za redom isti\u010de potrebu za podizanjem institucionalne i dru&#353;tvene svesti u svim zemljama sveta o nejednakoj situaciji u kojoj se nalaze &#382;ene u ekonomskom sektoru i o potrebi da se preduzmu konkretni koraci kako bi se ona izmenila. <\/p>\n<p>Sigurno da neophodnost za rodnim politikama proizilazi iz univerzalnih principa \u010doveka, koje su sastavni deo Ustava i zakona u na&#353;oj zemlji, kojima mi garantujemo, kako mu&#353;karcima, tako i &#382;enama, jednaka prava i obaveze. <\/p>\n<p>Ali, dok govorimo o ekonomskom ja\u010danju &#382;ene, postoje i ekonomski indikatori koji nam veoma jasno pokazuju da dru&#353;tva koja prate politike i koja garantuju ve\u0107e u\u010de&#353;\u0107e &#382;ena\u00a0 na svim &#382;ivotnim poljima, a posebno u ekonomskom sektoru, su dru&#353;tva koja u&#382;ivaju vi&#353;e blagostanje i stabilniji ekonomski razvoj. <\/p>\n<p>Verujem da je pametno da i mi pratimo primer ovih dru&#353;tava, po&#353;to delimo zajedni\u010dki cilj da izgradimo politike koje garantuju gra\u0111anima blagostanje, pristup dostojanstvenom &#382;ivotu, garantovanje njihovih prava i iznad svega, ekonomski razvijenu zemlju. <\/p>\n<p>U na&#353;em dru&#353;tvu na Kosovu, &#382;ene se suo\u010davaju sa mnogim barijerama koje im \u010desto onemogu\u0107uju aktivno u\u010destvovanje u ekonomskom sektoru. <\/p>\n<p>Barijere koje su povezane sa pristupom imovini, finansijskim izvorima, kao i onim ekonomskim, ili i pristupom stru\u010dnom &#353;kolovanju, to su barijere koje ote&#382;avaju ostvarivanje inicijativa koje &#382;ene mogu da imaju kako bi zapo\u010dele posao, kako bi pro&#353;irile njihov posao ili kako bi ozvani\u010dile njihov posao. <\/p>\n<p>Ovi problemi su nas pratili godinama za redom, a to je uticalo i na nizak broj &#382;ena preduzetnika, na nizak broj firmi koje su registrovane na ime &#382;ena ili na ustru\u010davanje mladih devojaka da preduzmu inicijative u ekonomskom sektoru. <\/p>\n<p>Ove posledice ose\u0107amo svi, po&#353;to jedno negirano pravo prema &#382;eni je jedno pravo koje se negira celom dru&#353;tvu. <\/p>\n<p>S toga, su\u00a0 i ovakvi doga\u0111aji kao ovaj dana&#353;nji, veoma bitni kako bi istakli probleme sa kojima se &#382;ene suo\u010davaju, kako bismo diskutovali o preduzetim inicijativama, kako bismo tretirali ove barijere i iznad svega kako bismo identifikovali potrebne politike koje treba preduzeti kako od strane javnog, tako i od strane privatnog sektora kako bismo garantovali pristup &#382;eni u ekonomskom sektoru. <\/p>\n<p>Po&#353;tovani u\u010desnici, <\/p>\n<p>Na kosovu ima &#382;ena preduzetnika koje su veoma uspe&#353;ne i koje su dosegle vrh sektora u kojem deluju. Jedan deo ovih &#382;ena, uz podr&#353;ku koju sam im ja pru&#382;ala, zajedno sa predsednicom Kusari- Lila, u to vreme ministarkom trgovine i industrije, stvorile su i organizaciju kako bi otvorile put i za druge &#382;ene G7 i Ekonomsku komoru &#382;ena. <\/p>\n<p>Imamo sna&#382;ne &#382;ene u civilnom dru&#353;tvu, kao sto je Mirlinda Kusari Purrini, koja je sa njenom organizacijom Sheera i &#353;irokom mre&#382;om koju je izgradila, pru&#382;ala ekonomske mogu\u0107nosti koje su garantovane za mnoge &#382;ene na teritoriji zemlje. <\/p>\n<p>Ima i &#382;ena koje su njihove firme izgradile na ru&#353;evinama rata, kako bi osigurale opstanak porodice, kao &#382;ene iz Kru&#353;e, koje su sada postigle da sru&#353;e barijere i van zemlje, posti&#382;u\u0107i da njihove proizvode izvoze i da njihovoj deci pru&#382;aju dostojanstven &#382;ivot. <\/p>\n<p>Primeri ovih &#382;ena, i mnogih drugih &#382;ena, su oni koji treba da nas nadahnjuju, i da nas teraju da preduzimamo korake kako bismo unapredili ulogu koju &#382;ene i devojke igraju u ekonomiji kao bitni agenti garantovanja na&#353;eg op&#353;teg blagostanja.<\/p>\n<p>Po\u010deli smo da unapre\u0111ujemo i retoriku kojom tretiramo ekonomsko ja\u010danje &#382;ena. Istina je da i dalje nastavljamo da govorimo o bitnosti ekonomskog ja\u010danja &#382;ene radi blagostanja \u010ditavog dru&#353;tva i radi sveop&#353;teg ekonomskog razvitka zemlje. <\/p>\n<p>Po\u010deli smo da razgovaramo i o konkretnim koracima koji omogu\u0107avaju ekonomsko ja\u010danje &#382;ene. Ove godine, ekonomsko ja\u010danje &#382;ena je imalo dobru godinu sa mnogim inicijativama koje su tretirale pristup &#382;ene imovini. <\/p>\n<p>Inicijativa kao &#353;to je &#8222;Za na&#353;e dobro&#8220; koja je mojom podr&#353;kom, podr&#353;kom USAID-a i mnogobrojnih partnera podigla bitnost registrovanja zajedni\u010dke imovine i na ime &#382;ene i pristup &#382;ene nasledstvu. <\/p>\n<p>Inicijative koje su preduzete od strane dr&#382;avnih institucija zajedno sa nevladinim organizacijama i mnogobrojnim donatorima kako bi se oja\u010dala uloga &#382;ene u poljoprivredi i preduzetni&#353;tvu. Inicijativa iz bankarskog sektora kako bi se pru&#382;ao pristup finansijskim izvorima i profesionalni savet ili inicijativa o garantovanju &#353;to &#353;ireg u\u010destvovanja mladih devojaka u tehnolo&#353;kom sektoru, inovativnom, turisti\u010dkom, poslovnom, i tako redom. <\/p>\n<p>Svakako da sve ove inicijative, ove politike, treba da budu pozdravljene i uzete u obzir kao prvi koraci prema izgradnji politika uske institucionalne i dru&#353;tvene saradnje koje evidentiraju mnogobrojne prepreke koje i dalje dr&#382;e &#382;ene i devojke podalje od aktivnog u\u010destvovanja u ekonomiji, nalaze\u0107i zajedni\u010dka re&#353;enja kako bismo ih prevazi&#353;li. <\/p>\n<p>Jo&#353; jednom \u010destitam Mirlindi i mnogobrojnim partnerima koji su podr&#382;ali dana&#353;nji doga\u0111aj, ostavljaju\u0107i vam poruku da ekonomskim ja\u010danjem &#382;ene, ja\u010damo \u010ditavo dru&#353;tvo. U meni ste imale prijatelja, jakog saveznika i nikada nisam posustala i uvek sam bila bezkompromisna u potpunom ostvarivanju na&#353;ih prava, jednakih prava koja ne samo da su odobrena i uneta u Ustav Republike Kosova, ve\u0107 ona koja o&#382;ivljavaju na&#353; svakodnevni &#382;ivot, jer samo ekonomsko ja\u010danje &#382;ene garantuje ja\u010danje i stabilnost na&#353;e dr&#382;ave.<\/p>\n<p>&#381;elim vam uspeha, hvala vam!<br \/>\n\u00a0<\/p>\n","protected":false},"excerpt":{"rendered":"<p>Drago mi je &#353;to smo se ponovo okupili kako bismo obele&#382;ili globalni dan &#382;ena preduzetnika donose\u0107i ovaj doga\u0111aj u lep grad, \u0110akovicu, koji je nekada bio industrijski centar Kosova, i koji je imao visok stepen zaposlenosti &#382;ena.<\/p>\n","protected":false},"author":1,"featured_media":37262,"comment_status":"open","ping_status":"closed","sticky":false,"template":"","format":"standard","meta":{"_eb_attr":"","footnotes":""},"categories":[106],"tags":[],"class_list":["post-77114","post","type-post","status-publish","format-standard","has-post-thumbnail","hentry","category-govori"],"yoast_head":"<!-- This site is optimized with the Yoast SEO plugin v23.5 - https:\/\/yoast.com\/wordpress\/plugins\/seo\/ -->\n<title>Govor predsednice Jahjaga na pokretanju doga\u0111aja o danu &#158;ena preduzetnika (WED) - Predsednik Republike Kosovo - DR. VJOSA OSMANI - SADRIU<\/title>\n<meta name=\"description\" content=\"Govor predsednice Jahjaga na pokretanju doga\u0111aja o danu &#158;ena preduzetnika (WED) - Predsednik Republike Kosovo - DR. VJOSA OSMANI - SADRIU -\" \/>\n<meta name=\"robots\" content=\"index, follow, max-snippet:-1, max-image-preview:large, max-video-preview:-1\" \/>\n<link rel=\"canonical\" href=\"https:\/\/president-ksgov.net\/sr\/govor-predsednice-jahjaga-na-pokretanju-dogadjaja-o-danu-ena-preduzetnika-wed\/\" \/>\n<meta property=\"og:locale\" content=\"sr_RS\" \/>\n<meta property=\"og:type\" content=\"article\" \/>\n<meta property=\"og:title\" content=\"Govor predsednice Jahjaga na pokretanju doga\u0111aja o danu &#158;ena preduzetnika (WED) - Predsednik Republike Kosovo - DR. VJOSA OSMANI - SADRIU\" \/>\n<meta property=\"og:description\" content=\"Govor predsednice Jahjaga na pokretanju doga\u0111aja o danu &#158;ena preduzetnika (WED) - Predsednik Republike Kosovo - DR. VJOSA OSMANI - SADRIU -\" \/>\n<meta property=\"og:url\" content=\"https:\/\/president-ksgov.net\/sr\/govor-predsednice-jahjaga-na-pokretanju-dogadjaja-o-danu-ena-preduzetnika-wed\/\" \/>\n<meta property=\"og:site_name\" content=\"Predsednik Republike Kosovo - DR. VJOSA OSMANI - SADRIU\" \/>\n<meta property=\"article:published_time\" content=\"2015-11-19T14:02:39+00:00\" \/>\n<meta property=\"article:modified_time\" content=\"2023-03-08T09:02:19+00:00\" \/>\n<meta property=\"og:image\" content=\"https:\/\/president-ksgov.net\/wp-content\/uploads\/19_11_2015_3697188_1_IMG_0970.jpg\" \/>\n\t<meta property=\"og:image:width\" content=\"1024\" \/>\n\t<meta property=\"og:image:height\" content=\"596\" \/>\n\t<meta property=\"og:image:type\" content=\"image\/jpeg\" \/>\n<meta name=\"author\" content=\"admin\" \/>\n<meta name=\"twitter:card\" content=\"summary_large_image\" \/>\n<meta name=\"twitter:label1\" content=\"\u041d\u0430\u043f\u0438\u0441\u0430\u043d\u043e \u043e\u0434\" \/>\n\t<meta name=\"twitter:data1\" content=\"admin\" \/>\n\t<meta name=\"twitter:label2\" content=\"\u041f\u0440\u043e\u0446\u0435\u045a\u0435\u043d\u043e \u0432\u0440\u0435\u043c\u0435 \u0447\u0438\u0442\u0430\u045a\u0430\" \/>\n\t<meta name=\"twitter:data2\" content=\"5 \u043c\u0438\u043d\u0443\u0442\u0430\" \/>\n<script type=\"application\/ld+json\" class=\"yoast-schema-graph\">{\"@context\":\"https:\/\/schema.org\",\"@graph\":[{\"@type\":\"WebPage\",\"@id\":\"https:\/\/president-ksgov.net\/sr\/govor-predsednice-jahjaga-na-pokretanju-dogadjaja-o-danu-ena-preduzetnika-wed\/\",\"url\":\"https:\/\/president-ksgov.net\/sr\/govor-predsednice-jahjaga-na-pokretanju-dogadjaja-o-danu-ena-preduzetnika-wed\/\",\"name\":\"Govor predsednice Jahjaga na pokretanju doga\u0111aja o danu &#158;ena preduzetnika (WED) - Predsednik Republike Kosovo - DR. VJOSA OSMANI - SADRIU\",\"isPartOf\":{\"@id\":\"https:\/\/president-ksgov.net\/#website\"},\"primaryImageOfPage\":{\"@id\":\"https:\/\/president-ksgov.net\/sr\/govor-predsednice-jahjaga-na-pokretanju-dogadjaja-o-danu-ena-preduzetnika-wed\/#primaryimage\"},\"image\":{\"@id\":\"https:\/\/president-ksgov.net\/sr\/govor-predsednice-jahjaga-na-pokretanju-dogadjaja-o-danu-ena-preduzetnika-wed\/#primaryimage\"},\"thumbnailUrl\":\"https:\/\/president-ksgov.net\/wp-content\/uploads\/19_11_2015_3697188_1_IMG_0970.jpg\",\"datePublished\":\"2015-11-19T14:02:39+00:00\",\"dateModified\":\"2023-03-08T09:02:19+00:00\",\"author\":{\"@id\":\"https:\/\/president-ksgov.net\/#\/schema\/person\/bb4337a5fb147cb2046d80548172cbee\"},\"description\":\"Govor predsednice Jahjaga na pokretanju doga\u0111aja o danu &#158;ena preduzetnika (WED) - Predsednik Republike Kosovo - DR. VJOSA OSMANI - SADRIU -\",\"breadcrumb\":{\"@id\":\"https:\/\/president-ksgov.net\/sr\/govor-predsednice-jahjaga-na-pokretanju-dogadjaja-o-danu-ena-preduzetnika-wed\/#breadcrumb\"},\"inLanguage\":\"sr-RS\",\"potentialAction\":[{\"@type\":\"ReadAction\",\"target\":[\"https:\/\/president-ksgov.net\/sr\/govor-predsednice-jahjaga-na-pokretanju-dogadjaja-o-danu-ena-preduzetnika-wed\/\"]}]},{\"@type\":\"ImageObject\",\"inLanguage\":\"sr-RS\",\"@id\":\"https:\/\/president-ksgov.net\/sr\/govor-predsednice-jahjaga-na-pokretanju-dogadjaja-o-danu-ena-preduzetnika-wed\/#primaryimage\",\"url\":\"https:\/\/president-ksgov.net\/wp-content\/uploads\/19_11_2015_3697188_1_IMG_0970.jpg\",\"contentUrl\":\"https:\/\/president-ksgov.net\/wp-content\/uploads\/19_11_2015_3697188_1_IMG_0970.jpg\",\"width\":1024,\"height\":596},{\"@type\":\"BreadcrumbList\",\"@id\":\"https:\/\/president-ksgov.net\/sr\/govor-predsednice-jahjaga-na-pokretanju-dogadjaja-o-danu-ena-preduzetnika-wed\/#breadcrumb\",\"itemListElement\":[{\"@type\":\"ListItem\",\"position\":1,\"name\":\"Home\",\"item\":\"https:\/\/president-ksgov.net\/sr\/\"},{\"@type\":\"ListItem\",\"position\":2,\"name\":\"Govor predsednice Jahjaga na pokretanju doga\u0111aja o danu &#158;ena preduzetnika (WED)\"}]},{\"@type\":\"WebSite\",\"@id\":\"https:\/\/president-ksgov.net\/#website\",\"url\":\"https:\/\/president-ksgov.net\/\",\"name\":\"Presidente e Republik\u00ebs s\u00eb Kosov\u00ebs\",\"description\":\"Presidente e Republik\u00ebs s\u00eb Kosov\u00ebs\",\"alternateName\":\"DR. VJOSA OSMANI - SADRIU\",\"potentialAction\":[{\"@type\":\"SearchAction\",\"target\":{\"@type\":\"EntryPoint\",\"urlTemplate\":\"https:\/\/president-ksgov.net\/?s={search_term_string}\"},\"query-input\":{\"@type\":\"PropertyValueSpecification\",\"valueRequired\":true,\"valueName\":\"search_term_string\"}}],\"inLanguage\":\"sr-RS\"},{\"@type\":\"Person\",\"@id\":\"https:\/\/president-ksgov.net\/#\/schema\/person\/bb4337a5fb147cb2046d80548172cbee\",\"name\":\"admin\",\"image\":{\"@type\":\"ImageObject\",\"inLanguage\":\"sr-RS\",\"@id\":\"https:\/\/president-ksgov.net\/#\/schema\/person\/image\/\",\"url\":\"https:\/\/secure.gravatar.com\/avatar\/36156ca0fa3b8d9d25174f146e16beea0cf28f37adf1b9e19b6c9c279a7c9dd3?s=96&d=mm&r=g\",\"contentUrl\":\"https:\/\/secure.gravatar.com\/avatar\/36156ca0fa3b8d9d25174f146e16beea0cf28f37adf1b9e19b6c9c279a7c9dd3?s=96&d=mm&r=g\",\"caption\":\"admin\"},\"sameAs\":[\"https:\/\/president-ksgov.net\"]}]}<\/script>\n<!-- \/ Yoast SEO plugin. -->","yoast_head_json":{"title":"Govor predsednice Jahjaga na pokretanju doga\u0111aja o danu &#158;ena preduzetnika (WED) - Predsednik Republike Kosovo - DR. VJOSA OSMANI - SADRIU","description":"Govor predsednice Jahjaga na pokretanju doga\u0111aja o danu &#158;ena preduzetnika (WED) - Predsednik Republike Kosovo - DR. VJOSA OSMANI - SADRIU -","robots":{"index":"index","follow":"follow","max-snippet":"max-snippet:-1","max-image-preview":"max-image-preview:large","max-video-preview":"max-video-preview:-1"},"canonical":"https:\/\/president-ksgov.net\/sr\/govor-predsednice-jahjaga-na-pokretanju-dogadjaja-o-danu-ena-preduzetnika-wed\/","og_locale":"sr_RS","og_type":"article","og_title":"Govor predsednice Jahjaga na pokretanju doga\u0111aja o danu &#158;ena preduzetnika (WED) - Predsednik Republike Kosovo - DR. VJOSA OSMANI - SADRIU","og_description":"Govor predsednice Jahjaga na pokretanju doga\u0111aja o danu &#158;ena preduzetnika (WED) - Predsednik Republike Kosovo - DR. VJOSA OSMANI - SADRIU -","og_url":"https:\/\/president-ksgov.net\/sr\/govor-predsednice-jahjaga-na-pokretanju-dogadjaja-o-danu-ena-preduzetnika-wed\/","og_site_name":"Predsednik Republike Kosovo - DR. VJOSA OSMANI - SADRIU","article_published_time":"2015-11-19T14:02:39+00:00","article_modified_time":"2023-03-08T09:02:19+00:00","og_image":[{"width":1024,"height":596,"url":"https:\/\/president-ksgov.net\/wp-content\/uploads\/19_11_2015_3697188_1_IMG_0970.jpg","type":"image\/jpeg"}],"author":"admin","twitter_card":"summary_large_image","twitter_misc":{"\u041d\u0430\u043f\u0438\u0441\u0430\u043d\u043e \u043e\u0434":"admin","\u041f\u0440\u043e\u0446\u0435\u045a\u0435\u043d\u043e \u0432\u0440\u0435\u043c\u0435 \u0447\u0438\u0442\u0430\u045a\u0430":"5 \u043c\u0438\u043d\u0443\u0442\u0430"},"schema":{"@context":"https:\/\/schema.org","@graph":[{"@type":"WebPage","@id":"https:\/\/president-ksgov.net\/sr\/govor-predsednice-jahjaga-na-pokretanju-dogadjaja-o-danu-ena-preduzetnika-wed\/","url":"https:\/\/president-ksgov.net\/sr\/govor-predsednice-jahjaga-na-pokretanju-dogadjaja-o-danu-ena-preduzetnika-wed\/","name":"Govor predsednice Jahjaga na pokretanju doga\u0111aja o danu &#158;ena preduzetnika (WED) - Predsednik Republike Kosovo - DR. VJOSA OSMANI - SADRIU","isPartOf":{"@id":"https:\/\/president-ksgov.net\/#website"},"primaryImageOfPage":{"@id":"https:\/\/president-ksgov.net\/sr\/govor-predsednice-jahjaga-na-pokretanju-dogadjaja-o-danu-ena-preduzetnika-wed\/#primaryimage"},"image":{"@id":"https:\/\/president-ksgov.net\/sr\/govor-predsednice-jahjaga-na-pokretanju-dogadjaja-o-danu-ena-preduzetnika-wed\/#primaryimage"},"thumbnailUrl":"https:\/\/president-ksgov.net\/wp-content\/uploads\/19_11_2015_3697188_1_IMG_0970.jpg","datePublished":"2015-11-19T14:02:39+00:00","dateModified":"2023-03-08T09:02:19+00:00","author":{"@id":"https:\/\/president-ksgov.net\/#\/schema\/person\/bb4337a5fb147cb2046d80548172cbee"},"description":"Govor predsednice Jahjaga na pokretanju doga\u0111aja o danu &#158;ena preduzetnika (WED) - Predsednik Republike Kosovo - DR. VJOSA OSMANI - SADRIU -","breadcrumb":{"@id":"https:\/\/president-ksgov.net\/sr\/govor-predsednice-jahjaga-na-pokretanju-dogadjaja-o-danu-ena-preduzetnika-wed\/#breadcrumb"},"inLanguage":"sr-RS","potentialAction":[{"@type":"ReadAction","target":["https:\/\/president-ksgov.net\/sr\/govor-predsednice-jahjaga-na-pokretanju-dogadjaja-o-danu-ena-preduzetnika-wed\/"]}]},{"@type":"ImageObject","inLanguage":"sr-RS","@id":"https:\/\/president-ksgov.net\/sr\/govor-predsednice-jahjaga-na-pokretanju-dogadjaja-o-danu-ena-preduzetnika-wed\/#primaryimage","url":"https:\/\/president-ksgov.net\/wp-content\/uploads\/19_11_2015_3697188_1_IMG_0970.jpg","contentUrl":"https:\/\/president-ksgov.net\/wp-content\/uploads\/19_11_2015_3697188_1_IMG_0970.jpg","width":1024,"height":596},{"@type":"BreadcrumbList","@id":"https:\/\/president-ksgov.net\/sr\/govor-predsednice-jahjaga-na-pokretanju-dogadjaja-o-danu-ena-preduzetnika-wed\/#breadcrumb","itemListElement":[{"@type":"ListItem","position":1,"name":"Home","item":"https:\/\/president-ksgov.net\/sr\/"},{"@type":"ListItem","position":2,"name":"Govor predsednice Jahjaga na pokretanju doga\u0111aja o danu &#158;ena preduzetnika (WED)"}]},{"@type":"WebSite","@id":"https:\/\/president-ksgov.net\/#website","url":"https:\/\/president-ksgov.net\/","name":"Presidente e Republik\u00ebs s\u00eb Kosov\u00ebs","description":"Presidente e Republik\u00ebs s\u00eb Kosov\u00ebs","alternateName":"DR. VJOSA OSMANI - SADRIU","potentialAction":[{"@type":"SearchAction","target":{"@type":"EntryPoint","urlTemplate":"https:\/\/president-ksgov.net\/?s={search_term_string}"},"query-input":{"@type":"PropertyValueSpecification","valueRequired":true,"valueName":"search_term_string"}}],"inLanguage":"sr-RS"},{"@type":"Person","@id":"https:\/\/president-ksgov.net\/#\/schema\/person\/bb4337a5fb147cb2046d80548172cbee","name":"admin","image":{"@type":"ImageObject","inLanguage":"sr-RS","@id":"https:\/\/president-ksgov.net\/#\/schema\/person\/image\/","url":"https:\/\/secure.gravatar.com\/avatar\/36156ca0fa3b8d9d25174f146e16beea0cf28f37adf1b9e19b6c9c279a7c9dd3?s=96&d=mm&r=g","contentUrl":"https:\/\/secure.gravatar.com\/avatar\/36156ca0fa3b8d9d25174f146e16beea0cf28f37adf1b9e19b6c9c279a7c9dd3?s=96&d=mm&r=g","caption":"admin"},"sameAs":["https:\/\/president-ksgov.net"]}]}},"_links":{"self":[{"href":"https:\/\/president-ksgov.net\/sr\/wp-json\/wp\/v2\/posts\/77114","targetHints":{"allow":["GET"]}}],"collection":[{"href":"https:\/\/president-ksgov.net\/sr\/wp-json\/wp\/v2\/posts"}],"about":[{"href":"https:\/\/president-ksgov.net\/sr\/wp-json\/wp\/v2\/types\/post"}],"author":[{"embeddable":true,"href":"https:\/\/president-ksgov.net\/sr\/wp-json\/wp\/v2\/users\/1"}],"replies":[{"embeddable":true,"href":"https:\/\/president-ksgov.net\/sr\/wp-json\/wp\/v2\/comments?post=77114"}],"version-history":[{"count":1,"href":"https:\/\/president-ksgov.net\/sr\/wp-json\/wp\/v2\/posts\/77114\/revisions"}],"predecessor-version":[{"id":81596,"href":"https:\/\/president-ksgov.net\/sr\/wp-json\/wp\/v2\/posts\/77114\/revisions\/81596"}],"wp:featuredmedia":[{"embeddable":true,"href":"https:\/\/president-ksgov.net\/sr\/wp-json\/wp\/v2\/media\/37262"}],"wp:attachment":[{"href":"https:\/\/president-ksgov.net\/sr\/wp-json\/wp\/v2\/media?parent=77114"}],"wp:term":[{"taxonomy":"category","embeddable":true,"href":"https:\/\/president-ksgov.net\/sr\/wp-json\/wp\/v2\/categories?post=77114"},{"taxonomy":"post_tag","embeddable":true,"href":"https:\/\/president-ksgov.net\/sr\/wp-json\/wp\/v2\/tags?post=77114"}],"curies":[{"name":"wp","href":"https:\/\/api.w.org\/{rel}","templated":true}]}}